{"id":229441,"date":"2024-02-21T11:43:38","date_gmt":"2024-02-21T10:43:38","guid":{"rendered":"https:\/\/presse.tirol.at\/?p=229441"},"modified":"2024-02-21T11:46:36","modified_gmt":"2024-02-21T10:46:36","slug":"new-mega-event-bike-republic-solden-festival-bynd-the-mountain","status":"publish","type":"post","link":"https:\/\/presse.tirol.at\/en\/new-mega-event-bike-republic-solden-festival-bynd-the-mountain\/229441\/","title":{"rendered":"New Mega Event: Bike Republic S\u00f6lden Festival BYND The Mountain."},"content":{"rendered":"\n<p class=\"intro\">The Bike Republic S\u00f6lden strengthens its partnership with the Green Hill Bikepark in Germany, with the BYND festival taking turns in the two locations. The unique event merges a wide range of MTB disciplines and joins elite athletes with everyday riders, a party up on the mountain with great contests in the valley. The festival\u2019s highlight is the Swatch Nines MTB-Show, a six-day spectacle with the world\u2019s best slopestyle and freeride stars showcasing their skills on a custom-built track. Plus, the \u201cBike Republic S\u00f6lden Festival BYND The Mountain\u201d is packed with action-packed sports events, hosts an expo in the valley with music highlights and a Mountain Top Party.<\/p>\n\n\n\n<figure class=\"wp-block-image size-large\"><img loading=\"lazy\" decoding=\"async\" width=\"1024\" height=\"683\" src=\"https:\/\/presse.tirol.at\/app\/uploads\/2024\/02\/CANYON_TEAM@BRS_2023-3507-1024x683.jpg\" alt=\"\" class=\"wp-image-229422\" srcset=\"https:\/\/presse.tirol.at\/app\/uploads\/2024\/02\/CANYON_TEAM@BRS_2023-3507-1024x683.jpg 1024w, https:\/\/presse.tirol.at\/app\/uploads\/2024\/02\/CANYON_TEAM@BRS_2023-3507-300x200.jpg 300w, https:\/\/presse.tirol.at\/app\/uploads\/2024\/02\/CANYON_TEAM@BRS_2023-3507-768x512.jpg 768w, https:\/\/presse.tirol.at\/app\/uploads\/2024\/02\/CANYON_TEAM@BRS_2023-3507-1536x1025.jpg 1536w, https:\/\/presse.tirol.at\/app\/uploads\/2024\/02\/CANYON_TEAM@BRS_2023-3507.jpg 1920w\" sizes=\"auto, (max-width: 1024px) 100vw, 1024px\" \/><figcaption>Bike Republic S\u00f6lden  &copy; \u00d6tztal Tourismus &#8211; Jochen M\u00fcller<\/figcaption><\/figure>\n\n\n\n<p>The Bike Republic S\u00f6lden likes it unconventional. And since its foundation in 2015, it has fostered a special community mindset: In the Alp\u2019s flowiest nation everyone is welcome, no matter your origin, age, or bike skills \u2013 it is all about coming together and having a good time on and off two wheels. So, no wonder the Bike Republic itself is seeking new \u201cdiplomatic\u201c ties. In 2023, the BRS set up an &#8220;exclave&#8221; within the Green Hill Bike Park in Germany. Now, the ties get even tighter with the joint staging of the BYND Festivals: On an annual rotation, BYND The Hill will be hosted in Schmallenberg and BYND The Mountain in S\u00f6lden.<\/p>\n\n\n\n<p><strong>2 Bike Destinations, 1 Bike Community<\/strong><br>BYND The Mountain will debut in the Bike Republic from September 13 to 15, 2024. A star-studded roster of the world&#8217;s best slopestyle and freeride pros will kick off the festival during the week with the likes of Sam Pilgrim, Casey Brown, Erik Fedko, and Peter Kaiser letting their skills and creativity run free on the custom-built course. The Swatch Nines format is an antagonist to standard competitions \u2013 it is a prime playground for athletes to push their limits and showcase their talent. During the week, the area is limited to professional photographers and videographers, before opening its gates for the public on Sep 14th. And, of course, the Bike Republic will also present fantastic side events and entertainment, incl. the Signature BRS Whip Off contest, a mountain top party, culinary delights and tons of bike action in the expo area.<\/p>\n\n\n\n<p><em>\u201cThe vision of BYND and the Swatch Nines is to celebrate the world of biking in all its diversity. With the BYND festival we want to foster and cultivate the community spirit that is so inherent to the sport. It definitely is a special format that unites so many aspects \u2013 and we cannot wait to host it.\u201c<\/em><br>Marie Therese Riml, Marketing Manager Bike Republic S\u00f6lden<\/p>\n\n\n\n<p>The premiere of BYND The Hill at Schmallenberg&#8217;s bike park in 2023 was an enormous success. Now, the festival series will alternate annually between \u00d6tztal and North Rhine-Westphalia. In addition to the main event, the partner region will host a pre-event.<\/p>\n\n\n\n<p><strong>Information and pictures:<\/strong><br><em>You can find more information <strong><a href=\"https:\/\/bikerepublic.soelden.com\/home\/events\/festival-bynd-the-mountain.html\" target=\"_blank\" rel=\"noreferrer noopener\">HERE<\/a><\/strong><a href=\"https:\/\/u7061146.ct.sendgrid.net\/ls\/click?upn=4tNED-2FM8iDZJQyQ53jATUWY0MufvXWya1JPaRt4-2BVJsip7Ickth5fYg50c-2FJlq82UDXNfUxwRdUxbknk4R1fhVT3RdtVmVc24W6l8oSWprWkhVbqsFs50vOuYTOgASbhx5_i_DBOPVIXMChyEGi7Pv617Mr1hQtrB9cX4tuIDaHPnfnd30b65r5-2FUGRgbUGykDgVkg4T9q-2BnDN1KuI3Kkt9HVAHxRJa2d6LxxeXCuKqJEoIyGfZns2OH61voF4WX10xNe-2Fy2pZ6zUqpJ99nJ1S52zoQTWvvg3dayB3sHqiOOCeHmLWdf5JuITEjrbAECEbhyXLExWyrw1tghSZAYFYC7WPaEGHOakXaMAYzgDEfAvq-2BjvR4EVfh3YxoW9RMlIOP6g7Wy1lnTyKqqR92mTQBqmfWztHus67y0ZAKbxhZHHRGHQk69797MTs8-2BrxQpRiWkc2I0BmlQJ6SLO815HBU18ctoRGIkdkn7tNV4kqFSw3-2Bs-3D\"> <\/a>and pictures <strong><a href=\"https:\/\/media.oetztal.com\/pinaccess\/pinaccess.do?pinCode=Yy5wJewXwkiV\" target=\"_blank\" rel=\"noreferrer noopener\">HERE<\/a><\/strong>.<\/em><br><em>The use of our pictures is free of charge for advertising purposes regarding \u00d6tztal.<br>It is absolutely required that you indicate the copyright and the name of the photographer!<\/em><\/p>\n","protected":false},"excerpt":{"rendered":"<p>The Bike Republic S\u00f6lden strengthens its partnership with the Green Hill Bikepark in Germany, with the BYND festival \u2026<\/p>\n","protected":false},"author":40,"featured_media":229424,"comment_status":"closed","ping_status":"closed","sticky":false,"template":"","format":"standard","meta":{"_acf_changed":false,"footnotes":""},"categories":[9],"region":[99],"coauthors":[195],"class_list":["post-229441","post","type-post","status-publish","format-standard","has-post-thumbnail","hentry","category-uncategorized","region-oetztal"],"acf":[],"yoast_head":"<!-- This site is optimized with the Yoast SEO plugin v25.1 - https:\/\/yoast.com\/wordpress\/plugins\/seo\/ -->\n<title>New Mega Event: Bike Republic S\u00f6lden Festival BYND The Mountain. - Presse.Tirol<\/title>\n<meta name=\"robots\" content=\"index, follow, max-snippet:-1, max-image-preview:large, max-video-preview:-1\" \/>\n<link rel=\"canonical\" href=\"https:\/\/presse.tirol.at\/en\/new-mega-event-bike-republic-solden-festival-bynd-the-mountain\/229441\/\" \/>\n<meta property=\"og:locale\" content=\"en_US\" \/>\n<meta property=\"og:type\" content=\"article\" \/>\n<meta property=\"og:title\" content=\"New Mega Event: Bike Republic S\u00f6lden Festival BYND The Mountain. - Presse.Tirol\" \/>\n<meta property=\"og:description\" content=\"The Bike Republic S\u00f6lden strengthens its partnership with the Green Hill Bikepark in Germany, with the BYND festival \u2026\" \/>\n<meta property=\"og:url\" content=\"https:\/\/presse.tirol.at\/en\/new-mega-event-bike-republic-solden-festival-bynd-the-mountain\/229441\/\" \/>\n<meta property=\"og:site_name\" content=\"Presse.Tirol\" \/>\n<meta property=\"article:published_time\" content=\"2024-02-21T10:43:38+00:00\" \/>\n<meta property=\"article:modified_time\" content=\"2024-02-21T10:46:36+00:00\" \/>\n<meta property=\"og:image\" content=\"https:\/\/presse.tirol.at\/app\/uploads\/2024\/02\/CANYON_TEAM@BRS_2023-3507.jpg\" \/>\n\t<meta property=\"og:image:width\" content=\"1920\" \/>\n\t<meta property=\"og:image:height\" content=\"1281\" \/>\n\t<meta property=\"og:image:type\" content=\"image\/jpeg\" \/>\n<meta name=\"author\" content=\"Anna Katharina Pony\" \/>\n<meta name=\"twitter:card\" content=\"summary_large_image\" \/>\n<meta name=\"twitter:label1\" content=\"Written by\" \/>\n\t<meta name=\"twitter:data1\" content=\"Anna Katharina Pony\" \/>\n\t<meta name=\"twitter:label2\" content=\"Est. reading time\" \/>\n\t<meta name=\"twitter:data2\" content=\"4 minutes\" \/>\n<script type=\"application\/ld+json\" class=\"yoast-schema-graph\">{\"@context\":\"https:\/\/schema.org\",\"@graph\":[{\"@type\":\"WebPage\",\"@id\":\"https:\/\/presse.tirol.at\/en\/new-mega-event-bike-republic-solden-festival-bynd-the-mountain\/229441\/\",\"url\":\"https:\/\/presse.tirol.at\/en\/new-mega-event-bike-republic-solden-festival-bynd-the-mountain\/229441\/\",\"name\":\"New Mega Event: Bike Republic S\u00f6lden Festival BYND The Mountain. - Presse.Tirol\",\"isPartOf\":{\"@id\":\"https:\/\/presse.tirol.at\/en\/#website\"},\"primaryImageOfPage\":{\"@id\":\"https:\/\/presse.tirol.at\/en\/new-mega-event-bike-republic-solden-festival-bynd-the-mountain\/229441\/#primaryimage\"},\"image\":{\"@id\":\"https:\/\/presse.tirol.at\/en\/new-mega-event-bike-republic-solden-festival-bynd-the-mountain\/229441\/#primaryimage\"},\"thumbnailUrl\":\"https:\/\/presse.tirol.at\/app\/uploads\/2024\/02\/CANYON_TEAM@BRS_2023-3507.jpg\",\"datePublished\":\"2024-02-21T10:43:38+00:00\",\"dateModified\":\"2024-02-21T10:46:36+00:00\",\"author\":{\"@id\":\"https:\/\/presse.tirol.at\/en\/#\/schema\/person\/0760b388b0070873655d7401063981ae\"},\"inLanguage\":\"en-EN\",\"potentialAction\":[{\"@type\":\"ReadAction\",\"target\":[\"https:\/\/presse.tirol.at\/en\/new-mega-event-bike-republic-solden-festival-bynd-the-mountain\/229441\/\"]}]},{\"@type\":\"ImageObject\",\"inLanguage\":\"en-EN\",\"@id\":\"https:\/\/presse.tirol.at\/en\/new-mega-event-bike-republic-solden-festival-bynd-the-mountain\/229441\/#primaryimage\",\"url\":\"https:\/\/presse.tirol.at\/app\/uploads\/2024\/02\/CANYON_TEAM@BRS_2023-3507.jpg\",\"contentUrl\":\"https:\/\/presse.tirol.at\/app\/uploads\/2024\/02\/CANYON_TEAM@BRS_2023-3507.jpg\",\"width\":1920,\"height\":1281},{\"@type\":\"WebSite\",\"@id\":\"https:\/\/presse.tirol.at\/en\/#website\",\"url\":\"https:\/\/presse.tirol.at\/en\/\",\"name\":\"Presse.Tirol\",\"description\":\"Regionale Presseplattform der Tirol Werbung und den Tiroler Tourismusverb\u00e4nden\",\"potentialAction\":[{\"@type\":\"SearchAction\",\"target\":{\"@type\":\"EntryPoint\",\"urlTemplate\":\"https:\/\/presse.tirol.at\/en\/?s={search_term_string}\"},\"query-input\":{\"@type\":\"PropertyValueSpecification\",\"valueRequired\":true,\"valueName\":\"search_term_string\"}}],\"inLanguage\":\"en-EN\"},{\"@type\":\"Person\",\"@id\":\"https:\/\/presse.tirol.at\/en\/#\/schema\/person\/0760b388b0070873655d7401063981ae\",\"name\":\"Anna Katharina Pony\",\"image\":{\"@type\":\"ImageObject\",\"inLanguage\":\"en-EN\",\"@id\":\"https:\/\/presse.tirol.at\/en\/#\/schema\/person\/image\/3a0cbe0127ba2c6e578c1e1f27555777\",\"url\":\"https:\/\/secure.gravatar.com\/avatar\/2fe36294baaf75a2f2e1064a446af7ab4c683edba482936ca6fc5c1342aa72df?s=96&d=mm&r=g\",\"contentUrl\":\"https:\/\/secure.gravatar.com\/avatar\/2fe36294baaf75a2f2e1064a446af7ab4c683edba482936ca6fc5c1342aa72df?s=96&d=mm&r=g\",\"caption\":\"Anna Katharina Pony\"}}]}<\/script>\n<!-- \/ Yoast SEO plugin. -->","yoast_head_json":{"title":"New Mega Event: Bike Republic S\u00f6lden Festival BYND The Mountain. - Presse.Tirol","robots":{"index":"index","follow":"follow","max-snippet":"max-snippet:-1","max-image-preview":"max-image-preview:large","max-video-preview":"max-video-preview:-1"},"canonical":"https:\/\/presse.tirol.at\/en\/new-mega-event-bike-republic-solden-festival-bynd-the-mountain\/229441\/","og_locale":"en_US","og_type":"article","og_title":"New Mega Event: Bike Republic S\u00f6lden Festival BYND The Mountain. - Presse.Tirol","og_description":"The Bike Republic S\u00f6lden strengthens its partnership with the Green Hill Bikepark in Germany, with the BYND festival \u2026","og_url":"https:\/\/presse.tirol.at\/en\/new-mega-event-bike-republic-solden-festival-bynd-the-mountain\/229441\/","og_site_name":"Presse.Tirol","article_published_time":"2024-02-21T10:43:38+00:00","article_modified_time":"2024-02-21T10:46:36+00:00","og_image":[{"width":1920,"height":1281,"url":"https:\/\/presse.tirol.at\/app\/uploads\/2024\/02\/CANYON_TEAM@BRS_2023-3507.jpg","type":"image\/jpeg"}],"author":"Anna Katharina Pony","twitter_card":"summary_large_image","twitter_misc":{"Written by":"Anna Katharina Pony","Est. reading time":"4 minutes"},"schema":{"@context":"https:\/\/schema.org","@graph":[{"@type":"WebPage","@id":"https:\/\/presse.tirol.at\/en\/new-mega-event-bike-republic-solden-festival-bynd-the-mountain\/229441\/","url":"https:\/\/presse.tirol.at\/en\/new-mega-event-bike-republic-solden-festival-bynd-the-mountain\/229441\/","name":"New Mega Event: Bike Republic S\u00f6lden Festival BYND The Mountain. - Presse.Tirol","isPartOf":{"@id":"https:\/\/presse.tirol.at\/en\/#website"},"primaryImageOfPage":{"@id":"https:\/\/presse.tirol.at\/en\/new-mega-event-bike-republic-solden-festival-bynd-the-mountain\/229441\/#primaryimage"},"image":{"@id":"https:\/\/presse.tirol.at\/en\/new-mega-event-bike-republic-solden-festival-bynd-the-mountain\/229441\/#primaryimage"},"thumbnailUrl":"https:\/\/presse.tirol.at\/app\/uploads\/2024\/02\/CANYON_TEAM@BRS_2023-3507.jpg","datePublished":"2024-02-21T10:43:38+00:00","dateModified":"2024-02-21T10:46:36+00:00","author":{"@id":"https:\/\/presse.tirol.at\/en\/#\/schema\/person\/0760b388b0070873655d7401063981ae"},"inLanguage":"en-EN","potentialAction":[{"@type":"ReadAction","target":["https:\/\/presse.tirol.at\/en\/new-mega-event-bike-republic-solden-festival-bynd-the-mountain\/229441\/"]}]},{"@type":"ImageObject","inLanguage":"en-EN","@id":"https:\/\/presse.tirol.at\/en\/new-mega-event-bike-republic-solden-festival-bynd-the-mountain\/229441\/#primaryimage","url":"https:\/\/presse.tirol.at\/app\/uploads\/2024\/02\/CANYON_TEAM@BRS_2023-3507.jpg","contentUrl":"https:\/\/presse.tirol.at\/app\/uploads\/2024\/02\/CANYON_TEAM@BRS_2023-3507.jpg","width":1920,"height":1281},{"@type":"WebSite","@id":"https:\/\/presse.tirol.at\/en\/#website","url":"https:\/\/presse.tirol.at\/en\/","name":"Presse.Tirol","description":"Regionale Presseplattform der Tirol Werbung und den Tiroler Tourismusverb\u00e4nden","potentialAction":[{"@type":"SearchAction","target":{"@type":"EntryPoint","urlTemplate":"https:\/\/presse.tirol.at\/en\/?s={search_term_string}"},"query-input":{"@type":"PropertyValueSpecification","valueRequired":true,"valueName":"search_term_string"}}],"inLanguage":"en-EN"},{"@type":"Person","@id":"https:\/\/presse.tirol.at\/en\/#\/schema\/person\/0760b388b0070873655d7401063981ae","name":"Anna Katharina Pony","image":{"@type":"ImageObject","inLanguage":"en-EN","@id":"https:\/\/presse.tirol.at\/en\/#\/schema\/person\/image\/3a0cbe0127ba2c6e578c1e1f27555777","url":"https:\/\/secure.gravatar.com\/avatar\/2fe36294baaf75a2f2e1064a446af7ab4c683edba482936ca6fc5c1342aa72df?s=96&d=mm&r=g","contentUrl":"https:\/\/secure.gravatar.com\/avatar\/2fe36294baaf75a2f2e1064a446af7ab4c683edba482936ca6fc5c1342aa72df?s=96&d=mm&r=g","caption":"Anna Katharina Pony"}}]}},"publishpress_future_workflow_manual_trigger":{"enabledWorkflows":[]},"_links":{"self":[{"href":"https:\/\/presse.tirol.at\/en\/wp-json\/wp\/v2\/posts\/229441","targetHints":{"allow":["GET"]}}],"collection":[{"href":"https:\/\/presse.tirol.at\/en\/wp-json\/wp\/v2\/posts"}],"about":[{"href":"https:\/\/presse.tirol.at\/en\/wp-json\/wp\/v2\/types\/post"}],"author":[{"embeddable":true,"href":"https:\/\/presse.tirol.at\/en\/wp-json\/wp\/v2\/users\/40"}],"replies":[{"embeddable":true,"href":"https:\/\/presse.tirol.at\/en\/wp-json\/wp\/v2\/comments?post=229441"}],"version-history":[{"count":0,"href":"https:\/\/presse.tirol.at\/en\/wp-json\/wp\/v2\/posts\/229441\/revisions"}],"wp:featuredmedia":[{"embeddable":true,"href":"https:\/\/presse.tirol.at\/en\/wp-json\/wp\/v2\/media\/229424"}],"wp:attachment":[{"href":"https:\/\/presse.tirol.at\/en\/wp-json\/wp\/v2\/media?parent=229441"}],"wp:term":[{"taxonomy":"category","embeddable":true,"href":"https:\/\/presse.tirol.at\/en\/wp-json\/wp\/v2\/categories?post=229441"},{"taxonomy":"region","embeddable":true,"href":"https:\/\/presse.tirol.at\/en\/wp-json\/wp\/v2\/region?post=229441"},{"taxonomy":"author","embeddable":true,"href":"https:\/\/presse.tirol.at\/en\/wp-json\/wp\/v2\/coauthors?post=229441"}],"curies":[{"name":"wp","href":"https:\/\/api.w.org\/{rel}","templated":true}]}}