{"id":238900,"date":"2024-07-01T17:38:43","date_gmt":"2024-07-01T15:38:43","guid":{"rendered":"https:\/\/presse.tirol.at\/?p=238900"},"modified":"2024-07-01T17:38:44","modified_gmt":"2024-07-01T15:38:44","slug":"otztaler-cycle-marathon-relies-on-skoda-electric-support-vehicles","status":"publish","type":"post","link":"https:\/\/presse.tirol.at\/en\/otztaler-cycle-marathon-relies-on-skoda-electric-support-vehicles\/238900\/","title":{"rendered":"\u00d6tztaler Cycle Marathon relies on\u00a0\u0160koda electric support vehicles"},"content":{"rendered":"\n<p class=\"intro\">After a successful pilot project last year, the \u00d6tztaler Cycle Marathon and the \u0160koda car brand are expanding their cooperation in 2024. Nine all-electric vehicles, provided by Porsche Tirol, will flank the racing convoy over the 227 km long route featuring 5,500 altitude meters. The \u201c\u00d6tztaler\u201d is thus serving as a valuable role model for even more sustainability at major cycling events.<\/p>\n\n\n\n<figure class=\"wp-block-image size-large\"><img loading=\"lazy\" decoding=\"async\" width=\"1024\" height=\"683\" src=\"https:\/\/presse.tirol.at\/app\/uploads\/2024\/07\/Oetztaler-Radmarathon-Traum-Deuter-Skoda-ENYAQ-1024x683.jpg\" alt=\"Kooperation \u0160koda &amp; \u00d6RM\" class=\"wp-image-238886\" srcset=\"https:\/\/presse.tirol.at\/app\/uploads\/2024\/07\/Oetztaler-Radmarathon-Traum-Deuter-Skoda-ENYAQ-1024x683.jpg 1024w, https:\/\/presse.tirol.at\/app\/uploads\/2024\/07\/Oetztaler-Radmarathon-Traum-Deuter-Skoda-ENYAQ-300x200.jpg 300w, https:\/\/presse.tirol.at\/app\/uploads\/2024\/07\/Oetztaler-Radmarathon-Traum-Deuter-Skoda-ENYAQ-768x512.jpg 768w, https:\/\/presse.tirol.at\/app\/uploads\/2024\/07\/Oetztaler-Radmarathon-Traum-Deuter-Skoda-ENYAQ-1536x1024.jpg 1536w, https:\/\/presse.tirol.at\/app\/uploads\/2024\/07\/Oetztaler-Radmarathon-Traum-Deuter-Skoda-ENYAQ-2048x1366.jpg 2048w\" sizes=\"auto, (max-width: 1024px) 100vw, 1024px\" \/><figcaption>\u00d6RM &amp; \u0160koda &copy; \u00d6tztal Tourismus &#8211; Jochen M\u00fcller<\/figcaption><\/figure>\n\n\n\n<p>When the starting signal for the \u00d6tztaler Cycle Marathon (\u00d6RM) is given on 01 September 2024, some 4,000 racing cyclists will once again compete on the legendary loop track across four alpine passes. A <strong>fleet of support vehicles<\/strong>, now provided exclusively by \u0160koda and comprising nine <strong>fully electric vehicles<\/strong>, will ensure the safety of the amateur athletes along the marathon course. &#8220;After a successful test run in 2023, this year we are fully relying on electromobility in order to accompany the participants without any noise or emissions,&#8221; reports Dominic Kuen, head of the organizing committee. With their large-scale branding, the race director&#8217;s cars (&#8220;Dream Interpreter&#8221;) and the course closing car (&#8220;Dream Catcher&#8221;) in particular also visually convey the spirit of the entire event.<\/p>\n\n\n\n<p><strong>Finishing with one battery charge only<\/strong><br>The all-wheel drive \u0160koda Enyaq 85x will be the main support vehicle. The updated version of the electric bestseller features strong data for this highly demanding task. The electric car has a large 77 kW\/h battery with a WLTP range of around 545 kilometers. The 10-80% charging time should be a mere 28 minutes with a charging capacity of max. 175 kW. At the \u00d6RM, however, the vehicles will pass the finish line without stopping to recharge. Alexander Kolednik, \u0160koda brand manager at Porsche Innsbruck, explains: \u201cLast year showed that this is easily possible as the vehicles can recuperate on the downhill stretches so that they reach the finish line with a 30% battery level.&#8221;<\/p>\n\n\n\n<p>For both athletes and electric cars, the special challenge of the &#8220;\u00d6tztaler&#8221; is less the distance than the 5,500 altitude meters with the highest point on Timmelsjoch Pass at 2,474 m above sea level. Another factor are sudden changes in weather: extreme heat and cold, including snowfall, can cause considerable additional uncertainties. &#8220;The support vehicles are on the marathon course for up to 14 hours. However, our fleet manager Tino Schwarz will prepare the drivers optimally for all terrain requirements by showing an efficient driving style,&#8221; Kuen states.<\/p>\n\n\n\n<p><strong>Cycling sport goes electric<\/strong><br>In the 2023 pilot project, the \u00d6tztaler Cycle Marathon and \u0160koda were the first to dare to &#8220;electrify&#8221; a large-scale cycling race. The important pioneering work did not go unnoticed in the scene and can already look forward to imitators. Due the positive experiences in \u00d6tztal, the &#8220;Tour of Austria&#8221; also starts &#8211; this year for the first time &#8211; with purely electrically powered support vehicles. &#8220;It demonstrates our highly successful cooperation. We have proven to be real pioneers,&#8221; says Kolednik happily. The partnership between \u00d6RM and \u0160koda gives both brands the opportunity to take full advantage of optimum synergies by presenting their respective efforts for more sustainability in an effective public manner.<\/p>\n\n\n\n<p><strong>One of many forward-thinking steps in \u00d6tztal<\/strong><br>As a big fan of electromobility, \u201cLebensraum \u00d6tztal\u201d manager Raphael Kuen also welcomes the use of electric cars at the \u00d6tztaler Cycle Marathon. &#8220;This is an important milestone and at the same time one of many measures that we are implementing on our way to an even more livable future in the valley,&#8221; Kuen explains. The committed electric car driver also played a leading role in setting up the partnership with \u0160koda and praises the huge pioneering spirit and courage of everyone involved. &#8220;When it comes to \u200b\u200bsustainability, taking the lead is particularly important. By showing what is possible, we also promote trust in environmentally friendly solutions.&#8221;<\/p>\n\n\n\n<p>More details: <a href=\"https:\/\/www.oetztaler-radmarathon.com\/home.html\" target=\"_blank\" rel=\"noreferrer noopener\">oetztaler-radmarathon.com<\/a><\/p>\n","protected":false},"excerpt":{"rendered":"<p>After a successful pilot project last year, the \u00d6tztaler Cycle Marathon and the \u0160koda car brand are expanding their \u2026<\/p>\n","protected":false},"author":40,"featured_media":238886,"comment_status":"closed","ping_status":"closed","sticky":false,"template":"","format":"standard","meta":{"_acf_changed":false,"footnotes":""},"categories":[9],"region":[99],"coauthors":[195],"class_list":["post-238900","post","type-post","status-publish","format-standard","has-post-thumbnail","hentry","category-uncategorized","region-oetztal"],"acf":[],"yoast_head":"<!-- This site is optimized with the Yoast SEO plugin v25.1 - https:\/\/yoast.com\/wordpress\/plugins\/seo\/ -->\n<title>\u00d6tztaler Cycle Marathon relies on\u00a0\u0160koda electric support vehicles - Presse.Tirol<\/title>\n<meta name=\"robots\" content=\"index, follow, max-snippet:-1, max-image-preview:large, max-video-preview:-1\" \/>\n<link rel=\"canonical\" href=\"https:\/\/presse.tirol.at\/en\/otztaler-cycle-marathon-relies-on-skoda-electric-support-vehicles\/238900\/\" \/>\n<meta property=\"og:locale\" content=\"en_US\" \/>\n<meta property=\"og:type\" content=\"article\" \/>\n<meta property=\"og:title\" content=\"\u00d6tztaler Cycle Marathon relies on\u00a0\u0160koda electric support vehicles - Presse.Tirol\" \/>\n<meta property=\"og:description\" content=\"After a successful pilot project last year, the \u00d6tztaler Cycle Marathon and the \u0160koda car brand are expanding their \u2026\" \/>\n<meta property=\"og:url\" content=\"https:\/\/presse.tirol.at\/en\/otztaler-cycle-marathon-relies-on-skoda-electric-support-vehicles\/238900\/\" \/>\n<meta property=\"og:site_name\" content=\"Presse.Tirol\" \/>\n<meta property=\"article:published_time\" content=\"2024-07-01T15:38:43+00:00\" \/>\n<meta property=\"article:modified_time\" content=\"2024-07-01T15:38:44+00:00\" \/>\n<meta property=\"og:image\" content=\"https:\/\/presse.tirol.at\/app\/uploads\/2024\/07\/Oetztaler-Radmarathon-Traum-Deuter-Skoda-ENYAQ-scaled.jpg\" \/>\n\t<meta property=\"og:image:width\" content=\"2560\" \/>\n\t<meta property=\"og:image:height\" content=\"1707\" \/>\n\t<meta property=\"og:image:type\" content=\"image\/jpeg\" \/>\n<meta name=\"author\" content=\"Anna Katharina Pony\" \/>\n<meta name=\"twitter:card\" content=\"summary_large_image\" \/>\n<meta name=\"twitter:label1\" content=\"Written by\" \/>\n\t<meta name=\"twitter:data1\" content=\"Anna Katharina Pony\" \/>\n\t<meta name=\"twitter:label2\" content=\"Est. reading time\" \/>\n\t<meta name=\"twitter:data2\" content=\"4 minutes\" \/>\n<script type=\"application\/ld+json\" class=\"yoast-schema-graph\">{\"@context\":\"https:\/\/schema.org\",\"@graph\":[{\"@type\":\"WebPage\",\"@id\":\"https:\/\/presse.tirol.at\/en\/otztaler-cycle-marathon-relies-on-skoda-electric-support-vehicles\/238900\/\",\"url\":\"https:\/\/presse.tirol.at\/en\/otztaler-cycle-marathon-relies-on-skoda-electric-support-vehicles\/238900\/\",\"name\":\"\u00d6tztaler Cycle Marathon relies on\u00a0\u0160koda electric support vehicles - Presse.Tirol\",\"isPartOf\":{\"@id\":\"https:\/\/presse.tirol.at\/en\/#website\"},\"primaryImageOfPage\":{\"@id\":\"https:\/\/presse.tirol.at\/en\/otztaler-cycle-marathon-relies-on-skoda-electric-support-vehicles\/238900\/#primaryimage\"},\"image\":{\"@id\":\"https:\/\/presse.tirol.at\/en\/otztaler-cycle-marathon-relies-on-skoda-electric-support-vehicles\/238900\/#primaryimage\"},\"thumbnailUrl\":\"https:\/\/presse.tirol.at\/app\/uploads\/2024\/07\/Oetztaler-Radmarathon-Traum-Deuter-Skoda-ENYAQ-scaled.jpg\",\"datePublished\":\"2024-07-01T15:38:43+00:00\",\"dateModified\":\"2024-07-01T15:38:44+00:00\",\"author\":{\"@id\":\"https:\/\/presse.tirol.at\/en\/#\/schema\/person\/0760b388b0070873655d7401063981ae\"},\"inLanguage\":\"en-EN\",\"potentialAction\":[{\"@type\":\"ReadAction\",\"target\":[\"https:\/\/presse.tirol.at\/en\/otztaler-cycle-marathon-relies-on-skoda-electric-support-vehicles\/238900\/\"]}]},{\"@type\":\"ImageObject\",\"inLanguage\":\"en-EN\",\"@id\":\"https:\/\/presse.tirol.at\/en\/otztaler-cycle-marathon-relies-on-skoda-electric-support-vehicles\/238900\/#primaryimage\",\"url\":\"https:\/\/presse.tirol.at\/app\/uploads\/2024\/07\/Oetztaler-Radmarathon-Traum-Deuter-Skoda-ENYAQ-scaled.jpg\",\"contentUrl\":\"https:\/\/presse.tirol.at\/app\/uploads\/2024\/07\/Oetztaler-Radmarathon-Traum-Deuter-Skoda-ENYAQ-scaled.jpg\",\"width\":2560,\"height\":1707,\"caption\":\"Kooperation \u0160koda & \u00d6RM\"},{\"@type\":\"WebSite\",\"@id\":\"https:\/\/presse.tirol.at\/en\/#website\",\"url\":\"https:\/\/presse.tirol.at\/en\/\",\"name\":\"Presse.Tirol\",\"description\":\"Regionale Presseplattform der Tirol Werbung und den Tiroler Tourismusverb\u00e4nden\",\"potentialAction\":[{\"@type\":\"SearchAction\",\"target\":{\"@type\":\"EntryPoint\",\"urlTemplate\":\"https:\/\/presse.tirol.at\/en\/?s={search_term_string}\"},\"query-input\":{\"@type\":\"PropertyValueSpecification\",\"valueRequired\":true,\"valueName\":\"search_term_string\"}}],\"inLanguage\":\"en-EN\"},{\"@type\":\"Person\",\"@id\":\"https:\/\/presse.tirol.at\/en\/#\/schema\/person\/0760b388b0070873655d7401063981ae\",\"name\":\"Anna Katharina Pony\",\"image\":{\"@type\":\"ImageObject\",\"inLanguage\":\"en-EN\",\"@id\":\"https:\/\/presse.tirol.at\/en\/#\/schema\/person\/image\/3a0cbe0127ba2c6e578c1e1f27555777\",\"url\":\"https:\/\/secure.gravatar.com\/avatar\/2fe36294baaf75a2f2e1064a446af7ab4c683edba482936ca6fc5c1342aa72df?s=96&d=mm&r=g\",\"contentUrl\":\"https:\/\/secure.gravatar.com\/avatar\/2fe36294baaf75a2f2e1064a446af7ab4c683edba482936ca6fc5c1342aa72df?s=96&d=mm&r=g\",\"caption\":\"Anna Katharina Pony\"}}]}<\/script>\n<!-- \/ Yoast SEO plugin. -->","yoast_head_json":{"title":"\u00d6tztaler Cycle Marathon relies on\u00a0\u0160koda electric support vehicles - Presse.Tirol","robots":{"index":"index","follow":"follow","max-snippet":"max-snippet:-1","max-image-preview":"max-image-preview:large","max-video-preview":"max-video-preview:-1"},"canonical":"https:\/\/presse.tirol.at\/en\/otztaler-cycle-marathon-relies-on-skoda-electric-support-vehicles\/238900\/","og_locale":"en_US","og_type":"article","og_title":"\u00d6tztaler Cycle Marathon relies on\u00a0\u0160koda electric support vehicles - Presse.Tirol","og_description":"After a successful pilot project last year, the \u00d6tztaler Cycle Marathon and the \u0160koda car brand are expanding their \u2026","og_url":"https:\/\/presse.tirol.at\/en\/otztaler-cycle-marathon-relies-on-skoda-electric-support-vehicles\/238900\/","og_site_name":"Presse.Tirol","article_published_time":"2024-07-01T15:38:43+00:00","article_modified_time":"2024-07-01T15:38:44+00:00","og_image":[{"width":2560,"height":1707,"url":"https:\/\/presse.tirol.at\/app\/uploads\/2024\/07\/Oetztaler-Radmarathon-Traum-Deuter-Skoda-ENYAQ-scaled.jpg","type":"image\/jpeg"}],"author":"Anna Katharina Pony","twitter_card":"summary_large_image","twitter_misc":{"Written by":"Anna Katharina Pony","Est. reading time":"4 minutes"},"schema":{"@context":"https:\/\/schema.org","@graph":[{"@type":"WebPage","@id":"https:\/\/presse.tirol.at\/en\/otztaler-cycle-marathon-relies-on-skoda-electric-support-vehicles\/238900\/","url":"https:\/\/presse.tirol.at\/en\/otztaler-cycle-marathon-relies-on-skoda-electric-support-vehicles\/238900\/","name":"\u00d6tztaler Cycle Marathon relies on\u00a0\u0160koda electric support vehicles - Presse.Tirol","isPartOf":{"@id":"https:\/\/presse.tirol.at\/en\/#website"},"primaryImageOfPage":{"@id":"https:\/\/presse.tirol.at\/en\/otztaler-cycle-marathon-relies-on-skoda-electric-support-vehicles\/238900\/#primaryimage"},"image":{"@id":"https:\/\/presse.tirol.at\/en\/otztaler-cycle-marathon-relies-on-skoda-electric-support-vehicles\/238900\/#primaryimage"},"thumbnailUrl":"https:\/\/presse.tirol.at\/app\/uploads\/2024\/07\/Oetztaler-Radmarathon-Traum-Deuter-Skoda-ENYAQ-scaled.jpg","datePublished":"2024-07-01T15:38:43+00:00","dateModified":"2024-07-01T15:38:44+00:00","author":{"@id":"https:\/\/presse.tirol.at\/en\/#\/schema\/person\/0760b388b0070873655d7401063981ae"},"inLanguage":"en-EN","potentialAction":[{"@type":"ReadAction","target":["https:\/\/presse.tirol.at\/en\/otztaler-cycle-marathon-relies-on-skoda-electric-support-vehicles\/238900\/"]}]},{"@type":"ImageObject","inLanguage":"en-EN","@id":"https:\/\/presse.tirol.at\/en\/otztaler-cycle-marathon-relies-on-skoda-electric-support-vehicles\/238900\/#primaryimage","url":"https:\/\/presse.tirol.at\/app\/uploads\/2024\/07\/Oetztaler-Radmarathon-Traum-Deuter-Skoda-ENYAQ-scaled.jpg","contentUrl":"https:\/\/presse.tirol.at\/app\/uploads\/2024\/07\/Oetztaler-Radmarathon-Traum-Deuter-Skoda-ENYAQ-scaled.jpg","width":2560,"height":1707,"caption":"Kooperation \u0160koda & \u00d6RM"},{"@type":"WebSite","@id":"https:\/\/presse.tirol.at\/en\/#website","url":"https:\/\/presse.tirol.at\/en\/","name":"Presse.Tirol","description":"Regionale Presseplattform der Tirol Werbung und den Tiroler Tourismusverb\u00e4nden","potentialAction":[{"@type":"SearchAction","target":{"@type":"EntryPoint","urlTemplate":"https:\/\/presse.tirol.at\/en\/?s={search_term_string}"},"query-input":{"@type":"PropertyValueSpecification","valueRequired":true,"valueName":"search_term_string"}}],"inLanguage":"en-EN"},{"@type":"Person","@id":"https:\/\/presse.tirol.at\/en\/#\/schema\/person\/0760b388b0070873655d7401063981ae","name":"Anna Katharina Pony","image":{"@type":"ImageObject","inLanguage":"en-EN","@id":"https:\/\/presse.tirol.at\/en\/#\/schema\/person\/image\/3a0cbe0127ba2c6e578c1e1f27555777","url":"https:\/\/secure.gravatar.com\/avatar\/2fe36294baaf75a2f2e1064a446af7ab4c683edba482936ca6fc5c1342aa72df?s=96&d=mm&r=g","contentUrl":"https:\/\/secure.gravatar.com\/avatar\/2fe36294baaf75a2f2e1064a446af7ab4c683edba482936ca6fc5c1342aa72df?s=96&d=mm&r=g","caption":"Anna Katharina Pony"}}]}},"publishpress_future_workflow_manual_trigger":{"enabledWorkflows":[]},"_links":{"self":[{"href":"https:\/\/presse.tirol.at\/en\/wp-json\/wp\/v2\/posts\/238900","targetHints":{"allow":["GET"]}}],"collection":[{"href":"https:\/\/presse.tirol.at\/en\/wp-json\/wp\/v2\/posts"}],"about":[{"href":"https:\/\/presse.tirol.at\/en\/wp-json\/wp\/v2\/types\/post"}],"author":[{"embeddable":true,"href":"https:\/\/presse.tirol.at\/en\/wp-json\/wp\/v2\/users\/40"}],"replies":[{"embeddable":true,"href":"https:\/\/presse.tirol.at\/en\/wp-json\/wp\/v2\/comments?post=238900"}],"version-history":[{"count":0,"href":"https:\/\/presse.tirol.at\/en\/wp-json\/wp\/v2\/posts\/238900\/revisions"}],"wp:featuredmedia":[{"embeddable":true,"href":"https:\/\/presse.tirol.at\/en\/wp-json\/wp\/v2\/media\/238886"}],"wp:attachment":[{"href":"https:\/\/presse.tirol.at\/en\/wp-json\/wp\/v2\/media?parent=238900"}],"wp:term":[{"taxonomy":"category","embeddable":true,"href":"https:\/\/presse.tirol.at\/en\/wp-json\/wp\/v2\/categories?post=238900"},{"taxonomy":"region","embeddable":true,"href":"https:\/\/presse.tirol.at\/en\/wp-json\/wp\/v2\/region?post=238900"},{"taxonomy":"author","embeddable":true,"href":"https:\/\/presse.tirol.at\/en\/wp-json\/wp\/v2\/coauthors?post=238900"}],"curies":[{"name":"wp","href":"https:\/\/api.w.org\/{rel}","templated":true}]}}