{"id":243138,"date":"2024-08-29T12:35:15","date_gmt":"2024-08-29T10:35:15","guid":{"rendered":"https:\/\/presse.tirol.at\/?p=243138"},"modified":"2024-08-29T12:35:16","modified_gmt":"2024-08-29T10:35:16","slug":"otztaler-cycle-marathon-raises-the-curtain-for-female-participants","status":"publish","type":"post","link":"https:\/\/presse.tirol.at\/en\/otztaler-cycle-marathon-raises-the-curtain-for-female-participants\/243138\/","title":{"rendered":"\u00d6tztaler Cycle Marathon raises the curtain for female participants"},"content":{"rendered":"\n<p class=\"intro\">Next Sunday, 01 September, the 43<sup>rd<\/sup> \u00d6tztaler Cycle Marathon will again be the cycling classic in the Alps. Almost 22,000 cyclists from around the globe have registered, only 4,000 lucky ones got a starting place. As well as many former winners and women, whose number at the \u201c\u00d6tztaler\u201d is constantly increasing. Hahnenkamm winner Thomas Dre\u00dfen is eagerly looking forward to his premiere.<\/p>\n\n\n\n<figure class=\"wp-block-image size-large\"><img loading=\"lazy\" decoding=\"async\" width=\"1024\" height=\"683\" src=\"https:\/\/presse.tirol.at\/app\/uploads\/2024\/08\/soel_oerm_149_2023-1024x683.jpg\" alt=\"\" class=\"wp-image-243124\" srcset=\"https:\/\/presse.tirol.at\/app\/uploads\/2024\/08\/soel_oerm_149_2023-1024x683.jpg 1024w, https:\/\/presse.tirol.at\/app\/uploads\/2024\/08\/soel_oerm_149_2023-300x200.jpg 300w, https:\/\/presse.tirol.at\/app\/uploads\/2024\/08\/soel_oerm_149_2023-768x512.jpg 768w, https:\/\/presse.tirol.at\/app\/uploads\/2024\/08\/soel_oerm_149_2023-1536x1024.jpg 1536w, https:\/\/presse.tirol.at\/app\/uploads\/2024\/08\/soel_oerm_149_2023.jpg 1920w\" sizes=\"auto, (max-width: 1024px) 100vw, 1024px\" \/><figcaption>6.30 am start in S\u00f6lden &copy; \u00d6tztal Tourismus &#8211; Lukas Ennemoser<\/figcaption><\/figure>\n\n\n\n<p>The cycling spectacle in \u00d6tztal makes the hearts of cycling fans beat faster year after year. Next Sunday, the 227 kilometer long loop course with a total of 5,500 altitude meters, leads from S\u00f6lden via K\u00fchtai, Brenner and Jaufen passes and finally over Timmelsjoch back to S\u00f6lden. But the cycle marathon weekend is kicked off already on Friday with the Bike Expo. At 15:00, the first sporting battle will take place at the Bike4Help Prologue &#8211; Mountain Sprint. A maximum of 200 cyclists can fight for a starting place in the marathon\u2019s front starting blocks by participating in the sprint covering one kilometer and 105 altitude meters. The net proceeds will go to Bike4Help charity.<\/p>\n\n\n\n<p>The \u00d6tztaler Cycle Marathon has constantly increased its organizational level over the past few decades and continues to set new international standards. The organizers always keep their finger on the pulse of the times, for example the \u00d6tztaler Cycle Marathon podcast &#8220;Ride hard &amp; dream on&#8221; inspires listeners. The topics of sustainability and regionality are as well important to the \u00d6RM organizing committee. In 2024, the \u00d6RM will meet the minimum requirements of Green Events Austria and will be a partner event for the first time. This year, the main focus is on women. &#8220;We want to proudly present women in cycling. Not only those who take part in the cycle marathon, but also those who work in the organization,&#8221; explains OC head Dominic Kuen. 430 women will take part in the 2024 cycle marathon. Women are definitely on the rise in cycling and the number of female starters has increased steadily over the past decade: the number of registered female participants alone has increased by 57 percent this year compared to 2014, and the number of female finishers by 85 percent!<\/p>\n\n\n\n<p><strong>Ski stars are pedaling at the \u00d6tztaler<\/strong><br>He won the legendary Hahnenkamm race in Kitzb\u00fchel and is taking on the challenge for the first time this year: Germany\u2019s former downhill skier Thomas Dre\u00dfen. He will celebrate his debut in \u00d6tztal on 01 September at 6.30, just like his South Tyrolean skiing colleagues Manfred M\u00f6lgg and Werner Heel. Two other artists on winter boards will also be there, such as former biathlete Dominic Landertinger and snowboard star Andreas Prommegger. Dre\u00dfen, who will travel to S\u00f6lden this week with 6,000 kilometers and 70,000 altitude meters in his legs, has great respect for his debut: &#8220;I have the greatest respect for the start phase. It is my first cycling race and setting off with such a crowd will certainly be hectic. And I am excited to see how I feel at the end on Timmelsjoch.&#8221; The German has clearly defined his goal: &#8220;I want to try to stay under ten hours. But I am sure I will make mistakes that I can correct in the next few years.&#8221;<\/p>\n\n\n\n<p><strong>Several former winners at the start<\/strong><br>Among many &#8220;repeaters&#8221; are all the winners of the last three years: Johnny Hoogerland (2021; NED), Jack Burke (2022; AUT) and Manuel Senni (2023; ITA) as well as Christina Rausch (2019, 2021; GER), Catherine Rossmann (2022; GER) and Janine Meyer (2023; GER). In addition to the more than 4,000 participants from almost 40 nations, there are also 17 road cycling and racing enthusiasts who have already crossed the start and finish line at the \u00d6tztaler Cycle Marathon around 20 times. Among them is also a local hero: Oswald Auer from L\u00e4ngenfeld.<\/p>\n\n\n\n<p><strong>15 hours live on \u00d6RM TV \u2013 featuring also Toni Palzer<\/strong><br>The unrivaled \u00d6tztaler Cycle Marathon will be broadcast<a href=\"https:\/\/www.oetztaler-radmarathon.com\/home\/media\/livestream.html\" target=\"_blank\" rel=\"noreferrer noopener\"> live on the Internet<\/a> again in 2024. It starts at 6:15 in the morning, the entire \u00d6tztaler Cycle Marathon will be broadcast live for 15 hours until the last finisher. In the \u00d6RM TV studio in S\u00f6lden, Stefan Steinacher and ORF presenter Karina Toth will talk to many guests. The \u201cflying reporter&#8221; Christoph Suman will catch live images and stories from the race course. This year&#8217;s expert analysts will include professional cyclist Toni Palzer of Red Bull &#8211; BORA &#8211; hansgrohe.<\/p>\n\n\n\n<p><strong>Information and pictures:<\/strong><br><strong><a href=\"https:\/\/www.oetztaler-radmarathon.com\/home.html\" target=\"_blank\" rel=\"noreferrer noopener\">HERE <\/a><\/strong>you can find more information about the \u00d6tztaler Cycle Marathon and <strong><a href=\"https:\/\/media.oetztal.com\/pinaccess\/pinaccess.do?pinCode=phO2WVyVz0bw\" target=\"_blank\" rel=\"noreferrer noopener\">HERE<\/a><\/strong> you can find pictures.<br><em>The use of our pictures is free of charge for advertising purposes regarding \u00d6tztal. It is absolutely required that you indicate the copyright and the name of the photographer!<\/em><\/p>\n","protected":false},"excerpt":{"rendered":"<p>Next Sunday, 01 September, the 43rd \u00d6tztaler Cycle Marathon will again be the cycling classic in the Alps. Almost 22,000 \u2026<\/p>\n","protected":false},"author":40,"featured_media":243124,"comment_status":"closed","ping_status":"closed","sticky":false,"template":"","format":"standard","meta":{"_acf_changed":false,"footnotes":""},"categories":[9],"region":[99],"coauthors":[195],"class_list":["post-243138","post","type-post","status-publish","format-standard","has-post-thumbnail","hentry","category-uncategorized","region-oetztal"],"acf":[],"yoast_head":"<!-- This site is optimized with the Yoast SEO plugin v25.1 - https:\/\/yoast.com\/wordpress\/plugins\/seo\/ -->\n<title>\u00d6tztaler Cycle Marathon raises the curtain for female participants - Presse.Tirol<\/title>\n<meta name=\"robots\" content=\"index, follow, max-snippet:-1, max-image-preview:large, max-video-preview:-1\" \/>\n<link rel=\"canonical\" href=\"https:\/\/presse.tirol.at\/en\/otztaler-cycle-marathon-raises-the-curtain-for-female-participants\/243138\/\" \/>\n<meta property=\"og:locale\" content=\"en_US\" \/>\n<meta property=\"og:type\" content=\"article\" \/>\n<meta property=\"og:title\" content=\"\u00d6tztaler Cycle Marathon raises the curtain for female participants - Presse.Tirol\" \/>\n<meta property=\"og:description\" content=\"Next Sunday, 01 September, the 43rd \u00d6tztaler Cycle Marathon will again be the cycling classic in the Alps. Almost 22,000 \u2026\" \/>\n<meta property=\"og:url\" content=\"https:\/\/presse.tirol.at\/en\/otztaler-cycle-marathon-raises-the-curtain-for-female-participants\/243138\/\" \/>\n<meta property=\"og:site_name\" content=\"Presse.Tirol\" \/>\n<meta property=\"article:published_time\" content=\"2024-08-29T10:35:15+00:00\" \/>\n<meta property=\"article:modified_time\" content=\"2024-08-29T10:35:16+00:00\" \/>\n<meta property=\"og:image\" content=\"https:\/\/presse.tirol.at\/app\/uploads\/2024\/08\/soel_oerm_149_2023.jpg\" \/>\n\t<meta property=\"og:image:width\" content=\"1920\" \/>\n\t<meta property=\"og:image:height\" content=\"1280\" \/>\n\t<meta property=\"og:image:type\" content=\"image\/jpeg\" \/>\n<meta name=\"author\" content=\"Anna Katharina Pony\" \/>\n<meta name=\"twitter:card\" content=\"summary_large_image\" \/>\n<meta name=\"twitter:label1\" content=\"Written by\" \/>\n\t<meta name=\"twitter:data1\" content=\"Anna Katharina Pony\" \/>\n\t<meta name=\"twitter:label2\" content=\"Est. reading time\" \/>\n\t<meta name=\"twitter:data2\" content=\"5 minutes\" \/>\n<script type=\"application\/ld+json\" class=\"yoast-schema-graph\">{\"@context\":\"https:\/\/schema.org\",\"@graph\":[{\"@type\":\"WebPage\",\"@id\":\"https:\/\/presse.tirol.at\/en\/otztaler-cycle-marathon-raises-the-curtain-for-female-participants\/243138\/\",\"url\":\"https:\/\/presse.tirol.at\/en\/otztaler-cycle-marathon-raises-the-curtain-for-female-participants\/243138\/\",\"name\":\"\u00d6tztaler Cycle Marathon raises the curtain for female participants - Presse.Tirol\",\"isPartOf\":{\"@id\":\"https:\/\/presse.tirol.at\/en\/#website\"},\"primaryImageOfPage\":{\"@id\":\"https:\/\/presse.tirol.at\/en\/otztaler-cycle-marathon-raises-the-curtain-for-female-participants\/243138\/#primaryimage\"},\"image\":{\"@id\":\"https:\/\/presse.tirol.at\/en\/otztaler-cycle-marathon-raises-the-curtain-for-female-participants\/243138\/#primaryimage\"},\"thumbnailUrl\":\"https:\/\/presse.tirol.at\/app\/uploads\/2024\/08\/soel_oerm_149_2023.jpg\",\"datePublished\":\"2024-08-29T10:35:15+00:00\",\"dateModified\":\"2024-08-29T10:35:16+00:00\",\"author\":{\"@id\":\"https:\/\/presse.tirol.at\/en\/#\/schema\/person\/0760b388b0070873655d7401063981ae\"},\"inLanguage\":\"en-EN\",\"potentialAction\":[{\"@type\":\"ReadAction\",\"target\":[\"https:\/\/presse.tirol.at\/en\/otztaler-cycle-marathon-raises-the-curtain-for-female-participants\/243138\/\"]}]},{\"@type\":\"ImageObject\",\"inLanguage\":\"en-EN\",\"@id\":\"https:\/\/presse.tirol.at\/en\/otztaler-cycle-marathon-raises-the-curtain-for-female-participants\/243138\/#primaryimage\",\"url\":\"https:\/\/presse.tirol.at\/app\/uploads\/2024\/08\/soel_oerm_149_2023.jpg\",\"contentUrl\":\"https:\/\/presse.tirol.at\/app\/uploads\/2024\/08\/soel_oerm_149_2023.jpg\",\"width\":1920,\"height\":1280},{\"@type\":\"WebSite\",\"@id\":\"https:\/\/presse.tirol.at\/en\/#website\",\"url\":\"https:\/\/presse.tirol.at\/en\/\",\"name\":\"Presse.Tirol\",\"description\":\"Regionale Presseplattform der Tirol Werbung und den Tiroler Tourismusverb\u00e4nden\",\"potentialAction\":[{\"@type\":\"SearchAction\",\"target\":{\"@type\":\"EntryPoint\",\"urlTemplate\":\"https:\/\/presse.tirol.at\/en\/?s={search_term_string}\"},\"query-input\":{\"@type\":\"PropertyValueSpecification\",\"valueRequired\":true,\"valueName\":\"search_term_string\"}}],\"inLanguage\":\"en-EN\"},{\"@type\":\"Person\",\"@id\":\"https:\/\/presse.tirol.at\/en\/#\/schema\/person\/0760b388b0070873655d7401063981ae\",\"name\":\"Anna Katharina Pony\",\"image\":{\"@type\":\"ImageObject\",\"inLanguage\":\"en-EN\",\"@id\":\"https:\/\/presse.tirol.at\/en\/#\/schema\/person\/image\/3a0cbe0127ba2c6e578c1e1f27555777\",\"url\":\"https:\/\/secure.gravatar.com\/avatar\/2fe36294baaf75a2f2e1064a446af7ab4c683edba482936ca6fc5c1342aa72df?s=96&d=mm&r=g\",\"contentUrl\":\"https:\/\/secure.gravatar.com\/avatar\/2fe36294baaf75a2f2e1064a446af7ab4c683edba482936ca6fc5c1342aa72df?s=96&d=mm&r=g\",\"caption\":\"Anna Katharina Pony\"}}]}<\/script>\n<!-- \/ Yoast SEO plugin. -->","yoast_head_json":{"title":"\u00d6tztaler Cycle Marathon raises the curtain for female participants - Presse.Tirol","robots":{"index":"index","follow":"follow","max-snippet":"max-snippet:-1","max-image-preview":"max-image-preview:large","max-video-preview":"max-video-preview:-1"},"canonical":"https:\/\/presse.tirol.at\/en\/otztaler-cycle-marathon-raises-the-curtain-for-female-participants\/243138\/","og_locale":"en_US","og_type":"article","og_title":"\u00d6tztaler Cycle Marathon raises the curtain for female participants - Presse.Tirol","og_description":"Next Sunday, 01 September, the 43rd \u00d6tztaler Cycle Marathon will again be the cycling classic in the Alps. Almost 22,000 \u2026","og_url":"https:\/\/presse.tirol.at\/en\/otztaler-cycle-marathon-raises-the-curtain-for-female-participants\/243138\/","og_site_name":"Presse.Tirol","article_published_time":"2024-08-29T10:35:15+00:00","article_modified_time":"2024-08-29T10:35:16+00:00","og_image":[{"width":1920,"height":1280,"url":"https:\/\/presse.tirol.at\/app\/uploads\/2024\/08\/soel_oerm_149_2023.jpg","type":"image\/jpeg"}],"author":"Anna Katharina Pony","twitter_card":"summary_large_image","twitter_misc":{"Written by":"Anna Katharina Pony","Est. reading time":"5 minutes"},"schema":{"@context":"https:\/\/schema.org","@graph":[{"@type":"WebPage","@id":"https:\/\/presse.tirol.at\/en\/otztaler-cycle-marathon-raises-the-curtain-for-female-participants\/243138\/","url":"https:\/\/presse.tirol.at\/en\/otztaler-cycle-marathon-raises-the-curtain-for-female-participants\/243138\/","name":"\u00d6tztaler Cycle Marathon raises the curtain for female participants - Presse.Tirol","isPartOf":{"@id":"https:\/\/presse.tirol.at\/en\/#website"},"primaryImageOfPage":{"@id":"https:\/\/presse.tirol.at\/en\/otztaler-cycle-marathon-raises-the-curtain-for-female-participants\/243138\/#primaryimage"},"image":{"@id":"https:\/\/presse.tirol.at\/en\/otztaler-cycle-marathon-raises-the-curtain-for-female-participants\/243138\/#primaryimage"},"thumbnailUrl":"https:\/\/presse.tirol.at\/app\/uploads\/2024\/08\/soel_oerm_149_2023.jpg","datePublished":"2024-08-29T10:35:15+00:00","dateModified":"2024-08-29T10:35:16+00:00","author":{"@id":"https:\/\/presse.tirol.at\/en\/#\/schema\/person\/0760b388b0070873655d7401063981ae"},"inLanguage":"en-EN","potentialAction":[{"@type":"ReadAction","target":["https:\/\/presse.tirol.at\/en\/otztaler-cycle-marathon-raises-the-curtain-for-female-participants\/243138\/"]}]},{"@type":"ImageObject","inLanguage":"en-EN","@id":"https:\/\/presse.tirol.at\/en\/otztaler-cycle-marathon-raises-the-curtain-for-female-participants\/243138\/#primaryimage","url":"https:\/\/presse.tirol.at\/app\/uploads\/2024\/08\/soel_oerm_149_2023.jpg","contentUrl":"https:\/\/presse.tirol.at\/app\/uploads\/2024\/08\/soel_oerm_149_2023.jpg","width":1920,"height":1280},{"@type":"WebSite","@id":"https:\/\/presse.tirol.at\/en\/#website","url":"https:\/\/presse.tirol.at\/en\/","name":"Presse.Tirol","description":"Regionale Presseplattform der Tirol Werbung und den Tiroler Tourismusverb\u00e4nden","potentialAction":[{"@type":"SearchAction","target":{"@type":"EntryPoint","urlTemplate":"https:\/\/presse.tirol.at\/en\/?s={search_term_string}"},"query-input":{"@type":"PropertyValueSpecification","valueRequired":true,"valueName":"search_term_string"}}],"inLanguage":"en-EN"},{"@type":"Person","@id":"https:\/\/presse.tirol.at\/en\/#\/schema\/person\/0760b388b0070873655d7401063981ae","name":"Anna Katharina Pony","image":{"@type":"ImageObject","inLanguage":"en-EN","@id":"https:\/\/presse.tirol.at\/en\/#\/schema\/person\/image\/3a0cbe0127ba2c6e578c1e1f27555777","url":"https:\/\/secure.gravatar.com\/avatar\/2fe36294baaf75a2f2e1064a446af7ab4c683edba482936ca6fc5c1342aa72df?s=96&d=mm&r=g","contentUrl":"https:\/\/secure.gravatar.com\/avatar\/2fe36294baaf75a2f2e1064a446af7ab4c683edba482936ca6fc5c1342aa72df?s=96&d=mm&r=g","caption":"Anna Katharina Pony"}}]}},"publishpress_future_workflow_manual_trigger":{"enabledWorkflows":[]},"_links":{"self":[{"href":"https:\/\/presse.tirol.at\/en\/wp-json\/wp\/v2\/posts\/243138","targetHints":{"allow":["GET"]}}],"collection":[{"href":"https:\/\/presse.tirol.at\/en\/wp-json\/wp\/v2\/posts"}],"about":[{"href":"https:\/\/presse.tirol.at\/en\/wp-json\/wp\/v2\/types\/post"}],"author":[{"embeddable":true,"href":"https:\/\/presse.tirol.at\/en\/wp-json\/wp\/v2\/users\/40"}],"replies":[{"embeddable":true,"href":"https:\/\/presse.tirol.at\/en\/wp-json\/wp\/v2\/comments?post=243138"}],"version-history":[{"count":0,"href":"https:\/\/presse.tirol.at\/en\/wp-json\/wp\/v2\/posts\/243138\/revisions"}],"wp:featuredmedia":[{"embeddable":true,"href":"https:\/\/presse.tirol.at\/en\/wp-json\/wp\/v2\/media\/243124"}],"wp:attachment":[{"href":"https:\/\/presse.tirol.at\/en\/wp-json\/wp\/v2\/media?parent=243138"}],"wp:term":[{"taxonomy":"category","embeddable":true,"href":"https:\/\/presse.tirol.at\/en\/wp-json\/wp\/v2\/categories?post=243138"},{"taxonomy":"region","embeddable":true,"href":"https:\/\/presse.tirol.at\/en\/wp-json\/wp\/v2\/region?post=243138"},{"taxonomy":"author","embeddable":true,"href":"https:\/\/presse.tirol.at\/en\/wp-json\/wp\/v2\/coauthors?post=243138"}],"curies":[{"name":"wp","href":"https:\/\/api.w.org\/{rel}","templated":true}]}}