{"id":247556,"date":"2024-10-25T11:38:05","date_gmt":"2024-10-25T09:38:05","guid":{"rendered":"https:\/\/presse.tirol.at\/?p=247556"},"modified":"2024-10-25T11:41:21","modified_gmt":"2024-10-25T09:41:21","slug":"lucas-pinheiro-braathen-and-solden-together-at-the-start","status":"publish","type":"post","link":"https:\/\/presse.tirol.at\/en\/lucas-pinheiro-braathen-and-solden-together-at-the-start\/247556\/","title":{"rendered":"Lucas Pinheiro Braathen and S\u00f6lden together at the start"},"content":{"rendered":"\n<p class=\"intro\">Even before his sporting comeback at the World Cup Opening in S\u00f6lden, Lucas Pinheiro Braathen attracted a lot of attention. Just a few days before the race, the popular athlete competing for Brazil presented his team on the summit of Gaislachkogl. The 24-year-old spoke about the impetus he wants to give to ski racing and his mother country, as well as about his special connection to S\u00f6lden.<\/p>\n\n\n\n<figure class=\"wp-block-image size-large\"><img loading=\"lazy\" decoding=\"async\" width=\"1024\" height=\"683\" src=\"https:\/\/presse.tirol.at\/app\/uploads\/2024\/10\/soel_EXPA-GRO-241024-5015-1024x683.jpg\" alt=\"\" class=\"wp-image-247492\" srcset=\"https:\/\/presse.tirol.at\/app\/uploads\/2024\/10\/soel_EXPA-GRO-241024-5015-1024x683.jpg 1024w, https:\/\/presse.tirol.at\/app\/uploads\/2024\/10\/soel_EXPA-GRO-241024-5015-300x200.jpg 300w, https:\/\/presse.tirol.at\/app\/uploads\/2024\/10\/soel_EXPA-GRO-241024-5015-768x512.jpg 768w, https:\/\/presse.tirol.at\/app\/uploads\/2024\/10\/soel_EXPA-GRO-241024-5015-1536x1024.jpg 1536w, https:\/\/presse.tirol.at\/app\/uploads\/2024\/10\/soel_EXPA-GRO-241024-5015.jpg 1920w\" sizes=\"auto, (max-width: 1024px) 100vw, 1024px\" \/><figcaption>Lucas Pinheiro Braathen and S\u00f6lden are the perfect match &copy; \u00d6tztal Tourismus &#8211; Johann Groder<\/figcaption><\/figure>\n\n\n\n<p>&#8220;As an individual, I want to inspire people and show them that they too can change the world.&#8221; With this statement, Lucas Pinheiro Braathen illustrates his motivation on and off the ski slope. The list of his idols includes renowned names such as Apple founder Steve Jobs, basketball star Dennis Rodman and football legend Ronaldinho. At the World Cup Opening in S\u00f6lden, Braathen will compete for his mother country Brazil for the very first time, representing more than 200 million people in global winter sports. &#8220;For me, skiing is the most aesthetic activity in the world, offering competitions in the most beautiful natural landscapes. We have the opportunity to bring this closer to many more people,&#8221; explains the 24-year-old. He describes himself as a true showman: &#8220;In the end, it&#8217;s about entertainment and exciting stories &#8211; about why one athlete is faster than the other.&#8221;<\/p>\n\n\n\n<p><strong>Perfect match<\/strong><br>In S\u00f6lden, Lucas Pinheiro Braathen celebrated his first race victory&nbsp;and announced his temporary retirement in 2023. Now his story continues at and together with the Heartbeat of the Alps. &#8220;Writing the next chapter in my life here feels quite special. S\u00f6lden is home to me,&#8221; the athlete explains. The personal brand Lucas Pinheiro Braathen and the destination of S\u00f6lden rely on a modern form of partnership. &#8220;As a brand, we stand for sports and lifestyle. Therefore we need characters who are internationally relevant and can tell exciting stories,\u201d states Oliver Schwarz, Managing Director of \u00d6tztal Tourismus, describing the type of collaboration. Bergbahnen S\u00f6lden mountain lifts and \u00d6tztal Tourismus have already pursued this strategy with US ski star Bode Miller and the US ski team. \u201cLucas Pinheiro Braathen perfectly meets our demands when it comes to sports and entertainment. The focus is clearly on sport. But people also want the show and exciting stories,\u201d says Jakob Falkner, Managing Director of Bergbahnen S\u00f6lden. The collaboration is accordingly contemporary. S\u00f6lden offers Braathen ideal training conditions in the field of sport, while the Brazilian acts as a testimonial in the new winter campaign \u201cIcon of the Alps\u201d and as a brand ambassador for the entire destination. \u201cThere are a lot of plans for the future. Lucas Pinheiro Braathen has the potential to appeal to new groups of guests who previously had little to do with skiing,\u201d Oliver Schwarz explains.<\/p>\n\n\n\n<p><strong>More details: <\/strong>soelden.com<\/p>\n\n\n\n<p><\/p>\n","protected":false},"excerpt":{"rendered":"<p>Even before his sporting comeback at the World Cup Opening in S\u00f6lden, Lucas Pinheiro Braathen attracted a lot of \u2026<\/p>\n","protected":false},"author":40,"featured_media":247496,"comment_status":"closed","ping_status":"closed","sticky":false,"template":"","format":"standard","meta":{"_acf_changed":false,"footnotes":""},"categories":[9],"region":[99],"coauthors":[195],"class_list":["post-247556","post","type-post","status-publish","format-standard","has-post-thumbnail","hentry","category-uncategorized","region-oetztal"],"acf":[],"yoast_head":"<!-- This site is optimized with the Yoast SEO plugin v25.1 - https:\/\/yoast.com\/wordpress\/plugins\/seo\/ -->\n<title>Lucas Pinheiro Braathen and S\u00f6lden together at the start - Presse.Tirol<\/title>\n<meta name=\"robots\" content=\"index, follow, max-snippet:-1, max-image-preview:large, max-video-preview:-1\" \/>\n<link rel=\"canonical\" href=\"https:\/\/presse.tirol.at\/en\/lucas-pinheiro-braathen-and-solden-together-at-the-start\/247556\/\" \/>\n<meta property=\"og:locale\" content=\"en_US\" \/>\n<meta property=\"og:type\" content=\"article\" \/>\n<meta property=\"og:title\" content=\"Lucas Pinheiro Braathen and S\u00f6lden together at the start - Presse.Tirol\" \/>\n<meta property=\"og:description\" content=\"Even before his sporting comeback at the World Cup Opening in S\u00f6lden, Lucas Pinheiro Braathen attracted a lot of \u2026\" \/>\n<meta property=\"og:url\" content=\"https:\/\/presse.tirol.at\/en\/lucas-pinheiro-braathen-and-solden-together-at-the-start\/247556\/\" \/>\n<meta property=\"og:site_name\" content=\"Presse.Tirol\" \/>\n<meta property=\"article:published_time\" content=\"2024-10-25T09:38:05+00:00\" \/>\n<meta property=\"article:modified_time\" content=\"2024-10-25T09:41:21+00:00\" \/>\n<meta property=\"og:image\" content=\"https:\/\/presse.tirol.at\/app\/uploads\/2024\/10\/soel_EXPA-GRO-241024-5010.jpg\" \/>\n\t<meta property=\"og:image:width\" content=\"1920\" \/>\n\t<meta property=\"og:image:height\" content=\"1280\" \/>\n\t<meta property=\"og:image:type\" content=\"image\/jpeg\" \/>\n<meta name=\"author\" content=\"Anna Katharina Pony\" \/>\n<meta name=\"twitter:card\" content=\"summary_large_image\" \/>\n<meta name=\"twitter:label1\" content=\"Written by\" \/>\n\t<meta name=\"twitter:data1\" content=\"Anna Katharina Pony\" \/>\n\t<meta name=\"twitter:label2\" content=\"Est. reading time\" \/>\n\t<meta name=\"twitter:data2\" content=\"3 minutes\" \/>\n<script type=\"application\/ld+json\" class=\"yoast-schema-graph\">{\"@context\":\"https:\/\/schema.org\",\"@graph\":[{\"@type\":\"WebPage\",\"@id\":\"https:\/\/presse.tirol.at\/en\/lucas-pinheiro-braathen-and-solden-together-at-the-start\/247556\/\",\"url\":\"https:\/\/presse.tirol.at\/en\/lucas-pinheiro-braathen-and-solden-together-at-the-start\/247556\/\",\"name\":\"Lucas Pinheiro Braathen and S\u00f6lden together at the start - Presse.Tirol\",\"isPartOf\":{\"@id\":\"https:\/\/presse.tirol.at\/en\/#website\"},\"primaryImageOfPage\":{\"@id\":\"https:\/\/presse.tirol.at\/en\/lucas-pinheiro-braathen-and-solden-together-at-the-start\/247556\/#primaryimage\"},\"image\":{\"@id\":\"https:\/\/presse.tirol.at\/en\/lucas-pinheiro-braathen-and-solden-together-at-the-start\/247556\/#primaryimage\"},\"thumbnailUrl\":\"https:\/\/presse.tirol.at\/app\/uploads\/2024\/10\/soel_EXPA-GRO-241024-5010.jpg\",\"datePublished\":\"2024-10-25T09:38:05+00:00\",\"dateModified\":\"2024-10-25T09:41:21+00:00\",\"author\":{\"@id\":\"https:\/\/presse.tirol.at\/en\/#\/schema\/person\/0760b388b0070873655d7401063981ae\"},\"inLanguage\":\"en-EN\",\"potentialAction\":[{\"@type\":\"ReadAction\",\"target\":[\"https:\/\/presse.tirol.at\/en\/lucas-pinheiro-braathen-and-solden-together-at-the-start\/247556\/\"]}]},{\"@type\":\"ImageObject\",\"inLanguage\":\"en-EN\",\"@id\":\"https:\/\/presse.tirol.at\/en\/lucas-pinheiro-braathen-and-solden-together-at-the-start\/247556\/#primaryimage\",\"url\":\"https:\/\/presse.tirol.at\/app\/uploads\/2024\/10\/soel_EXPA-GRO-241024-5010.jpg\",\"contentUrl\":\"https:\/\/presse.tirol.at\/app\/uploads\/2024\/10\/soel_EXPA-GRO-241024-5010.jpg\",\"width\":1920,\"height\":1280},{\"@type\":\"WebSite\",\"@id\":\"https:\/\/presse.tirol.at\/en\/#website\",\"url\":\"https:\/\/presse.tirol.at\/en\/\",\"name\":\"Presse.Tirol\",\"description\":\"Regionale Presseplattform der Tirol Werbung und den Tiroler Tourismusverb\u00e4nden\",\"potentialAction\":[{\"@type\":\"SearchAction\",\"target\":{\"@type\":\"EntryPoint\",\"urlTemplate\":\"https:\/\/presse.tirol.at\/en\/?s={search_term_string}\"},\"query-input\":{\"@type\":\"PropertyValueSpecification\",\"valueRequired\":true,\"valueName\":\"search_term_string\"}}],\"inLanguage\":\"en-EN\"},{\"@type\":\"Person\",\"@id\":\"https:\/\/presse.tirol.at\/en\/#\/schema\/person\/0760b388b0070873655d7401063981ae\",\"name\":\"Anna Katharina Pony\",\"image\":{\"@type\":\"ImageObject\",\"inLanguage\":\"en-EN\",\"@id\":\"https:\/\/presse.tirol.at\/en\/#\/schema\/person\/image\/3a0cbe0127ba2c6e578c1e1f27555777\",\"url\":\"https:\/\/secure.gravatar.com\/avatar\/2fe36294baaf75a2f2e1064a446af7ab4c683edba482936ca6fc5c1342aa72df?s=96&d=mm&r=g\",\"contentUrl\":\"https:\/\/secure.gravatar.com\/avatar\/2fe36294baaf75a2f2e1064a446af7ab4c683edba482936ca6fc5c1342aa72df?s=96&d=mm&r=g\",\"caption\":\"Anna Katharina Pony\"}}]}<\/script>\n<!-- \/ Yoast SEO plugin. -->","yoast_head_json":{"title":"Lucas Pinheiro Braathen and S\u00f6lden together at the start - Presse.Tirol","robots":{"index":"index","follow":"follow","max-snippet":"max-snippet:-1","max-image-preview":"max-image-preview:large","max-video-preview":"max-video-preview:-1"},"canonical":"https:\/\/presse.tirol.at\/en\/lucas-pinheiro-braathen-and-solden-together-at-the-start\/247556\/","og_locale":"en_US","og_type":"article","og_title":"Lucas Pinheiro Braathen and S\u00f6lden together at the start - Presse.Tirol","og_description":"Even before his sporting comeback at the World Cup Opening in S\u00f6lden, Lucas Pinheiro Braathen attracted a lot of \u2026","og_url":"https:\/\/presse.tirol.at\/en\/lucas-pinheiro-braathen-and-solden-together-at-the-start\/247556\/","og_site_name":"Presse.Tirol","article_published_time":"2024-10-25T09:38:05+00:00","article_modified_time":"2024-10-25T09:41:21+00:00","og_image":[{"width":1920,"height":1280,"url":"https:\/\/presse.tirol.at\/app\/uploads\/2024\/10\/soel_EXPA-GRO-241024-5010.jpg","type":"image\/jpeg"}],"author":"Anna Katharina Pony","twitter_card":"summary_large_image","twitter_misc":{"Written by":"Anna Katharina Pony","Est. reading time":"3 minutes"},"schema":{"@context":"https:\/\/schema.org","@graph":[{"@type":"WebPage","@id":"https:\/\/presse.tirol.at\/en\/lucas-pinheiro-braathen-and-solden-together-at-the-start\/247556\/","url":"https:\/\/presse.tirol.at\/en\/lucas-pinheiro-braathen-and-solden-together-at-the-start\/247556\/","name":"Lucas Pinheiro Braathen and S\u00f6lden together at the start - Presse.Tirol","isPartOf":{"@id":"https:\/\/presse.tirol.at\/en\/#website"},"primaryImageOfPage":{"@id":"https:\/\/presse.tirol.at\/en\/lucas-pinheiro-braathen-and-solden-together-at-the-start\/247556\/#primaryimage"},"image":{"@id":"https:\/\/presse.tirol.at\/en\/lucas-pinheiro-braathen-and-solden-together-at-the-start\/247556\/#primaryimage"},"thumbnailUrl":"https:\/\/presse.tirol.at\/app\/uploads\/2024\/10\/soel_EXPA-GRO-241024-5010.jpg","datePublished":"2024-10-25T09:38:05+00:00","dateModified":"2024-10-25T09:41:21+00:00","author":{"@id":"https:\/\/presse.tirol.at\/en\/#\/schema\/person\/0760b388b0070873655d7401063981ae"},"inLanguage":"en-EN","potentialAction":[{"@type":"ReadAction","target":["https:\/\/presse.tirol.at\/en\/lucas-pinheiro-braathen-and-solden-together-at-the-start\/247556\/"]}]},{"@type":"ImageObject","inLanguage":"en-EN","@id":"https:\/\/presse.tirol.at\/en\/lucas-pinheiro-braathen-and-solden-together-at-the-start\/247556\/#primaryimage","url":"https:\/\/presse.tirol.at\/app\/uploads\/2024\/10\/soel_EXPA-GRO-241024-5010.jpg","contentUrl":"https:\/\/presse.tirol.at\/app\/uploads\/2024\/10\/soel_EXPA-GRO-241024-5010.jpg","width":1920,"height":1280},{"@type":"WebSite","@id":"https:\/\/presse.tirol.at\/en\/#website","url":"https:\/\/presse.tirol.at\/en\/","name":"Presse.Tirol","description":"Regionale Presseplattform der Tirol Werbung und den Tiroler Tourismusverb\u00e4nden","potentialAction":[{"@type":"SearchAction","target":{"@type":"EntryPoint","urlTemplate":"https:\/\/presse.tirol.at\/en\/?s={search_term_string}"},"query-input":{"@type":"PropertyValueSpecification","valueRequired":true,"valueName":"search_term_string"}}],"inLanguage":"en-EN"},{"@type":"Person","@id":"https:\/\/presse.tirol.at\/en\/#\/schema\/person\/0760b388b0070873655d7401063981ae","name":"Anna Katharina Pony","image":{"@type":"ImageObject","inLanguage":"en-EN","@id":"https:\/\/presse.tirol.at\/en\/#\/schema\/person\/image\/3a0cbe0127ba2c6e578c1e1f27555777","url":"https:\/\/secure.gravatar.com\/avatar\/2fe36294baaf75a2f2e1064a446af7ab4c683edba482936ca6fc5c1342aa72df?s=96&d=mm&r=g","contentUrl":"https:\/\/secure.gravatar.com\/avatar\/2fe36294baaf75a2f2e1064a446af7ab4c683edba482936ca6fc5c1342aa72df?s=96&d=mm&r=g","caption":"Anna Katharina Pony"}}]}},"publishpress_future_workflow_manual_trigger":{"enabledWorkflows":[]},"_links":{"self":[{"href":"https:\/\/presse.tirol.at\/en\/wp-json\/wp\/v2\/posts\/247556","targetHints":{"allow":["GET"]}}],"collection":[{"href":"https:\/\/presse.tirol.at\/en\/wp-json\/wp\/v2\/posts"}],"about":[{"href":"https:\/\/presse.tirol.at\/en\/wp-json\/wp\/v2\/types\/post"}],"author":[{"embeddable":true,"href":"https:\/\/presse.tirol.at\/en\/wp-json\/wp\/v2\/users\/40"}],"replies":[{"embeddable":true,"href":"https:\/\/presse.tirol.at\/en\/wp-json\/wp\/v2\/comments?post=247556"}],"version-history":[{"count":0,"href":"https:\/\/presse.tirol.at\/en\/wp-json\/wp\/v2\/posts\/247556\/revisions"}],"wp:featuredmedia":[{"embeddable":true,"href":"https:\/\/presse.tirol.at\/en\/wp-json\/wp\/v2\/media\/247496"}],"wp:attachment":[{"href":"https:\/\/presse.tirol.at\/en\/wp-json\/wp\/v2\/media?parent=247556"}],"wp:term":[{"taxonomy":"category","embeddable":true,"href":"https:\/\/presse.tirol.at\/en\/wp-json\/wp\/v2\/categories?post=247556"},{"taxonomy":"region","embeddable":true,"href":"https:\/\/presse.tirol.at\/en\/wp-json\/wp\/v2\/region?post=247556"},{"taxonomy":"author","embeddable":true,"href":"https:\/\/presse.tirol.at\/en\/wp-json\/wp\/v2\/coauthors?post=247556"}],"curies":[{"name":"wp","href":"https:\/\/api.w.org\/{rel}","templated":true}]}}