{"id":252995,"date":"2025-01-20T15:13:33","date_gmt":"2025-01-20T14:13:33","guid":{"rendered":"https:\/\/presse.tirol.at\/?p=252995"},"modified":"2025-01-20T15:13:33","modified_gmt":"2025-01-20T14:13:33","slug":"countdown-to-the-2nd-zillertal-valley-ralley-tour-stop-in-the-zillertal-arena","status":"publish","type":"post","link":"https:\/\/presse.tirol.at\/en\/countdown-to-the-2nd-zillertal-valley-ralley-tour-stop-in-the-zillertal-arena\/252995\/","title":{"rendered":"Countdown to the 2nd Zillertal V\u00c4LLEY R\u00c4LLEY tour stop in the Zillertal Arena"},"content":{"rendered":"\n<p class=\"intro\">The 2nd Zillertal V\u00c4LLEY R\u00c4LLEY Tourstop hosted by Blue Tomato is scheduled for 25 and 26 January 2025 at the Actionpark Kreuzwiese in the Zillertal Arena near Zell am Ziller. With its unique combination of internationally recognised snowboard competitions and many side events, the V\u00c4LLEY R\u00c4LLEY has grown into one of the most important junior tours for up-and-coming snowboarders from all over Europe in the last decade. Online registration for the 2nd tour stop in the Zillertal Arena is already open at <a href=\"https:\/\/valleyralley.at\/\" target=\"_blank\" rel=\"noreferrer noopener\">https:\/\/valleyralley.at\/<\/a>. Register now!<\/p>\n\n\n\n<figure class=\"wp-block-image size-large\"><img loading=\"lazy\" decoding=\"async\" width=\"1024\" height=\"682\" src=\"https:\/\/presse.tirol.at\/app\/uploads\/2025\/01\/24-01-20_zvr_Zillertalarena____by_Gustav_Hersmann_0096__lowres-1024x682.jpg\" alt=\"\" class=\"wp-image-252984\" srcset=\"https:\/\/presse.tirol.at\/app\/uploads\/2025\/01\/24-01-20_zvr_Zillertalarena____by_Gustav_Hersmann_0096__lowres-1024x682.jpg 1024w, https:\/\/presse.tirol.at\/app\/uploads\/2025\/01\/24-01-20_zvr_Zillertalarena____by_Gustav_Hersmann_0096__lowres-300x200.jpg 300w, https:\/\/presse.tirol.at\/app\/uploads\/2025\/01\/24-01-20_zvr_Zillertalarena____by_Gustav_Hersmann_0096__lowres-768x512.jpg 768w, https:\/\/presse.tirol.at\/app\/uploads\/2025\/01\/24-01-20_zvr_Zillertalarena____by_Gustav_Hersmann_0096__lowres-1536x1024.jpg 1536w, https:\/\/presse.tirol.at\/app\/uploads\/2025\/01\/24-01-20_zvr_Zillertalarena____by_Gustav_Hersmann_0096__lowres.jpg 2000w\" sizes=\"auto, (max-width: 1024px) 100vw, 1024px\" \/><figcaption>2nd tour stop of the Zillertal V\u00e4lley R\u00e4lley in the Zillertal Arena \u00a9 Gustav Hersmann<\/figcaption><\/figure>\n\n\n\n<p>The Uniqueparks team around park designer Manfred Brandacher has once again done a great job and conjured up a versatile setup in the Actionpark Kreuzwiese in the Zillertal Arena. The park is already open and freestyle enthusiasts can hone their tricks every Tuesday from 11.00 am at the free coaching sessions with the \u00c4sthetiker Shred School. On 25 and 26 January, the Actionpark Kreuzwiese will be the venue for the 2nd Zillertal V\u00c4LLEY R\u00c4LLEY Tourstop 2024\/2025. The organisers of the snowboard club \u2018die \u00c4sthetiker\u2019 will announce the day of the competition and when the free coaching and style sessions will take place on the Thursday before the event. Plenty of medals, prize money and prizes await the day&#8217;s winners in all 8 categories, while the best trick from Horsefeathers will be honoured with an additional award. Participants can also win vouchers from Blue Tomato at the Social Media Awards by presenting their best videos from the V\u00c4LLEY R\u00c4LLEY weekend.<\/p>\n\n\n\n<p>With the second of four contest results, the cards will be reshuffled in the Zillertal Arena. The snowboarders will receive new points in the overall ranking for their participation. The overall tour winners will be crowned the new Zillertal V\u00c4LLEY R\u00c4LLEY royal family after the fourth and final tour stop at the Hintertux Glacier at the beginning of May. Points on the international World Snowboard Point List (WSPL) will also be awarded for participation in the amateur level competitions of the World Snowboard Federation. The tour stop in Zell am Ziller is a recognised ASA (Austrian Snowboard Association) Austria Cup and rookies (U18) collect points in the World Rookie Ranking. No accommodation secured yet? Then book quickly at <a href=\"http:\/\/www.zillertalarena.com\" target=\"_blank\" rel=\"noreferrer noopener\">www.zillertalarena.com<\/a> or <a href=\"http:\/\/www.zillertal.at\" target=\"_blank\" rel=\"noreferrer noopener\">www.zillertal.at<\/a>. Further information can be found at <a href=\"http:\/\/www.valleyralley.at\" target=\"_blank\" rel=\"noreferrer noopener\">www.valleyralley.at<\/a> .<\/p>\n\n\n\n<p>The partners of the 2nd tour stop are: Zillertal Tourismus GmbH, Zillertal Arena, Uniqueparks.com, Blue Tomato, Red Bull, Horsefeathers, Dana Beanies, the World Snowboard Federation (WSF), the Austrian Snowboard Federation (ASA) and World Rookie Tour (WRT).<\/p>\n","protected":false},"excerpt":{"rendered":"<p>Register now for the 2nd Zillertal V\u00c4LLEY R\u00c4LLEY Tourstopp at Actionpark Kreuzwiese at Zillertal Arena near Zell am \u2026<\/p>\n","protected":false},"author":56,"featured_media":252984,"comment_status":"closed","ping_status":"closed","sticky":false,"template":"","format":"standard","meta":{"_acf_changed":false,"footnotes":""},"categories":[9],"region":[116,117],"coauthors":[205],"class_list":["post-252995","post","type-post","status-publish","format-standard","has-post-thumbnail","hentry","category-uncategorized","region-zell-gerlos-zillertal-arena","region-zillertal-tourismus"],"acf":[],"yoast_head":"<!-- This site is optimized with the Yoast SEO plugin v25.1 - https:\/\/yoast.com\/wordpress\/plugins\/seo\/ -->\n<title>Countdown to the 2nd Zillertal V\u00c4LLEY R\u00c4LLEY tour stop in the Zillertal Arena - Presse.Tirol<\/title>\n<meta name=\"description\" content=\"Register now for the 2nd Zillertal V\u00c4LLEY R\u00c4LLEY Tourstopp at Actionpark Kreuzwiese at Zillertal Arena near Zell am Ziller.\" \/>\n<meta name=\"robots\" content=\"index, follow, max-snippet:-1, max-image-preview:large, max-video-preview:-1\" \/>\n<link rel=\"canonical\" href=\"https:\/\/presse.tirol.at\/en\/countdown-to-the-2nd-zillertal-valley-ralley-tour-stop-in-the-zillertal-arena\/252995\/\" \/>\n<meta property=\"og:locale\" content=\"en_US\" \/>\n<meta property=\"og:type\" content=\"article\" \/>\n<meta property=\"og:title\" content=\"Countdown to the 2nd Zillertal V\u00c4LLEY R\u00c4LLEY tour stop in the Zillertal Arena - Presse.Tirol\" \/>\n<meta property=\"og:description\" content=\"Register now for the 2nd Zillertal V\u00c4LLEY R\u00c4LLEY Tourstopp at Actionpark Kreuzwiese at Zillertal Arena near Zell am Ziller.\" \/>\n<meta property=\"og:url\" content=\"https:\/\/presse.tirol.at\/en\/countdown-to-the-2nd-zillertal-valley-ralley-tour-stop-in-the-zillertal-arena\/252995\/\" \/>\n<meta property=\"og:site_name\" content=\"Presse.Tirol\" \/>\n<meta property=\"article:published_time\" content=\"2025-01-20T14:13:33+00:00\" \/>\n<meta property=\"og:image\" content=\"https:\/\/presse.tirol.at\/app\/uploads\/2025\/01\/24-01-20_zvr_Zillertalarena____by_Gustav_Hersmann_0096__lowres.jpg\" \/>\n\t<meta property=\"og:image:width\" content=\"2000\" \/>\n\t<meta property=\"og:image:height\" content=\"1333\" \/>\n\t<meta property=\"og:image:type\" content=\"image\/jpeg\" \/>\n<meta name=\"author\" content=\"Katrin Rauch\" \/>\n<meta name=\"twitter:card\" content=\"summary_large_image\" \/>\n<meta name=\"twitter:label1\" content=\"Written by\" \/>\n\t<meta name=\"twitter:data1\" content=\"Katrin Rauch\" \/>\n\t<meta name=\"twitter:label2\" content=\"Est. reading time\" \/>\n\t<meta name=\"twitter:data2\" content=\"3 minutes\" \/>\n<script type=\"application\/ld+json\" class=\"yoast-schema-graph\">{\"@context\":\"https:\/\/schema.org\",\"@graph\":[{\"@type\":\"WebPage\",\"@id\":\"https:\/\/presse.tirol.at\/en\/countdown-to-the-2nd-zillertal-valley-ralley-tour-stop-in-the-zillertal-arena\/252995\/\",\"url\":\"https:\/\/presse.tirol.at\/en\/countdown-to-the-2nd-zillertal-valley-ralley-tour-stop-in-the-zillertal-arena\/252995\/\",\"name\":\"Countdown to the 2nd Zillertal V\u00c4LLEY R\u00c4LLEY tour stop in the Zillertal Arena - Presse.Tirol\",\"isPartOf\":{\"@id\":\"https:\/\/presse.tirol.at\/en\/#website\"},\"primaryImageOfPage\":{\"@id\":\"https:\/\/presse.tirol.at\/en\/countdown-to-the-2nd-zillertal-valley-ralley-tour-stop-in-the-zillertal-arena\/252995\/#primaryimage\"},\"image\":{\"@id\":\"https:\/\/presse.tirol.at\/en\/countdown-to-the-2nd-zillertal-valley-ralley-tour-stop-in-the-zillertal-arena\/252995\/#primaryimage\"},\"thumbnailUrl\":\"https:\/\/presse.tirol.at\/app\/uploads\/2025\/01\/24-01-20_zvr_Zillertalarena____by_Gustav_Hersmann_0096__lowres.jpg\",\"datePublished\":\"2025-01-20T14:13:33+00:00\",\"author\":{\"@id\":\"https:\/\/presse.tirol.at\/en\/#\/schema\/person\/f9ca1bd81577f3846efd28db42488ce9\"},\"description\":\"Register now for the 2nd Zillertal V\u00c4LLEY R\u00c4LLEY Tourstopp at Actionpark Kreuzwiese at Zillertal Arena near Zell am Ziller.\",\"inLanguage\":\"en-EN\",\"potentialAction\":[{\"@type\":\"ReadAction\",\"target\":[\"https:\/\/presse.tirol.at\/en\/countdown-to-the-2nd-zillertal-valley-ralley-tour-stop-in-the-zillertal-arena\/252995\/\"]}]},{\"@type\":\"ImageObject\",\"inLanguage\":\"en-EN\",\"@id\":\"https:\/\/presse.tirol.at\/en\/countdown-to-the-2nd-zillertal-valley-ralley-tour-stop-in-the-zillertal-arena\/252995\/#primaryimage\",\"url\":\"https:\/\/presse.tirol.at\/app\/uploads\/2025\/01\/24-01-20_zvr_Zillertalarena____by_Gustav_Hersmann_0096__lowres.jpg\",\"contentUrl\":\"https:\/\/presse.tirol.at\/app\/uploads\/2025\/01\/24-01-20_zvr_Zillertalarena____by_Gustav_Hersmann_0096__lowres.jpg\",\"width\":2000,\"height\":1333},{\"@type\":\"WebSite\",\"@id\":\"https:\/\/presse.tirol.at\/en\/#website\",\"url\":\"https:\/\/presse.tirol.at\/en\/\",\"name\":\"Presse.Tirol\",\"description\":\"Regionale Presseplattform der Tirol Werbung und den Tiroler Tourismusverb\u00e4nden\",\"potentialAction\":[{\"@type\":\"SearchAction\",\"target\":{\"@type\":\"EntryPoint\",\"urlTemplate\":\"https:\/\/presse.tirol.at\/en\/?s={search_term_string}\"},\"query-input\":{\"@type\":\"PropertyValueSpecification\",\"valueRequired\":true,\"valueName\":\"search_term_string\"}}],\"inLanguage\":\"en-EN\"},{\"@type\":\"Person\",\"@id\":\"https:\/\/presse.tirol.at\/en\/#\/schema\/person\/f9ca1bd81577f3846efd28db42488ce9\",\"name\":\"Katrin Rauch\",\"image\":{\"@type\":\"ImageObject\",\"inLanguage\":\"en-EN\",\"@id\":\"https:\/\/presse.tirol.at\/en\/#\/schema\/person\/image\/8c74e96cca8fa67afbf20cfa43078dcf\",\"url\":\"https:\/\/secure.gravatar.com\/avatar\/d936c95c3013b35f261ceecf4a14f2f5897f3834e9ee11c9bc7fae6fe29ae6aa?s=96&d=mm&r=g\",\"contentUrl\":\"https:\/\/secure.gravatar.com\/avatar\/d936c95c3013b35f261ceecf4a14f2f5897f3834e9ee11c9bc7fae6fe29ae6aa?s=96&d=mm&r=g\",\"caption\":\"Katrin Rauch\"},\"sameAs\":[\"http:\/\/www.zell-gerlos.at\"]}]}<\/script>\n<!-- \/ Yoast SEO plugin. -->","yoast_head_json":{"title":"Countdown to the 2nd Zillertal V\u00c4LLEY R\u00c4LLEY tour stop in the Zillertal Arena - Presse.Tirol","description":"Register now for the 2nd Zillertal V\u00c4LLEY R\u00c4LLEY Tourstopp at Actionpark Kreuzwiese at Zillertal Arena near Zell am Ziller.","robots":{"index":"index","follow":"follow","max-snippet":"max-snippet:-1","max-image-preview":"max-image-preview:large","max-video-preview":"max-video-preview:-1"},"canonical":"https:\/\/presse.tirol.at\/en\/countdown-to-the-2nd-zillertal-valley-ralley-tour-stop-in-the-zillertal-arena\/252995\/","og_locale":"en_US","og_type":"article","og_title":"Countdown to the 2nd Zillertal V\u00c4LLEY R\u00c4LLEY tour stop in the Zillertal Arena - Presse.Tirol","og_description":"Register now for the 2nd Zillertal V\u00c4LLEY R\u00c4LLEY Tourstopp at Actionpark Kreuzwiese at Zillertal Arena near Zell am Ziller.","og_url":"https:\/\/presse.tirol.at\/en\/countdown-to-the-2nd-zillertal-valley-ralley-tour-stop-in-the-zillertal-arena\/252995\/","og_site_name":"Presse.Tirol","article_published_time":"2025-01-20T14:13:33+00:00","og_image":[{"width":2000,"height":1333,"url":"https:\/\/presse.tirol.at\/app\/uploads\/2025\/01\/24-01-20_zvr_Zillertalarena____by_Gustav_Hersmann_0096__lowres.jpg","type":"image\/jpeg"}],"author":"Katrin Rauch","twitter_card":"summary_large_image","twitter_misc":{"Written by":"Katrin Rauch","Est. reading time":"3 minutes"},"schema":{"@context":"https:\/\/schema.org","@graph":[{"@type":"WebPage","@id":"https:\/\/presse.tirol.at\/en\/countdown-to-the-2nd-zillertal-valley-ralley-tour-stop-in-the-zillertal-arena\/252995\/","url":"https:\/\/presse.tirol.at\/en\/countdown-to-the-2nd-zillertal-valley-ralley-tour-stop-in-the-zillertal-arena\/252995\/","name":"Countdown to the 2nd Zillertal V\u00c4LLEY R\u00c4LLEY tour stop in the Zillertal Arena - Presse.Tirol","isPartOf":{"@id":"https:\/\/presse.tirol.at\/en\/#website"},"primaryImageOfPage":{"@id":"https:\/\/presse.tirol.at\/en\/countdown-to-the-2nd-zillertal-valley-ralley-tour-stop-in-the-zillertal-arena\/252995\/#primaryimage"},"image":{"@id":"https:\/\/presse.tirol.at\/en\/countdown-to-the-2nd-zillertal-valley-ralley-tour-stop-in-the-zillertal-arena\/252995\/#primaryimage"},"thumbnailUrl":"https:\/\/presse.tirol.at\/app\/uploads\/2025\/01\/24-01-20_zvr_Zillertalarena____by_Gustav_Hersmann_0096__lowres.jpg","datePublished":"2025-01-20T14:13:33+00:00","author":{"@id":"https:\/\/presse.tirol.at\/en\/#\/schema\/person\/f9ca1bd81577f3846efd28db42488ce9"},"description":"Register now for the 2nd Zillertal V\u00c4LLEY R\u00c4LLEY Tourstopp at Actionpark Kreuzwiese at Zillertal Arena near Zell am Ziller.","inLanguage":"en-EN","potentialAction":[{"@type":"ReadAction","target":["https:\/\/presse.tirol.at\/en\/countdown-to-the-2nd-zillertal-valley-ralley-tour-stop-in-the-zillertal-arena\/252995\/"]}]},{"@type":"ImageObject","inLanguage":"en-EN","@id":"https:\/\/presse.tirol.at\/en\/countdown-to-the-2nd-zillertal-valley-ralley-tour-stop-in-the-zillertal-arena\/252995\/#primaryimage","url":"https:\/\/presse.tirol.at\/app\/uploads\/2025\/01\/24-01-20_zvr_Zillertalarena____by_Gustav_Hersmann_0096__lowres.jpg","contentUrl":"https:\/\/presse.tirol.at\/app\/uploads\/2025\/01\/24-01-20_zvr_Zillertalarena____by_Gustav_Hersmann_0096__lowres.jpg","width":2000,"height":1333},{"@type":"WebSite","@id":"https:\/\/presse.tirol.at\/en\/#website","url":"https:\/\/presse.tirol.at\/en\/","name":"Presse.Tirol","description":"Regionale Presseplattform der Tirol Werbung und den Tiroler Tourismusverb\u00e4nden","potentialAction":[{"@type":"SearchAction","target":{"@type":"EntryPoint","urlTemplate":"https:\/\/presse.tirol.at\/en\/?s={search_term_string}"},"query-input":{"@type":"PropertyValueSpecification","valueRequired":true,"valueName":"search_term_string"}}],"inLanguage":"en-EN"},{"@type":"Person","@id":"https:\/\/presse.tirol.at\/en\/#\/schema\/person\/f9ca1bd81577f3846efd28db42488ce9","name":"Katrin Rauch","image":{"@type":"ImageObject","inLanguage":"en-EN","@id":"https:\/\/presse.tirol.at\/en\/#\/schema\/person\/image\/8c74e96cca8fa67afbf20cfa43078dcf","url":"https:\/\/secure.gravatar.com\/avatar\/d936c95c3013b35f261ceecf4a14f2f5897f3834e9ee11c9bc7fae6fe29ae6aa?s=96&d=mm&r=g","contentUrl":"https:\/\/secure.gravatar.com\/avatar\/d936c95c3013b35f261ceecf4a14f2f5897f3834e9ee11c9bc7fae6fe29ae6aa?s=96&d=mm&r=g","caption":"Katrin Rauch"},"sameAs":["http:\/\/www.zell-gerlos.at"]}]}},"publishpress_future_workflow_manual_trigger":{"enabledWorkflows":[]},"_links":{"self":[{"href":"https:\/\/presse.tirol.at\/en\/wp-json\/wp\/v2\/posts\/252995","targetHints":{"allow":["GET"]}}],"collection":[{"href":"https:\/\/presse.tirol.at\/en\/wp-json\/wp\/v2\/posts"}],"about":[{"href":"https:\/\/presse.tirol.at\/en\/wp-json\/wp\/v2\/types\/post"}],"author":[{"embeddable":true,"href":"https:\/\/presse.tirol.at\/en\/wp-json\/wp\/v2\/users\/56"}],"replies":[{"embeddable":true,"href":"https:\/\/presse.tirol.at\/en\/wp-json\/wp\/v2\/comments?post=252995"}],"version-history":[{"count":0,"href":"https:\/\/presse.tirol.at\/en\/wp-json\/wp\/v2\/posts\/252995\/revisions"}],"wp:featuredmedia":[{"embeddable":true,"href":"https:\/\/presse.tirol.at\/en\/wp-json\/wp\/v2\/media\/252984"}],"wp:attachment":[{"href":"https:\/\/presse.tirol.at\/en\/wp-json\/wp\/v2\/media?parent=252995"}],"wp:term":[{"taxonomy":"category","embeddable":true,"href":"https:\/\/presse.tirol.at\/en\/wp-json\/wp\/v2\/categories?post=252995"},{"taxonomy":"region","embeddable":true,"href":"https:\/\/presse.tirol.at\/en\/wp-json\/wp\/v2\/region?post=252995"},{"taxonomy":"author","embeddable":true,"href":"https:\/\/presse.tirol.at\/en\/wp-json\/wp\/v2\/coauthors?post=252995"}],"curies":[{"name":"wp","href":"https:\/\/api.w.org\/{rel}","templated":true}]}}