{"id":268938,"date":"2025-08-08T11:39:21","date_gmt":"2025-08-08T09:39:21","guid":{"rendered":"https:\/\/presse.tirol.at\/?p=268938"},"modified":"2026-02-17T14:48:27","modified_gmt":"2026-02-17T13:48:27","slug":"come-join-the-action-epic-riding-and-party-vibes-at-the-bike-republic-solden-festival-with-swatch-nines","status":"publish","type":"post","link":"https:\/\/presse.tirol.at\/en\/come-join-the-action-epic-riding-and-party-vibes-at-the-bike-republic-solden-festival-with-swatch-nines\/268938\/","title":{"rendered":"Come Join the Action: Epic Riding and Party Vibes at the Bike Republic S\u00f6lden Festival with SWATCH NINES"},"content":{"rendered":"\n<p class=\"intro\">The bike season in the world\u2019s most beautiful republic is in full swing \u2013 and the next big highlight is just around the corner: From 12-14 September 2025, S\u00f6lden will once again host one of the most spectacular events in the mountain bike scene: at the Bike Republic S\u00f6lden (BRS) Festival X Swatch Nines, the world\u2019s best slopestyle and freeride athletes return to the flowy alpine nation to once again redefine the limits of what\u2019s possible on two wheels. Of course, there\u2019s also a packed schedule of side events, a bustling brand and event area, ride-outs with top athletes, and next-level parties.<\/p>\n\n\n\n<figure class=\"wp-block-image size-large\"><img loading=\"lazy\" decoding=\"async\" width=\"1024\" height=\"683\" src=\"https:\/\/presse.tirol.at\/app\/uploads\/2025\/08\/soel_brs_Swatch-Nines_S9B24_DAY3_Action_SamPilgrim_MoritzAblinger_DSC07170_FULL-1024x683.jpg\" alt=\"\" class=\"wp-image-268901\" srcset=\"https:\/\/presse.tirol.at\/app\/uploads\/2025\/08\/soel_brs_Swatch-Nines_S9B24_DAY3_Action_SamPilgrim_MoritzAblinger_DSC07170_FULL-1024x683.jpg 1024w, https:\/\/presse.tirol.at\/app\/uploads\/2025\/08\/soel_brs_Swatch-Nines_S9B24_DAY3_Action_SamPilgrim_MoritzAblinger_DSC07170_FULL-300x200.jpg 300w, https:\/\/presse.tirol.at\/app\/uploads\/2025\/08\/soel_brs_Swatch-Nines_S9B24_DAY3_Action_SamPilgrim_MoritzAblinger_DSC07170_FULL-768x512.jpg 768w, https:\/\/presse.tirol.at\/app\/uploads\/2025\/08\/soel_brs_Swatch-Nines_S9B24_DAY3_Action_SamPilgrim_MoritzAblinger_DSC07170_FULL-1536x1024.jpg 1536w, https:\/\/presse.tirol.at\/app\/uploads\/2025\/08\/soel_brs_Swatch-Nines_S9B24_DAY3_Action_SamPilgrim_MoritzAblinger_DSC07170_FULL-2048x1365.jpg 2048w\" sizes=\"auto, (max-width: 1024px) 100vw, 1024px\" \/><figcaption class=\"wp-element-caption\">Public Days at BRS Festival &copy; \u00d6tztal Tourismus &#8211; Moritz Ablinger<\/figcaption><\/figure>\n\n\n\n<p>The Bike Republic S\u00f6lden has rightly earned its place among the leading mountain bike destinations in Europe and beyond. That\u2019s thanks to a unique mix: trails for every skill level, breathtaking alpine views, and a vibrant, deeply rooted mountain bike culture that stretches from summit to valley. And if there\u2019s one thing S\u00f6lden knows besides riding \u2013 it\u2019s how to celebrate. That\u2019s why, right after the massive 10th birthday bash, we\u2019re rolling straight into the&nbsp;BRS Festival X Swatch Nines.<\/p>\n\n\n\n<p><strong>Recap: 10 Years of Bike Republic S\u00f6lden<\/strong><\/p>\n\n\n\n<p>Yep, you read that right \u2013 the Bike Republic S\u00f6lden is already turning 10. What started as a vision in 2015 is now a strong community with its own values, trails, and legends. S\u00f6lden is more than \u201cjust a bike park\u201d \u2013 and everyone who\u2019s been here knows it. To celebrate a full decade, the creators shared their story in a special anniversary video:&nbsp;<a href=\"https:\/\/www.youtube.com\/watch?v=JSEnz9xuO1I\">Birth Of A Republic: 10 Years of Bike <\/a><a href=\"https:\/\/www.youtube.com\/watch?v=JSEnz9xuO1I\" target=\"_blank\" rel=\"noreferrer noopener\">Republic <\/a><a href=\"https:\/\/www.youtube.com\/watch?v=JSEnz9xuO1I\">S\u00f6lden.<\/a><\/p>\n\n\n\n<p><strong>Public Days at BRS Festival X Swatch Nines<\/strong><\/p>\n\n\n\n<p>Just two years ago, Swatch Nines events were off-limits to the general public \u2013 where the world\u2019s best slopestyle and freeride athletes quietly broke records on creative courses. Now, integrated into the BRS Festival, the spectacle is open to everyone for the second time. In the \u201cDirt District\u201d in Gr\u00fcnwald, spectators can witness up close as the boundaries of mountain biking are pushed to new heights on Friday and Saturday.<\/p>\n\n\n\n<p>The weekend kicks off with the&nbsp;<strong>Swatch Nines Night Shoot&nbsp;on Friday (12 September),<\/strong> where athletes will launch skyward on an illuminated course, setting the tone for a night to remember. Things start at 7:00 PM, with food &amp; drinks available at the Panorama Alm as well as after-vibes with a live DJ and party atmosphere right on-site. On <strong>Saturday (13 September), the&nbsp;Public Day<\/strong>&nbsp;begins at 1:00 PM \u2013 expect another round of jaw-dropping action and maybe even a few world\u2019s firsts. Only in S\u00f6lden: ride your own laps in the Bike Republic and then watch the global elite throw down spectacular runs. A dedicated shuttle service will bring you from S\u00f6lden to Gr\u00fcnwald on both days.<\/p>\n\n\n\n<p>On the massive \u201cDirt District\u201d site, there\u2019s both a&nbsp;Slopestyle Line&nbsp;and a&nbsp;Freeride Line. The Slopestyle Line, normally open to everyone, shines with a variety of creative features. The Freeride Line is built for speed, flow, and airtime \u2013 expect massive jumps up to 20 meters (60 feet), spectacular tricks, and pure style. Full course details, including a 3D preview, will drop right before the event.<\/p>\n\n\n\n<p>Among the world-class riders are big names like&nbsp;Erik Fedko, Patricia Druwen, David Godziek, Nicolai Rogatkin, and Robin Goomes, to name just a few \u2013 check the full Swatch Nines rider list <a href=\"https:\/\/thenines.cc\/mtb-athletes\" target=\"_blank\" rel=\"noreferrer noopener\">here<\/a>.<\/p>\n\n\n\n<p>Tickets and updates for the BRS Festival can be found <a href=\"https:\/\/www.soelden.com\/en\/activities\/summer\/bike-republic-soelden\/events\/brs-festival\" target=\"_blank\" rel=\"noreferrer noopener\">here<\/a>.<\/p>\n\n\n\n<p><strong>Feel the Nines: Ride-Outs with Top Athletes<\/strong><\/p>\n\n\n\n<p>At the\u00a0BRS Festival X Swatch Nines, you don\u2019t just watch the top athletes \u2013 you can shred with them! Spots are limited and available only through giveaways. Want to ride with Lukas Knopf, Casey Brown, Sam Reynolds, or Peter Kaiser? Check the <a href=\"https:\/\/www.instagram.com\/bikerepublic.soelden\/\">Bike Republic S\u00f6lden <\/a><a href=\"https:\/\/www.instagram.com\/bikerepublic.soelden\/\" target=\"_blank\" rel=\"noreferrer noopener\">Instagram <\/a><a href=\"https:\/\/www.instagram.com\/bikerepublic.soelden\/\">Account<\/a>, the athletes\u2019 Instagram accounts or enter their partners\u2019 social media raffles. And it gets even better: after the ride-outs, participants join an exclusive workshop on the Nines course. Fingers crossed! Here are the dates:<\/p>\n\n\n\n<ul class=\"wp-block-list\">\n<li>Lukas Knopf:&nbsp;Friday, September 12, 2\u20134 PM*<\/li>\n\n\n\n<li>Casey Brown:&nbsp;Sunday, 14 September, 10 AM\u201312 PM (workshop on the Nines course at 1 PM)<\/li>\n\n\n\n<li>Sam Reynolds:&nbsp;Sunday, 14 September, 10 AM\u201312 PM (workshop on the Nines course at 1 PM)<\/li>\n\n\n\n<li>Peter Kaiser:&nbsp;Sunday, 14 September, 10 AM\u201312 PM (workshop on the Nines course at 1 PM)<\/li>\n<\/ul>\n\n\n\n<p>*Winners of the Lukas Knopf ride-out can also join Sunday\u2019s workshop.<\/p>\n\n\n\n<p>Didn\u2019t win online? No worries \u2013 there\u2019s a second chance on-site: register at the BRS info tent for another giveaway round, with winners drawn on Saturday.<\/p>\n\n\n\n<p><strong>Even more Festival Vibes<\/strong><\/p>\n\n\n\n<p>And there\u2019s more: the BRS Festival packs in music acts, food stalls, an expo &amp; test area, plus tons of side events like the&nbsp;Bunny H\u00f6\u00f6\u00f6p Contest, Bike Limbo,&nbsp;and&nbsp;Bike Obstacle Duel. If cheering is more your style, you won\u2019t want to miss three Guinness World Record attempts by local Austrian rider Mario Neurauter: dropping from over four meters high, he\u2019s going for the&nbsp;Highest Flat Drop,&nbsp;Highest Flat Drop onto a Target, and&nbsp;Highest Flat Drop 360 onto a Target.<\/p>\n\n\n\n<p>Want to up your skills? Daily (E-)MTB technique courses run from 10:00\u201312:00, plus additional sessions Friday and Sunday from 1:00\u20133:00 PM (sign up on-site). Young riders are covered too, with a full kids\u2019 program.<\/p>\n\n\n\n<p>And because \u201cride hard, party hard,\u201d Saturday night\u2019s&nbsp;legendary Riders Party&nbsp;is the festival\u2019s party highlight \u2013 kicking off at 6:00 PM at the Giggijoch base station, with live acts and DJs.<\/p>\n\n\n\n<p><strong>More Info &amp; Tickets<\/strong><\/p>\n\n\n\n<p>For more current news, event details, and information on the lines and trails of the Bike Republic S\u00f6lden, visit <a href=\"https:\/\/www.soelden.com\/en\/activities\/summer\/bike-republic-soelden\">bikerepublic.<\/a><a href=\"https:\/\/www.soelden.com\/en\/activities\/summer\/bike-republic-soelden\" target=\"_blank\" rel=\"noreferrer noopener\">soelden<\/a><a href=\"https:\/\/www.soelden.com\/en\/activities\/summer\/bike-republic-soelden\">.com<\/a>, <a href=\"https:\/\/www.instagram.com\/bikerepublic.soelden\/\">instagram.com\/bikerepublic.<\/a><a href=\"https:\/\/www.instagram.com\/bikerepublic.soelden\/\" target=\"_blank\" rel=\"noreferrer noopener\">soelden <\/a>or <a href=\"https:\/\/www.facebook.com\/bikerepublicsoelden\/?locale=de_DE\">www.facebook.com\/<\/a><a href=\"https:\/\/www.facebook.com\/bikerepublicsoelden\/?locale=de_DE\" target=\"_blank\" rel=\"noreferrer noopener\">bikerepublicsoelden<\/a>. You can find pictures <strong><a href=\"https:\/\/media.oetztal.com\/pinaccess\/pinaccess.do?pinCode=m7t0P6H0h9N4\" target=\"_blank\" rel=\"noreferrer noopener\">HERE<\/a><\/strong>.<\/p>\n\n\n\n<p><\/p>\n","protected":false},"excerpt":{"rendered":"<p>The bike season in the world\u2019s most beautiful republic is in full swing \u2013 and the next big highlight is just around the \u2026<\/p>\n","protected":false},"author":40,"featured_media":268901,"comment_status":"closed","ping_status":"closed","sticky":false,"template":"","format":"standard","meta":{"_acf_changed":true,"footnotes":""},"categories":[9],"region":[99],"coauthors":[195],"class_list":["post-268938","post","type-post","status-publish","format-standard","has-post-thumbnail","hentry","category-uncategorized","region-oetztal"],"acf":[],"yoast_head":"<!-- This site is optimized with the Yoast SEO plugin v25.1 - https:\/\/yoast.com\/wordpress\/plugins\/seo\/ -->\n<title>Come Join the Action: Epic Riding and Party Vibes at the Bike Republic S\u00f6lden Festival with SWATCH NINES - Presse.Tirol<\/title>\n<meta name=\"robots\" content=\"index, follow, max-snippet:-1, max-image-preview:large, max-video-preview:-1\" \/>\n<link rel=\"canonical\" href=\"https:\/\/presse.tirol.at\/en\/come-join-the-action-epic-riding-and-party-vibes-at-the-bike-republic-solden-festival-with-swatch-nines\/268938\/\" \/>\n<meta property=\"og:locale\" content=\"en_US\" \/>\n<meta property=\"og:type\" content=\"article\" \/>\n<meta property=\"og:title\" content=\"Come Join the Action: Epic Riding and Party Vibes at the Bike Republic S\u00f6lden Festival with SWATCH NINES - Presse.Tirol\" \/>\n<meta property=\"og:description\" content=\"The bike season in the world\u2019s most beautiful republic is in full swing \u2013 and the next big highlight is just around the \u2026\" \/>\n<meta property=\"og:url\" content=\"https:\/\/presse.tirol.at\/en\/come-join-the-action-epic-riding-and-party-vibes-at-the-bike-republic-solden-festival-with-swatch-nines\/268938\/\" \/>\n<meta property=\"og:site_name\" content=\"Presse.Tirol\" \/>\n<meta property=\"article:published_time\" content=\"2025-08-08T09:39:21+00:00\" \/>\n<meta property=\"article:modified_time\" content=\"2026-02-17T13:48:27+00:00\" \/>\n<meta property=\"og:image\" content=\"https:\/\/presse.tirol.at\/app\/uploads\/2025\/08\/soel_brs_Swatch-Nines_S9B24_DAY3_Action_SamPilgrim_MoritzAblinger_DSC07170_FULL-scaled.jpg\" \/>\n\t<meta property=\"og:image:width\" content=\"2560\" \/>\n\t<meta property=\"og:image:height\" content=\"1707\" \/>\n\t<meta property=\"og:image:type\" content=\"image\/jpeg\" \/>\n<meta name=\"author\" content=\"Anna Katharina Pony\" \/>\n<meta name=\"twitter:card\" content=\"summary_large_image\" \/>\n<meta name=\"twitter:label1\" content=\"Written by\" \/>\n\t<meta name=\"twitter:data1\" content=\"Anna Katharina Pony\" \/>\n\t<meta name=\"twitter:label2\" content=\"Est. reading time\" \/>\n\t<meta name=\"twitter:data2\" content=\"6 minutes\" \/>\n<script type=\"application\/ld+json\" class=\"yoast-schema-graph\">{\"@context\":\"https:\/\/schema.org\",\"@graph\":[{\"@type\":\"WebPage\",\"@id\":\"https:\/\/presse.tirol.at\/en\/come-join-the-action-epic-riding-and-party-vibes-at-the-bike-republic-solden-festival-with-swatch-nines\/268938\/\",\"url\":\"https:\/\/presse.tirol.at\/en\/come-join-the-action-epic-riding-and-party-vibes-at-the-bike-republic-solden-festival-with-swatch-nines\/268938\/\",\"name\":\"Come Join the Action: Epic Riding and Party Vibes at the Bike Republic S\u00f6lden Festival with SWATCH NINES - Presse.Tirol\",\"isPartOf\":{\"@id\":\"https:\/\/presse.tirol.at\/en\/#website\"},\"primaryImageOfPage\":{\"@id\":\"https:\/\/presse.tirol.at\/en\/come-join-the-action-epic-riding-and-party-vibes-at-the-bike-republic-solden-festival-with-swatch-nines\/268938\/#primaryimage\"},\"image\":{\"@id\":\"https:\/\/presse.tirol.at\/en\/come-join-the-action-epic-riding-and-party-vibes-at-the-bike-republic-solden-festival-with-swatch-nines\/268938\/#primaryimage\"},\"thumbnailUrl\":\"https:\/\/presse.tirol.at\/app\/uploads\/2025\/08\/soel_brs_Swatch-Nines_S9B24_DAY3_Action_SamPilgrim_MoritzAblinger_DSC07170_FULL-scaled.jpg\",\"datePublished\":\"2025-08-08T09:39:21+00:00\",\"dateModified\":\"2026-02-17T13:48:27+00:00\",\"author\":{\"@id\":\"https:\/\/presse.tirol.at\/en\/#\/schema\/person\/0760b388b0070873655d7401063981ae\"},\"inLanguage\":\"en-EN\",\"potentialAction\":[{\"@type\":\"ReadAction\",\"target\":[\"https:\/\/presse.tirol.at\/en\/come-join-the-action-epic-riding-and-party-vibes-at-the-bike-republic-solden-festival-with-swatch-nines\/268938\/\"]}]},{\"@type\":\"ImageObject\",\"inLanguage\":\"en-EN\",\"@id\":\"https:\/\/presse.tirol.at\/en\/come-join-the-action-epic-riding-and-party-vibes-at-the-bike-republic-solden-festival-with-swatch-nines\/268938\/#primaryimage\",\"url\":\"https:\/\/presse.tirol.at\/app\/uploads\/2025\/08\/soel_brs_Swatch-Nines_S9B24_DAY3_Action_SamPilgrim_MoritzAblinger_DSC07170_FULL-scaled.jpg\",\"contentUrl\":\"https:\/\/presse.tirol.at\/app\/uploads\/2025\/08\/soel_brs_Swatch-Nines_S9B24_DAY3_Action_SamPilgrim_MoritzAblinger_DSC07170_FULL-scaled.jpg\",\"width\":2560,\"height\":1707},{\"@type\":\"WebSite\",\"@id\":\"https:\/\/presse.tirol.at\/en\/#website\",\"url\":\"https:\/\/presse.tirol.at\/en\/\",\"name\":\"Presse.Tirol\",\"description\":\"Regionale Presseplattform der Tirol Werbung und den Tiroler Tourismusverb\u00e4nden\",\"potentialAction\":[{\"@type\":\"SearchAction\",\"target\":{\"@type\":\"EntryPoint\",\"urlTemplate\":\"https:\/\/presse.tirol.at\/en\/?s={search_term_string}\"},\"query-input\":{\"@type\":\"PropertyValueSpecification\",\"valueRequired\":true,\"valueName\":\"search_term_string\"}}],\"inLanguage\":\"en-EN\"},{\"@type\":\"Person\",\"@id\":\"https:\/\/presse.tirol.at\/en\/#\/schema\/person\/0760b388b0070873655d7401063981ae\",\"name\":\"Anna Katharina Pony\",\"image\":{\"@type\":\"ImageObject\",\"inLanguage\":\"en-EN\",\"@id\":\"https:\/\/presse.tirol.at\/en\/#\/schema\/person\/image\/3a0cbe0127ba2c6e578c1e1f27555777\",\"url\":\"https:\/\/secure.gravatar.com\/avatar\/2fe36294baaf75a2f2e1064a446af7ab4c683edba482936ca6fc5c1342aa72df?s=96&d=mm&r=g\",\"contentUrl\":\"https:\/\/secure.gravatar.com\/avatar\/2fe36294baaf75a2f2e1064a446af7ab4c683edba482936ca6fc5c1342aa72df?s=96&d=mm&r=g\",\"caption\":\"Anna Katharina Pony\"}}]}<\/script>\n<!-- \/ Yoast SEO plugin. -->","yoast_head_json":{"title":"Come Join the Action: Epic Riding and Party Vibes at the Bike Republic S\u00f6lden Festival with SWATCH NINES - Presse.Tirol","robots":{"index":"index","follow":"follow","max-snippet":"max-snippet:-1","max-image-preview":"max-image-preview:large","max-video-preview":"max-video-preview:-1"},"canonical":"https:\/\/presse.tirol.at\/en\/come-join-the-action-epic-riding-and-party-vibes-at-the-bike-republic-solden-festival-with-swatch-nines\/268938\/","og_locale":"en_US","og_type":"article","og_title":"Come Join the Action: Epic Riding and Party Vibes at the Bike Republic S\u00f6lden Festival with SWATCH NINES - Presse.Tirol","og_description":"The bike season in the world\u2019s most beautiful republic is in full swing \u2013 and the next big highlight is just around the \u2026","og_url":"https:\/\/presse.tirol.at\/en\/come-join-the-action-epic-riding-and-party-vibes-at-the-bike-republic-solden-festival-with-swatch-nines\/268938\/","og_site_name":"Presse.Tirol","article_published_time":"2025-08-08T09:39:21+00:00","article_modified_time":"2026-02-17T13:48:27+00:00","og_image":[{"width":2560,"height":1707,"url":"https:\/\/presse.tirol.at\/app\/uploads\/2025\/08\/soel_brs_Swatch-Nines_S9B24_DAY3_Action_SamPilgrim_MoritzAblinger_DSC07170_FULL-scaled.jpg","type":"image\/jpeg"}],"author":"Anna Katharina Pony","twitter_card":"summary_large_image","twitter_misc":{"Written by":"Anna Katharina Pony","Est. reading time":"6 minutes"},"schema":{"@context":"https:\/\/schema.org","@graph":[{"@type":"WebPage","@id":"https:\/\/presse.tirol.at\/en\/come-join-the-action-epic-riding-and-party-vibes-at-the-bike-republic-solden-festival-with-swatch-nines\/268938\/","url":"https:\/\/presse.tirol.at\/en\/come-join-the-action-epic-riding-and-party-vibes-at-the-bike-republic-solden-festival-with-swatch-nines\/268938\/","name":"Come Join the Action: Epic Riding and Party Vibes at the Bike Republic S\u00f6lden Festival with SWATCH NINES - Presse.Tirol","isPartOf":{"@id":"https:\/\/presse.tirol.at\/en\/#website"},"primaryImageOfPage":{"@id":"https:\/\/presse.tirol.at\/en\/come-join-the-action-epic-riding-and-party-vibes-at-the-bike-republic-solden-festival-with-swatch-nines\/268938\/#primaryimage"},"image":{"@id":"https:\/\/presse.tirol.at\/en\/come-join-the-action-epic-riding-and-party-vibes-at-the-bike-republic-solden-festival-with-swatch-nines\/268938\/#primaryimage"},"thumbnailUrl":"https:\/\/presse.tirol.at\/app\/uploads\/2025\/08\/soel_brs_Swatch-Nines_S9B24_DAY3_Action_SamPilgrim_MoritzAblinger_DSC07170_FULL-scaled.jpg","datePublished":"2025-08-08T09:39:21+00:00","dateModified":"2026-02-17T13:48:27+00:00","author":{"@id":"https:\/\/presse.tirol.at\/en\/#\/schema\/person\/0760b388b0070873655d7401063981ae"},"inLanguage":"en-EN","potentialAction":[{"@type":"ReadAction","target":["https:\/\/presse.tirol.at\/en\/come-join-the-action-epic-riding-and-party-vibes-at-the-bike-republic-solden-festival-with-swatch-nines\/268938\/"]}]},{"@type":"ImageObject","inLanguage":"en-EN","@id":"https:\/\/presse.tirol.at\/en\/come-join-the-action-epic-riding-and-party-vibes-at-the-bike-republic-solden-festival-with-swatch-nines\/268938\/#primaryimage","url":"https:\/\/presse.tirol.at\/app\/uploads\/2025\/08\/soel_brs_Swatch-Nines_S9B24_DAY3_Action_SamPilgrim_MoritzAblinger_DSC07170_FULL-scaled.jpg","contentUrl":"https:\/\/presse.tirol.at\/app\/uploads\/2025\/08\/soel_brs_Swatch-Nines_S9B24_DAY3_Action_SamPilgrim_MoritzAblinger_DSC07170_FULL-scaled.jpg","width":2560,"height":1707},{"@type":"WebSite","@id":"https:\/\/presse.tirol.at\/en\/#website","url":"https:\/\/presse.tirol.at\/en\/","name":"Presse.Tirol","description":"Regionale Presseplattform der Tirol Werbung und den Tiroler Tourismusverb\u00e4nden","potentialAction":[{"@type":"SearchAction","target":{"@type":"EntryPoint","urlTemplate":"https:\/\/presse.tirol.at\/en\/?s={search_term_string}"},"query-input":{"@type":"PropertyValueSpecification","valueRequired":true,"valueName":"search_term_string"}}],"inLanguage":"en-EN"},{"@type":"Person","@id":"https:\/\/presse.tirol.at\/en\/#\/schema\/person\/0760b388b0070873655d7401063981ae","name":"Anna Katharina Pony","image":{"@type":"ImageObject","inLanguage":"en-EN","@id":"https:\/\/presse.tirol.at\/en\/#\/schema\/person\/image\/3a0cbe0127ba2c6e578c1e1f27555777","url":"https:\/\/secure.gravatar.com\/avatar\/2fe36294baaf75a2f2e1064a446af7ab4c683edba482936ca6fc5c1342aa72df?s=96&d=mm&r=g","contentUrl":"https:\/\/secure.gravatar.com\/avatar\/2fe36294baaf75a2f2e1064a446af7ab4c683edba482936ca6fc5c1342aa72df?s=96&d=mm&r=g","caption":"Anna Katharina Pony"}}]}},"publishpress_future_workflow_manual_trigger":{"enabledWorkflows":[]},"_links":{"self":[{"href":"https:\/\/presse.tirol.at\/en\/wp-json\/wp\/v2\/posts\/268938","targetHints":{"allow":["GET"]}}],"collection":[{"href":"https:\/\/presse.tirol.at\/en\/wp-json\/wp\/v2\/posts"}],"about":[{"href":"https:\/\/presse.tirol.at\/en\/wp-json\/wp\/v2\/types\/post"}],"author":[{"embeddable":true,"href":"https:\/\/presse.tirol.at\/en\/wp-json\/wp\/v2\/users\/40"}],"replies":[{"embeddable":true,"href":"https:\/\/presse.tirol.at\/en\/wp-json\/wp\/v2\/comments?post=268938"}],"version-history":[{"count":0,"href":"https:\/\/presse.tirol.at\/en\/wp-json\/wp\/v2\/posts\/268938\/revisions"}],"wp:featuredmedia":[{"embeddable":true,"href":"https:\/\/presse.tirol.at\/en\/wp-json\/wp\/v2\/media\/268901"}],"wp:attachment":[{"href":"https:\/\/presse.tirol.at\/en\/wp-json\/wp\/v2\/media?parent=268938"}],"wp:term":[{"taxonomy":"category","embeddable":true,"href":"https:\/\/presse.tirol.at\/en\/wp-json\/wp\/v2\/categories?post=268938"},{"taxonomy":"region","embeddable":true,"href":"https:\/\/presse.tirol.at\/en\/wp-json\/wp\/v2\/region?post=268938"},{"taxonomy":"author","embeddable":true,"href":"https:\/\/presse.tirol.at\/en\/wp-json\/wp\/v2\/coauthors?post=268938"}],"curies":[{"name":"wp","href":"https:\/\/api.w.org\/{rel}","templated":true}]}}