{"id":271674,"date":"2025-09-10T11:48:02","date_gmt":"2025-09-10T09:48:02","guid":{"rendered":"https:\/\/presse.tirol.at\/?p=271674"},"modified":"2026-02-17T14:47:26","modified_gmt":"2026-02-17T13:47:26","slug":"the-most-spectacular-bike-event-of-the-year-in-tirol-taking-place-in-solden-from-12-to-14-september","status":"publish","type":"post","link":"https:\/\/presse.tirol.at\/en\/the-most-spectacular-bike-event-of-the-year-in-tirol-taking-place-in-solden-from-12-to-14-september\/271674\/","title":{"rendered":"The most spectacular bike event of the year in Tirol, taking place in S\u00f6lden from 12 to 14 September"},"content":{"rendered":"\n<p class=\"intro\">At the Bike Republic S\u00f6lden Festival X Swatch Nines, the world&#8217;s best slopestyle and freeride athletes will showcase just how far the hardly imaginable limits can be pushed on two wheels in the &#8220;Dirt District&#8221;. Alongside the action-packed Swatch Nines Public Shootings, the festival also offers workshops, expo area, food stalls, world record attempts and fun-filled riders parties.<\/p>\n\n\n\n<figure class=\"wp-block-image size-large\"><img loading=\"lazy\" decoding=\"async\" width=\"1024\" height=\"683\" src=\"https:\/\/presse.tirol.at\/app\/uploads\/2025\/09\/S9W25_Day-3_Action_Szymon-Godziek_JonnyClarke__T8A1627_WEB-1024x683.jpg\" alt=\"\" class=\"wp-image-271656\" srcset=\"https:\/\/presse.tirol.at\/app\/uploads\/2025\/09\/S9W25_Day-3_Action_Szymon-Godziek_JonnyClarke__T8A1627_WEB-1024x683.jpg 1024w, https:\/\/presse.tirol.at\/app\/uploads\/2025\/09\/S9W25_Day-3_Action_Szymon-Godziek_JonnyClarke__T8A1627_WEB-300x200.jpg 300w, https:\/\/presse.tirol.at\/app\/uploads\/2025\/09\/S9W25_Day-3_Action_Szymon-Godziek_JonnyClarke__T8A1627_WEB-768x512.jpg 768w, https:\/\/presse.tirol.at\/app\/uploads\/2025\/09\/S9W25_Day-3_Action_Szymon-Godziek_JonnyClarke__T8A1627_WEB-1536x1025.jpg 1536w, https:\/\/presse.tirol.at\/app\/uploads\/2025\/09\/S9W25_Day-3_Action_Szymon-Godziek_JonnyClarke__T8A1627_WEB-2048x1366.jpg 2048w\" sizes=\"auto, (max-width: 1024px) 100vw, 1024px\" \/><figcaption class=\"wp-element-caption\">Public Days on 12 and 13 September &copy; \u00d6tztal Tourismus &#8211; Jonny Clarke<\/figcaption><\/figure>\n\n\n\n<p>What used to be a strictly closed event is now open to everyone in S\u00f6lden: at the <strong>Swatch Nines Public Shootings<\/strong>, spectators and fans can witness live as <strong>world stars like Erik Fedko, Patricia Druwen, David Godziek, Nicolai Rogatkin or Robin Goomes<\/strong> launch their spectacular tricks into the bright Tirolean sky. The festival kicks off with the <strong>spectacular Night Shoot<\/strong> on <strong>Friday, 12 September<\/strong> at <strong>19:00<\/strong>. The riders will perform a dazzling display of tricks under floodlights, accompanied by DJ music as well as food and drinks at Panorama Alm. The unrivaled action continues with the <strong>Public Day<\/strong> on <strong>Saturday, 13 September<\/strong> starting at <strong>13:00<\/strong>, featuring another session of massive airtime and awe-inspiring action. A <strong>shuttle service<\/strong> will <strong>take visitors comfortably<\/strong> from S\u00f6lden to the hamlet of Gr\u00fcnwald and back again.<\/p>\n\n\n\n<p><strong>Festival atmosphere all around the village<\/strong><br>In addition to <strong>sensational tricks performed by world-class riders<\/strong>, the Bike Republic S\u00f6lden Festival also boasts a <strong>varied entertainment program<\/strong>. <strong>Music acts, food stalls and a large expo area at the base station of Giggijoch Gondola<\/strong> promise a <strong>vibrant festival atmosphere<\/strong>. Side events like the Bunny H\u00f6\u00f6\u00f6p Contest and the Bike Obstacle Duel guarantee great action away from the trails. Among the special highlights are the Guinness World Record attempts by Tirolean rider Mario Neurauter. Furthermore, there are technique training sessions, a special children&#8217;s activity program and the legendary Riders Party on Saturday evening.<\/p>\n\n\n\n<p><strong>Truly unique event for Tirol<\/strong><\/p>\n\n\n\n<p>Following the farewell of Crankworx, the <strong>Bike Republic S\u00f6lden Festival<\/strong> is the next major highlight attracting international stars of the scene to Tirol. For locals, it&#8217;s the perfect opportunity to experience world-class biking action up close while enjoying the festival atmosphere at the same time.\u00a0<strong>All information &amp; tickets<\/strong>: <a href=\"https:\/\/www.soelden.com\/en\/activities\/summer\/bike-republic-soelden\/events\/brs-festival\" target=\"_blank\" rel=\"noreferrer noopener\">Bike Republic S\u00f6lden<\/a><\/p>\n\n\n\n<p><strong>Information and pictures:<\/strong><br>You can find more information about BRS <strong><a href=\"https:\/\/www.soelden.com\/en\/activities\/summer\/bike-republic-soelden\" target=\"_blank\" rel=\"noreferrer noopener\">HERE <\/a><\/strong>and pictures <strong><a href=\"https:\/\/media.oetztal.com\/pinaccess\/pinaccess.do?pinCode=Z7l9n8p8z7x7\" target=\"_blank\" rel=\"noreferrer noopener\">HERE<\/a><\/strong>.<br><em>The use of our pictures is free of charge for advertising purposes regarding \u00d6tztal.<br>It is absolutely required that you indicate the copyright and the name of the photographer!<\/em><\/p>\n\n\n\n<p><\/p>\n","protected":false},"excerpt":{"rendered":"<p>At the Bike Republic S\u00f6lden Festival X Swatch Nines, the world&#8217;s best slopestyle and freeride athletes will \u2026<\/p>\n","protected":false},"author":40,"featured_media":271656,"comment_status":"closed","ping_status":"closed","sticky":false,"template":"","format":"standard","meta":{"_acf_changed":true,"footnotes":""},"categories":[9],"region":[99],"coauthors":[195],"class_list":["post-271674","post","type-post","status-publish","format-standard","has-post-thumbnail","hentry","category-uncategorized","region-oetztal"],"acf":[],"yoast_head":"<!-- This site is optimized with the Yoast SEO plugin v25.1 - https:\/\/yoast.com\/wordpress\/plugins\/seo\/ -->\n<title>The most spectacular bike event of the year in Tirol, taking place in S\u00f6lden from 12 to 14 September - Presse.Tirol<\/title>\n<meta name=\"robots\" content=\"index, follow, max-snippet:-1, max-image-preview:large, max-video-preview:-1\" \/>\n<link rel=\"canonical\" href=\"https:\/\/presse.tirol.at\/en\/the-most-spectacular-bike-event-of-the-year-in-tirol-taking-place-in-solden-from-12-to-14-september\/271674\/\" \/>\n<meta property=\"og:locale\" content=\"en_US\" \/>\n<meta property=\"og:type\" content=\"article\" \/>\n<meta property=\"og:title\" content=\"The most spectacular bike event of the year in Tirol, taking place in S\u00f6lden from 12 to 14 September - Presse.Tirol\" \/>\n<meta property=\"og:description\" content=\"At the Bike Republic S\u00f6lden Festival X Swatch Nines, the world&#8217;s best slopestyle and freeride athletes will \u2026\" \/>\n<meta property=\"og:url\" content=\"https:\/\/presse.tirol.at\/en\/the-most-spectacular-bike-event-of-the-year-in-tirol-taking-place-in-solden-from-12-to-14-september\/271674\/\" \/>\n<meta property=\"og:site_name\" content=\"Presse.Tirol\" \/>\n<meta property=\"article:published_time\" content=\"2025-09-10T09:48:02+00:00\" \/>\n<meta property=\"article:modified_time\" content=\"2026-02-17T13:47:26+00:00\" \/>\n<meta property=\"og:image\" content=\"https:\/\/presse.tirol.at\/app\/uploads\/2025\/09\/S9W25_Day-3_Action_Szymon-Godziek_JonnyClarke__T8A1627_WEB.jpg\" \/>\n\t<meta property=\"og:image:width\" content=\"2400\" \/>\n\t<meta property=\"og:image:height\" content=\"1601\" \/>\n\t<meta property=\"og:image:type\" content=\"image\/jpeg\" \/>\n<meta name=\"author\" content=\"Anna Katharina Pony\" \/>\n<meta name=\"twitter:card\" content=\"summary_large_image\" \/>\n<meta name=\"twitter:label1\" content=\"Written by\" \/>\n\t<meta name=\"twitter:data1\" content=\"Anna Katharina Pony\" \/>\n\t<meta name=\"twitter:label2\" content=\"Est. reading time\" \/>\n\t<meta name=\"twitter:data2\" content=\"3 minutes\" \/>\n<script type=\"application\/ld+json\" class=\"yoast-schema-graph\">{\"@context\":\"https:\/\/schema.org\",\"@graph\":[{\"@type\":\"WebPage\",\"@id\":\"https:\/\/presse.tirol.at\/en\/the-most-spectacular-bike-event-of-the-year-in-tirol-taking-place-in-solden-from-12-to-14-september\/271674\/\",\"url\":\"https:\/\/presse.tirol.at\/en\/the-most-spectacular-bike-event-of-the-year-in-tirol-taking-place-in-solden-from-12-to-14-september\/271674\/\",\"name\":\"The most spectacular bike event of the year in Tirol, taking place in S\u00f6lden from 12 to 14 September - Presse.Tirol\",\"isPartOf\":{\"@id\":\"https:\/\/presse.tirol.at\/en\/#website\"},\"primaryImageOfPage\":{\"@id\":\"https:\/\/presse.tirol.at\/en\/the-most-spectacular-bike-event-of-the-year-in-tirol-taking-place-in-solden-from-12-to-14-september\/271674\/#primaryimage\"},\"image\":{\"@id\":\"https:\/\/presse.tirol.at\/en\/the-most-spectacular-bike-event-of-the-year-in-tirol-taking-place-in-solden-from-12-to-14-september\/271674\/#primaryimage\"},\"thumbnailUrl\":\"https:\/\/presse.tirol.at\/app\/uploads\/2025\/09\/S9W25_Day-3_Action_Szymon-Godziek_JonnyClarke__T8A1627_WEB.jpg\",\"datePublished\":\"2025-09-10T09:48:02+00:00\",\"dateModified\":\"2026-02-17T13:47:26+00:00\",\"author\":{\"@id\":\"https:\/\/presse.tirol.at\/en\/#\/schema\/person\/0760b388b0070873655d7401063981ae\"},\"inLanguage\":\"en-EN\",\"potentialAction\":[{\"@type\":\"ReadAction\",\"target\":[\"https:\/\/presse.tirol.at\/en\/the-most-spectacular-bike-event-of-the-year-in-tirol-taking-place-in-solden-from-12-to-14-september\/271674\/\"]}]},{\"@type\":\"ImageObject\",\"inLanguage\":\"en-EN\",\"@id\":\"https:\/\/presse.tirol.at\/en\/the-most-spectacular-bike-event-of-the-year-in-tirol-taking-place-in-solden-from-12-to-14-september\/271674\/#primaryimage\",\"url\":\"https:\/\/presse.tirol.at\/app\/uploads\/2025\/09\/S9W25_Day-3_Action_Szymon-Godziek_JonnyClarke__T8A1627_WEB.jpg\",\"contentUrl\":\"https:\/\/presse.tirol.at\/app\/uploads\/2025\/09\/S9W25_Day-3_Action_Szymon-Godziek_JonnyClarke__T8A1627_WEB.jpg\",\"width\":2400,\"height\":1601},{\"@type\":\"WebSite\",\"@id\":\"https:\/\/presse.tirol.at\/en\/#website\",\"url\":\"https:\/\/presse.tirol.at\/en\/\",\"name\":\"Presse.Tirol\",\"description\":\"Regionale Presseplattform der Tirol Werbung und den Tiroler Tourismusverb\u00e4nden\",\"potentialAction\":[{\"@type\":\"SearchAction\",\"target\":{\"@type\":\"EntryPoint\",\"urlTemplate\":\"https:\/\/presse.tirol.at\/en\/?s={search_term_string}\"},\"query-input\":{\"@type\":\"PropertyValueSpecification\",\"valueRequired\":true,\"valueName\":\"search_term_string\"}}],\"inLanguage\":\"en-EN\"},{\"@type\":\"Person\",\"@id\":\"https:\/\/presse.tirol.at\/en\/#\/schema\/person\/0760b388b0070873655d7401063981ae\",\"name\":\"Anna Katharina Pony\",\"image\":{\"@type\":\"ImageObject\",\"inLanguage\":\"en-EN\",\"@id\":\"https:\/\/presse.tirol.at\/en\/#\/schema\/person\/image\/3a0cbe0127ba2c6e578c1e1f27555777\",\"url\":\"https:\/\/secure.gravatar.com\/avatar\/2fe36294baaf75a2f2e1064a446af7ab4c683edba482936ca6fc5c1342aa72df?s=96&d=mm&r=g\",\"contentUrl\":\"https:\/\/secure.gravatar.com\/avatar\/2fe36294baaf75a2f2e1064a446af7ab4c683edba482936ca6fc5c1342aa72df?s=96&d=mm&r=g\",\"caption\":\"Anna Katharina Pony\"}}]}<\/script>\n<!-- \/ Yoast SEO plugin. -->","yoast_head_json":{"title":"The most spectacular bike event of the year in Tirol, taking place in S\u00f6lden from 12 to 14 September - Presse.Tirol","robots":{"index":"index","follow":"follow","max-snippet":"max-snippet:-1","max-image-preview":"max-image-preview:large","max-video-preview":"max-video-preview:-1"},"canonical":"https:\/\/presse.tirol.at\/en\/the-most-spectacular-bike-event-of-the-year-in-tirol-taking-place-in-solden-from-12-to-14-september\/271674\/","og_locale":"en_US","og_type":"article","og_title":"The most spectacular bike event of the year in Tirol, taking place in S\u00f6lden from 12 to 14 September - Presse.Tirol","og_description":"At the Bike Republic S\u00f6lden Festival X Swatch Nines, the world&#8217;s best slopestyle and freeride athletes will \u2026","og_url":"https:\/\/presse.tirol.at\/en\/the-most-spectacular-bike-event-of-the-year-in-tirol-taking-place-in-solden-from-12-to-14-september\/271674\/","og_site_name":"Presse.Tirol","article_published_time":"2025-09-10T09:48:02+00:00","article_modified_time":"2026-02-17T13:47:26+00:00","og_image":[{"width":2400,"height":1601,"url":"https:\/\/presse.tirol.at\/app\/uploads\/2025\/09\/S9W25_Day-3_Action_Szymon-Godziek_JonnyClarke__T8A1627_WEB.jpg","type":"image\/jpeg"}],"author":"Anna Katharina Pony","twitter_card":"summary_large_image","twitter_misc":{"Written by":"Anna Katharina Pony","Est. reading time":"3 minutes"},"schema":{"@context":"https:\/\/schema.org","@graph":[{"@type":"WebPage","@id":"https:\/\/presse.tirol.at\/en\/the-most-spectacular-bike-event-of-the-year-in-tirol-taking-place-in-solden-from-12-to-14-september\/271674\/","url":"https:\/\/presse.tirol.at\/en\/the-most-spectacular-bike-event-of-the-year-in-tirol-taking-place-in-solden-from-12-to-14-september\/271674\/","name":"The most spectacular bike event of the year in Tirol, taking place in S\u00f6lden from 12 to 14 September - Presse.Tirol","isPartOf":{"@id":"https:\/\/presse.tirol.at\/en\/#website"},"primaryImageOfPage":{"@id":"https:\/\/presse.tirol.at\/en\/the-most-spectacular-bike-event-of-the-year-in-tirol-taking-place-in-solden-from-12-to-14-september\/271674\/#primaryimage"},"image":{"@id":"https:\/\/presse.tirol.at\/en\/the-most-spectacular-bike-event-of-the-year-in-tirol-taking-place-in-solden-from-12-to-14-september\/271674\/#primaryimage"},"thumbnailUrl":"https:\/\/presse.tirol.at\/app\/uploads\/2025\/09\/S9W25_Day-3_Action_Szymon-Godziek_JonnyClarke__T8A1627_WEB.jpg","datePublished":"2025-09-10T09:48:02+00:00","dateModified":"2026-02-17T13:47:26+00:00","author":{"@id":"https:\/\/presse.tirol.at\/en\/#\/schema\/person\/0760b388b0070873655d7401063981ae"},"inLanguage":"en-EN","potentialAction":[{"@type":"ReadAction","target":["https:\/\/presse.tirol.at\/en\/the-most-spectacular-bike-event-of-the-year-in-tirol-taking-place-in-solden-from-12-to-14-september\/271674\/"]}]},{"@type":"ImageObject","inLanguage":"en-EN","@id":"https:\/\/presse.tirol.at\/en\/the-most-spectacular-bike-event-of-the-year-in-tirol-taking-place-in-solden-from-12-to-14-september\/271674\/#primaryimage","url":"https:\/\/presse.tirol.at\/app\/uploads\/2025\/09\/S9W25_Day-3_Action_Szymon-Godziek_JonnyClarke__T8A1627_WEB.jpg","contentUrl":"https:\/\/presse.tirol.at\/app\/uploads\/2025\/09\/S9W25_Day-3_Action_Szymon-Godziek_JonnyClarke__T8A1627_WEB.jpg","width":2400,"height":1601},{"@type":"WebSite","@id":"https:\/\/presse.tirol.at\/en\/#website","url":"https:\/\/presse.tirol.at\/en\/","name":"Presse.Tirol","description":"Regionale Presseplattform der Tirol Werbung und den Tiroler Tourismusverb\u00e4nden","potentialAction":[{"@type":"SearchAction","target":{"@type":"EntryPoint","urlTemplate":"https:\/\/presse.tirol.at\/en\/?s={search_term_string}"},"query-input":{"@type":"PropertyValueSpecification","valueRequired":true,"valueName":"search_term_string"}}],"inLanguage":"en-EN"},{"@type":"Person","@id":"https:\/\/presse.tirol.at\/en\/#\/schema\/person\/0760b388b0070873655d7401063981ae","name":"Anna Katharina Pony","image":{"@type":"ImageObject","inLanguage":"en-EN","@id":"https:\/\/presse.tirol.at\/en\/#\/schema\/person\/image\/3a0cbe0127ba2c6e578c1e1f27555777","url":"https:\/\/secure.gravatar.com\/avatar\/2fe36294baaf75a2f2e1064a446af7ab4c683edba482936ca6fc5c1342aa72df?s=96&d=mm&r=g","contentUrl":"https:\/\/secure.gravatar.com\/avatar\/2fe36294baaf75a2f2e1064a446af7ab4c683edba482936ca6fc5c1342aa72df?s=96&d=mm&r=g","caption":"Anna Katharina Pony"}}]}},"publishpress_future_workflow_manual_trigger":{"enabledWorkflows":[]},"_links":{"self":[{"href":"https:\/\/presse.tirol.at\/en\/wp-json\/wp\/v2\/posts\/271674","targetHints":{"allow":["GET"]}}],"collection":[{"href":"https:\/\/presse.tirol.at\/en\/wp-json\/wp\/v2\/posts"}],"about":[{"href":"https:\/\/presse.tirol.at\/en\/wp-json\/wp\/v2\/types\/post"}],"author":[{"embeddable":true,"href":"https:\/\/presse.tirol.at\/en\/wp-json\/wp\/v2\/users\/40"}],"replies":[{"embeddable":true,"href":"https:\/\/presse.tirol.at\/en\/wp-json\/wp\/v2\/comments?post=271674"}],"version-history":[{"count":0,"href":"https:\/\/presse.tirol.at\/en\/wp-json\/wp\/v2\/posts\/271674\/revisions"}],"wp:featuredmedia":[{"embeddable":true,"href":"https:\/\/presse.tirol.at\/en\/wp-json\/wp\/v2\/media\/271656"}],"wp:attachment":[{"href":"https:\/\/presse.tirol.at\/en\/wp-json\/wp\/v2\/media?parent=271674"}],"wp:term":[{"taxonomy":"category","embeddable":true,"href":"https:\/\/presse.tirol.at\/en\/wp-json\/wp\/v2\/categories?post=271674"},{"taxonomy":"region","embeddable":true,"href":"https:\/\/presse.tirol.at\/en\/wp-json\/wp\/v2\/region?post=271674"},{"taxonomy":"author","embeddable":true,"href":"https:\/\/presse.tirol.at\/en\/wp-json\/wp\/v2\/coauthors?post=271674"}],"curies":[{"name":"wp","href":"https:\/\/api.w.org\/{rel}","templated":true}]}}