{"id":106940,"date":"2021-04-29T12:17:56","date_gmt":"2021-04-29T10:17:56","guid":{"rendered":"https:\/\/presse.tirol.at\/?p=106940"},"modified":"2022-01-27T11:07:11","modified_gmt":"2022-01-27T10:07:11","slug":"verso-lestate-2021-in-tirolo-le-prime-aperture-dal-19-maggio","status":"publish","type":"post","link":"https:\/\/presse.tirol.at\/it\/verso-lestate-2021-in-tirolo-le-prime-aperture-dal-19-maggio\/106940\/","title":{"rendered":"Verso l&#8217;estate 2021 in Tirolo: le prime aperture dal 19 maggio"},"content":{"rendered":"\n<p class=\"intro\">Nella conferenza stampa di venerd\u00ec 23 aprile, il governo federale austriaco ha annunciato la strategia di riapertura per albergatori, ristoratori, attivit\u00e0 del tempo libero, strutture culturali ed eventi che avr\u00e0 come data di inizio il 19 maggio 2021 sotto l\u2019egida osservazione di rigorose misure di sicurezza. In seconda fase un\u2019ulteriore riapertura di ampia portata \u00e8 stata annunciata per l&#8217;inizio di luglio.<\/p>\n\n\n\n<figure class=\"wp-block-image size-large\"><img loading=\"lazy\" decoding=\"async\" width=\"1024\" height=\"683\" src=\"https:\/\/presse.tirol.at\/app\/uploads\/2021\/04\/Corona-Regeln-Tirol-Sommer_Ma\u0308rz21_c-Philipp-Reiter-36-1024x683.jpg\" alt=\"In albergo obbligo di indossare la mascherina FFP2 negli spazi comuni\" class=\"wp-image-106941\" srcset=\"https:\/\/presse.tirol.at\/app\/uploads\/2021\/04\/Corona-Regeln-Tirol-Sommer_Ma\u0308rz21_c-Philipp-Reiter-36-1024x683.jpg 1024w, https:\/\/presse.tirol.at\/app\/uploads\/2021\/04\/Corona-Regeln-Tirol-Sommer_Ma\u0308rz21_c-Philipp-Reiter-36-300x200.jpg 300w, https:\/\/presse.tirol.at\/app\/uploads\/2021\/04\/Corona-Regeln-Tirol-Sommer_Ma\u0308rz21_c-Philipp-Reiter-36-768x512.jpg 768w, https:\/\/presse.tirol.at\/app\/uploads\/2021\/04\/Corona-Regeln-Tirol-Sommer_Ma\u0308rz21_c-Philipp-Reiter-36-1536x1024.jpg 1536w, https:\/\/presse.tirol.at\/app\/uploads\/2021\/04\/Corona-Regeln-Tirol-Sommer_Ma\u0308rz21_c-Philipp-Reiter-36-2048x1365.jpg 2048w\" sizes=\"auto, (max-width: 1024px) 100vw, 1024px\" \/><figcaption>In albergo obbligo di indossare la mascherina FFP2 negli spazi comuni &copy; www.philipp-reiter.de<\/figcaption><\/figure>\n\n\n\n<p>I turisti che vorranno venire in Tirolo e viaggiare attraverso l\u2019Austria a partire <strong>dal 19 maggio 2021<\/strong> dovranno presentare alle frontiere un certificato di vaccinazione o di avvenuta guarigione da Covid-19 o un test Covid-19 negativo. La quarantena obbligatoria di 10 giorni dopo l&#8217;ingresso in Austria (con la prima possibilit\u00e0 di eseguire un test gratuito dopo il 5\u00b0 giorno) resta ancora valida solo nelle aree con un\u2019alta incidenza di contagi e\/o in presenza di varianti del virus. Per il rientro dal Tirolo, invece, bisogna attenersi alle regole in vigore dell\u2019Italia.<\/p>\n\n\n\n<h2 class=\"wp-block-heading\">Nuove regole in vigore dal 19 maggio in Tirolo<\/h2>\n\n\n\n<p><strong>Al ristorante, in hotel, nei musei e nei luoghi di cultura e tempo libero<\/strong><\/p>\n\n\n\n<ul class=\"wp-block-list\"><li>La maschera FFP2 deve essere sempre indossata tranne quando si \u00e8 seduti al tavolo.<\/li><li>All&#8217;ingresso \u00e8 necessario sostenere un test oppure presentare un test negativo valido, un certificato di vaccinazione o la conferma di avvenuta guarigione dalla malattia.<\/li><li>Gli ospiti devono registrarsi con i loro nomi e recapiti per il tracciamento.<\/li><li>Al coperto si accolgono gruppi di massimo 4 adulti (+ bambini al seguito), all\u2019aperto un massimo di 10.<\/li><li>Deve essere mantenuta una distanza minima di 2 metri tra i diversi gruppi di persone al di fuori dei posti assegnati. In alternativa, si pu\u00f2 ricorrere a misure strutturali.<\/li><li>Il coprifuoco \u00e8 alle 22:00.<\/li><li>Nelle strutture termali o sale fitness degli hotel per ogni visitatore deve essere garantito uno spazio di 20 m\u00b2.<\/li><\/ul>\n\n\n\n<p><strong>Gli eventi sono consentiti<\/strong> all&#8217;aperto in posti assegnati fino a un massimo di 3.000 persone e al chiuso fino a un massimo di 1.500 persone. \u00c8 prevista una limitazione della capacit\u00e0 del 50% per le location che non possono prevedere una massimizzazione della loro capienza.<\/p>\n\n\n\n<p><strong>Accogliamo con favore i primi passi di apertura<\/strong> secondo le rigorose misure di sicurezza. La nostra priorit\u00e0 \u00e8 quella di rivedervi in Tirolo, presto e soprattutto in buona salute!<\/p>\n\n\n\n<p>Maggiori dettagli sulle nuove norme in vigore dal 19 maggio 2021 a questo <a href=\"https:\/\/eur02.safelinks.protection.outlook.com\/?url=https%3A%2F%2Fwww.pr-partner.it%2F%3Fnltr%3DNzIzOzU1O2ZpbGU6Ly8vQzovVXNlcnMvVVNFUi9BcHBEYXRhL0xvY2FsL1RlbXAvU2FmdGV5LU1lYXN1cmVzX01heV8xOV8yMDIxLTEucGRmOzswZWYwMDgzZWU1NDMyNzk5MTQxMzZmNzBmMDQ1MWMyYQ%253D%253D&amp;data=04%7C01%7CMartina.Nairz%40tirolwerbung.at%7C975daf32d1204292e97408d90af25626%7Cbf45a60ddc48417e9b2fdebcc153d643%7C0%7C0%7C637552858213670377%7CUnknown%7CTWFpbGZsb3d8eyJWIjoiMC4wLjAwMDAiLCJQIjoiV2luMzIiLCJBTiI6Ik1haWwiLCJXVCI6Mn0%3D%7C1000&amp;sdata=hMBUoNNizJ%2BnjEiO1prcP53kmeVYqp3IK2K%2F6ACt%2FDg%3D&amp;reserved=0\">link<\/a> (in inglese). Su <a href=\"https:\/\/eur02.safelinks.protection.outlook.com\/?url=http%3A%2F%2Fwww.welcome.tirol%2F&amp;data=04%7C01%7CMartina.Nairz%40tirolwerbung.at%7C975daf32d1204292e97408d90af25626%7Cbf45a60ddc48417e9b2fdebcc153d643%7C0%7C0%7C637552858213680335%7CUnknown%7CTWFpbGZsb3d8eyJWIjoiMC4wLjAwMDAiLCJQIjoiV2luMzIiLCJBTiI6Ik1haWwiLCJXVCI6Mn0%3D%7C1000&amp;sdata=%2FkOEwevngz871qr9u2r9AUit2e5Njp8i1O6Bt%2BI1RZQ%3D&amp;reserved=0\">www.welcome.tirol<\/a> trovate inoltre tutte le informazioni aggiornate sulla situazione Covid-19, sulle misure per viaggiare in Tirolo e le disposizioni di sicurezza.<\/p>\n\n\n\n<figure class=\"wp-block-image size-large\"><img loading=\"lazy\" decoding=\"async\" width=\"1024\" height=\"683\" src=\"https:\/\/presse.tirol.at\/app\/uploads\/2021\/04\/Corona-Regeln-Tirol-Sommer_Ma\u0308rz21_c-Philipp-Reiter-79-1024x683.jpg\" alt=\"\" class=\"wp-image-106955\" srcset=\"https:\/\/presse.tirol.at\/app\/uploads\/2021\/04\/Corona-Regeln-Tirol-Sommer_Ma\u0308rz21_c-Philipp-Reiter-79-1024x683.jpg 1024w, https:\/\/presse.tirol.at\/app\/uploads\/2021\/04\/Corona-Regeln-Tirol-Sommer_Ma\u0308rz21_c-Philipp-Reiter-79-300x200.jpg 300w, https:\/\/presse.tirol.at\/app\/uploads\/2021\/04\/Corona-Regeln-Tirol-Sommer_Ma\u0308rz21_c-Philipp-Reiter-79-768x512.jpg 768w, https:\/\/presse.tirol.at\/app\/uploads\/2021\/04\/Corona-Regeln-Tirol-Sommer_Ma\u0308rz21_c-Philipp-Reiter-79-1536x1024.jpg 1536w, https:\/\/presse.tirol.at\/app\/uploads\/2021\/04\/Corona-Regeln-Tirol-Sommer_Ma\u0308rz21_c-Philipp-Reiter-79-2048x1365.jpg 2048w\" sizes=\"auto, (max-width: 1024px) 100vw, 1024px\" \/><figcaption>Al ristorante nelle sale al coperto gruppi distanziati tra loro di almeno due metri &copy; www.philipp-reiter.de<\/figcaption><\/figure>\n\n\n\n<figure class=\"wp-block-image size-large\"><img loading=\"lazy\" decoding=\"async\" width=\"1024\" height=\"683\" src=\"https:\/\/presse.tirol.at\/app\/uploads\/2021\/04\/Corona-Regeln-Tirol-Sommer_Ma\u0308rz21_c-Philipp-Reiter-135-1024x683.jpg\" alt=\"\" class=\"wp-image-106962\" srcset=\"https:\/\/presse.tirol.at\/app\/uploads\/2021\/04\/Corona-Regeln-Tirol-Sommer_Ma\u0308rz21_c-Philipp-Reiter-135-1024x683.jpg 1024w, https:\/\/presse.tirol.at\/app\/uploads\/2021\/04\/Corona-Regeln-Tirol-Sommer_Ma\u0308rz21_c-Philipp-Reiter-135-300x200.jpg 300w, https:\/\/presse.tirol.at\/app\/uploads\/2021\/04\/Corona-Regeln-Tirol-Sommer_Ma\u0308rz21_c-Philipp-Reiter-135-768x512.jpg 768w, https:\/\/presse.tirol.at\/app\/uploads\/2021\/04\/Corona-Regeln-Tirol-Sommer_Ma\u0308rz21_c-Philipp-Reiter-135-1536x1024.jpg 1536w, https:\/\/presse.tirol.at\/app\/uploads\/2021\/04\/Corona-Regeln-Tirol-Sommer_Ma\u0308rz21_c-Philipp-Reiter-135-2048x1365.jpg 2048w\" sizes=\"auto, (max-width: 1024px) 100vw, 1024px\" \/><figcaption>Utilizzare la mascherina FFP2 sui mezzi pubblici &copy; www.philipp-reiter.de<\/figcaption><\/figure>\n","protected":false},"excerpt":{"rendered":"<p>Riapertura per albergatori, ristoratori, attivit\u00e0 del tempo libero, strutture culturali ed eventi il 19 maggio 2021!<\/p>\n","protected":false},"author":17,"featured_media":106941,"comment_status":"closed","ping_status":"closed","sticky":false,"template":"","format":"standard","meta":{"_acf_changed":false,"footnotes":""},"categories":[11],"region":[109],"coauthors":[292],"class_list":["post-106940","post","type-post","status-publish","format-standard","has-post-thumbnail","hentry","category-non-categorizzato","region-tirol-werbung"],"acf":[],"yoast_head":"<!-- This site is optimized with the Yoast SEO plugin v25.1 - https:\/\/yoast.com\/wordpress\/plugins\/seo\/ -->\n<title>Verso l&#039;estate 2021 in Tirolo: le prime aperture dal 19 maggio - Presse.Tirol<\/title>\n<meta name=\"description\" content=\"Riapertura per albergatori, ristoratori, attivit\u00e0 del tempo libero, strutture culturali ed eventi il 19 maggio 2021!\" \/>\n<meta name=\"robots\" content=\"index, follow, max-snippet:-1, max-image-preview:large, max-video-preview:-1\" \/>\n<link rel=\"canonical\" href=\"https:\/\/presse.tirol.at\/it\/verso-lestate-2021-in-tirolo-le-prime-aperture-dal-19-maggio\/106940\/\" \/>\n<meta property=\"og:locale\" content=\"it_IT\" \/>\n<meta property=\"og:type\" content=\"article\" \/>\n<meta property=\"og:title\" content=\"Verso l&#039;estate 2021 in Tirolo: le prime aperture dal 19 maggio - Presse.Tirol\" \/>\n<meta property=\"og:description\" content=\"Riapertura per albergatori, ristoratori, attivit\u00e0 del tempo libero, strutture culturali ed eventi il 19 maggio 2021!\" \/>\n<meta property=\"og:url\" content=\"https:\/\/presse.tirol.at\/it\/verso-lestate-2021-in-tirolo-le-prime-aperture-dal-19-maggio\/106940\/\" \/>\n<meta property=\"og:site_name\" content=\"Presse.Tirol\" \/>\n<meta property=\"article:published_time\" content=\"2021-04-29T10:17:56+00:00\" \/>\n<meta property=\"article:modified_time\" content=\"2022-01-27T10:07:11+00:00\" \/>\n<meta property=\"og:image\" content=\"https:\/\/presse.tirol.at\/app\/uploads\/2021\/04\/Corona-Regeln-Tirol-Sommer_Ma\u0308rz21_c-Philipp-Reiter-36-scaled.jpg\" \/>\n\t<meta property=\"og:image:width\" content=\"2560\" \/>\n\t<meta property=\"og:image:height\" content=\"1707\" \/>\n\t<meta property=\"og:image:type\" content=\"image\/jpeg\" \/>\n<meta name=\"author\" content=\"Martina Nairz\" \/>\n<meta name=\"twitter:card\" content=\"summary_large_image\" \/>\n<meta name=\"twitter:label1\" content=\"Scritto da\" \/>\n\t<meta name=\"twitter:data1\" content=\"Martina Nairz\" \/>\n\t<meta name=\"twitter:label2\" content=\"Tempo di lettura stimato\" \/>\n\t<meta name=\"twitter:data2\" content=\"2 minutes\" \/>\n\t<meta name=\"twitter:label3\" content=\"Written by\" \/>\n\t<meta name=\"twitter:data3\" content=\"Martina Nairz\" \/>\n<script type=\"application\/ld+json\" class=\"yoast-schema-graph\">{\"@context\":\"https:\/\/schema.org\",\"@graph\":[{\"@type\":\"WebPage\",\"@id\":\"https:\/\/presse.tirol.at\/it\/verso-lestate-2021-in-tirolo-le-prime-aperture-dal-19-maggio\/106940\/\",\"url\":\"https:\/\/presse.tirol.at\/it\/verso-lestate-2021-in-tirolo-le-prime-aperture-dal-19-maggio\/106940\/\",\"name\":\"Verso l'estate 2021 in Tirolo: le prime aperture dal 19 maggio - Presse.Tirol\",\"isPartOf\":{\"@id\":\"https:\/\/presse.tirol.at\/it\/#website\"},\"primaryImageOfPage\":{\"@id\":\"https:\/\/presse.tirol.at\/it\/verso-lestate-2021-in-tirolo-le-prime-aperture-dal-19-maggio\/106940\/#primaryimage\"},\"image\":{\"@id\":\"https:\/\/presse.tirol.at\/it\/verso-lestate-2021-in-tirolo-le-prime-aperture-dal-19-maggio\/106940\/#primaryimage\"},\"thumbnailUrl\":\"https:\/\/presse.tirol.at\/app\/uploads\/2021\/04\/Corona-Regeln-Tirol-Sommer_Ma\u0308rz21_c-Philipp-Reiter-36-scaled.jpg\",\"datePublished\":\"2021-04-29T10:17:56+00:00\",\"dateModified\":\"2022-01-27T10:07:11+00:00\",\"author\":{\"@id\":\"https:\/\/presse.tirol.at\/it\/#\/schema\/person\/7a01d43ecdf024eeb61ea2a3d4edcdc3\"},\"description\":\"Riapertura per albergatori, ristoratori, attivit\u00e0 del tempo libero, strutture culturali ed eventi il 19 maggio 2021!\",\"inLanguage\":\"it-IT\",\"potentialAction\":[{\"@type\":\"ReadAction\",\"target\":[\"https:\/\/presse.tirol.at\/it\/verso-lestate-2021-in-tirolo-le-prime-aperture-dal-19-maggio\/106940\/\"]}]},{\"@type\":\"ImageObject\",\"inLanguage\":\"it-IT\",\"@id\":\"https:\/\/presse.tirol.at\/it\/verso-lestate-2021-in-tirolo-le-prime-aperture-dal-19-maggio\/106940\/#primaryimage\",\"url\":\"https:\/\/presse.tirol.at\/app\/uploads\/2021\/04\/Corona-Regeln-Tirol-Sommer_Ma\u0308rz21_c-Philipp-Reiter-36-scaled.jpg\",\"contentUrl\":\"https:\/\/presse.tirol.at\/app\/uploads\/2021\/04\/Corona-Regeln-Tirol-Sommer_Ma\u0308rz21_c-Philipp-Reiter-36-scaled.jpg\",\"width\":2560,\"height\":1707,\"caption\":\"In albergo obbligo di indossare la mascherina FFP2 negli spazi comuni\"},{\"@type\":\"WebSite\",\"@id\":\"https:\/\/presse.tirol.at\/it\/#website\",\"url\":\"https:\/\/presse.tirol.at\/it\/\",\"name\":\"Presse.Tirol\",\"description\":\"Regionale Presseplattform der Tirol Werbung und den Tiroler Tourismusverb\u00e4nden\",\"potentialAction\":[{\"@type\":\"SearchAction\",\"target\":{\"@type\":\"EntryPoint\",\"urlTemplate\":\"https:\/\/presse.tirol.at\/it\/?s={search_term_string}\"},\"query-input\":{\"@type\":\"PropertyValueSpecification\",\"valueRequired\":true,\"valueName\":\"search_term_string\"}}],\"inLanguage\":\"it-IT\"},{\"@type\":\"Person\",\"@id\":\"https:\/\/presse.tirol.at\/it\/#\/schema\/person\/7a01d43ecdf024eeb61ea2a3d4edcdc3\",\"name\":\"Martina Nairz\",\"image\":{\"@type\":\"ImageObject\",\"inLanguage\":\"it-IT\",\"@id\":\"https:\/\/presse.tirol.at\/it\/#\/schema\/person\/image\/b47273d486f1e6665f0c420330a009a6\",\"url\":\"https:\/\/secure.gravatar.com\/avatar\/b665805ca9d0b765eb68d4309bc5cbc59f9f79685c7853e60e3f0e084b24276d?s=96&d=mm&r=g\",\"contentUrl\":\"https:\/\/secure.gravatar.com\/avatar\/b665805ca9d0b765eb68d4309bc5cbc59f9f79685c7853e60e3f0e084b24276d?s=96&d=mm&r=g\",\"caption\":\"Martina Nairz\"}}]}<\/script>\n<!-- \/ Yoast SEO plugin. -->","yoast_head_json":{"title":"Verso l'estate 2021 in Tirolo: le prime aperture dal 19 maggio - Presse.Tirol","description":"Riapertura per albergatori, ristoratori, attivit\u00e0 del tempo libero, strutture culturali ed eventi il 19 maggio 2021!","robots":{"index":"index","follow":"follow","max-snippet":"max-snippet:-1","max-image-preview":"max-image-preview:large","max-video-preview":"max-video-preview:-1"},"canonical":"https:\/\/presse.tirol.at\/it\/verso-lestate-2021-in-tirolo-le-prime-aperture-dal-19-maggio\/106940\/","og_locale":"it_IT","og_type":"article","og_title":"Verso l'estate 2021 in Tirolo: le prime aperture dal 19 maggio - Presse.Tirol","og_description":"Riapertura per albergatori, ristoratori, attivit\u00e0 del tempo libero, strutture culturali ed eventi il 19 maggio 2021!","og_url":"https:\/\/presse.tirol.at\/it\/verso-lestate-2021-in-tirolo-le-prime-aperture-dal-19-maggio\/106940\/","og_site_name":"Presse.Tirol","article_published_time":"2021-04-29T10:17:56+00:00","article_modified_time":"2022-01-27T10:07:11+00:00","og_image":[{"width":2560,"height":1707,"url":"https:\/\/presse.tirol.at\/app\/uploads\/2021\/04\/Corona-Regeln-Tirol-Sommer_Ma\u0308rz21_c-Philipp-Reiter-36-scaled.jpg","type":"image\/jpeg"}],"author":"Martina Nairz","twitter_card":"summary_large_image","twitter_misc":{"Scritto da":"Martina Nairz","Tempo di lettura stimato":"2 minutes","Written by":"Martina Nairz"},"schema":{"@context":"https:\/\/schema.org","@graph":[{"@type":"WebPage","@id":"https:\/\/presse.tirol.at\/it\/verso-lestate-2021-in-tirolo-le-prime-aperture-dal-19-maggio\/106940\/","url":"https:\/\/presse.tirol.at\/it\/verso-lestate-2021-in-tirolo-le-prime-aperture-dal-19-maggio\/106940\/","name":"Verso l'estate 2021 in Tirolo: le prime aperture dal 19 maggio - Presse.Tirol","isPartOf":{"@id":"https:\/\/presse.tirol.at\/it\/#website"},"primaryImageOfPage":{"@id":"https:\/\/presse.tirol.at\/it\/verso-lestate-2021-in-tirolo-le-prime-aperture-dal-19-maggio\/106940\/#primaryimage"},"image":{"@id":"https:\/\/presse.tirol.at\/it\/verso-lestate-2021-in-tirolo-le-prime-aperture-dal-19-maggio\/106940\/#primaryimage"},"thumbnailUrl":"https:\/\/presse.tirol.at\/app\/uploads\/2021\/04\/Corona-Regeln-Tirol-Sommer_Ma\u0308rz21_c-Philipp-Reiter-36-scaled.jpg","datePublished":"2021-04-29T10:17:56+00:00","dateModified":"2022-01-27T10:07:11+00:00","author":{"@id":"https:\/\/presse.tirol.at\/it\/#\/schema\/person\/7a01d43ecdf024eeb61ea2a3d4edcdc3"},"description":"Riapertura per albergatori, ristoratori, attivit\u00e0 del tempo libero, strutture culturali ed eventi il 19 maggio 2021!","inLanguage":"it-IT","potentialAction":[{"@type":"ReadAction","target":["https:\/\/presse.tirol.at\/it\/verso-lestate-2021-in-tirolo-le-prime-aperture-dal-19-maggio\/106940\/"]}]},{"@type":"ImageObject","inLanguage":"it-IT","@id":"https:\/\/presse.tirol.at\/it\/verso-lestate-2021-in-tirolo-le-prime-aperture-dal-19-maggio\/106940\/#primaryimage","url":"https:\/\/presse.tirol.at\/app\/uploads\/2021\/04\/Corona-Regeln-Tirol-Sommer_Ma\u0308rz21_c-Philipp-Reiter-36-scaled.jpg","contentUrl":"https:\/\/presse.tirol.at\/app\/uploads\/2021\/04\/Corona-Regeln-Tirol-Sommer_Ma\u0308rz21_c-Philipp-Reiter-36-scaled.jpg","width":2560,"height":1707,"caption":"In albergo obbligo di indossare la mascherina FFP2 negli spazi comuni"},{"@type":"WebSite","@id":"https:\/\/presse.tirol.at\/it\/#website","url":"https:\/\/presse.tirol.at\/it\/","name":"Presse.Tirol","description":"Regionale Presseplattform der Tirol Werbung und den Tiroler Tourismusverb\u00e4nden","potentialAction":[{"@type":"SearchAction","target":{"@type":"EntryPoint","urlTemplate":"https:\/\/presse.tirol.at\/it\/?s={search_term_string}"},"query-input":{"@type":"PropertyValueSpecification","valueRequired":true,"valueName":"search_term_string"}}],"inLanguage":"it-IT"},{"@type":"Person","@id":"https:\/\/presse.tirol.at\/it\/#\/schema\/person\/7a01d43ecdf024eeb61ea2a3d4edcdc3","name":"Martina Nairz","image":{"@type":"ImageObject","inLanguage":"it-IT","@id":"https:\/\/presse.tirol.at\/it\/#\/schema\/person\/image\/b47273d486f1e6665f0c420330a009a6","url":"https:\/\/secure.gravatar.com\/avatar\/b665805ca9d0b765eb68d4309bc5cbc59f9f79685c7853e60e3f0e084b24276d?s=96&d=mm&r=g","contentUrl":"https:\/\/secure.gravatar.com\/avatar\/b665805ca9d0b765eb68d4309bc5cbc59f9f79685c7853e60e3f0e084b24276d?s=96&d=mm&r=g","caption":"Martina Nairz"}}]}},"publishpress_future_workflow_manual_trigger":{"enabledWorkflows":[]},"_links":{"self":[{"href":"https:\/\/presse.tirol.at\/it\/wp-json\/wp\/v2\/posts\/106940","targetHints":{"allow":["GET"]}}],"collection":[{"href":"https:\/\/presse.tirol.at\/it\/wp-json\/wp\/v2\/posts"}],"about":[{"href":"https:\/\/presse.tirol.at\/it\/wp-json\/wp\/v2\/types\/post"}],"author":[{"embeddable":true,"href":"https:\/\/presse.tirol.at\/it\/wp-json\/wp\/v2\/users\/17"}],"replies":[{"embeddable":true,"href":"https:\/\/presse.tirol.at\/it\/wp-json\/wp\/v2\/comments?post=106940"}],"version-history":[{"count":0,"href":"https:\/\/presse.tirol.at\/it\/wp-json\/wp\/v2\/posts\/106940\/revisions"}],"wp:featuredmedia":[{"embeddable":true,"href":"https:\/\/presse.tirol.at\/it\/wp-json\/wp\/v2\/media\/106941"}],"wp:attachment":[{"href":"https:\/\/presse.tirol.at\/it\/wp-json\/wp\/v2\/media?parent=106940"}],"wp:term":[{"taxonomy":"category","embeddable":true,"href":"https:\/\/presse.tirol.at\/it\/wp-json\/wp\/v2\/categories?post=106940"},{"taxonomy":"region","embeddable":true,"href":"https:\/\/presse.tirol.at\/it\/wp-json\/wp\/v2\/region?post=106940"},{"taxonomy":"author","embeddable":true,"href":"https:\/\/presse.tirol.at\/it\/wp-json\/wp\/v2\/coauthors?post=106940"}],"curies":[{"name":"wp","href":"https:\/\/api.w.org\/{rel}","templated":true}]}}