{"id":112379,"date":"2021-06-10T11:34:00","date_gmt":"2021-06-10T09:34:00","guid":{"rendered":"https:\/\/presse.tirol.at\/pr1263723-tirol-ist-radland-nummer-eins-der-alpen\/112379\/"},"modified":"2024-10-24T16:26:51","modified_gmt":"2024-10-24T14:26:51","slug":"pr1263723-tirolo-piu-spettacolari-gare-di-ciclismo-2021","status":"publish","type":"post","link":"https:\/\/presse.tirol.at\/it\/pr1263723-tirolo-piu-spettacolari-gare-di-ciclismo-2021\/112379\/","title":{"rendered":"Tirolo, le pi\u00f9 spettacolari gare di ciclismo dell\u2019estate 2021"},"content":{"rendered":"\n<p class=\"intro\">Il calendario delle gare ciclistiche previste in Tirolo per questa estate fa gi\u00e0 mancare il fiato ai ciclisti! Esultano anche i fan del freeride-biking perch\u00e9 Innsbruck ospiter\u00e0 anche quest\u2019anno il Crankworx, il pi\u00f9 grande Gravity-Mountainbike-Festival, dal 16 al 20 giugno 2021.<\/p>\n\n\n\n<h2 class=\"wp-block-heading\">In Tirolo sulla scia dei grandi eventi<\/h2>\n\n\n\n<p><strong>\u00d6tztaler Radmarathon, 29 agosto 2021<\/strong>. Si tratta della gara pi\u00f9 temuta delle Alpi: il percorso di 238 chilometri porta da S\u00f6lden attraverso 4 passi alpini (K\u00fchtai, Brennero, Giove e Rombo) verso l\u2019Alto Adige e rientra in Tirolo. Sono 5.500 i metri di dislivello da superare. I pi\u00f9 veloci raggiungono il traguardo dopo circa 7 ore di corsa.<a href=\"https:\/\/eur02.safelinks.protection.outlook.com\/?url=https%3A%2F%2Fwww.pr-partner.it%2F%3Fnltr%3DNzM2OzU1O2h0dHBzOi8vd3d3Lm9ldHp0YWxlci1yYWRtYXJhdGhvbi5jb20vaXQvaG9tZS5odG1sOztkMmVkMTRlNDcxOWI3ZWZmODM2NGJkYmI4ZDFjYTAxMg%253D%253D&amp;data=04%7C01%7CMartina.Nairz%40tirolwerbung.at%7C523e471734414638c18e08d91c3fec74%7Cbf45a60ddc48417e9b2fdebcc153d643%7C0%7C0%7C637571883138615907%7CUnknown%7CTWFpbGZsb3d8eyJWIjoiMC4wLjAwMDAiLCJQIjoiV2luMzIiLCJBTiI6Ik1haWwiLCJXVCI6Mn0%3D%7C1000&amp;sdata=u%2FfQZ6cSxaUjbtRUVRoiCsMoVcaSUB%2BgxnmGFFLgoHc%3D&amp;reserved=0\"> https:\/\/www.oetztaler-radmarathon.com\/&nbsp;<\/a><\/p>\n\n\n\n<p><strong>KitzAlpBike Festival, 26 giugno &#8211; 3 luglio nella valle Brixental<\/strong>. Questa famosa maratona mountain bike offre tre percorsi a scelta per dilettanti e professionisti: il MEDIO da 37 chilometri e 1700 metri di dislivello, il MEDIO PLUS da 73 chilometri e 3.100 metri di dislivello e l\u2019EXTREME che \u00e8 il pi\u00f9 lungo con 82 chilometri distribuiti su 3.600 metri di altitudine. Per info <a href=\"https:\/\/eur02.safelinks.protection.outlook.com\/?url=https%3A%2F%2Fwww.pr-partner.it%2F%3Fnltr%3DNzM2OzU1O2h0dHBzOi8vd3d3LmtpdHphbHBiaWtlLmF0L2VuLzs7MTBmOGJiYzYzNzNjNzk2NjdiYmI3ZjY2M2RkNTg1ZmE%253D&amp;data=04%7C01%7CMartina.Nairz%40tirolwerbung.at%7C523e471734414638c18e08d91c3fec74%7Cbf45a60ddc48417e9b2fdebcc153d643%7C0%7C0%7C637571883138615907%7CUnknown%7CTWFpbGZsb3d8eyJWIjoiMC4wLjAwMDAiLCJQIjoiV2luMzIiLCJBTiI6Ik1haWwiLCJXVCI6Mn0%3D%7C1000&amp;sdata=tLrmBGx0zaNsdlIgtROudyLGFTgTYXLMPQIiugB0h0Y%3D&amp;reserved=0\">https:\/\/www.kitzalpbike.at\/en\/&nbsp;<\/a><\/p>\n\n\n\n<p><strong>Arlberg Giro, 01 agosto 2021 a St. Anton am Arlberg<\/strong>. Da culla dello sci alpino d\u2019inverno a eldorado di grandi tour e gare ciclistiche. La sfida pi\u00f9 attesa dell\u2019estate \u00e8 il percorso ad anello di 150 chilometri e 2.500 metri di dislivello che da St. Anton segue la rotta per Arlbergpass, Bludenz, Montafon, Silvretta, Paznauntal e rientra a St. Anton. <a href=\"https:\/\/eur02.safelinks.protection.outlook.com\/?url=https%3A%2F%2Fwww.pr-partner.it%2F%3Fnltr%3DNzM2OzU1O2h0dHBzOi8vYXJsYmVyZy1naXJvLmNvbS9pdC9ob21lOzs1YzdmYjNhZjVlY2U3NThhMmZiODM1NDZkNDkxODZhMw%253D%253D&amp;data=04%7C01%7CMartina.Nairz%40tirolwerbung.at%7C523e471734414638c18e08d91c3fec74%7Cbf45a60ddc48417e9b2fdebcc153d643%7C0%7C0%7C637571883138615907%7CUnknown%7CTWFpbGZsb3d8eyJWIjoiMC4wLjAwMDAiLCJQIjoiV2luMzIiLCJBTiI6Ik1haWwiLCJXVCI6Mn0%3D%7C1000&amp;sdata=AWv1b9XyHnjSSiC5LdcPKHWqWD0uANiWXz74iClGc5w%3D&amp;reserved=0\">https:\/\/arlberg-giro.com\/it\/home&nbsp;<\/a><\/p>\n\n\n\n<p><strong>Kitzb\u00fcheler Radmarathon, 11 luglio 2021<\/strong>. Con 216 chilometri e 4.600 metri di dislivello, &#8220;il Kitzb\u00fcheler&#8221; \u00e8 la sfida pi\u00f9 amata per il suo &#8220;gran finale&#8221;: il Kitzb\u00fcheler Horn! <a href=\"https:\/\/eur02.safelinks.protection.outlook.com\/?url=https%3A%2F%2Fwww.pr-partner.it%2F%3Fnltr%3DNzM2OzU1O2h0dHBzOi8vd3d3LmtpdHpidWVoZWxlci1yYWRtYXJhdGhvbi5hdC8%252FbGFuZz1lbjs7ZWIyNWFjZjdkOTY1MTI1MTFmNjZjMjE1YTc4NjVkYzU%253D&amp;data=04%7C01%7CMartina.Nairz%40tirolwerbung.at%7C523e471734414638c18e08d91c3fec74%7Cbf45a60ddc48417e9b2fdebcc153d643%7C0%7C0%7C637571883138625868%7CUnknown%7CTWFpbGZsb3d8eyJWIjoiMC4wLjAwMDAiLCJQIjoiV2luMzIiLCJBTiI6Ik1haWwiLCJXVCI6Mn0%3D%7C1000&amp;sdata=SQncSPVpw36VzU50B6BRSIJWbBV5u%2BqGBeeG8a0ncbE%3D&amp;reserved=0\">https:\/\/www.kitzbueheler-radmarathon.at\/?lang=en&nbsp;<\/a><\/p>\n\n\n\n<p><strong>Imster Radmarathon, 26 settembre 2021<\/strong>. Due percorsi da 110 e 90 chilometri, un tour panoramico da 70 chilometri per chi vuole prendersela pi\u00f9 comoda e per i bambini si terranno le gare dei 200 metri. Un\u2019ottima occasione per esplorare la regione di Imst. <a href=\"https:\/\/eur02.safelinks.protection.outlook.com\/?url=https%3A%2F%2Fwww.pr-partner.it%2F%3Fnltr%3DNzM2OzU1O2h0dHBzOi8vaXQucmFkc3BvcnRldmVudHMuY29tL2ltc3Rlci1yYWRtYXJhdGhvbjs7ZDk1YTc2MGJmNTQyMzIzOWQyMWZmMTAyMjdiNjdiYjg%253D&amp;data=04%7C01%7CMartina.Nairz%40tirolwerbung.at%7C523e471734414638c18e08d91c3fec74%7Cbf45a60ddc48417e9b2fdebcc153d643%7C0%7C0%7C637571883138625868%7CUnknown%7CTWFpbGZsb3d8eyJWIjoiMC4wLjAwMDAiLCJQIjoiV2luMzIiLCJBTiI6Ik1haWwiLCJXVCI6Mn0%3D%7C1000&amp;sdata=eRPI7Sgcdhq0HzJUqXzB8MKOe%2BDFXT%2F6J2l3bPudpBM%3D&amp;reserved=0\">https:\/\/it.radsportevents.com\/imster-radmarathon<\/a> Ma non \u00e8 tutto, perch\u00e9 quest&#8217;estate si svolgeranno <strong>altri numerosi altri eventi ciclistici in tutto il Tirolo<\/strong>, come la Kufsteinerland Radmarathon, il Dolomite Tour, il Kaunertaler Gletscherkaiser o il Dreil\u00e4ndergiro, il Radweltpokal a St. Johann e il Rad-Marathon-Tannheimer Tal. Pi\u00f9 info: <a href=\"https:\/\/eur02.safelinks.protection.outlook.com\/?url=https%3A%2F%2Fwww.pr-partner.it%2F%3Fnltr%3DNzM2OzU1O2h0dHBzOi8vd3d3LnRpcm9sby5jb20vYXR0aXZpdGEvZXZlbnRpOzthNzZlMzJhODk5NDIyMzIwOGIzNzRiNzhlYzYzODdiNw%253D%253D&amp;data=04%7C01%7CMartina.Nairz%40tirolwerbung.at%7C523e471734414638c18e08d91c3fec74%7Cbf45a60ddc48417e9b2fdebcc153d643%7C0%7C0%7C637571883138635817%7CUnknown%7CTWFpbGZsb3d8eyJWIjoiMC4wLjAwMDAiLCJQIjoiV2luMzIiLCJBTiI6Ik1haWwiLCJXVCI6Mn0%3D%7C1000&amp;sdata=3gARyb88dfB9G%2BYq%2Bv50g6E0CATsIcVd%2BEn%2F3DV%2BZYs%3D&amp;reserved=0\">www.tirolo.com\/eventi<\/a><\/p>\n\n\n\n<p><strong><strong>Crankworx, 16-20 giugno 2021 ad Innsbruck<\/strong><\/strong>: Nel 2021, Crankworx Innsbruck festeggia cinque anni come tappa pi\u00f9 urbana del Crankworx World Tour. Cinque anni passati a condividere con il mondo la magia delle montagne tirolesi e a ospitare momenti stimolanti di sport e spettacolo. Intorno a questo evento si \u00e8 rafforzata la comunit\u00e0 di mountain bike in crescita nelle discipline di discesa libera, slopestyle, di velocit\u00e0 e stile, gara di frusta e pump track. <a href=\"https:\/\/eur02.safelinks.protection.outlook.com\/?url=https%3A%2F%2Fwww.pr-partner.it%2F%3Fnltr%3DNzM2OzU1O2h0dHBzOi8vd3d3LmNyYW5rd29yeC5jb20vZmVzdGl2YWwvaW5uc2JydWNrLzs7ZjlhN2E3NDcyOTEyNTY5ZjMxYTVmN2YxNzY1YjBiZDk%253D&amp;data=04%7C01%7CMartina.Nairz%40tirolwerbung.at%7C523e471734414638c18e08d91c3fec74%7Cbf45a60ddc48417e9b2fdebcc153d643%7C0%7C0%7C637571883138645776%7CUnknown%7CTWFpbGZsb3d8eyJWIjoiMC4wLjAwMDAiLCJQIjoiV2luMzIiLCJBTiI6Ik1haWwiLCJXVCI6Mn0%3D%7C1000&amp;sdata=AB%2BA2qGdlwj%2B7jw9gqFz%2BG5AOZ4LpIkdO3T9Ycb8c0U%3D&amp;reserved=0\">https:\/\/www.crankworx.com\/innsbruck\/<\/a><\/p>\n\n\n\n<h2 class=\"wp-block-heading\"><strong>In Tirolo sui pedali, i migliori percorsi su strada, single trails, sentieri panoramici e civlovie<\/strong><\/h2>\n\n\n\n<p><strong>Dieci tour in bici da corsa di livello mondiale<\/strong><br>Il Tirolo austriaco offre anche fantastici percorsi per ciclisti da corsa amatoriali. I principianti in genere scelgono di restare a valle tra i numerosi tour per sviluppare sul piano la loro resistenza. I ciclisti ambiziosi vanno invece alla ricerca di strade di montagna impegnative e vengono premiati con viste paradisiache sulle montagne. Per loro ci sono i \u201c<a href=\"https:\/\/eur02.safelinks.protection.outlook.com\/?url=https%3A%2F%2Fwww.pr-partner.it%2F%3Fnltr%3DNzM2OzU1O2h0dHBzOi8vd3d3LnRpcm9sby5jb20vYXR0aXZpdGEvc3BvcnQvYmljaS1kYS1jb3JzYS9ncmVhdHJpZGVzOztjODBjMzQyNDM2YWM1NmMzZDMxOGI2OGI4ZDQyMDYxYw%253D%253D&amp;data=04%7C01%7CMartina.Nairz%40tirolwerbung.at%7C523e471734414638c18e08d91c3fec74%7Cbf45a60ddc48417e9b2fdebcc153d643%7C0%7C0%7C637571883138645776%7CUnknown%7CTWFpbGZsb3d8eyJWIjoiMC4wLjAwMDAiLCJQIjoiV2luMzIiLCJBTiI6Ik1haWwiLCJXVCI6Mn0%3D%7C1000&amp;sdata=E01N%2FqvDZMi7mhvexTK%2Bg%2BHsACiQ0JKZ%2BWIU8JuPPW0%3D&amp;reserved=0\">Great Rides<\/a>\u201d \u2013 i migliori dieci tour da fare in bici da corsa in Tirolo \u2013 che hanno tre cose in comune: molti metri verticali, panorami fantastici e discese veloci.<\/p>\n\n\n\n<p><strong><strong>I 5 migliori single trail del Tirolo&nbsp;<\/strong><\/strong><br>La mountain bike da discesa \u00e8 un ramo del ciclismo particolarmente in forte espansione nelle Alpi. Ogni anno in Tirolo vengono creati sempre pi\u00f9 single trail ufficialmente approvati. L\u2019Arzler Alm Trail, il Blindsee Trail, il Fleckalm Trail, il Leiterberg Trail e il Plamort Trail si sono addirittura guadagnati il titolo di \u201c<a href=\"https:\/\/eur02.safelinks.protection.outlook.com\/?url=https%3A%2F%2Fwww.pr-partner.it%2F%3Fnltr%3DNzM2OzU1O2h0dHBzOi8vd3d3LnRpcm9sby5jb20vYXR0aXZpdGEvc3BvcnQvbW91bnRhaW5iaWtlL2dyZWF0dHJhaWxzOzthOTcyOGFiMjhhNDQ5MDM0NDA1NzZhMDA3ZjRmMmJmMw%253D%253D&amp;data=04%7C01%7CMartina.Nairz%40tirolwerbung.at%7C523e471734414638c18e08d91c3fec74%7Cbf45a60ddc48417e9b2fdebcc153d643%7C0%7C0%7C637571883138655733%7CUnknown%7CTWFpbGZsb3d8eyJWIjoiMC4wLjAwMDAiLCJQIjoiV2luMzIiLCJBTiI6Ik1haWwiLCJXVCI6Mn0%3D%7C1000&amp;sdata=emkrqq8eFeAM2D4GSYE%2BMS1O8Gj8q4p9%2FlTcyXlE6Xg%3D&amp;reserved=0\">Great Trail<\/a>\u201d. Sono esempi di circa 115 single trail in Tirolo che fanno sognare ai motociclisti l\u2019avventura su sentieri stretti.<\/p>\n\n\n\n<p><strong>E-mountain bike<\/strong><br>Le e-mountain bike sono un\u2019alternativa entusiasmante alle mountain bike convenzionali, perch\u00e9 con una piccola porzione extra di energia \u00e8 possibile arrivare dove le vostre gambe non avrebbero mai pensato. Il mercato e la domanda di e-bike \u00e8 sempre in crescita, motivo per cui anche in Tirolo si sta ampliando l\u2019infrastruttura. Oggi si pu\u00f2 noleggiare una e-mountain bike in molti luoghi e aumenta il numero dei rifugi che mettono a disposizione il carica batterie. Le e-mountain bike offrono anche possibilit\u00e0 inimmaginabili per escursionisti e scalatori. Se la strada per la vetta \u00e8 troppo lontana o la salita troppo ripida, entra in gioco la mobilit\u00e0 elettrica: prima sali sulla bici e poi cammini verso la cima. Pi\u00f9 info: <a href=\"https:\/\/eur02.safelinks.protection.outlook.com\/?url=https%3A%2F%2Fwww.pr-partner.it%2F%3Fnltr%3DNzM2OzU1O2h0dHBzOi8vd3d3LnRpcm9sby5jb20vYXR0aXZpdGEvc3BvcnQvY2ljbG90dXJpc21vL2ViaWtlOztjMGVjMWVjNzg2ZGFlODU1N2U2NGRkNDQ3ZWJiMDBiOQ%253D%253D&amp;data=04%7C01%7CMartina.Nairz%40tirolwerbung.at%7C523e471734414638c18e08d91c3fec74%7Cbf45a60ddc48417e9b2fdebcc153d643%7C0%7C0%7C637571883138665687%7CUnknown%7CTWFpbGZsb3d8eyJWIjoiMC4wLjAwMDAiLCJQIjoiV2luMzIiLCJBTiI6Ik1haWwiLCJXVCI6Mn0%3D%7C1000&amp;sdata=02mIGqyZ5AHiyHHHi4Hy76ST%2BUMcVFF1IXmOabEp7sc%3D&amp;reserved=0\">www.tirolo.com\/ebike<\/a><\/p>\n\n\n\n<p><strong><strong>Cicloturismo in Tirolo, percorsi adatti a tutti<\/strong><\/strong><br>I ciclisti e le famiglie che nel tempo libero amano avventurarsi sulle due ruote spesso preferiscono dover affrontare solo pochi metri verticali. Lungo i fiumi e le valli del Tirolo si trovano alcune delle pi\u00f9 belle piste ciclabili a lunga percorrenza delle Alpi, come le piste ciclabili della Drava o dell\u2019Inn. La Via Claudia Augusta con numerose taverne tirolesi proprio lungo il percorso \u00e8 considerato un must per i ciclisti che vogliono combinare alla pedalata i piaceri gastronomici. Le piste ciclabili tirolesi per ciclisti dalla pedalata leggera si estendono per un totale di circa 1.000 chilometri. Alloggi adatti ai ciclisti, stazioni di noleggio per e-bike, navette e servizi di riparazione completano l\u2019offerta specifica per il cicloturismo. Pi\u00f9 info: <a href=\"https:\/\/eur02.safelinks.protection.outlook.com\/?url=https%3A%2F%2Fwww.pr-partner.it%2F%3Fnltr%3DNzM2OzU1O2h0dHBzOi8vd3d3LnRpcm9sby5jb20vYXR0aXZpdGEvc3BvcnQvY2ljbG90dXJpc21vOzsxMmYxMDAyZDM3ODI3MGI4NTQ5NmFmMjgxMWNiYTYxYQ%253D%253D&amp;data=04%7C01%7CMartina.Nairz%40tirolwerbung.at%7C523e471734414638c18e08d91c3fec74%7Cbf45a60ddc48417e9b2fdebcc153d643%7C0%7C0%7C637571883138665687%7CUnknown%7CTWFpbGZsb3d8eyJWIjoiMC4wLjAwMDAiLCJQIjoiV2luMzIiLCJBTiI6Ik1haWwiLCJXVCI6Mn0%3D%7C1000&amp;sdata=ezKKKg7KBrNgC0L4dHZia2Hzofea3ZrjBdjavzwZl9w%3D&amp;reserved=0\">www.tirolo.com\/cicloturismo<\/a>.<\/p>\n\n\n\n<p><strong>Pi\u00f9 informazioni<\/strong><br>\u2022 per la bici da corsa: <a href=\"https:\/\/www.tirolo.com\/attivita\/sport\/bici-da-corsa\">www.tirolo.com\/bici-da-corsa<\/a><br>\u2022 per il mountain bike: <a href=\"https:\/\/www.tirolo.com\/attivita\/sport\/mountainbike\">www.tirolo.com\/mountainbike<\/a><br>\u2022 per il cicloturismo: <a rel=\"noopener noreferrer\" href=\"http:\/\/www.tirol.at\/radfahren\" target=\"_blank\">www.tirolo.com\/cicloturismo<\/a><\/p>\n","protected":false},"excerpt":{"rendered":"<p>Il calendario delle gare ciclistiche previste in Tirolo per questa estate fa gi\u00e0 mancare il fiato ai ciclisti!<\/p>\n","protected":false},"author":17,"featured_media":0,"comment_status":"closed","ping_status":"closed","sticky":false,"template":"","format":"standard","meta":{"_acf_changed":false,"footnotes":""},"categories":[11,1362],"region":[109],"coauthors":[292],"class_list":["post-112379","post","type-post","status-publish","format-standard","hentry","category-non-categorizzato","category-radfahren-it","region-tirol-werbung"],"acf":[],"yoast_head":"<!-- This site is optimized with the Yoast SEO plugin v25.1 - https:\/\/yoast.com\/wordpress\/plugins\/seo\/ -->\n<title>Tirolo, le pi\u00f9 spettacolari gare di ciclismo dell\u2019estate 2021 - Presse.Tirol<\/title>\n<meta name=\"description\" content=\"Il calendario delle gare ciclistiche previste in Tirolo per questa estate fa gi\u00e0 mancare il fiato ai ciclisti!\" \/>\n<meta name=\"robots\" content=\"index, follow, max-snippet:-1, max-image-preview:large, max-video-preview:-1\" \/>\n<link rel=\"canonical\" href=\"https:\/\/presse.tirol.at\/it\/pr1263723-tirolo-piu-spettacolari-gare-di-ciclismo-2021\/112379\/\" \/>\n<meta property=\"og:locale\" content=\"it_IT\" \/>\n<meta property=\"og:type\" content=\"article\" \/>\n<meta property=\"og:title\" content=\"Tirolo, le pi\u00f9 spettacolari gare di ciclismo dell\u2019estate 2021 - Presse.Tirol\" \/>\n<meta property=\"og:description\" content=\"Il calendario delle gare ciclistiche previste in Tirolo per questa estate fa gi\u00e0 mancare il fiato ai ciclisti!\" \/>\n<meta property=\"og:url\" content=\"https:\/\/presse.tirol.at\/it\/pr1263723-tirolo-piu-spettacolari-gare-di-ciclismo-2021\/112379\/\" \/>\n<meta property=\"og:site_name\" content=\"Presse.Tirol\" \/>\n<meta property=\"article:published_time\" content=\"2021-06-10T09:34:00+00:00\" \/>\n<meta property=\"article:modified_time\" content=\"2024-10-24T14:26:51+00:00\" \/>\n<meta name=\"author\" content=\"Martina Nairz\" \/>\n<meta name=\"twitter:card\" content=\"summary_large_image\" \/>\n<meta name=\"twitter:label1\" content=\"Scritto da\" \/>\n\t<meta name=\"twitter:data1\" content=\"Martina Nairz\" \/>\n\t<meta name=\"twitter:label2\" content=\"Tempo di lettura stimato\" \/>\n\t<meta name=\"twitter:data2\" content=\"5 minutes\" \/>\n\t<meta name=\"twitter:label3\" content=\"Written by\" \/>\n\t<meta name=\"twitter:data3\" content=\"Martina Nairz\" \/>\n<script type=\"application\/ld+json\" class=\"yoast-schema-graph\">{\"@context\":\"https:\/\/schema.org\",\"@graph\":[{\"@type\":\"WebPage\",\"@id\":\"https:\/\/presse.tirol.at\/it\/pr1263723-tirolo-piu-spettacolari-gare-di-ciclismo-2021\/112379\/\",\"url\":\"https:\/\/presse.tirol.at\/it\/pr1263723-tirolo-piu-spettacolari-gare-di-ciclismo-2021\/112379\/\",\"name\":\"Tirolo, le pi\u00f9 spettacolari gare di ciclismo dell\u2019estate 2021 - Presse.Tirol\",\"isPartOf\":{\"@id\":\"https:\/\/presse.tirol.at\/it\/#website\"},\"datePublished\":\"2021-06-10T09:34:00+00:00\",\"dateModified\":\"2024-10-24T14:26:51+00:00\",\"author\":{\"@id\":\"https:\/\/presse.tirol.at\/it\/#\/schema\/person\/7a01d43ecdf024eeb61ea2a3d4edcdc3\"},\"description\":\"Il calendario delle gare ciclistiche previste in Tirolo per questa estate fa gi\u00e0 mancare il fiato ai ciclisti!\",\"inLanguage\":\"it-IT\",\"potentialAction\":[{\"@type\":\"ReadAction\",\"target\":[\"https:\/\/presse.tirol.at\/it\/pr1263723-tirolo-piu-spettacolari-gare-di-ciclismo-2021\/112379\/\"]}]},{\"@type\":\"WebSite\",\"@id\":\"https:\/\/presse.tirol.at\/it\/#website\",\"url\":\"https:\/\/presse.tirol.at\/it\/\",\"name\":\"Presse.Tirol\",\"description\":\"Regionale Presseplattform der Tirol Werbung und den Tiroler Tourismusverb\u00e4nden\",\"potentialAction\":[{\"@type\":\"SearchAction\",\"target\":{\"@type\":\"EntryPoint\",\"urlTemplate\":\"https:\/\/presse.tirol.at\/it\/?s={search_term_string}\"},\"query-input\":{\"@type\":\"PropertyValueSpecification\",\"valueRequired\":true,\"valueName\":\"search_term_string\"}}],\"inLanguage\":\"it-IT\"},{\"@type\":\"Person\",\"@id\":\"https:\/\/presse.tirol.at\/it\/#\/schema\/person\/7a01d43ecdf024eeb61ea2a3d4edcdc3\",\"name\":\"Martina Nairz\",\"image\":{\"@type\":\"ImageObject\",\"inLanguage\":\"it-IT\",\"@id\":\"https:\/\/presse.tirol.at\/it\/#\/schema\/person\/image\/b47273d486f1e6665f0c420330a009a6\",\"url\":\"https:\/\/secure.gravatar.com\/avatar\/b665805ca9d0b765eb68d4309bc5cbc59f9f79685c7853e60e3f0e084b24276d?s=96&d=mm&r=g\",\"contentUrl\":\"https:\/\/secure.gravatar.com\/avatar\/b665805ca9d0b765eb68d4309bc5cbc59f9f79685c7853e60e3f0e084b24276d?s=96&d=mm&r=g\",\"caption\":\"Martina Nairz\"}}]}<\/script>\n<!-- \/ Yoast SEO plugin. -->","yoast_head_json":{"title":"Tirolo, le pi\u00f9 spettacolari gare di ciclismo dell\u2019estate 2021 - Presse.Tirol","description":"Il calendario delle gare ciclistiche previste in Tirolo per questa estate fa gi\u00e0 mancare il fiato ai ciclisti!","robots":{"index":"index","follow":"follow","max-snippet":"max-snippet:-1","max-image-preview":"max-image-preview:large","max-video-preview":"max-video-preview:-1"},"canonical":"https:\/\/presse.tirol.at\/it\/pr1263723-tirolo-piu-spettacolari-gare-di-ciclismo-2021\/112379\/","og_locale":"it_IT","og_type":"article","og_title":"Tirolo, le pi\u00f9 spettacolari gare di ciclismo dell\u2019estate 2021 - Presse.Tirol","og_description":"Il calendario delle gare ciclistiche previste in Tirolo per questa estate fa gi\u00e0 mancare il fiato ai ciclisti!","og_url":"https:\/\/presse.tirol.at\/it\/pr1263723-tirolo-piu-spettacolari-gare-di-ciclismo-2021\/112379\/","og_site_name":"Presse.Tirol","article_published_time":"2021-06-10T09:34:00+00:00","article_modified_time":"2024-10-24T14:26:51+00:00","author":"Martina Nairz","twitter_card":"summary_large_image","twitter_misc":{"Scritto da":"Martina Nairz","Tempo di lettura stimato":"5 minutes","Written by":"Martina Nairz"},"schema":{"@context":"https:\/\/schema.org","@graph":[{"@type":"WebPage","@id":"https:\/\/presse.tirol.at\/it\/pr1263723-tirolo-piu-spettacolari-gare-di-ciclismo-2021\/112379\/","url":"https:\/\/presse.tirol.at\/it\/pr1263723-tirolo-piu-spettacolari-gare-di-ciclismo-2021\/112379\/","name":"Tirolo, le pi\u00f9 spettacolari gare di ciclismo dell\u2019estate 2021 - Presse.Tirol","isPartOf":{"@id":"https:\/\/presse.tirol.at\/it\/#website"},"datePublished":"2021-06-10T09:34:00+00:00","dateModified":"2024-10-24T14:26:51+00:00","author":{"@id":"https:\/\/presse.tirol.at\/it\/#\/schema\/person\/7a01d43ecdf024eeb61ea2a3d4edcdc3"},"description":"Il calendario delle gare ciclistiche previste in Tirolo per questa estate fa gi\u00e0 mancare il fiato ai ciclisti!","inLanguage":"it-IT","potentialAction":[{"@type":"ReadAction","target":["https:\/\/presse.tirol.at\/it\/pr1263723-tirolo-piu-spettacolari-gare-di-ciclismo-2021\/112379\/"]}]},{"@type":"WebSite","@id":"https:\/\/presse.tirol.at\/it\/#website","url":"https:\/\/presse.tirol.at\/it\/","name":"Presse.Tirol","description":"Regionale Presseplattform der Tirol Werbung und den Tiroler Tourismusverb\u00e4nden","potentialAction":[{"@type":"SearchAction","target":{"@type":"EntryPoint","urlTemplate":"https:\/\/presse.tirol.at\/it\/?s={search_term_string}"},"query-input":{"@type":"PropertyValueSpecification","valueRequired":true,"valueName":"search_term_string"}}],"inLanguage":"it-IT"},{"@type":"Person","@id":"https:\/\/presse.tirol.at\/it\/#\/schema\/person\/7a01d43ecdf024eeb61ea2a3d4edcdc3","name":"Martina Nairz","image":{"@type":"ImageObject","inLanguage":"it-IT","@id":"https:\/\/presse.tirol.at\/it\/#\/schema\/person\/image\/b47273d486f1e6665f0c420330a009a6","url":"https:\/\/secure.gravatar.com\/avatar\/b665805ca9d0b765eb68d4309bc5cbc59f9f79685c7853e60e3f0e084b24276d?s=96&d=mm&r=g","contentUrl":"https:\/\/secure.gravatar.com\/avatar\/b665805ca9d0b765eb68d4309bc5cbc59f9f79685c7853e60e3f0e084b24276d?s=96&d=mm&r=g","caption":"Martina Nairz"}}]}},"publishpress_future_workflow_manual_trigger":{"enabledWorkflows":[]},"_links":{"self":[{"href":"https:\/\/presse.tirol.at\/it\/wp-json\/wp\/v2\/posts\/112379","targetHints":{"allow":["GET"]}}],"collection":[{"href":"https:\/\/presse.tirol.at\/it\/wp-json\/wp\/v2\/posts"}],"about":[{"href":"https:\/\/presse.tirol.at\/it\/wp-json\/wp\/v2\/types\/post"}],"author":[{"embeddable":true,"href":"https:\/\/presse.tirol.at\/it\/wp-json\/wp\/v2\/users\/17"}],"replies":[{"embeddable":true,"href":"https:\/\/presse.tirol.at\/it\/wp-json\/wp\/v2\/comments?post=112379"}],"version-history":[{"count":0,"href":"https:\/\/presse.tirol.at\/it\/wp-json\/wp\/v2\/posts\/112379\/revisions"}],"wp:attachment":[{"href":"https:\/\/presse.tirol.at\/it\/wp-json\/wp\/v2\/media?parent=112379"}],"wp:term":[{"taxonomy":"category","embeddable":true,"href":"https:\/\/presse.tirol.at\/it\/wp-json\/wp\/v2\/categories?post=112379"},{"taxonomy":"region","embeddable":true,"href":"https:\/\/presse.tirol.at\/it\/wp-json\/wp\/v2\/region?post=112379"},{"taxonomy":"author","embeddable":true,"href":"https:\/\/presse.tirol.at\/it\/wp-json\/wp\/v2\/coauthors?post=112379"}],"curies":[{"name":"wp","href":"https:\/\/api.w.org\/{rel}","templated":true}]}}