{"id":124013,"date":"2021-09-16T08:01:35","date_gmt":"2021-09-16T06:01:35","guid":{"rendered":"https:\/\/presse.tirol.at\/?p=124013"},"modified":"2022-01-27T10:57:11","modified_gmt":"2022-01-27T09:57:11","slug":"le-novita-dellhotellerie-tirolese-per-la-stagione-invernale-2021-22","status":"publish","type":"post","link":"https:\/\/presse.tirol.at\/it\/le-novita-dellhotellerie-tirolese-per-la-stagione-invernale-2021-22\/124013\/","title":{"rendered":"Le novit\u00e0 dell\u2019hotellerie tirolese per la stagione invernale 2021\/22"},"content":{"rendered":"\n<p class=\"intro\">Dalla vivace e caratteristica capitale Innsbruck alle idilliache valli laterali del Tirolo: i nuovi alloggi danno il benvenuto agli ospiti in vista della stagione invernale 2021\/22. Si fa sempre pi\u00f9 chiara la tendenza a progettare moderni chalet per regalare la massima privacy ma allo stesso tempo crescono gli hotel tradizionali a conduzione familiare che hanno utilizzato gli ultimi mesi per creare nuovi spazi innovativi o addirittura per trasformarsi completamente. Vi presentiamo un\u2019accurata selezione delle pi\u00f9 importanti novit\u00e0 alberghiere che promette di risvegliare l\u2019attenzione e la curiosit\u00e0 per l\u2019inverno<\/p>\n\n\n\n<figure class=\"wp-block-image size-large\"><img loading=\"lazy\" decoding=\"async\" width=\"1024\" height=\"465\" src=\"https:\/\/presse.tirol.at\/app\/uploads\/2021\/08\/DasSeemount_Paznaun-1024x465.jpg\" alt=\"\" class=\"wp-image-119944\" srcset=\"https:\/\/presse.tirol.at\/app\/uploads\/2021\/08\/DasSeemount_Paznaun-1024x465.jpg 1024w, https:\/\/presse.tirol.at\/app\/uploads\/2021\/08\/DasSeemount_Paznaun-300x136.jpg 300w, https:\/\/presse.tirol.at\/app\/uploads\/2021\/08\/DasSeemount_Paznaun-768x349.jpg 768w, https:\/\/presse.tirol.at\/app\/uploads\/2021\/08\/DasSeemount_Paznaun-1536x698.jpg 1536w, https:\/\/presse.tirol.at\/app\/uploads\/2021\/08\/DasSeemount_Paznaun-2048x930.jpg 2048w\" sizes=\"auto, (max-width: 1024px) 100vw, 1024px\" \/><figcaption>Il nuovo Active Nature Resort &#8220;DAS SeeMOUNT&#8221; a See im Paznaun.  &copy; Dr. Arch. M. Gardetto<\/figcaption><\/figure>\n\n\n\n<p><strong>NUOVE APERTURE: LE PROPOSTE PIU\u2019 COOL PER L\u2019INVERNO<\/strong><\/p>\n\n\n\n<p><strong>Gli Hygna Chalets a Reith im Alpbachtal: Lusso e Privacy in stile hygge<\/strong><br>Nella stupenda valle di Alpbach, in mezzo alle montagne, undici esclusivi chalet attendono chi cerca pace e relax. L\u2019apertura \u00e8 prevista a dicembre 2021: il silenzio come fonte di forza e autentico stile di vita \u201ehygge\u201d, questo \u00e8 il credo dei lussuosi Hygna Chalets. Alla costruzione tradizionale si uniscono gli interni moderni, il tutto \u00e8 circondato da un paesaggio idilliaco dove prevale la completa privacy. Ogni chalet dispone di sauna in legno, camino e letti vibranti benessere. La piscina Heustadl con vista sul monte Wiedersberger Horn \u00e8 accessibile da tutti e quattro gli chalet ognuno dei quali vanta anche una vasca idromassaggio privata. Per iniziare con successo la giornata, la colazione viene preparata al momento e servita ogni mattina: vengono proposte specialit\u00e0 regionali, per iniziare con energia la giornata sulle piste.<br><a href=\"http:\/\/www.hygna.at\" target=\"_blank\" rel=\"noreferrer noopener\"><em>www.hygna.at<\/em><\/a><\/p>\n\n\n\n<p><strong>The SeeMOUNT: Natura selvaggia ed energia pura per ricaricarsi<\/strong><br>Il nuovo Active Nature Resort \u201eDAS SeeMOUNT&#8221; a See im Paznaun vuole essere un luogo di rilassanti coccole in mezzo a una natura davvero impressionante. Le 60 camere, caratterizzate da legno caldo, tessuti morbidi e molta luce sono ritiri accoglienti dopo un\u2019attiva giornata in montagna. Il ristorante dell\u2019hotel propone specialit\u00e0 culinarie e l\u2019area benessere garantisce il massimo relax. La piscina a sfioro con vista panoramica \u00e8 il fiore all\u2019occhiello di questo \u201ebuen retiro\u201d alpino. DAS SeeMOUNT apre le sue porte il 25 novembre 2021.<br><a href=\"http:\/\/www.seemount.at\/en\/\" target=\"_blank\" rel=\"noreferrer noopener\"><em>www.seemount.at\/en<\/em><\/a><\/p>\n\n\n\n<figure class=\"wp-block-image size-large\"><img loading=\"lazy\" decoding=\"async\" width=\"1024\" height=\"683\" src=\"https:\/\/presse.tirol.at\/app\/uploads\/2022\/01\/hygna\u00a9bureaurabensteiner-0331-1024x683.jpg\" alt=\"\" class=\"wp-image-135664\" srcset=\"https:\/\/presse.tirol.at\/app\/uploads\/2022\/01\/hygna\u00a9bureaurabensteiner-0331-1024x683.jpg 1024w, https:\/\/presse.tirol.at\/app\/uploads\/2022\/01\/hygna\u00a9bureaurabensteiner-0331-300x200.jpg 300w, https:\/\/presse.tirol.at\/app\/uploads\/2022\/01\/hygna\u00a9bureaurabensteiner-0331-768x512.jpg 768w, https:\/\/presse.tirol.at\/app\/uploads\/2022\/01\/hygna\u00a9bureaurabensteiner-0331-1536x1024.jpg 1536w, https:\/\/presse.tirol.at\/app\/uploads\/2022\/01\/hygna\u00a9bureaurabensteiner-0331-2048x1365.jpg 2048w\" sizes=\"auto, (max-width: 1024px) 100vw, 1024px\" \/><figcaption>Gli Hygna Chalets a Reith im Alpbachtal &copy; bureau rabensteiner<\/figcaption><\/figure>\n\n\n\n<p><strong>Golden Marmot e Silver Fox: Chalet esclusivi a St. Anton am Arlberg<\/strong><br>Due nuovi ed esclusivi chalet di lusso aprono a St. Anton am Arlberg: lo Chalet Golden Marmot (con tre appartamenti da otto a dieci ospiti ciascuno) con la sua piccola area benessere si trova in posizione privilegiata, a pochi metri dalla stazione a valle dell\u2019impianto di risalita Nassereinbahn e dall\u2019ingresso del comprensorio sciistico dell\u2019Arlberg. Anche lo chalet gemello, Silver Fox, viene inaugurato a dicembre 2021: i tre appartamenti con ampio soggiorno e zona pranzo con camino sono ideali per famiglie o gruppi di amici. Qui ci si pu\u00f2 rilassare nell\u2019area benessere con sauna.<br><a href=\"https:\/\/chalet-stanton.com\/en\/\" target=\"_blank\" rel=\"noreferrer noopener\">https:\/\/chalet-stanton.com\/en<\/a><\/p>\n\n\n\n<p><strong>Senza fronzoli, ma con un design innovativo: Das Gerlos<\/strong><br>Un appartamento alpino condiviso, un ostello moderno per gli amanti dello stile, un luogo di incontro per tutti coloro che sono appassionati di natura e sport \u2013 o semplicemente un luogo cool: questo \u00e8 \u201eDas Gerlos&#8221;. Fedele al motto \u201eSenza fronzoli, con fronzoli&#8221;, l&#8217;hotel (design) di nuova costruzione nel centro di Gerlos nella valle Zillertal offre tutto ci\u00f2 di cui gli ospiti hanno davvero bisogno per una vacanza: la migliore posizione, un\u2019eccellente colazione, camere moderne e accoglienti, un piccolo centro benessere con vista sulle montagne e spazio per riunirsi in hotel. Das Gerlos aprir\u00e0 a dicembre 2021.<br> <a href=\"http:\/\/www.dasgerlos.com\" target=\"_blank\" rel=\"noreferrer noopener\"><em>www.dasgerlos.com<\/em><\/a><\/p>\n\n\n\n<figure class=\"wp-block-image size-large\"><img loading=\"lazy\" decoding=\"async\" width=\"1024\" height=\"576\" src=\"https:\/\/presse.tirol.at\/app\/uploads\/2021\/08\/19118_6-\u00a9Plan360\u00b0-1024x576.png\" alt=\"\" class=\"wp-image-120246\" srcset=\"https:\/\/presse.tirol.at\/app\/uploads\/2021\/08\/19118_6-\u00a9Plan360\u00b0-1024x576.png 1024w, https:\/\/presse.tirol.at\/app\/uploads\/2021\/08\/19118_6-\u00a9Plan360\u00b0-300x169.png 300w, https:\/\/presse.tirol.at\/app\/uploads\/2021\/08\/19118_6-\u00a9Plan360\u00b0-768x432.png 768w, https:\/\/presse.tirol.at\/app\/uploads\/2021\/08\/19118_6-\u00a9Plan360\u00b0-443x248.png 443w, https:\/\/presse.tirol.at\/app\/uploads\/2021\/08\/19118_6-\u00a9Plan360\u00b0-375x210.png 375w, https:\/\/presse.tirol.at\/app\/uploads\/2021\/08\/19118_6-\u00a9Plan360\u00b0.png 1400w\" sizes=\"auto, (max-width: 1024px) 100vw, 1024px\" \/><figcaption>Il design Hotel &#8220;Das Gerlos&#8221; nella valle Zillertal &copy; Plan 360\u00b0<\/figcaption><\/figure>\n\n\n\n<p><strong>LE SPA RINNOVATE: ECCO LE NOVIT\u00c0<\/strong><\/p>\n\n\n\n<p><strong>Un classico in un nuovo abito: L\u2019Hotel Kristall a Leutasch si rinnova<\/strong><br>L\u2019Hotel Kristall \u00e8 un tradizionale hotel a conduzione familiare dal 1973: situato a Leutasch sull&#8217;altopiano di Seefeld, in una sua splendida posizione panoramica, dal 2004 \u00e8 gestito dalla famiglia Pfeffel \u2013 e nel 2021 l\u2019hotel \u00e8 stato completamente ristrutturato. La hall e il bar dell\u2019hotel, ridisegnati e ampliati, il ristorante rinnovato e un piano aggiuntivo con camere e suite. \u201eMa il nostro fiore all\u2019occhiello \u00e8 la nuova Sky-SPA con piscina all\u2019aperto sul tetto riscaldata \u2013 una vera unicit\u00e0 nella regione, sauna panoramica, area prendisole interna ed esterna, vista panoramica sui Monti Wetterstein e sull\u2019Hohe Munde. Siamo lieti di accogliere gli ospiti giusto in tempo per la stagione invernale il 18 dicembre 2021&#8243;, afferma l\u2019albergatore Bernhard Pfeffel. <br><a href=\"http:\/\/www.hotel-kristall.at\" target=\"_blank\" rel=\"noreferrer noopener\"><em>www.hotel-kristall.at<\/em><\/a><\/p>\n\n\n\n<p><strong>Paradiso del benessere di 1.800 m\u00b2 all\u2019Hotel Naudererhof<\/strong><br>A Nauders sul Passo Resia, un nuovo paradiso del benessere \u00e8 stato creato nel ****s Alpin ART and SPA Hotel Naudererhof: da quest\u2019anno, l\u2019Alpin SPA si ingrandisce e invita gli ospiti a rigenerarsi nei suoi 1.800 m\u00b2 sviluppati su ben quattro piani. L\u2019area benessere comprende una sauna di pino, una biosauna Bergheu, un bagno di vapore in pietra aromatica e un biotopo interno con giardino benessere e sala relax. Un punto culminante speciale \u00e8 la Skypool con vista panoramica sul paesaggio montano invernale.<br><a href=\"http:\/\/www.naudererhof.at\/en\/\" target=\"_blank\" rel=\"noreferrer noopener\"><em>www.naudererhof.at\/en<\/em><\/a><\/p>\n\n\n\n<figure class=\"wp-block-image size-large\"><img loading=\"lazy\" decoding=\"async\" width=\"1024\" height=\"614\" src=\"https:\/\/presse.tirol.at\/app\/uploads\/2021\/10\/Hotel-Kristall-Leutasch_Infinity-Pool-1-1024x614.jpg\" alt=\"\" class=\"wp-image-127191\" srcset=\"https:\/\/presse.tirol.at\/app\/uploads\/2021\/10\/Hotel-Kristall-Leutasch_Infinity-Pool-1-1024x614.jpg 1024w, https:\/\/presse.tirol.at\/app\/uploads\/2021\/10\/Hotel-Kristall-Leutasch_Infinity-Pool-1-300x180.jpg 300w, https:\/\/presse.tirol.at\/app\/uploads\/2021\/10\/Hotel-Kristall-Leutasch_Infinity-Pool-1-768x461.jpg 768w, https:\/\/presse.tirol.at\/app\/uploads\/2021\/10\/Hotel-Kristall-Leutasch_Infinity-Pool-1-1536x922.jpg 1536w, https:\/\/presse.tirol.at\/app\/uploads\/2021\/10\/Hotel-Kristall-Leutasch_Infinity-Pool-1-2048x1229.jpg 2048w\" sizes=\"auto, (max-width: 1024px) 100vw, 1024px\" \/><figcaption>L&#8217;Hotel Kristall a Leutasch &copy; Barbist Architecture<\/figcaption><\/figure>\n\n\n\n<p><strong>Nauders: \u201eCloud 78\u201d: La vasca idromassaggio sotto le stelle<\/strong><br>L&#8217;Hotel Arabella di Nauders, presenta la nuova area benessere. Qui, la nuova vasca idromassaggio calda sotto il cielo aperto invita a rilassarsi dopo una giornata di sci. Il centro benessere porta il nome di \u201eCloud 78\u201d: dopo aver provato le nuove saune e il bagno di vapore in giardino, ci si sente leggeri proprio come una nuvola.<br><a href=\"http:\/\/www.hotel-arabella.com\/en\/\" target=\"_blank\" rel=\"noreferrer noopener\"><em>www.hotel-arabella.com\/en<\/em><\/a><\/p>\n\n\n\n<p><strong>Il Berghof di Mayrhofen ridisegna la spa<\/strong><br>Nell&#8217;inverno 2021\/22, gli appassionati di sport invernali possono optare tra due hotel recentemente rinnovati nella Zillertal. L\u2019Hotel Berghof a Mayrhofen \u00e8 il primo: dall\u2019estate del 2021 ci sono la nuova GARDEN SPA con prato sul tetto (solo per adulti) e una spaziosa area benessere con piscina interna ed esterna, piscina per bambini e saune per famiglie.<br><a href=\"http:\/\/www.berghof.cc\/en\/\" target=\"_blank\" rel=\"noreferrer noopener\"><em>www.berghof.cc\/en<\/em><\/a><\/p>\n\n\n\n<p><strong>Nuotare nella piscina sul tetto dell\u2019Hotel Neue Post<\/strong><br>Anche l\u2019Hotel Neue Post, a Mayrhofen, si \u00e8 ingrandito e rinnovato e da dicembre 2021 offre una piscina all\u2019aperto sul tetto riscaldata tutto l\u2019anno, con una fantastica vista sulle montagne. Sette nuove e lussuose suite con piscina e 23 nuove unit\u00e0 residenziali in stile tirolese, una sala fitness e persino una sala giochi con console di gioco all\u2019avanguardia completano la sapiente ristrutturazione con ampliamento.<br><a href=\"http:\/\/www.neue-post.at\/en\" target=\"_blank\" rel=\"noreferrer noopener\"><em>www.neue-post.at\/en<\/em><\/a><\/p>\n\n\n\n<p><strong>Luxury Mountain Resort Zillergrund Rock: Nature Sky Spa di 3.000 m\u00b2<\/strong><br>Una spettacolare ristrutturazione \u00e8 all\u2019ordine del giorno nella Zillertal, dove l\u2019Aktiv Relax Hotel Zillergrund sta attualmente diventando lo \u201eZillergrund Rock\u201d, un esclusivo Luxury Mountain Resort. La famiglia Pfister, che gestisce la casa nella sua quinta generazione, sta esaudendo un desiderio espresso da lungo tempo. Oltre all\u2019architettura unica e naturale, la Nature Sky Spa di 3000 m\u00b2 con Skypool su due livelli e la Nature Alpine Spa sono particolarmente scenografici. Inoltre, anche l\u2019offerta culinaria si \u00e8 ampliata: da dicembre 2021, gli ospiti possono scegliere la \u201eGourmetpension Plus\u201d con colazione gourmet a buffet, pranzo (anche prolungato fino al pomeriggio), ora del t\u00e8, menu gourmet e altro ancora.<br><a href=\"https:\/\/www.zillergrund.at\/en\/ii7\/home.html\" target=\"_blank\" rel=\"noreferrer noopener\"><em>www.zillergrund.at<\/em><\/a><\/p>\n\n\n\n<figure class=\"wp-block-image size-large\"><img loading=\"lazy\" decoding=\"async\" width=\"1024\" height=\"488\" src=\"https:\/\/presse.tirol.at\/app\/uploads\/2021\/08\/Berghof_Mayrhofen_\u00a9Thomas-Buchberger-1024x488.jpg\" alt=\"\" class=\"wp-image-119977\" srcset=\"https:\/\/presse.tirol.at\/app\/uploads\/2021\/08\/Berghof_Mayrhofen_\u00a9Thomas-Buchberger-1024x488.jpg 1024w, https:\/\/presse.tirol.at\/app\/uploads\/2021\/08\/Berghof_Mayrhofen_\u00a9Thomas-Buchberger-300x143.jpg 300w, https:\/\/presse.tirol.at\/app\/uploads\/2021\/08\/Berghof_Mayrhofen_\u00a9Thomas-Buchberger-768x366.jpg 768w, https:\/\/presse.tirol.at\/app\/uploads\/2021\/08\/Berghof_Mayrhofen_\u00a9Thomas-Buchberger-1536x731.jpg 1536w, https:\/\/presse.tirol.at\/app\/uploads\/2021\/08\/Berghof_Mayrhofen_\u00a9Thomas-Buchberger-2048x975.jpg 2048w\" sizes=\"auto, (max-width: 1024px) 100vw, 1024px\" \/><figcaption>Il Berghof a Mayrhofen &copy; Ing. Thomas Buchberger<\/figcaption><\/figure>\n\n\n\n<p><strong>NUOVO LOOK PER IL FIENILE E PER IL SALOTTO DI CASA<\/strong><\/p>\n\n\n\n<p><strong>Dormire nel vecchio fienile: Gli appartamenti Stadl a Pr\u00e4graten<\/strong><br>A Pr\u00e4graten am Gro\u00dfvenediger \u00e8 stato creato un alloggio davvero speciale: qui gli ospiti possono soggiornare in un vecchio fienile, rivisitato in chiave moderna. L\u2019Ortnerhof, tradizionale hotel per vacanze e maso con maneggio, ha ricostruito con elementi contemporanei e originali il fienile adiacente, creando sei appartamenti accoglienti ed eleganti in stile tirolese. Puro Osttirol (Tirolo Orientale)!<br><a href=\"http:\/\/www.ortnerhof.at\/stadl-apartments\" target=\"_blank\" rel=\"noreferrer noopener\"><em>www.ortnerhof.at\/stadl-apartments<\/em><\/a><\/p>\n\n\n\n<p><strong>Un segreto viene rivelato: Ecco la nuova veste del \u201eThe Secret S\u00f6lden\u201d<\/strong><br>Un opulento ingresso dorato, pannelli metallici color rame: \u201eThe Secret S\u00f6lden\u201d attira l\u2019attenzione di tutti dall\u2019esterno. Da dicembre 2021, l\u2019esclusivo residence resort con 44 unit\u00e0 abitative \u00e8 lieto di mostrare i propri segreti. \u201eThe Secret\u201d non \u00e8 un hotel classico, ma intende proporsi come innovativo grazie al suo originale approccio \u201eopen house\u201d. LA\u2019LIV, il salotto della casa, diventa il fulcro e il punto d\u2019incontro centrale. Qui, viene servita la colazione e in seguito gli ospiti possono servirsi di una raffinata selezione di snack e bevande per tutto il giorno. La sera, LA\u2019LIV si trasforma in un ristorante chic. Ma non \u00e8 tutto: il clou assoluto di \u201eThe Secret S\u00f6lden\u201d \u00e8 lo spettacolare Skybar THE VUE con soffitto vetrato. <br><a href=\"http:\/\/www.the-secret-soelden.com\/en\/\" target=\"_blank\" rel=\"noreferrer noopener\"><em>www.the-secret-soelden.com\/en<\/em><\/a><\/p>\n\n\n\n<figure class=\"wp-block-image size-large\"><img loading=\"lazy\" decoding=\"async\" width=\"1024\" height=\"778\" src=\"https:\/\/presse.tirol.at\/app\/uploads\/2021\/08\/The-Secret-Skybar-Soelden-1024x778.jpg\" alt=\"\" class=\"wp-image-120460\" srcset=\"https:\/\/presse.tirol.at\/app\/uploads\/2021\/08\/The-Secret-Skybar-Soelden-1024x778.jpg 1024w, https:\/\/presse.tirol.at\/app\/uploads\/2021\/08\/The-Secret-Skybar-Soelden-300x228.jpg 300w, https:\/\/presse.tirol.at\/app\/uploads\/2021\/08\/The-Secret-Skybar-Soelden-768x584.jpg 768w, https:\/\/presse.tirol.at\/app\/uploads\/2021\/08\/The-Secret-Skybar-Soelden-1536x1167.jpg 1536w\" sizes=\"auto, (max-width: 1024px) 100vw, 1024px\" \/><figcaption>Lo spettacolare Skybar THE VUE a S\u00f6lden &copy; Zuchna Visualisierung<\/figcaption><\/figure>\n\n\n\n<p><strong>URBAN HOTEL: NOVIT\u00c0 A LIENZ E AD INNSBRUCK<\/strong><\/p>\n\n\n\n<p><strong>Per assaporare il centro storico di Lienz: Apartmenthaus Nr. 1<\/strong><br>Immersi nell\u2019affascinante centro storico di Lienz si trovano gli 11 appartamenti di Apartmenthaus Nr. 1 per vacanze speciali, ideali per un massimo di tre persone, oltre a due appartamenti duplex da quattro a sei persone e tre accoglienti camere doppie. Qui si pu\u00f2 godere perfettamente il fascino del centro storico e delle montagne dell\u2019Osttirol<br><a href=\"http:\/\/www.apartmenthaus-nr1.at\/it\" target=\"_blank\" rel=\"noreferrer noopener\"><em>www.apartmenthaus-nr1.at\/it<\/em><\/a><\/p>\n\n\n\n<p><strong>Vacanze in citt\u00e0: L\u2019Hotel Meininger apre a Innsbruck<\/strong><br>Parigi, Roma, Copenaghen, Bruxelles, Berlino \u2013 e ora anche Innsbruck: il Meininger Hotels Group aprir\u00e0 una nuova struttura ricettiva nel centro di Innsbruck nell\u2019autunno 2021. Secondo il collaudato concetto di Meininger, famiglie, amici, backpackers e viaggiatori d\u2019affari possono aspettarsi un comfort accogliente a prezzi accessibili: camere singole, doppie, camere condivise e letti nel dormitorio.<br><a href=\"http:\/\/www.meininger-hotels.com\/it\/hotel\/innsbruck\/hotel-innsbruck-centro\/\" target=\"_blank\" rel=\"noreferrer noopener\"><em>www.meininger-hotels.com\/it\/hotel\/innsbruck\/hotel-innsbruck-centro<\/em><\/a><\/p>\n\n\n\n<p><\/p>\n","protected":false},"excerpt":{"rendered":"<p>Dalla vivace e caratteristica capitale Innsbruck alle idilliache valli laterali del Tirolo: i nuovi alloggi danno il \u2026<\/p>\n","protected":false},"author":17,"featured_media":135664,"comment_status":"closed","ping_status":"closed","sticky":false,"template":"","format":"standard","meta":{"_acf_changed":false,"footnotes":""},"categories":[11],"region":[109],"coauthors":[292],"class_list":["post-124013","post","type-post","status-publish","format-standard","has-post-thumbnail","hentry","category-non-categorizzato","region-tirol-werbung"],"acf":[],"yoast_head":"<!-- This site is optimized with the Yoast SEO plugin v25.1 - https:\/\/yoast.com\/wordpress\/plugins\/seo\/ -->\n<title>Le novit\u00e0 dell\u2019hotellerie tirolese per la stagione invernale 2021\/22 - Presse.Tirol<\/title>\n<meta name=\"robots\" content=\"index, follow, max-snippet:-1, max-image-preview:large, max-video-preview:-1\" \/>\n<link rel=\"canonical\" href=\"https:\/\/presse.tirol.at\/it\/le-novita-dellhotellerie-tirolese-per-la-stagione-invernale-2021-22\/124013\/\" \/>\n<meta property=\"og:locale\" content=\"it_IT\" \/>\n<meta property=\"og:type\" content=\"article\" \/>\n<meta property=\"og:title\" content=\"Le novit\u00e0 dell\u2019hotellerie tirolese per la stagione invernale 2021\/22 - Presse.Tirol\" \/>\n<meta property=\"og:description\" content=\"Dalla vivace e caratteristica capitale Innsbruck alle idilliache valli laterali del Tirolo: i nuovi alloggi danno il \u2026\" \/>\n<meta property=\"og:url\" content=\"https:\/\/presse.tirol.at\/it\/le-novita-dellhotellerie-tirolese-per-la-stagione-invernale-2021-22\/124013\/\" \/>\n<meta property=\"og:site_name\" content=\"Presse.Tirol\" \/>\n<meta property=\"article:published_time\" content=\"2021-09-16T06:01:35+00:00\" \/>\n<meta property=\"article:modified_time\" content=\"2022-01-27T09:57:11+00:00\" \/>\n<meta property=\"og:image\" content=\"https:\/\/presse.tirol.at\/app\/uploads\/2022\/01\/hygna\u00a9bureaurabensteiner-0331-scaled.jpg\" \/>\n\t<meta property=\"og:image:width\" content=\"2560\" \/>\n\t<meta property=\"og:image:height\" content=\"1706\" \/>\n\t<meta property=\"og:image:type\" content=\"image\/jpeg\" \/>\n<meta name=\"author\" content=\"Martina Nairz\" \/>\n<meta name=\"twitter:card\" content=\"summary_large_image\" \/>\n<meta name=\"twitter:label1\" content=\"Scritto da\" \/>\n\t<meta name=\"twitter:data1\" content=\"Martina Nairz\" \/>\n\t<meta name=\"twitter:label2\" content=\"Tempo di lettura stimato\" \/>\n\t<meta name=\"twitter:data2\" content=\"8 minutes\" \/>\n\t<meta name=\"twitter:label3\" content=\"Written by\" \/>\n\t<meta name=\"twitter:data3\" content=\"Martina Nairz\" \/>\n<script type=\"application\/ld+json\" class=\"yoast-schema-graph\">{\"@context\":\"https:\/\/schema.org\",\"@graph\":[{\"@type\":\"WebPage\",\"@id\":\"https:\/\/presse.tirol.at\/it\/le-novita-dellhotellerie-tirolese-per-la-stagione-invernale-2021-22\/124013\/\",\"url\":\"https:\/\/presse.tirol.at\/it\/le-novita-dellhotellerie-tirolese-per-la-stagione-invernale-2021-22\/124013\/\",\"name\":\"Le novit\u00e0 dell\u2019hotellerie tirolese per la stagione invernale 2021\/22 - Presse.Tirol\",\"isPartOf\":{\"@id\":\"https:\/\/presse.tirol.at\/it\/#website\"},\"primaryImageOfPage\":{\"@id\":\"https:\/\/presse.tirol.at\/it\/le-novita-dellhotellerie-tirolese-per-la-stagione-invernale-2021-22\/124013\/#primaryimage\"},\"image\":{\"@id\":\"https:\/\/presse.tirol.at\/it\/le-novita-dellhotellerie-tirolese-per-la-stagione-invernale-2021-22\/124013\/#primaryimage\"},\"thumbnailUrl\":\"https:\/\/presse.tirol.at\/app\/uploads\/2022\/01\/hygna\u00a9bureaurabensteiner-0331-scaled.jpg\",\"datePublished\":\"2021-09-16T06:01:35+00:00\",\"dateModified\":\"2022-01-27T09:57:11+00:00\",\"author\":{\"@id\":\"https:\/\/presse.tirol.at\/it\/#\/schema\/person\/7a01d43ecdf024eeb61ea2a3d4edcdc3\"},\"inLanguage\":\"it-IT\",\"potentialAction\":[{\"@type\":\"ReadAction\",\"target\":[\"https:\/\/presse.tirol.at\/it\/le-novita-dellhotellerie-tirolese-per-la-stagione-invernale-2021-22\/124013\/\"]}]},{\"@type\":\"ImageObject\",\"inLanguage\":\"it-IT\",\"@id\":\"https:\/\/presse.tirol.at\/it\/le-novita-dellhotellerie-tirolese-per-la-stagione-invernale-2021-22\/124013\/#primaryimage\",\"url\":\"https:\/\/presse.tirol.at\/app\/uploads\/2022\/01\/hygna\u00a9bureaurabensteiner-0331-scaled.jpg\",\"contentUrl\":\"https:\/\/presse.tirol.at\/app\/uploads\/2022\/01\/hygna\u00a9bureaurabensteiner-0331-scaled.jpg\",\"width\":2560,\"height\":1706,\"caption\":\"Hygna Chalets a Reith im Alpbachtal\"},{\"@type\":\"WebSite\",\"@id\":\"https:\/\/presse.tirol.at\/it\/#website\",\"url\":\"https:\/\/presse.tirol.at\/it\/\",\"name\":\"Presse.Tirol\",\"description\":\"Regionale Presseplattform der Tirol Werbung und den Tiroler Tourismusverb\u00e4nden\",\"potentialAction\":[{\"@type\":\"SearchAction\",\"target\":{\"@type\":\"EntryPoint\",\"urlTemplate\":\"https:\/\/presse.tirol.at\/it\/?s={search_term_string}\"},\"query-input\":{\"@type\":\"PropertyValueSpecification\",\"valueRequired\":true,\"valueName\":\"search_term_string\"}}],\"inLanguage\":\"it-IT\"},{\"@type\":\"Person\",\"@id\":\"https:\/\/presse.tirol.at\/it\/#\/schema\/person\/7a01d43ecdf024eeb61ea2a3d4edcdc3\",\"name\":\"Martina Nairz\",\"image\":{\"@type\":\"ImageObject\",\"inLanguage\":\"it-IT\",\"@id\":\"https:\/\/presse.tirol.at\/it\/#\/schema\/person\/image\/b47273d486f1e6665f0c420330a009a6\",\"url\":\"https:\/\/secure.gravatar.com\/avatar\/b665805ca9d0b765eb68d4309bc5cbc59f9f79685c7853e60e3f0e084b24276d?s=96&d=mm&r=g\",\"contentUrl\":\"https:\/\/secure.gravatar.com\/avatar\/b665805ca9d0b765eb68d4309bc5cbc59f9f79685c7853e60e3f0e084b24276d?s=96&d=mm&r=g\",\"caption\":\"Martina Nairz\"}}]}<\/script>\n<!-- \/ Yoast SEO plugin. -->","yoast_head_json":{"title":"Le novit\u00e0 dell\u2019hotellerie tirolese per la stagione invernale 2021\/22 - Presse.Tirol","robots":{"index":"index","follow":"follow","max-snippet":"max-snippet:-1","max-image-preview":"max-image-preview:large","max-video-preview":"max-video-preview:-1"},"canonical":"https:\/\/presse.tirol.at\/it\/le-novita-dellhotellerie-tirolese-per-la-stagione-invernale-2021-22\/124013\/","og_locale":"it_IT","og_type":"article","og_title":"Le novit\u00e0 dell\u2019hotellerie tirolese per la stagione invernale 2021\/22 - Presse.Tirol","og_description":"Dalla vivace e caratteristica capitale Innsbruck alle idilliache valli laterali del Tirolo: i nuovi alloggi danno il \u2026","og_url":"https:\/\/presse.tirol.at\/it\/le-novita-dellhotellerie-tirolese-per-la-stagione-invernale-2021-22\/124013\/","og_site_name":"Presse.Tirol","article_published_time":"2021-09-16T06:01:35+00:00","article_modified_time":"2022-01-27T09:57:11+00:00","og_image":[{"width":2560,"height":1706,"url":"https:\/\/presse.tirol.at\/app\/uploads\/2022\/01\/hygna\u00a9bureaurabensteiner-0331-scaled.jpg","type":"image\/jpeg"}],"author":"Martina Nairz","twitter_card":"summary_large_image","twitter_misc":{"Scritto da":"Martina Nairz","Tempo di lettura stimato":"8 minutes","Written by":"Martina Nairz"},"schema":{"@context":"https:\/\/schema.org","@graph":[{"@type":"WebPage","@id":"https:\/\/presse.tirol.at\/it\/le-novita-dellhotellerie-tirolese-per-la-stagione-invernale-2021-22\/124013\/","url":"https:\/\/presse.tirol.at\/it\/le-novita-dellhotellerie-tirolese-per-la-stagione-invernale-2021-22\/124013\/","name":"Le novit\u00e0 dell\u2019hotellerie tirolese per la stagione invernale 2021\/22 - Presse.Tirol","isPartOf":{"@id":"https:\/\/presse.tirol.at\/it\/#website"},"primaryImageOfPage":{"@id":"https:\/\/presse.tirol.at\/it\/le-novita-dellhotellerie-tirolese-per-la-stagione-invernale-2021-22\/124013\/#primaryimage"},"image":{"@id":"https:\/\/presse.tirol.at\/it\/le-novita-dellhotellerie-tirolese-per-la-stagione-invernale-2021-22\/124013\/#primaryimage"},"thumbnailUrl":"https:\/\/presse.tirol.at\/app\/uploads\/2022\/01\/hygna\u00a9bureaurabensteiner-0331-scaled.jpg","datePublished":"2021-09-16T06:01:35+00:00","dateModified":"2022-01-27T09:57:11+00:00","author":{"@id":"https:\/\/presse.tirol.at\/it\/#\/schema\/person\/7a01d43ecdf024eeb61ea2a3d4edcdc3"},"inLanguage":"it-IT","potentialAction":[{"@type":"ReadAction","target":["https:\/\/presse.tirol.at\/it\/le-novita-dellhotellerie-tirolese-per-la-stagione-invernale-2021-22\/124013\/"]}]},{"@type":"ImageObject","inLanguage":"it-IT","@id":"https:\/\/presse.tirol.at\/it\/le-novita-dellhotellerie-tirolese-per-la-stagione-invernale-2021-22\/124013\/#primaryimage","url":"https:\/\/presse.tirol.at\/app\/uploads\/2022\/01\/hygna\u00a9bureaurabensteiner-0331-scaled.jpg","contentUrl":"https:\/\/presse.tirol.at\/app\/uploads\/2022\/01\/hygna\u00a9bureaurabensteiner-0331-scaled.jpg","width":2560,"height":1706,"caption":"Hygna Chalets a Reith im Alpbachtal"},{"@type":"WebSite","@id":"https:\/\/presse.tirol.at\/it\/#website","url":"https:\/\/presse.tirol.at\/it\/","name":"Presse.Tirol","description":"Regionale Presseplattform der Tirol Werbung und den Tiroler Tourismusverb\u00e4nden","potentialAction":[{"@type":"SearchAction","target":{"@type":"EntryPoint","urlTemplate":"https:\/\/presse.tirol.at\/it\/?s={search_term_string}"},"query-input":{"@type":"PropertyValueSpecification","valueRequired":true,"valueName":"search_term_string"}}],"inLanguage":"it-IT"},{"@type":"Person","@id":"https:\/\/presse.tirol.at\/it\/#\/schema\/person\/7a01d43ecdf024eeb61ea2a3d4edcdc3","name":"Martina Nairz","image":{"@type":"ImageObject","inLanguage":"it-IT","@id":"https:\/\/presse.tirol.at\/it\/#\/schema\/person\/image\/b47273d486f1e6665f0c420330a009a6","url":"https:\/\/secure.gravatar.com\/avatar\/b665805ca9d0b765eb68d4309bc5cbc59f9f79685c7853e60e3f0e084b24276d?s=96&d=mm&r=g","contentUrl":"https:\/\/secure.gravatar.com\/avatar\/b665805ca9d0b765eb68d4309bc5cbc59f9f79685c7853e60e3f0e084b24276d?s=96&d=mm&r=g","caption":"Martina Nairz"}}]}},"publishpress_future_workflow_manual_trigger":{"enabledWorkflows":[]},"_links":{"self":[{"href":"https:\/\/presse.tirol.at\/it\/wp-json\/wp\/v2\/posts\/124013","targetHints":{"allow":["GET"]}}],"collection":[{"href":"https:\/\/presse.tirol.at\/it\/wp-json\/wp\/v2\/posts"}],"about":[{"href":"https:\/\/presse.tirol.at\/it\/wp-json\/wp\/v2\/types\/post"}],"author":[{"embeddable":true,"href":"https:\/\/presse.tirol.at\/it\/wp-json\/wp\/v2\/users\/17"}],"replies":[{"embeddable":true,"href":"https:\/\/presse.tirol.at\/it\/wp-json\/wp\/v2\/comments?post=124013"}],"version-history":[{"count":0,"href":"https:\/\/presse.tirol.at\/it\/wp-json\/wp\/v2\/posts\/124013\/revisions"}],"wp:featuredmedia":[{"embeddable":true,"href":"https:\/\/presse.tirol.at\/it\/wp-json\/wp\/v2\/media\/135664"}],"wp:attachment":[{"href":"https:\/\/presse.tirol.at\/it\/wp-json\/wp\/v2\/media?parent=124013"}],"wp:term":[{"taxonomy":"category","embeddable":true,"href":"https:\/\/presse.tirol.at\/it\/wp-json\/wp\/v2\/categories?post=124013"},{"taxonomy":"region","embeddable":true,"href":"https:\/\/presse.tirol.at\/it\/wp-json\/wp\/v2\/region?post=124013"},{"taxonomy":"author","embeddable":true,"href":"https:\/\/presse.tirol.at\/it\/wp-json\/wp\/v2\/coauthors?post=124013"}],"curies":[{"name":"wp","href":"https:\/\/api.w.org\/{rel}","templated":true}]}}