{"id":126519,"date":"2021-09-30T12:11:59","date_gmt":"2021-09-30T10:11:59","guid":{"rendered":"https:\/\/presse.tirol.at\/?p=126519"},"modified":"2022-01-25T10:32:09","modified_gmt":"2022-01-25T09:32:09","slug":"novita-dellinverno-2021-22-nellolympiaregion-seefeld","status":"publish","type":"post","link":"https:\/\/presse.tirol.at\/it\/novita-dellinverno-2021-22-nellolympiaregion-seefeld\/126519\/","title":{"rendered":"Novit\u00e0 dell&#8217;inverno 2021-22 nell&#8217;Olympiaregion Seefeld"},"content":{"rendered":"\n<figure class=\"wp-block-image size-large\"><img loading=\"lazy\" decoding=\"async\" width=\"1024\" height=\"683\" src=\"https:\/\/presse.tirol.at\/app\/uploads\/2021\/09\/Seekirchl-im-Winter-Seefeld-3-1024x683.jpg\" alt=\"\" class=\"wp-image-126496\" srcset=\"https:\/\/presse.tirol.at\/app\/uploads\/2021\/09\/Seekirchl-im-Winter-Seefeld-3-1024x683.jpg 1024w, https:\/\/presse.tirol.at\/app\/uploads\/2021\/09\/Seekirchl-im-Winter-Seefeld-3-300x200.jpg 300w, https:\/\/presse.tirol.at\/app\/uploads\/2021\/09\/Seekirchl-im-Winter-Seefeld-3-768x512.jpg 768w, https:\/\/presse.tirol.at\/app\/uploads\/2021\/09\/Seekirchl-im-Winter-Seefeld-3.jpg 1500w\" sizes=\"auto, (max-width: 1024px) 100vw, 1024px\" \/><figcaption>La stemma di Seefeld &#8211; il famoso &#8220;Seekrichl&#8221; vestito in bianco<\/figcaption><\/figure>\n\n\n\n<h2 class=\"wp-block-heading\">HOTEL NUOVI E RISTRUTTURATI<\/h2>\n\n\n\n<p><strong>Hotel Kristall Leutasch \u201eMomenti del cuore\u201c<\/strong><\/p>\n\n\n\n<p>Circondato da un idilliaco scenario alpino nella pittoresca regione di Leutasch si trova l&#8217;Hotel Kristall****. Dove la natura incomparabilmente bella incontra la vera cordialit\u00e0 e per farvi sentire veramente a casa. L&#8217;hotel \u00e8 attualmente in fase di ristrutturazione. Le seguenti innovazioni attendono i nostri ospiti dal 18 dicembre 2021:<\/p>\n\n\n\n<ul class=\"wp-block-list\"><li>Aumento del numero di letti da 82 a 126<\/li><li>Nuova categorizzazione: da 4* a 4* Superior<\/li><li>Lobby e bar dell&#8217;hotel nuovi e ampliati<\/li><li>Ristoranti di nuova concezione con buffet e nuovo giardino d&#8217;inverno<\/li><li>Area SPA di nuova concezione con piscina interna, bagno di vapore, sauna finlandese e biologica alle erbe<\/li><li>Comode aree relax con comode cuccette<\/li><li>Un piano supplementare con camere e suite<\/li><li>Il nostro punto forte: Nuovo SKY &#8211; SPA con piscina esterna riscaldata (34 gradi), due saune panoramiche, solarium interno ed esterno con vista diretta sulle nostre stupende montagne.<\/li><\/ul>\n\n\n\n<p>Contatto:<br>Albergo Kristall<br>Weidach 300m<br>6105 Leutasch &#8211; Tirolo<br>www.hotel-kristall.at, office@hotel-kristall.at, +43 5214 6319<\/p>\n\n\n\n<h2 class=\"wp-block-heading\">GASTRONOMIA<\/h2>\n\n\n\n<p><strong>Wei\u00dfes R\u00f6ssl a Reith bei Seefeld<\/strong><\/p>\n\n\n\n<p>Ispirato dalle delizie culinarie di tutto il mondo, ma senza mai perdere di vista le sue radici. Cucina raffinata e casual nel Wei\u00dfes R\u00f6ssl, in un ambiente accogliente e informale, con una bella terrazza panoramica. \u00c8 richiesta la prenotazione. Orari di apertura: Lun, Gio, Ven 17:00-22:00 (cucina dalle 17:30), Sab, Dom 12:00-14:30 17:30-22:00, mar e mer chiuso<\/p>\n\n\n\n<p>Contatto:<br>Wei\u00dfes R\u00f6ssl &#8211; Sabrina &amp; Alex<br>R\u00f6merstrasse 35<br>6103 Reith bei Seefeld<br>servus@weisses-roessl.tirol, +43 5212 406 83<\/p>\n\n\n\n<p><strong>La Trattoria Seefeld<\/strong><\/p>\n\n\n\n<p>Da luglio, l&#8217;autentico piacere italiano incontra la gioia del palato! Vi portiamo in un viaggio culinario alla scoperta dell&#8217;Italia: dalla pasta tradizionale ai classici della cucina italiana reinterpretati.<br>Orari di apertura: 11:30-14:30 e 18:00-22:00 (chiuso il luned\u00ec)<\/p>\n\n\n\n<p>Contatto:<br>La Trattoria Seefeld<br>Bahnhofstra\u00dfe 124 (vicino al casin\u00f2)<br>www.latrattoria.at, restaurant@marcati.at, +43 5212 52820<\/p>\n\n\n\n<p><strong>Nuovo ristorante indiano &#8211; HAVELI<\/strong><\/p>\n\n\n\n<p>Gopi, l&#8217;operatore dell&#8217; ristorante indiano Haveli di Innsbruck ha aperto recentemente un ristorante a Seefeld. Cucina tipica indiana adattata ai gusti europei. Tutti i piatti sono disponibili anche per l\u2018asporto.<br>Orari di apertura: tutti i giorni dalle <tcxspan tcxhref=\"11001430\" title=\"Call  11.00-14.30  via 3CX\">11.00-14.30<\/tcxspan> e 17.30-22.00, gioved\u00ec giorno di riposo.<\/p>\n\n\n\n<p>Contatto:<br>Haveli<br>Leutascher Strasse 58<br>6100 Seefeld in Tirol<br><tcxspan tcxhref=\"+4366499833344\" title=\"Call  +43 664 99833344 via 3CX\">+43 664 99833344<\/tcxspan><\/p>\n\n\n\n<h2 class=\"wp-block-heading\">NEGOZI<\/h2>\n\n\n\n<p><strong>Engel Art Lifestyle Lounge<\/strong><\/p>\n\n\n\n<p>Sono tornati! Petra e Bertram Engel offrono ai loro clienti una collezione in continua evoluzione con accessori per la casa selezionati da rinomate aziende di design. Eccezionali opere d&#8217;arte moderna, creati da giovani artisti e altri personaggi noti. Un ricco assortimento di profumi per l\u2019ambiente, realizzati con cura dalla Maison Berger Paris (anche parte dell&#8217;offerta esclusiva).<\/p>\n\n\n\n<p>Contatto:<br>Petra e Bertram Engel<br>Dorfplatz 25<br>6100 Seefeld in Tirol<br>www.engelartlifestylelounge.com, ppengel@me.com, +43 5212 40793<\/p>\n\n\n\n<h2 class=\"wp-block-heading\">DIVERSI<\/h2>\n\n\n\n<p><strong>I corsi di panificazione di Anja &#8211; &#8220;tutto sul forno a legna&#8221;<br>Corso di panificazione &#8220;Finker Alltag<\/strong><\/p>\n\n\n\n<ul class=\"wp-block-list\"><li>Breve info: Facciamo una semplice pasta di lievito per il principiante attento alla salute che non vuole fare a meno del pane fatto in casa nella vita quotidiana.<\/li><li>Costo: \u20ac 60,- (Incl. documenti di ricette, degustazioni e molta ispirazione)<\/li><li>Durata: 3 ore<\/li><li>Posizione: Lehner 200b, 6105 Leutasch<\/li><li>ogni gioved\u00ec alle 14.00 (possibile solo con prenotazione anticipata)<\/li><li>Per altri corsi di panificazione, che possono essere prenotati individualmente, si prega di consultare il sito web <a href=\"http:\/\/www.naturkorn.at\" target=\"_blank\" rel=\"noreferrer noopener\">www.naturkorn.at<\/a><\/li><\/ul>\n\n\n\n<p>Ulteriori informazioni: OLYMPIAREGION SEEFELD Bernadette Stauder Tel.:<tcxspan tcxhref=\"004350880595\" title=\"Call  0043 50880-595  via 3CX\"> 0043 50880-595 <\/tcxspan>Bernadette.stauder@seefeld.com www.seefeld.com<\/p>\n","protected":false},"excerpt":{"rendered":"<p>Troverete aggiunto le novit\u00e0 dell&#8217;inverno 2021\/22 riguardando nuove strutture, ristoranti, negozi e attivit\u00e0 \u2026<\/p>\n","protected":false},"author":60,"featured_media":126496,"comment_status":"closed","ping_status":"closed","sticky":false,"template":"","format":"standard","meta":{"_acf_changed":false,"footnotes":""},"categories":[1],"region":[],"coauthors":[185],"class_list":["post-126519","post","type-post","status-publish","format-standard","has-post-thumbnail","hentry","category-unkategorisiert"],"acf":[],"yoast_head":"<!-- This site is optimized with the Yoast SEO plugin v25.1 - https:\/\/yoast.com\/wordpress\/plugins\/seo\/ -->\n<title>Novit\u00e0 dell&#039;inverno 2021-22 nell&#039;Olympiaregion Seefeld - Presse.Tirol<\/title>\n<meta name=\"description\" content=\"Troverete aggiunto le novit\u00e0 dell&#039;inverno 2021\/22 riguardando nuove strutture, ristoranti, negozi e attivit\u00e0 nell&#039;Olympiaregion Seefeld.\" \/>\n<meta name=\"robots\" content=\"index, follow, max-snippet:-1, max-image-preview:large, max-video-preview:-1\" \/>\n<link rel=\"canonical\" href=\"https:\/\/presse.tirol.at\/it\/novita-dellinverno-2021-22-nellolympiaregion-seefeld\/126519\/\" \/>\n<meta property=\"og:locale\" content=\"it_IT\" \/>\n<meta property=\"og:type\" content=\"article\" \/>\n<meta property=\"og:title\" content=\"Novit\u00e0 dell&#039;inverno 2021-22 nell&#039;Olympiaregion Seefeld - Presse.Tirol\" \/>\n<meta property=\"og:description\" content=\"Troverete aggiunto le novit\u00e0 dell&#039;inverno 2021\/22 riguardando nuove strutture, ristoranti, negozi e attivit\u00e0 nell&#039;Olympiaregion Seefeld.\" \/>\n<meta property=\"og:url\" content=\"https:\/\/presse.tirol.at\/it\/novita-dellinverno-2021-22-nellolympiaregion-seefeld\/126519\/\" \/>\n<meta property=\"og:site_name\" content=\"Presse.Tirol\" \/>\n<meta property=\"article:author\" content=\"https:\/\/www.facebook.com\/ORSeefeld\" \/>\n<meta property=\"article:published_time\" content=\"2021-09-30T10:11:59+00:00\" \/>\n<meta property=\"article:modified_time\" content=\"2022-01-25T09:32:09+00:00\" \/>\n<meta property=\"og:image\" content=\"https:\/\/presse.tirol.at\/\/app\/uploads\/2021\/09\/Seekirchl-im-Winter-Seefeld-3.jpg\" \/>\n\t<meta property=\"og:image:width\" content=\"1500\" \/>\n\t<meta property=\"og:image:height\" content=\"1000\" \/>\n\t<meta property=\"og:image:type\" content=\"image\/jpeg\" \/>\n<meta name=\"author\" content=\"Region Seefeld - Tirols Hochplateau\" \/>\n<meta name=\"twitter:card\" content=\"summary_large_image\" \/>\n<meta name=\"twitter:creator\" content=\"@https:\/\/twitter.com\/seefeldtirol\" \/>\n<meta name=\"twitter:label1\" content=\"Scritto da\" \/>\n\t<meta name=\"twitter:data1\" content=\"Region Seefeld - Tirols Hochplateau\" \/>\n\t<meta name=\"twitter:label2\" content=\"Tempo di lettura stimato\" \/>\n\t<meta name=\"twitter:data2\" content=\"3 minutes\" \/>\n\t<meta name=\"twitter:label3\" content=\"Written by\" \/>\n\t<meta name=\"twitter:data3\" content=\"Region Seefeld - Tirols Hochplateau\" \/>\n<script type=\"application\/ld+json\" class=\"yoast-schema-graph\">{\"@context\":\"https:\/\/schema.org\",\"@graph\":[{\"@type\":\"WebPage\",\"@id\":\"https:\/\/presse.tirol.at\/it\/novita-dellinverno-2021-22-nellolympiaregion-seefeld\/126519\/\",\"url\":\"https:\/\/presse.tirol.at\/it\/novita-dellinverno-2021-22-nellolympiaregion-seefeld\/126519\/\",\"name\":\"Novit\u00e0 dell'inverno 2021-22 nell'Olympiaregion Seefeld - Presse.Tirol\",\"isPartOf\":{\"@id\":\"https:\/\/presse.tirol.at\/it\/#website\"},\"primaryImageOfPage\":{\"@id\":\"https:\/\/presse.tirol.at\/it\/novita-dellinverno-2021-22-nellolympiaregion-seefeld\/126519\/#primaryimage\"},\"image\":{\"@id\":\"https:\/\/presse.tirol.at\/it\/novita-dellinverno-2021-22-nellolympiaregion-seefeld\/126519\/#primaryimage\"},\"thumbnailUrl\":\"https:\/\/presse.tirol.at\/app\/uploads\/2021\/09\/Seekirchl-im-Winter-Seefeld-3.jpg\",\"datePublished\":\"2021-09-30T10:11:59+00:00\",\"dateModified\":\"2022-01-25T09:32:09+00:00\",\"author\":{\"@id\":\"https:\/\/presse.tirol.at\/it\/#\/schema\/person\/d17f277487eb17f613128c7d8045aeab\"},\"description\":\"Troverete aggiunto le novit\u00e0 dell'inverno 2021\/22 riguardando nuove strutture, ristoranti, negozi e attivit\u00e0 nell'Olympiaregion Seefeld.\",\"inLanguage\":\"it-IT\",\"potentialAction\":[{\"@type\":\"ReadAction\",\"target\":[\"https:\/\/presse.tirol.at\/it\/novita-dellinverno-2021-22-nellolympiaregion-seefeld\/126519\/\"]}]},{\"@type\":\"ImageObject\",\"inLanguage\":\"it-IT\",\"@id\":\"https:\/\/presse.tirol.at\/it\/novita-dellinverno-2021-22-nellolympiaregion-seefeld\/126519\/#primaryimage\",\"url\":\"https:\/\/presse.tirol.at\/app\/uploads\/2021\/09\/Seekirchl-im-Winter-Seefeld-3.jpg\",\"contentUrl\":\"https:\/\/presse.tirol.at\/app\/uploads\/2021\/09\/Seekirchl-im-Winter-Seefeld-3.jpg\",\"width\":1500,\"height\":1000},{\"@type\":\"WebSite\",\"@id\":\"https:\/\/presse.tirol.at\/it\/#website\",\"url\":\"https:\/\/presse.tirol.at\/it\/\",\"name\":\"Presse.Tirol\",\"description\":\"Regionale Presseplattform der Tirol Werbung und den Tiroler Tourismusverb\u00e4nden\",\"potentialAction\":[{\"@type\":\"SearchAction\",\"target\":{\"@type\":\"EntryPoint\",\"urlTemplate\":\"https:\/\/presse.tirol.at\/it\/?s={search_term_string}\"},\"query-input\":{\"@type\":\"PropertyValueSpecification\",\"valueRequired\":true,\"valueName\":\"search_term_string\"}}],\"inLanguage\":\"it-IT\"},{\"@type\":\"Person\",\"@id\":\"https:\/\/presse.tirol.at\/it\/#\/schema\/person\/d17f277487eb17f613128c7d8045aeab\",\"name\":\"Region Seefeld - Tirols Hochplateau\",\"image\":{\"@type\":\"ImageObject\",\"inLanguage\":\"it-IT\",\"@id\":\"https:\/\/presse.tirol.at\/it\/#\/schema\/person\/image\/c3d4b54a2b6dfc22357934d664721b99\",\"url\":\"https:\/\/secure.gravatar.com\/avatar\/201281c6e10a3b3ffa973cb126c7147ea8c04eca77b2153029ef1b20536ceaed?s=96&d=mm&r=g\",\"contentUrl\":\"https:\/\/secure.gravatar.com\/avatar\/201281c6e10a3b3ffa973cb126c7147ea8c04eca77b2153029ef1b20536ceaed?s=96&d=mm&r=g\",\"caption\":\"Region Seefeld - Tirols Hochplateau\"},\"sameAs\":[\"https:\/\/www.seefeld.com\",\"https:\/\/www.facebook.com\/ORSeefeld\",\"https:\/\/www.instagram.com\/visitseefeld\/\",\"https:\/\/www.linkedin.com\/company\/visitseefeld\/\",\"https:\/\/www.pinterest.de\/visitseefeld\/\",\"https:\/\/x.com\/https:\/\/twitter.com\/seefeldtirol\",\"https:\/\/www.youtube.com\/user\/OlympiaregionSeefeld\",\"https:\/\/de.wikipedia.org\/wiki\/Seefeld_in_Tirol\"]}]}<\/script>\n<!-- \/ Yoast SEO plugin. -->","yoast_head_json":{"title":"Novit\u00e0 dell'inverno 2021-22 nell'Olympiaregion Seefeld - Presse.Tirol","description":"Troverete aggiunto le novit\u00e0 dell'inverno 2021\/22 riguardando nuove strutture, ristoranti, negozi e attivit\u00e0 nell'Olympiaregion Seefeld.","robots":{"index":"index","follow":"follow","max-snippet":"max-snippet:-1","max-image-preview":"max-image-preview:large","max-video-preview":"max-video-preview:-1"},"canonical":"https:\/\/presse.tirol.at\/it\/novita-dellinverno-2021-22-nellolympiaregion-seefeld\/126519\/","og_locale":"it_IT","og_type":"article","og_title":"Novit\u00e0 dell'inverno 2021-22 nell'Olympiaregion Seefeld - Presse.Tirol","og_description":"Troverete aggiunto le novit\u00e0 dell'inverno 2021\/22 riguardando nuove strutture, ristoranti, negozi e attivit\u00e0 nell'Olympiaregion Seefeld.","og_url":"https:\/\/presse.tirol.at\/it\/novita-dellinverno-2021-22-nellolympiaregion-seefeld\/126519\/","og_site_name":"Presse.Tirol","article_author":"https:\/\/www.facebook.com\/ORSeefeld","article_published_time":"2021-09-30T10:11:59+00:00","article_modified_time":"2022-01-25T09:32:09+00:00","og_image":[{"width":1500,"height":1000,"url":"https:\/\/presse.tirol.at\/\/app\/uploads\/2021\/09\/Seekirchl-im-Winter-Seefeld-3.jpg","type":"image\/jpeg"}],"author":"Region Seefeld - Tirols Hochplateau","twitter_card":"summary_large_image","twitter_creator":"@https:\/\/twitter.com\/seefeldtirol","twitter_misc":{"Scritto da":"Region Seefeld - Tirols Hochplateau","Tempo di lettura stimato":"3 minutes","Written by":"Region Seefeld - Tirols Hochplateau"},"schema":{"@context":"https:\/\/schema.org","@graph":[{"@type":"WebPage","@id":"https:\/\/presse.tirol.at\/it\/novita-dellinverno-2021-22-nellolympiaregion-seefeld\/126519\/","url":"https:\/\/presse.tirol.at\/it\/novita-dellinverno-2021-22-nellolympiaregion-seefeld\/126519\/","name":"Novit\u00e0 dell'inverno 2021-22 nell'Olympiaregion Seefeld - Presse.Tirol","isPartOf":{"@id":"https:\/\/presse.tirol.at\/it\/#website"},"primaryImageOfPage":{"@id":"https:\/\/presse.tirol.at\/it\/novita-dellinverno-2021-22-nellolympiaregion-seefeld\/126519\/#primaryimage"},"image":{"@id":"https:\/\/presse.tirol.at\/it\/novita-dellinverno-2021-22-nellolympiaregion-seefeld\/126519\/#primaryimage"},"thumbnailUrl":"https:\/\/presse.tirol.at\/app\/uploads\/2021\/09\/Seekirchl-im-Winter-Seefeld-3.jpg","datePublished":"2021-09-30T10:11:59+00:00","dateModified":"2022-01-25T09:32:09+00:00","author":{"@id":"https:\/\/presse.tirol.at\/it\/#\/schema\/person\/d17f277487eb17f613128c7d8045aeab"},"description":"Troverete aggiunto le novit\u00e0 dell'inverno 2021\/22 riguardando nuove strutture, ristoranti, negozi e attivit\u00e0 nell'Olympiaregion Seefeld.","inLanguage":"it-IT","potentialAction":[{"@type":"ReadAction","target":["https:\/\/presse.tirol.at\/it\/novita-dellinverno-2021-22-nellolympiaregion-seefeld\/126519\/"]}]},{"@type":"ImageObject","inLanguage":"it-IT","@id":"https:\/\/presse.tirol.at\/it\/novita-dellinverno-2021-22-nellolympiaregion-seefeld\/126519\/#primaryimage","url":"https:\/\/presse.tirol.at\/app\/uploads\/2021\/09\/Seekirchl-im-Winter-Seefeld-3.jpg","contentUrl":"https:\/\/presse.tirol.at\/app\/uploads\/2021\/09\/Seekirchl-im-Winter-Seefeld-3.jpg","width":1500,"height":1000},{"@type":"WebSite","@id":"https:\/\/presse.tirol.at\/it\/#website","url":"https:\/\/presse.tirol.at\/it\/","name":"Presse.Tirol","description":"Regionale Presseplattform der Tirol Werbung und den Tiroler Tourismusverb\u00e4nden","potentialAction":[{"@type":"SearchAction","target":{"@type":"EntryPoint","urlTemplate":"https:\/\/presse.tirol.at\/it\/?s={search_term_string}"},"query-input":{"@type":"PropertyValueSpecification","valueRequired":true,"valueName":"search_term_string"}}],"inLanguage":"it-IT"},{"@type":"Person","@id":"https:\/\/presse.tirol.at\/it\/#\/schema\/person\/d17f277487eb17f613128c7d8045aeab","name":"Region Seefeld - Tirols Hochplateau","image":{"@type":"ImageObject","inLanguage":"it-IT","@id":"https:\/\/presse.tirol.at\/it\/#\/schema\/person\/image\/c3d4b54a2b6dfc22357934d664721b99","url":"https:\/\/secure.gravatar.com\/avatar\/201281c6e10a3b3ffa973cb126c7147ea8c04eca77b2153029ef1b20536ceaed?s=96&d=mm&r=g","contentUrl":"https:\/\/secure.gravatar.com\/avatar\/201281c6e10a3b3ffa973cb126c7147ea8c04eca77b2153029ef1b20536ceaed?s=96&d=mm&r=g","caption":"Region Seefeld - Tirols Hochplateau"},"sameAs":["https:\/\/www.seefeld.com","https:\/\/www.facebook.com\/ORSeefeld","https:\/\/www.instagram.com\/visitseefeld\/","https:\/\/www.linkedin.com\/company\/visitseefeld\/","https:\/\/www.pinterest.de\/visitseefeld\/","https:\/\/x.com\/https:\/\/twitter.com\/seefeldtirol","https:\/\/www.youtube.com\/user\/OlympiaregionSeefeld","https:\/\/de.wikipedia.org\/wiki\/Seefeld_in_Tirol"]}]}},"publishpress_future_workflow_manual_trigger":{"enabledWorkflows":[]},"_links":{"self":[{"href":"https:\/\/presse.tirol.at\/it\/wp-json\/wp\/v2\/posts\/126519","targetHints":{"allow":["GET"]}}],"collection":[{"href":"https:\/\/presse.tirol.at\/it\/wp-json\/wp\/v2\/posts"}],"about":[{"href":"https:\/\/presse.tirol.at\/it\/wp-json\/wp\/v2\/types\/post"}],"author":[{"embeddable":true,"href":"https:\/\/presse.tirol.at\/it\/wp-json\/wp\/v2\/users\/60"}],"replies":[{"embeddable":true,"href":"https:\/\/presse.tirol.at\/it\/wp-json\/wp\/v2\/comments?post=126519"}],"version-history":[{"count":0,"href":"https:\/\/presse.tirol.at\/it\/wp-json\/wp\/v2\/posts\/126519\/revisions"}],"wp:featuredmedia":[{"embeddable":true,"href":"https:\/\/presse.tirol.at\/it\/wp-json\/wp\/v2\/media\/126496"}],"wp:attachment":[{"href":"https:\/\/presse.tirol.at\/it\/wp-json\/wp\/v2\/media?parent=126519"}],"wp:term":[{"taxonomy":"category","embeddable":true,"href":"https:\/\/presse.tirol.at\/it\/wp-json\/wp\/v2\/categories?post=126519"},{"taxonomy":"region","embeddable":true,"href":"https:\/\/presse.tirol.at\/it\/wp-json\/wp\/v2\/region?post=126519"},{"taxonomy":"author","embeddable":true,"href":"https:\/\/presse.tirol.at\/it\/wp-json\/wp\/v2\/coauthors?post=126519"}],"curies":[{"name":"wp","href":"https:\/\/api.w.org\/{rel}","templated":true}]}}