{"id":127938,"date":"2021-10-12T11:21:52","date_gmt":"2021-10-12T09:21:52","guid":{"rendered":"https:\/\/presse.tirol.at\/?p=127938"},"modified":"2022-01-27T10:56:20","modified_gmt":"2022-01-27T09:56:20","slug":"novita-dalle-regioni-tirolesi-per-linverno-2021-22","status":"publish","type":"post","link":"https:\/\/presse.tirol.at\/it\/novita-dalle-regioni-tirolesi-per-linverno-2021-22\/127938\/","title":{"rendered":"Novit\u00e0 dalle regioni tirolesi per l\u2019inverno 2021\/22"},"content":{"rendered":"\n<p class=\"intro\">Dopo il difficile anno appena trascorso, il Tirolo \u00e8 pronto a comunicare le novit\u00e0 per la stagione invernale grazie ai tanti investimenti per migliorare le infrastrutture, soprattutto quelle legate agli sport invernali particolari\u2013 come l&#8217;escursionismo invernale o lo sci di fondo.<\/p>\n\n\n\n<figure class=\"wp-block-image size-large\"><img loading=\"lazy\" decoding=\"async\" width=\"1024\" height=\"683\" src=\"https:\/\/presse.tirol.at\/app\/uploads\/2021\/08\/\u00a9-TVB-Tiroler-Oberland-Nauders-Rudi-Wyhlidal-Langlaufen-2018-22-1024x683.jpg\" alt=\"\" class=\"wp-image-120491\" srcset=\"https:\/\/presse.tirol.at\/app\/uploads\/2021\/08\/\u00a9-TVB-Tiroler-Oberland-Nauders-Rudi-Wyhlidal-Langlaufen-2018-22-1024x683.jpg 1024w, https:\/\/presse.tirol.at\/app\/uploads\/2021\/08\/\u00a9-TVB-Tiroler-Oberland-Nauders-Rudi-Wyhlidal-Langlaufen-2018-22-300x200.jpg 300w, https:\/\/presse.tirol.at\/app\/uploads\/2021\/08\/\u00a9-TVB-Tiroler-Oberland-Nauders-Rudi-Wyhlidal-Langlaufen-2018-22-768x512.jpg 768w, https:\/\/presse.tirol.at\/app\/uploads\/2021\/08\/\u00a9-TVB-Tiroler-Oberland-Nauders-Rudi-Wyhlidal-Langlaufen-2018-22.jpg 1200w\" sizes=\"auto, (max-width: 1024px) 100vw, 1024px\" \/><figcaption>Nuove piste di sci di fondo a Nauders &copy; Rudi Wyhlidal, TVB Tiroler Oberland Nauders<\/figcaption><\/figure>\n\n\n\n<p><strong>Giornate escursionistiche invernali a Kartitsch: 100% natura<\/strong><br>Dal 10 al 13 marzo 2022 sono in programma panoramici trekking nella natura incontaminata nell\u2019incantevole paese di Kartitsch nell\u2019Osttirol (Tirolo orientale): qui si svolgono le \u201cGiornate europee di escursionismo invernale\u201d. Tutte le escursioni proposte, ad esempio sul Belvedere di Dorfberg, sono accompagnate da guide escursionistiche ufficiali. Le escursioni sono proposte in italiano, tedesco e inglese: un\u2019occasione imperdibile per immergersi nelle tradizioni e nella bellezza di questo territorio. <a href=\"http:\/\/www.osttirol.com\/it\/scoprire-e-vivere\/manifestazioni\/europaeische-winterwandertage\" target=\"_blank\" rel=\"noreferrer noopener\"><em>www.osttirol.com\/it\/scoprire-e-vivere\/manifestazioni\/europaeische-winterwandertage<\/em><\/a><\/p>\n\n\n\n<p><strong>Lontano dal trambusto: sport in formato \u201cslow motion\u201d nei caratteristici paesi alpini della Wipptal<\/strong><br>Chi \u00e8 alla ricerca di un idillio invernale lontano dal trambusto e immerso nella natura incontaminata, pu\u00f2 recarsi nella idilliaca valle di Gschnitztal con le sue piccole e incantevoli cittadine di Trins e Gschnitz: questa valle laterale della Wipptal, molto vicino al Brennero, ha mantenuto il suo carattere originale, seguendo il motto \u201cless is more\u201d. La valle Gschnitztal offre un&#8217;esperienza di vacanza \u201csoft\u201d: qui gli ospiti si avvicinano alla natura con le racchette da neve, lo sci alpinismo o lo sci di fondo.<\/p>\n\n\n\n<p>Un servizio speciale \u00e8 offerto anche a St. Jodok \/ Schmirn \/ Vals: una navetta giornaliera porta scialpinisti, escursionisti (con o senza ciaspole) ai punti di partenza dei tour; il rientro \u00e8 previsto nel pomeriggio.<br><a href=\"http:\/\/www.wipptal.at\/it\/wipptal-da-vivere\/inverno\/\" target=\"_blank\" rel=\"noreferrer noopener\"><em>www.wipptal.at\/it\/wipptal-da-vivere\/inverno\/<\/em><\/a><\/p>\n\n\n\n<p><strong>\u201cLumagica\u201d a Innsbruck illumina il periodo natalizio questo inverno<\/strong><br>Il magico parco luci \u201cLumagica\u201d nell&#8217;Hofgarten di Innsbruck continuer\u00e0 quest&#8217;inverno e ispirer\u00e0 i visitatori ancora una volta con oltre 300 creature mitiche e naturali sapientemente illuminate, installazioni luminose interattive e fotografie magiche. Dal 5 novembre 2021 al 9 gennaio 2022.<br><a href=\"http:\/\/www.innsbruck.info\/it\/usi-e-costumi\/eventi-di-punta\/lumagica-innsbruck.html\" target=\"_blank\" rel=\"noreferrer noopener\"><em>www.innsbruck.info\/it\/usi-e-costumi\/eventi-di-punta\/lumagica-innsbruck.html<\/em><\/a><\/p>\n\n\n\n<figure class=\"wp-block-image size-large\"><img loading=\"lazy\" decoding=\"async\" width=\"1024\" height=\"683\" src=\"https:\/\/presse.tirol.at\/app\/uploads\/2021\/08\/LUMAGICA-Innsbruck_c_Innsbruck-Tourismus-Danijel-Jovanovic-1024x683.jpg\" alt=\"\" class=\"wp-image-121001\" srcset=\"https:\/\/presse.tirol.at\/app\/uploads\/2021\/08\/LUMAGICA-Innsbruck_c_Innsbruck-Tourismus-Danijel-Jovanovic-1024x683.jpg 1024w, https:\/\/presse.tirol.at\/app\/uploads\/2021\/08\/LUMAGICA-Innsbruck_c_Innsbruck-Tourismus-Danijel-Jovanovic-300x200.jpg 300w, https:\/\/presse.tirol.at\/app\/uploads\/2021\/08\/LUMAGICA-Innsbruck_c_Innsbruck-Tourismus-Danijel-Jovanovic-768x512.jpg 768w, https:\/\/presse.tirol.at\/app\/uploads\/2021\/08\/LUMAGICA-Innsbruck_c_Innsbruck-Tourismus-Danijel-Jovanovic-1536x1024.jpg 1536w, https:\/\/presse.tirol.at\/app\/uploads\/2021\/08\/LUMAGICA-Innsbruck_c_Innsbruck-Tourismus-Danijel-Jovanovic-2048x1366.jpg 2048w\" sizes=\"auto, (max-width: 1024px) 100vw, 1024px\" \/><figcaption>Lumagica &#8211; il magico parco luci &copy; Innsbruck Tourismus Danijel Jovanovic<\/figcaption><\/figure>\n\n\n\n<p><strong>Pi\u00f9 comfort a Nauders: la nuova seggiovia Goldseebahn inaugura la sua prima stagione<\/strong><br>Nel comprensorio sciistico di Nauders, vicino al passo Resia, la nuova seggiovia a sei posti Goldseebahn entrer\u00e0 in funzione nella stagione 2021\/22: ideale per bambini e famiglie, la seggiovia ha i dispositivi di sicurezza per i piccoli sciatori, il riscaldamento del seggiolino, il cappuccio di protezione dalle intemperie e una maggiore stabilit\u00e0 al vento. La Goldseebahn sostituir\u00e0 tre impianti di risalita nel comprensorio sciistico di Nauders entro la stagione 2022\/23, regalando pi\u00f9 comfort agli sciatori. Le pendenze saranno adattate nell&#8217;area del nuovo impianto e le aree pi\u00f9 ripide saranno rese meno impegnative.<br><a href=\"http:\/\/www.nauders.com\/de\/Ihr-Nauders\/Im-Winter\/Skigebiet-Nauders\/Aktuelle-Bilder\" target=\"_blank\" rel=\"noreferrer noopener\"><em>www.nauders.com\/de<\/em><\/a><\/p>\n\n\n\n<p><strong>Sciare senza fine nello SkiWelt Wilder Kaiser-Brixental e KitzSki<\/strong><br>Per tutti coloro che non ne hanno mai abbastanza di sciare, lo SkiWelt Wilder Kaiser-Brixental e KitzSki offrono una nuova sfida in vista di questa stagione invernale: il circuito sciistico pi\u00f9 lungo del mondo che collega lo SkiWelt con il comprensorio sciistico KitzSki. Ci\u00f2 significa che si pu\u00f2 sciare da Going am Wilden Kaiser attraverso le Alpi di Kitzb\u00fchel fino a Hollersbach negli Alti Tauri senza fare due volte la stessa pista. Il circuito di 80 chilometri pu\u00f2 essere avviato da qualsiasi luogo, con un solo biglietto: il biglietto KitzSkiWelt.  <a href=\"https:\/\/www.skiwelt.at\/it\/skiwelt-wilder-kaiser-brixental-zona-sciistica.html\" target=\"_blank\" rel=\"noreferrer noopener\"><em>www.skiwelt.<\/em>at<\/a><\/p>\n\n\n\n<figure class=\"wp-block-image size-large\"><img loading=\"lazy\" decoding=\"async\" width=\"1024\" height=\"576\" src=\"https:\/\/presse.tirol.at\/app\/uploads\/2021\/08\/Goldseebahn-Nauders-5-1024x576.png\" alt=\"\" class=\"wp-image-122655\" srcset=\"https:\/\/presse.tirol.at\/app\/uploads\/2021\/08\/Goldseebahn-Nauders-5-1024x576.png 1024w, https:\/\/presse.tirol.at\/app\/uploads\/2021\/08\/Goldseebahn-Nauders-5-300x169.png 300w, https:\/\/presse.tirol.at\/app\/uploads\/2021\/08\/Goldseebahn-Nauders-5-768x432.png 768w, https:\/\/presse.tirol.at\/app\/uploads\/2021\/08\/Goldseebahn-Nauders-5-1536x864.png 1536w, https:\/\/presse.tirol.at\/app\/uploads\/2021\/08\/Goldseebahn-Nauders-5-2048x1152.png 2048w, https:\/\/presse.tirol.at\/app\/uploads\/2021\/08\/Goldseebahn-Nauders-5-443x248.png 443w, https:\/\/presse.tirol.at\/app\/uploads\/2021\/08\/Goldseebahn-Nauders-5-375x210.png 375w\" sizes=\"auto, (max-width: 1024px) 100vw, 1024px\" \/><figcaption>La nuova seggiovia &#8220;Goldseebahn&#8221; &copy; Nauderer Bergbahnen<\/figcaption><\/figure>\n\n\n\n<p><strong>Sostenibilit\u00e0: premiati i comprensori sciistici rispettosi del clima<\/strong><br>Due stazioni sciistiche in Tirolo sono state premiate per il loro impegno in termini di sostenibilit\u00e0 e protezione del clima: la Silvretta Arena di Paznaun sta lavorando per diventare climaticamente neutra dal 2019. A tal fine, le emissioni di gas serra nel comprensorio sciistico sono calcolate, ridotte ove possibile e tutte le emissioni inevitabili sono compensate da progetti riconosciuti di protezione del clima. Dall&#8217;inizio del 2021, Silvrettaseilbahn AG gestisce tutte le strutture, i ristoranti di montagna e gli impianti sulla neve con elettricit\u00e0 verde al 100%, ottenendo l\u2019eco-certificato \u201c\u00d6kostrom-Zertifikat\u201d.<br><a href=\"http:\/\/www.ischgl.com\/en\/More\/Silvrettaseilbahn-AG-the-company\/climate-neutral-lift-operations\" target=\"_blank\" rel=\"noreferrer noopener\"><em>www.ischgl.com\/en\/<\/em><\/a><\/p>\n\n\n\n<p>Anche nello SkiWelt Wilder Kaiser-Brixental vengono adottate diverse misure di protezione ambientale per rendere le operazioni ancora pi\u00f9 sostenibili: tra le altre cose, l&#8217;impianto solare \u00e8 alimentato al 100% a energia solare. L&#8217;energia per l&#8217;intero sistema proviene al 100% dall&#8217;energia idroelettrica, le misure di costruzione sono accompagnate da esperti di conservazione della natura e persino i colori degli edifici sono in armonia con la natura. Per questi sforzi, lo SkiWelt Wilder Kaiser-Brixental ha gi\u00e0 ricevuto diversi premi ed \u00e8 stato recentemente votato come una delle \u201cstazioni sciistiche pi\u00f9 rispettose dell&#8217;ambiente in Austria\u201d dalla piattaforma skiresort.de.<br><a href=\"http:\/\/www.skiwelt.at\/it\/lo-skiwelt-punta-sull-ecologia.html\" target=\"_blank\" rel=\"noreferrer noopener\"><em>www.skiwelt.at\/it\/lo-skiwelt-punta-sull-ecologia.html<\/em><\/a><\/p>\n\n\n\n<figure class=\"wp-block-image size-large\"><img loading=\"lazy\" decoding=\"async\" width=\"1024\" height=\"684\" src=\"https:\/\/presse.tirol.at\/app\/uploads\/2021\/08\/\u00a9-SkiWelt-Wilder-Kaiser-\u2013-Brixental-Tim-Marcour-11-1024x684.jpg\" alt=\"\" class=\"wp-image-120489\" srcset=\"https:\/\/presse.tirol.at\/app\/uploads\/2021\/08\/\u00a9-SkiWelt-Wilder-Kaiser-\u2013-Brixental-Tim-Marcour-11-1024x684.jpg 1024w, https:\/\/presse.tirol.at\/app\/uploads\/2021\/08\/\u00a9-SkiWelt-Wilder-Kaiser-\u2013-Brixental-Tim-Marcour-11-300x200.jpg 300w, https:\/\/presse.tirol.at\/app\/uploads\/2021\/08\/\u00a9-SkiWelt-Wilder-Kaiser-\u2013-Brixental-Tim-Marcour-11-768x513.jpg 768w, https:\/\/presse.tirol.at\/app\/uploads\/2021\/08\/\u00a9-SkiWelt-Wilder-Kaiser-\u2013-Brixental-Tim-Marcour-11-1536x1025.jpg 1536w, https:\/\/presse.tirol.at\/app\/uploads\/2021\/08\/\u00a9-SkiWelt-Wilder-Kaiser-\u2013-Brixental-Tim-Marcour-11-2048x1367.jpg 2048w\" sizes=\"auto, (max-width: 1024px) 100vw, 1024px\" \/><figcaption>Piste da sci perfette nello SkiWelt Wilder Kaiser &copy; SkiWelt Wilder Kaiser \u2013 Brixental, Tim Marcour<\/figcaption><\/figure>\n\n\n\n<p><strong>Corsa transfrontaliera con Venosta Nordic<\/strong><br>In futuro, Nauders far\u00e0 parte della nuova rete di sci di fondo Venosta Nordic, che collega sei aree di sci di fondo con nove piste a Nauders e in Val Venosta. Ci sono circa 90 chilometri di piste da fondo tra cui scegliere con un solo biglietto (biglietto di 7 giorni a \u20ac 18,00): tra questi ci sono idilliaci itinerari nel bosco, impegnative piste d&#8217;alta quota e piste panoramiche splendidamente posizionate.<br><a href=\"http:\/\/www.venosta.net\/it\/vacanze-in-montagna\/sci-sport-invernali\/sci-di-fondo-biathlon.html\" target=\"_blank\" rel=\"noreferrer noopener\"><em>www.venosta.net\/it<\/em><\/a><\/p>\n\n\n\n<p><strong>Nuovo impianto di risalita Rosskarbahn a Obergurgl<\/strong><br>A Obergurgl, nella \u00d6tztal, la Rosskarbahn viene rinnovata: la stazione a monte si avviciner\u00e0 alla stazione Festkogl offrendo ai pedoni un migliore collegamento con l&#8217;Alpe Festkogl. Anche la capacit\u00e0 di trasporto \u00e8 impressionante: 2.400 persone possono essere trasportate all&#8217;ora con l&#8217;ultimo sistema Doppelmayr. <a href=\"https:\/\/www.gurgl.com\/summer\/new-projects.html\" target=\"_blank\" rel=\"noreferrer noopener\"><em>www.obergurgl.com\/<\/em><\/a><\/p>\n\n\n\n<p><strong>Impianto di allenamento per appassionati: centro slittino su pista naturale a Navis<\/strong><br>Ottime notizie per gli appassionati di slittino: a Navis, nella Wipptal, \u00e8 stato aperto il centro sportivo per slittini su pista naturale. Non solo gli agonisti trovano qui le condizioni ideali: il centro diventer\u00e0 anche la sede di competizioni nazionali e internazionali.<br><a href=\"http:\/\/www.rodelsportzentrum-navis.tirol\/\" target=\"_blank\" rel=\"noreferrer noopener\">www.rodelsportzentrum-navis.tirol<\/a><\/p>\n","protected":false},"excerpt":{"rendered":"<p>Dopo il difficile anno appena trascorso, il Tirolo \u00e8 pronto a comunicare le novit\u00e0 per la stagione invernale grazie ai \u2026<\/p>\n","protected":false},"author":17,"featured_media":125473,"comment_status":"closed","ping_status":"closed","sticky":false,"template":"","format":"standard","meta":{"_acf_changed":false,"footnotes":""},"categories":[301,269,296],"region":[109],"coauthors":[292],"class_list":["post-127938","post","type-post","status-publish","format-standard","has-post-thumbnail","hentry","category-escursionismo-invernale","category-sci-di-fondo","category-sciare","region-tirol-werbung"],"acf":[],"yoast_head":"<!-- This site is optimized with the Yoast SEO plugin v25.1 - https:\/\/yoast.com\/wordpress\/plugins\/seo\/ -->\n<title>Novit\u00e0 dalle regioni tirolesi per l\u2019inverno 2021\/22 - Presse.Tirol<\/title>\n<meta name=\"robots\" content=\"index, follow, max-snippet:-1, max-image-preview:large, max-video-preview:-1\" \/>\n<link rel=\"canonical\" href=\"https:\/\/presse.tirol.at\/it\/novita-dalle-regioni-tirolesi-per-linverno-2021-22\/127938\/\" \/>\n<meta property=\"og:locale\" content=\"it_IT\" \/>\n<meta property=\"og:type\" content=\"article\" \/>\n<meta property=\"og:title\" content=\"Novit\u00e0 dalle regioni tirolesi per l\u2019inverno 2021\/22 - Presse.Tirol\" \/>\n<meta property=\"og:description\" content=\"Dopo il difficile anno appena trascorso, il Tirolo \u00e8 pronto a comunicare le novit\u00e0 per la stagione invernale grazie ai \u2026\" \/>\n<meta property=\"og:url\" content=\"https:\/\/presse.tirol.at\/it\/novita-dalle-regioni-tirolesi-per-linverno-2021-22\/127938\/\" \/>\n<meta property=\"og:site_name\" content=\"Presse.Tirol\" \/>\n<meta property=\"article:published_time\" content=\"2021-10-12T09:21:52+00:00\" \/>\n<meta property=\"article:modified_time\" content=\"2022-01-27T09:56:20+00:00\" \/>\n<meta property=\"og:image\" content=\"https:\/\/presse.tirol.at\/app\/uploads\/2021\/09\/LUMAGICA-Innsbruck-2-c-Innsbruck-Tourismus-Danijel-Jovanovic-scaled.jpg\" \/>\n\t<meta property=\"og:image:width\" content=\"2560\" \/>\n\t<meta property=\"og:image:height\" content=\"1707\" \/>\n\t<meta property=\"og:image:type\" content=\"image\/jpeg\" \/>\n<meta name=\"author\" content=\"Martina Nairz\" \/>\n<meta name=\"twitter:card\" content=\"summary_large_image\" \/>\n<meta name=\"twitter:label1\" content=\"Scritto da\" \/>\n\t<meta name=\"twitter:data1\" content=\"Martina Nairz\" \/>\n\t<meta name=\"twitter:label2\" content=\"Tempo di lettura stimato\" \/>\n\t<meta name=\"twitter:data2\" content=\"5 minutes\" \/>\n\t<meta name=\"twitter:label3\" content=\"Written by\" \/>\n\t<meta name=\"twitter:data3\" content=\"Martina Nairz\" \/>\n<script type=\"application\/ld+json\" class=\"yoast-schema-graph\">{\"@context\":\"https:\/\/schema.org\",\"@graph\":[{\"@type\":\"WebPage\",\"@id\":\"https:\/\/presse.tirol.at\/it\/novita-dalle-regioni-tirolesi-per-linverno-2021-22\/127938\/\",\"url\":\"https:\/\/presse.tirol.at\/it\/novita-dalle-regioni-tirolesi-per-linverno-2021-22\/127938\/\",\"name\":\"Novit\u00e0 dalle regioni tirolesi per l\u2019inverno 2021\/22 - Presse.Tirol\",\"isPartOf\":{\"@id\":\"https:\/\/presse.tirol.at\/it\/#website\"},\"primaryImageOfPage\":{\"@id\":\"https:\/\/presse.tirol.at\/it\/novita-dalle-regioni-tirolesi-per-linverno-2021-22\/127938\/#primaryimage\"},\"image\":{\"@id\":\"https:\/\/presse.tirol.at\/it\/novita-dalle-regioni-tirolesi-per-linverno-2021-22\/127938\/#primaryimage\"},\"thumbnailUrl\":\"https:\/\/presse.tirol.at\/app\/uploads\/2021\/09\/LUMAGICA-Innsbruck-2-c-Innsbruck-Tourismus-Danijel-Jovanovic-scaled.jpg\",\"datePublished\":\"2021-10-12T09:21:52+00:00\",\"dateModified\":\"2022-01-27T09:56:20+00:00\",\"author\":{\"@id\":\"https:\/\/presse.tirol.at\/it\/#\/schema\/person\/7a01d43ecdf024eeb61ea2a3d4edcdc3\"},\"inLanguage\":\"it-IT\",\"potentialAction\":[{\"@type\":\"ReadAction\",\"target\":[\"https:\/\/presse.tirol.at\/it\/novita-dalle-regioni-tirolesi-per-linverno-2021-22\/127938\/\"]}]},{\"@type\":\"ImageObject\",\"inLanguage\":\"it-IT\",\"@id\":\"https:\/\/presse.tirol.at\/it\/novita-dalle-regioni-tirolesi-per-linverno-2021-22\/127938\/#primaryimage\",\"url\":\"https:\/\/presse.tirol.at\/app\/uploads\/2021\/09\/LUMAGICA-Innsbruck-2-c-Innsbruck-Tourismus-Danijel-Jovanovic-scaled.jpg\",\"contentUrl\":\"https:\/\/presse.tirol.at\/app\/uploads\/2021\/09\/LUMAGICA-Innsbruck-2-c-Innsbruck-Tourismus-Danijel-Jovanovic-scaled.jpg\",\"width\":2560,\"height\":1707,\"caption\":\"Auch im Winter 2021\/22 werden die majest\u00e4tischen Waldbewohner der LUMAGICA-Ausstellung wieder zu sehen sein.\"},{\"@type\":\"WebSite\",\"@id\":\"https:\/\/presse.tirol.at\/it\/#website\",\"url\":\"https:\/\/presse.tirol.at\/it\/\",\"name\":\"Presse.Tirol\",\"description\":\"Regionale Presseplattform der Tirol Werbung und den Tiroler Tourismusverb\u00e4nden\",\"potentialAction\":[{\"@type\":\"SearchAction\",\"target\":{\"@type\":\"EntryPoint\",\"urlTemplate\":\"https:\/\/presse.tirol.at\/it\/?s={search_term_string}\"},\"query-input\":{\"@type\":\"PropertyValueSpecification\",\"valueRequired\":true,\"valueName\":\"search_term_string\"}}],\"inLanguage\":\"it-IT\"},{\"@type\":\"Person\",\"@id\":\"https:\/\/presse.tirol.at\/it\/#\/schema\/person\/7a01d43ecdf024eeb61ea2a3d4edcdc3\",\"name\":\"Martina Nairz\",\"image\":{\"@type\":\"ImageObject\",\"inLanguage\":\"it-IT\",\"@id\":\"https:\/\/presse.tirol.at\/it\/#\/schema\/person\/image\/b47273d486f1e6665f0c420330a009a6\",\"url\":\"https:\/\/secure.gravatar.com\/avatar\/b665805ca9d0b765eb68d4309bc5cbc59f9f79685c7853e60e3f0e084b24276d?s=96&d=mm&r=g\",\"contentUrl\":\"https:\/\/secure.gravatar.com\/avatar\/b665805ca9d0b765eb68d4309bc5cbc59f9f79685c7853e60e3f0e084b24276d?s=96&d=mm&r=g\",\"caption\":\"Martina Nairz\"}}]}<\/script>\n<!-- \/ Yoast SEO plugin. -->","yoast_head_json":{"title":"Novit\u00e0 dalle regioni tirolesi per l\u2019inverno 2021\/22 - Presse.Tirol","robots":{"index":"index","follow":"follow","max-snippet":"max-snippet:-1","max-image-preview":"max-image-preview:large","max-video-preview":"max-video-preview:-1"},"canonical":"https:\/\/presse.tirol.at\/it\/novita-dalle-regioni-tirolesi-per-linverno-2021-22\/127938\/","og_locale":"it_IT","og_type":"article","og_title":"Novit\u00e0 dalle regioni tirolesi per l\u2019inverno 2021\/22 - Presse.Tirol","og_description":"Dopo il difficile anno appena trascorso, il Tirolo \u00e8 pronto a comunicare le novit\u00e0 per la stagione invernale grazie ai \u2026","og_url":"https:\/\/presse.tirol.at\/it\/novita-dalle-regioni-tirolesi-per-linverno-2021-22\/127938\/","og_site_name":"Presse.Tirol","article_published_time":"2021-10-12T09:21:52+00:00","article_modified_time":"2022-01-27T09:56:20+00:00","og_image":[{"width":2560,"height":1707,"url":"https:\/\/presse.tirol.at\/app\/uploads\/2021\/09\/LUMAGICA-Innsbruck-2-c-Innsbruck-Tourismus-Danijel-Jovanovic-scaled.jpg","type":"image\/jpeg"}],"author":"Martina Nairz","twitter_card":"summary_large_image","twitter_misc":{"Scritto da":"Martina Nairz","Tempo di lettura stimato":"5 minutes","Written by":"Martina Nairz"},"schema":{"@context":"https:\/\/schema.org","@graph":[{"@type":"WebPage","@id":"https:\/\/presse.tirol.at\/it\/novita-dalle-regioni-tirolesi-per-linverno-2021-22\/127938\/","url":"https:\/\/presse.tirol.at\/it\/novita-dalle-regioni-tirolesi-per-linverno-2021-22\/127938\/","name":"Novit\u00e0 dalle regioni tirolesi per l\u2019inverno 2021\/22 - Presse.Tirol","isPartOf":{"@id":"https:\/\/presse.tirol.at\/it\/#website"},"primaryImageOfPage":{"@id":"https:\/\/presse.tirol.at\/it\/novita-dalle-regioni-tirolesi-per-linverno-2021-22\/127938\/#primaryimage"},"image":{"@id":"https:\/\/presse.tirol.at\/it\/novita-dalle-regioni-tirolesi-per-linverno-2021-22\/127938\/#primaryimage"},"thumbnailUrl":"https:\/\/presse.tirol.at\/app\/uploads\/2021\/09\/LUMAGICA-Innsbruck-2-c-Innsbruck-Tourismus-Danijel-Jovanovic-scaled.jpg","datePublished":"2021-10-12T09:21:52+00:00","dateModified":"2022-01-27T09:56:20+00:00","author":{"@id":"https:\/\/presse.tirol.at\/it\/#\/schema\/person\/7a01d43ecdf024eeb61ea2a3d4edcdc3"},"inLanguage":"it-IT","potentialAction":[{"@type":"ReadAction","target":["https:\/\/presse.tirol.at\/it\/novita-dalle-regioni-tirolesi-per-linverno-2021-22\/127938\/"]}]},{"@type":"ImageObject","inLanguage":"it-IT","@id":"https:\/\/presse.tirol.at\/it\/novita-dalle-regioni-tirolesi-per-linverno-2021-22\/127938\/#primaryimage","url":"https:\/\/presse.tirol.at\/app\/uploads\/2021\/09\/LUMAGICA-Innsbruck-2-c-Innsbruck-Tourismus-Danijel-Jovanovic-scaled.jpg","contentUrl":"https:\/\/presse.tirol.at\/app\/uploads\/2021\/09\/LUMAGICA-Innsbruck-2-c-Innsbruck-Tourismus-Danijel-Jovanovic-scaled.jpg","width":2560,"height":1707,"caption":"Auch im Winter 2021\/22 werden die majest\u00e4tischen Waldbewohner der LUMAGICA-Ausstellung wieder zu sehen sein."},{"@type":"WebSite","@id":"https:\/\/presse.tirol.at\/it\/#website","url":"https:\/\/presse.tirol.at\/it\/","name":"Presse.Tirol","description":"Regionale Presseplattform der Tirol Werbung und den Tiroler Tourismusverb\u00e4nden","potentialAction":[{"@type":"SearchAction","target":{"@type":"EntryPoint","urlTemplate":"https:\/\/presse.tirol.at\/it\/?s={search_term_string}"},"query-input":{"@type":"PropertyValueSpecification","valueRequired":true,"valueName":"search_term_string"}}],"inLanguage":"it-IT"},{"@type":"Person","@id":"https:\/\/presse.tirol.at\/it\/#\/schema\/person\/7a01d43ecdf024eeb61ea2a3d4edcdc3","name":"Martina Nairz","image":{"@type":"ImageObject","inLanguage":"it-IT","@id":"https:\/\/presse.tirol.at\/it\/#\/schema\/person\/image\/b47273d486f1e6665f0c420330a009a6","url":"https:\/\/secure.gravatar.com\/avatar\/b665805ca9d0b765eb68d4309bc5cbc59f9f79685c7853e60e3f0e084b24276d?s=96&d=mm&r=g","contentUrl":"https:\/\/secure.gravatar.com\/avatar\/b665805ca9d0b765eb68d4309bc5cbc59f9f79685c7853e60e3f0e084b24276d?s=96&d=mm&r=g","caption":"Martina Nairz"}}]}},"publishpress_future_workflow_manual_trigger":{"enabledWorkflows":[]},"_links":{"self":[{"href":"https:\/\/presse.tirol.at\/it\/wp-json\/wp\/v2\/posts\/127938","targetHints":{"allow":["GET"]}}],"collection":[{"href":"https:\/\/presse.tirol.at\/it\/wp-json\/wp\/v2\/posts"}],"about":[{"href":"https:\/\/presse.tirol.at\/it\/wp-json\/wp\/v2\/types\/post"}],"author":[{"embeddable":true,"href":"https:\/\/presse.tirol.at\/it\/wp-json\/wp\/v2\/users\/17"}],"replies":[{"embeddable":true,"href":"https:\/\/presse.tirol.at\/it\/wp-json\/wp\/v2\/comments?post=127938"}],"version-history":[{"count":0,"href":"https:\/\/presse.tirol.at\/it\/wp-json\/wp\/v2\/posts\/127938\/revisions"}],"wp:featuredmedia":[{"embeddable":true,"href":"https:\/\/presse.tirol.at\/it\/wp-json\/wp\/v2\/media\/125473"}],"wp:attachment":[{"href":"https:\/\/presse.tirol.at\/it\/wp-json\/wp\/v2\/media?parent=127938"}],"wp:term":[{"taxonomy":"category","embeddable":true,"href":"https:\/\/presse.tirol.at\/it\/wp-json\/wp\/v2\/categories?post=127938"},{"taxonomy":"region","embeddable":true,"href":"https:\/\/presse.tirol.at\/it\/wp-json\/wp\/v2\/region?post=127938"},{"taxonomy":"author","embeddable":true,"href":"https:\/\/presse.tirol.at\/it\/wp-json\/wp\/v2\/coauthors?post=127938"}],"curies":[{"name":"wp","href":"https:\/\/api.w.org\/{rel}","templated":true}]}}