{"id":183373,"date":"2022-12-21T10:54:00","date_gmt":"2022-12-21T09:54:00","guid":{"rendered":"https:\/\/presse.tirol.at\/nachhaltiger-winterurlaub-in-tirol\/183373\/"},"modified":"2022-12-21T13:23:17","modified_gmt":"2022-12-21T12:23:17","slug":"vacanze-sostenibili-inverno","status":"publish","type":"post","link":"https:\/\/presse.tirol.at\/it\/vacanze-sostenibili-inverno\/183373\/","title":{"rendered":"Vacanze sostenibili: In Tirolo l&#8217;inverno \u00e8 green"},"content":{"rendered":"\n<p class=\"intro\">Dal viaggio con i mezzi pubblici agli alloggi con sigillo ecosostenibile, dai ristoranti con prodotti regionali alle attivit\u00e0 invernali con una bassa impatto ambientale: il Tirolo offre una vacanza sostenibile, amica della natura e dell\u2019ambiente.<\/p>\n\n\n\n<figure class=\"wp-block-image size-large\"><img loading=\"lazy\" decoding=\"async\" width=\"1024\" height=\"637\" src=\"https:\/\/presse.tirol.at\/app\/uploads\/2022\/11\/DB-ICE_Tirol-Werbung_Kapferer-Johann_Keine-Ortsangabe-1024x637.jpg\" alt=\"\" class=\"wp-image-178181\" srcset=\"https:\/\/presse.tirol.at\/app\/uploads\/2022\/11\/DB-ICE_Tirol-Werbung_Kapferer-Johann_Keine-Ortsangabe-1024x637.jpg 1024w, https:\/\/presse.tirol.at\/app\/uploads\/2022\/11\/DB-ICE_Tirol-Werbung_Kapferer-Johann_Keine-Ortsangabe-300x187.jpg 300w, https:\/\/presse.tirol.at\/app\/uploads\/2022\/11\/DB-ICE_Tirol-Werbung_Kapferer-Johann_Keine-Ortsangabe-768x478.jpg 768w, https:\/\/presse.tirol.at\/app\/uploads\/2022\/11\/DB-ICE_Tirol-Werbung_Kapferer-Johann_Keine-Ortsangabe-1536x955.jpg 1536w, https:\/\/presse.tirol.at\/app\/uploads\/2022\/11\/DB-ICE_Tirol-Werbung_Kapferer-Johann_Keine-Ortsangabe-2048x1274.jpg 2048w\" sizes=\"auto, (max-width: 1024px) 100vw, 1024px\" \/><figcaption>DB ICE &copy; Tirol Werbung, Johann Kapferer<\/figcaption><\/figure>\n\n\n\n<h2 class=\"wp-block-heading\">Mangiare e dormire consapevolmente: alloggi sostenibili<\/h2>\n\n\n\n<p>Prodotti freschi delle vicine fattorie, camere eleganti arredate dagli artigiani regionali, prodotti per la cura del corpo scelti in base a criteri green: <strong>il Tirolo si impegna per un turismo sostenibile, garantito anche dal marchio austriaco Ecolabel.<\/strong><strong><\/strong><\/p>\n\n\n\n<p>Un esempio \u00e8 il BIO Hotel <a href=\"https:\/\/www.leutascherhof.at\/magazin\/artikel\/der-leutascherhof-ist-klimaneutrales-bio-hotel\/\" target=\"_blank\" rel=\"noreferrer noopener\">Leutascherhof<\/a> vicino a Seefeld che \u00e8 stato recentemente premiato come uno dei primi hotel a impatto climatico zero in Tirolo. La certificazione \u00e8 il premio per il lungo e coerente percorso verso una maggiore compatibilit\u00e0 ambientale e una gestione sostenibile. Dal 2008 l&#8217;azienda \u00e8 un hotel biologico certificato, impegnato a ridurre le emissioni di CO2 in tutte le aree della casa. Anche le aziende elencate tra i &#8220;Bio-Hotels Tirol&#8221;, molte delle quali sono a conduzione famigliare, lavorano per preservare l&#8217;ambiente affidandosi a prodotti regionali, proponendo cucina vegetariana e vegana, utilizzando materiali naturali e elettricit\u00e0 proveniente da fonti energetiche rinnovabili.<\/p>\n\n\n\n<figure class=\"wp-block-image size-large\"><img loading=\"lazy\" decoding=\"async\" width=\"1024\" height=\"681\" src=\"https:\/\/presse.tirol.at\/app\/uploads\/2022\/11\/Biohotel-Leutascher-Hof_Copyright-Biohotel-Leutascher-Hof-1024x681.jpg\" alt=\"Biohotel Leutascher Hof\" class=\"wp-image-178174\" srcset=\"https:\/\/presse.tirol.at\/app\/uploads\/2022\/11\/Biohotel-Leutascher-Hof_Copyright-Biohotel-Leutascher-Hof-1024x681.jpg 1024w, https:\/\/presse.tirol.at\/app\/uploads\/2022\/11\/Biohotel-Leutascher-Hof_Copyright-Biohotel-Leutascher-Hof-300x200.jpg 300w, https:\/\/presse.tirol.at\/app\/uploads\/2022\/11\/Biohotel-Leutascher-Hof_Copyright-Biohotel-Leutascher-Hof-768x511.jpg 768w, https:\/\/presse.tirol.at\/app\/uploads\/2022\/11\/Biohotel-Leutascher-Hof_Copyright-Biohotel-Leutascher-Hof-1536x1022.jpg 1536w, https:\/\/presse.tirol.at\/app\/uploads\/2022\/11\/Biohotel-Leutascher-Hof_Copyright-Biohotel-Leutascher-Hof-2048x1363.jpg 2048w\" sizes=\"auto, (max-width: 1024px) 100vw, 1024px\" \/><figcaption>Biohotel Leutascher Hof &copy; Biohotel Leutascher Hof<\/figcaption><\/figure>\n\n\n\n<h2 class=\"wp-block-heading\">Raggiungere la destinazione delle vacanze rispettando l\u2019ambiente<\/h2>\n\n\n\n<p>Arrivare comodamente senza stress e code in autostrada? <strong>Il Tirolo \u00e8 comodamente raggiungibile in treno dall\u2019Italia: <\/strong>i frequenti collegamenti da Verona e Bologna con i <a href=\"https:\/\/www.bahn.com\/it\/offerte\" target=\"_blank\" rel=\"noreferrer noopener\">treni DB\/\u00d6BB EuroCity<\/a> portano direttamente in Tirolo. Una volta arrivati in Tirolo, un efficiente rete di trasporti locali permette di raggiungere la propria destinazione finale; inoltre il <a href=\"https:\/\/www.tirol-taxi.at\/en-train-station-transfers\" target=\"_blank\" rel=\"noreferrer noopener\">servizio shuttle<\/a> porta gli ospiti comodamente dalle pi\u00f9 importanti stazioni ferroviarie del Tirolo direttamente al loro alloggio. Con i collegamenti regionali in autobus del Verkehrsverbund Tirol (VVT), gli ospiti viaggiano attraverso il Tirolo in modo ecologico durante il soggiorno.<\/p>\n\n\n\n<figure class=\"wp-block-image size-large\"><img loading=\"lazy\" decoding=\"async\" width=\"1024\" height=\"683\" src=\"https:\/\/presse.tirol.at\/app\/uploads\/2022\/11\/Seefeld-Bahnhof_Tirol-Werbung_Webhofer-Mario_Seefeld-1024x683.jpg\" alt=\"\" class=\"wp-image-180286\" srcset=\"https:\/\/presse.tirol.at\/app\/uploads\/2022\/11\/Seefeld-Bahnhof_Tirol-Werbung_Webhofer-Mario_Seefeld-1024x683.jpg 1024w, https:\/\/presse.tirol.at\/app\/uploads\/2022\/11\/Seefeld-Bahnhof_Tirol-Werbung_Webhofer-Mario_Seefeld-300x200.jpg 300w, https:\/\/presse.tirol.at\/app\/uploads\/2022\/11\/Seefeld-Bahnhof_Tirol-Werbung_Webhofer-Mario_Seefeld-768x512.jpg 768w, https:\/\/presse.tirol.at\/app\/uploads\/2022\/11\/Seefeld-Bahnhof_Tirol-Werbung_Webhofer-Mario_Seefeld-1536x1024.jpg 1536w, https:\/\/presse.tirol.at\/app\/uploads\/2022\/11\/Seefeld-Bahnhof_Tirol-Werbung_Webhofer-Mario_Seefeld-2048x1365.jpg 2048w\" sizes=\"auto, (max-width: 1024px) 100vw, 1024px\" \/><figcaption>Seefeld, Bahnhof &copy; Tirol Werbung, Mario Webhofer<\/figcaption><\/figure>\n\n\n\n<p>Quasi tutte le regioni del Tirolo offrono anche gratuitamente \u201ccarte ospiti\u201d in inverno, con le quali gli ospiti possono utilizzare gratuitamente gli skibus regionali e gli skibus della regione. Informazioni dettagliate su come raggiungere il Tirolo e sulla mobilit\u00e0 in loco sono disponibili su <a href=\"http:\/\/www.tirolo.com\/arrivo-in-treno\" target=\"_blank\" rel=\"noreferrer noopener\">www.tirolo.com\/arrivo-in-treno<\/a>.<\/p>\n\n\n\n<h2 class=\"wp-block-heading\">Cooperazione tra turismo e settore agricolo<\/h2>\n\n\n\n<p>Nell&#8217;ambito del <a href=\"https:\/\/www.tyrol.com\/things-to-do\/culture\/food-beverage\/tirol-conscious\">progetto &#8220;Bewusst Tirol&#8221;<\/a> sono numerosi gli hotel e le aziende premiate per l\u2019attenzione all\u2019ambiente, promuovendo la cucina locale (con ingredienti locali) nell&#8217;industria alberghiera e gastronomica tirolese: un importante passo <strong>per rafforzare ancora di pi\u00f9 la cooperazione tra turismo e agricoltura. <\/strong>Vacanze sostenibili sono anche quelle proposte dalle fattorie associate sotto il marchio <a href=\"https:\/\/www.tirolo.com\/offerte-vacanze\/vacanze-in-fattoria\" target=\"_blank\" rel=\"noreferrer noopener\">Urlaub am Bauernhof<\/a> (\u201cVacanze in Fattoria\u201d), dove le fattorie biologiche si concentrano in particolare sulla regionalit\u00e0 e la sostenibilit\u00e0. Le strutture ricettive \u201cAlpine Hosts\u201d sono un altro esempio di rispetto verso l\u2019ambiente: la colazione regionale \u00e8 molto importante e i prodotti locali sono uno spettacolo sulla tavola, per iniziare la giornata nel modo migliore. Anche le aziende associate alla &#8220;<a href=\"https:\/\/www.tirolo.com\/attivita\/vita-e-cultura\/gastronomia\/trattorie-tirolesi\" target=\"_blank\" rel=\"noreferrer noopener\">Tiroler Wirtsh\u00e4user<\/a>&#8221; si focalizzano sulla regionalit\u00e0 in termini di alimenti e fornitori.<\/p>\n\n\n\n<h2 class=\"wp-block-heading\">Con la coscienza pulita: sciare nel rispetto dell&#8217;ambiente<\/h2>\n\n\n\n<p>Non solo strutture ricettive, ma anche stazioni sciistiche e impianti di risalita sono sempre pi\u00f9 impegnati nella sostenibilit\u00e0 investendo nell&#8217;ammodernamento degli impianti e nell&#8217;utilizzo di energie rinnovabili.<\/p>\n\n\n\n<p>Un esempio di best practice in termini di sostenibilit\u00e0 \u00e8 il comprensorio sciistico <strong>Serfaus-Fiss-Ladis, <\/strong>dove da alcuni mesi un coordinatore della sostenibilit\u00e0 si occupa della protezione ambientale. Tra le altre cose, tanti ristoranti della stazione sciistica sono alimentati da energia solare e i combustibili fossili sono quasi completamente eliminati. Il ristorante Leithe Wirt, ad esempio, ha costruito una pompa di calore che serve sia l&#8217;impianto di riscaldamento dell&#8217;edificio sia il sistema di raffreddamento per alimenti.<\/p>\n\n\n\n<p>Da anni esiste un&#8217;ampia <strong>collaborazione tra il settore gastronomico degli impianti di risalita e gli agricoltori locali, <\/strong>in modo che i prodotti degli alpeggi vengano acquistati e serviti nei ristoranti e nei rifugi del comprensorio sciistico. Inoltre, il villaggio di Serfaus \u00e8 a traffico limitato e collegato dalla metropolitana che collega il parcheggio al centro del paese e alla funivia.<\/p>\n\n\n\n<p>Nel 2021, la <strong>valle <\/strong><a href=\"https:\/\/www.kaunertal.com\/de\/Nachhaltigkeit\" target=\"_blank\" rel=\"noreferrer noopener\"><strong>Kaunertal<\/strong><\/a> \u00e8 stata la prima destinazione austriaca ad essere premiata come &#8220;Best Tourism Village dall&#8217;UNWTO\u201d grazie ad una politica di turismo sostenibile e orientato al futuro. Alcune iniziative sono gi\u00e0 state attuate per la stagione invernale, altre sono previste a breve e medio termine. Un progetto \u00e8 l\u2019impianto di risalita Wei\u00dfseejochbahn, che funziona in modo green grazie a un sistema di energia idroelettrica e un sistema fotovoltaico. Un altro impianto fotovoltaico \u00e8 stato costruito nella stazione a valle Karlesjochbahn. Il battipista pi\u00f9 rispettoso dell\u2019ambiente \u00e8 attualmente in fase di test per implementare l&#8217;idea di sostenibilit\u00e0 nel settore della preparazione delle piste. Insieme all&#8217;Universit\u00e0 di Innsbruck e ad altre stazioni sciistiche sui ghiacciai, Kaunertal sta anche lavorando a un&#8217;alternativa ecologicamente pi\u00f9 compatibile alla copertura plastica per conservare la neve. L&#8217;obiettivo principale di tutte queste e altre iniziative \u00e8 la trasformazione in una stazione sciistica autonoma dal punto di vista energetico con energie rinnovabili.<\/p>\n\n\n\n<p>Anche nella <strong>valle <\/strong><a href=\"https:\/\/www.pitztal.com\/de\/service\/clean-alpine-regions\" target=\"_blank\" rel=\"noreferrer noopener\"><strong>Pitztal<\/strong><\/a> numerose iniziative dimostrano quanto sia importante trattare l&#8217;ambiente con cura: qui viene prestata particolare attenzione alla gestione accurata della neve naturale sulle alture. Inoltre, 1\/3 dell&#8217;energia elettrica viene generata per mezzo di un impianto fotovoltaico.<\/p>\n\n\n\n<figure class=\"wp-block-image size-large\"><img loading=\"lazy\" decoding=\"async\" width=\"1024\" height=\"576\" src=\"https:\/\/presse.tirol.at\/app\/uploads\/2022\/11\/PV-Anlage-Pitztaler-Gletscher_Weils-unsere-Natur-ist_2021-c-Julia-Brunner-PGB-5-1024x576.jpg\" alt=\"Impianti fotovoltaici sul ghiacciaio della valle Pitztal\" class=\"wp-image-178188\" srcset=\"https:\/\/presse.tirol.at\/app\/uploads\/2022\/11\/PV-Anlage-Pitztaler-Gletscher_Weils-unsere-Natur-ist_2021-c-Julia-Brunner-PGB-5-1024x576.jpg 1024w, https:\/\/presse.tirol.at\/app\/uploads\/2022\/11\/PV-Anlage-Pitztaler-Gletscher_Weils-unsere-Natur-ist_2021-c-Julia-Brunner-PGB-5-300x169.jpg 300w, https:\/\/presse.tirol.at\/app\/uploads\/2022\/11\/PV-Anlage-Pitztaler-Gletscher_Weils-unsere-Natur-ist_2021-c-Julia-Brunner-PGB-5-768x432.jpg 768w, https:\/\/presse.tirol.at\/app\/uploads\/2022\/11\/PV-Anlage-Pitztaler-Gletscher_Weils-unsere-Natur-ist_2021-c-Julia-Brunner-PGB-5-1536x864.jpg 1536w, https:\/\/presse.tirol.at\/app\/uploads\/2022\/11\/PV-Anlage-Pitztaler-Gletscher_Weils-unsere-Natur-ist_2021-c-Julia-Brunner-PGB-5-443x248.jpg 443w, https:\/\/presse.tirol.at\/app\/uploads\/2022\/11\/PV-Anlage-Pitztaler-Gletscher_Weils-unsere-Natur-ist_2021-c-Julia-Brunner-PGB-5-375x210.jpg 375w, https:\/\/presse.tirol.at\/app\/uploads\/2022\/11\/PV-Anlage-Pitztaler-Gletscher_Weils-unsere-Natur-ist_2021-c-Julia-Brunner-PGB-5.jpg 1920w\" sizes=\"auto, (max-width: 1024px) 100vw, 1024px\" \/><figcaption>Impianti fotovoltaici sul ghiacciaio della valle Pitztal &copy; Julia Brunner<\/figcaption><\/figure>\n\n\n\n<p>Un altro virtuoso esempio \u00e8 il <a href=\"https:\/\/www.see.at\/en\/More\/Bergbahnen-See\/Sustainability\" target=\"_blank\" rel=\"noreferrer noopener\"><strong>Bergbahnen See<\/strong><\/a><strong> nella valle di Paznaun<\/strong>. Da diversi anni nel comprensorio sciistico sono in uso impianti di innevamento che producono elettricit\u00e0 verde pulita \u2013 quattro volte superiore a quella effettivamente necessaria.<\/p>\n\n\n\n<h2 class=\"wp-block-heading\">A piedi attraverso paesaggi innevati<\/h2>\n\n\n\n<p>L&#8217;inverno tirolese \u00e8 sostenibile e rispettoso dell&#8217;ambiente, ma soprattutto lontano da piste e impianti di risalita. Che si tratti di racchette da neve attraverso boschi innevati, escursioni invernali verso punti panoramici solitari o slittino con sosta in un rifugio rustico: \u00e8 facile e piacevole trascorrere una vacanza in Tirolo in armonia con la natura e godersi l&#8217;inverno al massimo. Molte regioni tirolesi si sono volutamente specializzare nel <strong>turismo invernale lento<\/strong>: particolarmente belle sono le escursioni ai parchi naturali del Tirolo e al Parco Nazionale degli Alti Tauri, dove gli ospiti possono ottenere le migliori informazioni sul lato pi\u00f9 incontaminato del Tirolo durante le visite guidate.<\/p>\n\n\n\n<figure class=\"wp-block-image size-large\"><img loading=\"lazy\" decoding=\"async\" width=\"1024\" height=\"683\" src=\"https:\/\/presse.tirol.at\/app\/uploads\/2022\/09\/Kartitsch-Winterwandern_\u00a9Tirol-Werbung_Poblotzki-Katharina_Kartitsch-1-1024x683.jpg\" alt=\"\" class=\"wp-image-174258\" srcset=\"https:\/\/presse.tirol.at\/app\/uploads\/2022\/09\/Kartitsch-Winterwandern_\u00a9Tirol-Werbung_Poblotzki-Katharina_Kartitsch-1-1024x683.jpg 1024w, https:\/\/presse.tirol.at\/app\/uploads\/2022\/09\/Kartitsch-Winterwandern_\u00a9Tirol-Werbung_Poblotzki-Katharina_Kartitsch-1-300x200.jpg 300w, https:\/\/presse.tirol.at\/app\/uploads\/2022\/09\/Kartitsch-Winterwandern_\u00a9Tirol-Werbung_Poblotzki-Katharina_Kartitsch-1-768x512.jpg 768w, https:\/\/presse.tirol.at\/app\/uploads\/2022\/09\/Kartitsch-Winterwandern_\u00a9Tirol-Werbung_Poblotzki-Katharina_Kartitsch-1-1536x1024.jpg 1536w, https:\/\/presse.tirol.at\/app\/uploads\/2022\/09\/Kartitsch-Winterwandern_\u00a9Tirol-Werbung_Poblotzki-Katharina_Kartitsch-1-2048x1365.jpg 2048w\" sizes=\"auto, (max-width: 1024px) 100vw, 1024px\" \/><figcaption>Kartitsch (Osttirol) \u00e8 il primo villaggio escursionistico invernale dell\u2019Austria &copy; Tirol Werbung, Katharina Poblotzki<\/figcaption><\/figure>\n\n\n\n<p>I migliori consigli per le regioni e i tour che invitano a praticare dolci sport invernali nelle montagne innevate del Tirolo si trovano su <a href=\"http:\/\/www.tirolo.com\/vacanze-invernali\" target=\"_blank\" rel=\"noreferrer noopener\">www.tirolo.com\/vacanze-invernali<\/a>.<\/p>\n\n\n\n<h2 class=\"wp-block-heading\">Lavorare nel turismo in modalit\u00e0 green<\/h2>\n\n\n\n<p>Le iniziative di sostenibilit\u00e0 in Tirolo non si trovano solo nei comprensori sciistici \u2013 e non solo per gli ospiti. Le iniziative dei dipendenti sono diventate anche uno strumento importante per sviluppare in modo sostenibile l&#8217;industria del turismo e guidarla verso il futuro. Esempi di buone pratiche includono il <a href=\"https:\/\/www.wilderkaiser.info\/en\/\" target=\"_blank\" rel=\"noreferrer noopener\">progetto &#8220;Kaiserschaft&#8221;<\/a> nella regione Wilder Kaiser e <a href=\"https:\/\/www.achensee.com\/en\/job-life-achensee-tyrol-austria\/\" target=\"_blank\" rel=\"noreferrer noopener\">l&#8217;iniziativa &#8220;Job-Life Achensee&#8221;<\/a> nell&#8217;omonima regione.<\/p>\n\n\n\n<p>Pi\u00f9 info sulle vacanze sostenibili in Tirolo su <a href=\"http:\/\/www.tirolo.com\/vacanze-ecosostenibili\" target=\"_blank\" rel=\"noreferrer noopener\">www.tirolo.com\/vacanze-ecosostenibili<\/a>.<\/p>\n","protected":false},"excerpt":{"rendered":"<p>Il Tirolo offre una vacanza sostenibile, amica della natura e dell\u2019ambiente &#8211; anche nella stagione invernale.<\/p>\n","protected":false},"author":78,"featured_media":178188,"comment_status":"closed","ping_status":"closed","sticky":false,"template":"","format":"standard","meta":{"_acf_changed":false,"footnotes":""},"categories":[301,298,296],"region":[109],"coauthors":[1213],"class_list":["post-183373","post","type-post","status-publish","format-standard","has-post-thumbnail","hentry","category-escursionismo-invernale","category-ghiacciai-tirolesi","category-sciare","region-tirol-werbung"],"acf":[],"yoast_head":"<!-- This site is optimized with the Yoast SEO plugin v25.1 - https:\/\/yoast.com\/wordpress\/plugins\/seo\/ -->\n<title>Vacanze sostenibili: In Tirolo l&#039;inverno \u00e8 green - Presse.Tirol<\/title>\n<meta name=\"description\" content=\"Dal viaggio con i mezzi pubblici alle attivit\u00e0 invernali con una bassa impatto ambientale: il Tirolo offre una vacanza sostenibile, amica della natura e dell\u2019ambiente.\" \/>\n<meta name=\"robots\" content=\"index, follow, max-snippet:-1, max-image-preview:large, max-video-preview:-1\" \/>\n<link rel=\"canonical\" href=\"https:\/\/presse.tirol.at\/it\/vacanze-sostenibili-inverno\/183373\/\" \/>\n<meta property=\"og:locale\" content=\"it_IT\" \/>\n<meta property=\"og:type\" content=\"article\" \/>\n<meta property=\"og:title\" content=\"Vacanze sostenibili: In Tirolo l&#039;inverno \u00e8 green - Presse.Tirol\" \/>\n<meta property=\"og:description\" content=\"Dal viaggio con i mezzi pubblici alle attivit\u00e0 invernali con una bassa impatto ambientale: il Tirolo offre una vacanza sostenibile, amica della natura e dell\u2019ambiente.\" \/>\n<meta property=\"og:url\" content=\"https:\/\/presse.tirol.at\/it\/vacanze-sostenibili-inverno\/183373\/\" \/>\n<meta property=\"og:site_name\" content=\"Presse.Tirol\" \/>\n<meta property=\"article:published_time\" content=\"2022-12-21T09:54:00+00:00\" \/>\n<meta property=\"article:modified_time\" content=\"2022-12-21T12:23:17+00:00\" \/>\n<meta property=\"og:image\" content=\"https:\/\/presse.tirol.at\/app\/uploads\/2022\/11\/PV-Anlage-Pitztaler-Gletscher_Weils-unsere-Natur-ist_2021-c-Julia-Brunner-PGB-5.jpg\" \/>\n\t<meta property=\"og:image:width\" content=\"1920\" \/>\n\t<meta property=\"og:image:height\" content=\"1080\" \/>\n\t<meta property=\"og:image:type\" content=\"image\/jpeg\" \/>\n<meta name=\"author\" content=\"Julia Peer\" \/>\n<meta name=\"twitter:card\" content=\"summary_large_image\" \/>\n<meta name=\"twitter:label1\" content=\"Scritto da\" \/>\n\t<meta name=\"twitter:data1\" content=\"Julia Peer\" \/>\n\t<meta name=\"twitter:label2\" content=\"Tempo di lettura stimato\" \/>\n\t<meta name=\"twitter:data2\" content=\"8 minutes\" \/>\n\t<meta name=\"twitter:label3\" content=\"Written by\" \/>\n\t<meta name=\"twitter:data3\" content=\"Julia Peer\" \/>\n<script type=\"application\/ld+json\" class=\"yoast-schema-graph\">{\"@context\":\"https:\/\/schema.org\",\"@graph\":[{\"@type\":\"WebPage\",\"@id\":\"https:\/\/presse.tirol.at\/it\/vacanze-sostenibili-inverno\/183373\/\",\"url\":\"https:\/\/presse.tirol.at\/it\/vacanze-sostenibili-inverno\/183373\/\",\"name\":\"Vacanze sostenibili: In Tirolo l'inverno \u00e8 green - Presse.Tirol\",\"isPartOf\":{\"@id\":\"https:\/\/presse.tirol.at\/it\/#website\"},\"primaryImageOfPage\":{\"@id\":\"https:\/\/presse.tirol.at\/it\/vacanze-sostenibili-inverno\/183373\/#primaryimage\"},\"image\":{\"@id\":\"https:\/\/presse.tirol.at\/it\/vacanze-sostenibili-inverno\/183373\/#primaryimage\"},\"thumbnailUrl\":\"https:\/\/presse.tirol.at\/app\/uploads\/2022\/11\/PV-Anlage-Pitztaler-Gletscher_Weils-unsere-Natur-ist_2021-c-Julia-Brunner-PGB-5.jpg\",\"datePublished\":\"2022-12-21T09:54:00+00:00\",\"dateModified\":\"2022-12-21T12:23:17+00:00\",\"author\":{\"@id\":\"https:\/\/presse.tirol.at\/it\/#\/schema\/person\/9f8d84dd6e71dcd27c428d38fcd73d33\"},\"description\":\"Dal viaggio con i mezzi pubblici alle attivit\u00e0 invernali con una bassa impatto ambientale: il Tirolo offre una vacanza sostenibile, amica della natura e dell\u2019ambiente.\",\"inLanguage\":\"it-IT\",\"potentialAction\":[{\"@type\":\"ReadAction\",\"target\":[\"https:\/\/presse.tirol.at\/it\/vacanze-sostenibili-inverno\/183373\/\"]}]},{\"@type\":\"ImageObject\",\"inLanguage\":\"it-IT\",\"@id\":\"https:\/\/presse.tirol.at\/it\/vacanze-sostenibili-inverno\/183373\/#primaryimage\",\"url\":\"https:\/\/presse.tirol.at\/app\/uploads\/2022\/11\/PV-Anlage-Pitztaler-Gletscher_Weils-unsere-Natur-ist_2021-c-Julia-Brunner-PGB-5.jpg\",\"contentUrl\":\"https:\/\/presse.tirol.at\/app\/uploads\/2022\/11\/PV-Anlage-Pitztaler-Gletscher_Weils-unsere-Natur-ist_2021-c-Julia-Brunner-PGB-5.jpg\",\"width\":1920,\"height\":1080,\"caption\":\"Impianti fotovoltaici sul ghiacciaio della valle Pitztal\"},{\"@type\":\"WebSite\",\"@id\":\"https:\/\/presse.tirol.at\/it\/#website\",\"url\":\"https:\/\/presse.tirol.at\/it\/\",\"name\":\"Presse.Tirol\",\"description\":\"Regionale Presseplattform der Tirol Werbung und den Tiroler Tourismusverb\u00e4nden\",\"potentialAction\":[{\"@type\":\"SearchAction\",\"target\":{\"@type\":\"EntryPoint\",\"urlTemplate\":\"https:\/\/presse.tirol.at\/it\/?s={search_term_string}\"},\"query-input\":{\"@type\":\"PropertyValueSpecification\",\"valueRequired\":true,\"valueName\":\"search_term_string\"}}],\"inLanguage\":\"it-IT\"},{\"@type\":\"Person\",\"@id\":\"https:\/\/presse.tirol.at\/it\/#\/schema\/person\/9f8d84dd6e71dcd27c428d38fcd73d33\",\"name\":\"Julia Peer\",\"image\":{\"@type\":\"ImageObject\",\"inLanguage\":\"it-IT\",\"@id\":\"https:\/\/presse.tirol.at\/it\/#\/schema\/person\/image\/d05c7a8ae0f8e4703712d9c661f40c0a\",\"url\":\"https:\/\/secure.gravatar.com\/avatar\/7210b82214959331a83c7d008fc0fe5a394d830c69c7a02ff80e08f264037246?s=96&d=mm&r=g\",\"contentUrl\":\"https:\/\/secure.gravatar.com\/avatar\/7210b82214959331a83c7d008fc0fe5a394d830c69c7a02ff80e08f264037246?s=96&d=mm&r=g\",\"caption\":\"Julia Peer\"},\"sameAs\":[\"http:\/\/www.presse.tirol.at\"]}]}<\/script>\n<!-- \/ Yoast SEO plugin. -->","yoast_head_json":{"title":"Vacanze sostenibili: In Tirolo l'inverno \u00e8 green - Presse.Tirol","description":"Dal viaggio con i mezzi pubblici alle attivit\u00e0 invernali con una bassa impatto ambientale: il Tirolo offre una vacanza sostenibile, amica della natura e dell\u2019ambiente.","robots":{"index":"index","follow":"follow","max-snippet":"max-snippet:-1","max-image-preview":"max-image-preview:large","max-video-preview":"max-video-preview:-1"},"canonical":"https:\/\/presse.tirol.at\/it\/vacanze-sostenibili-inverno\/183373\/","og_locale":"it_IT","og_type":"article","og_title":"Vacanze sostenibili: In Tirolo l'inverno \u00e8 green - Presse.Tirol","og_description":"Dal viaggio con i mezzi pubblici alle attivit\u00e0 invernali con una bassa impatto ambientale: il Tirolo offre una vacanza sostenibile, amica della natura e dell\u2019ambiente.","og_url":"https:\/\/presse.tirol.at\/it\/vacanze-sostenibili-inverno\/183373\/","og_site_name":"Presse.Tirol","article_published_time":"2022-12-21T09:54:00+00:00","article_modified_time":"2022-12-21T12:23:17+00:00","og_image":[{"width":1920,"height":1080,"url":"https:\/\/presse.tirol.at\/app\/uploads\/2022\/11\/PV-Anlage-Pitztaler-Gletscher_Weils-unsere-Natur-ist_2021-c-Julia-Brunner-PGB-5.jpg","type":"image\/jpeg"}],"author":"Julia Peer","twitter_card":"summary_large_image","twitter_misc":{"Scritto da":"Julia Peer","Tempo di lettura stimato":"8 minutes","Written by":"Julia Peer"},"schema":{"@context":"https:\/\/schema.org","@graph":[{"@type":"WebPage","@id":"https:\/\/presse.tirol.at\/it\/vacanze-sostenibili-inverno\/183373\/","url":"https:\/\/presse.tirol.at\/it\/vacanze-sostenibili-inverno\/183373\/","name":"Vacanze sostenibili: In Tirolo l'inverno \u00e8 green - Presse.Tirol","isPartOf":{"@id":"https:\/\/presse.tirol.at\/it\/#website"},"primaryImageOfPage":{"@id":"https:\/\/presse.tirol.at\/it\/vacanze-sostenibili-inverno\/183373\/#primaryimage"},"image":{"@id":"https:\/\/presse.tirol.at\/it\/vacanze-sostenibili-inverno\/183373\/#primaryimage"},"thumbnailUrl":"https:\/\/presse.tirol.at\/app\/uploads\/2022\/11\/PV-Anlage-Pitztaler-Gletscher_Weils-unsere-Natur-ist_2021-c-Julia-Brunner-PGB-5.jpg","datePublished":"2022-12-21T09:54:00+00:00","dateModified":"2022-12-21T12:23:17+00:00","author":{"@id":"https:\/\/presse.tirol.at\/it\/#\/schema\/person\/9f8d84dd6e71dcd27c428d38fcd73d33"},"description":"Dal viaggio con i mezzi pubblici alle attivit\u00e0 invernali con una bassa impatto ambientale: il Tirolo offre una vacanza sostenibile, amica della natura e dell\u2019ambiente.","inLanguage":"it-IT","potentialAction":[{"@type":"ReadAction","target":["https:\/\/presse.tirol.at\/it\/vacanze-sostenibili-inverno\/183373\/"]}]},{"@type":"ImageObject","inLanguage":"it-IT","@id":"https:\/\/presse.tirol.at\/it\/vacanze-sostenibili-inverno\/183373\/#primaryimage","url":"https:\/\/presse.tirol.at\/app\/uploads\/2022\/11\/PV-Anlage-Pitztaler-Gletscher_Weils-unsere-Natur-ist_2021-c-Julia-Brunner-PGB-5.jpg","contentUrl":"https:\/\/presse.tirol.at\/app\/uploads\/2022\/11\/PV-Anlage-Pitztaler-Gletscher_Weils-unsere-Natur-ist_2021-c-Julia-Brunner-PGB-5.jpg","width":1920,"height":1080,"caption":"Impianti fotovoltaici sul ghiacciaio della valle Pitztal"},{"@type":"WebSite","@id":"https:\/\/presse.tirol.at\/it\/#website","url":"https:\/\/presse.tirol.at\/it\/","name":"Presse.Tirol","description":"Regionale Presseplattform der Tirol Werbung und den Tiroler Tourismusverb\u00e4nden","potentialAction":[{"@type":"SearchAction","target":{"@type":"EntryPoint","urlTemplate":"https:\/\/presse.tirol.at\/it\/?s={search_term_string}"},"query-input":{"@type":"PropertyValueSpecification","valueRequired":true,"valueName":"search_term_string"}}],"inLanguage":"it-IT"},{"@type":"Person","@id":"https:\/\/presse.tirol.at\/it\/#\/schema\/person\/9f8d84dd6e71dcd27c428d38fcd73d33","name":"Julia Peer","image":{"@type":"ImageObject","inLanguage":"it-IT","@id":"https:\/\/presse.tirol.at\/it\/#\/schema\/person\/image\/d05c7a8ae0f8e4703712d9c661f40c0a","url":"https:\/\/secure.gravatar.com\/avatar\/7210b82214959331a83c7d008fc0fe5a394d830c69c7a02ff80e08f264037246?s=96&d=mm&r=g","contentUrl":"https:\/\/secure.gravatar.com\/avatar\/7210b82214959331a83c7d008fc0fe5a394d830c69c7a02ff80e08f264037246?s=96&d=mm&r=g","caption":"Julia Peer"},"sameAs":["http:\/\/www.presse.tirol.at"]}]}},"publishpress_future_workflow_manual_trigger":{"enabledWorkflows":[]},"_links":{"self":[{"href":"https:\/\/presse.tirol.at\/it\/wp-json\/wp\/v2\/posts\/183373","targetHints":{"allow":["GET"]}}],"collection":[{"href":"https:\/\/presse.tirol.at\/it\/wp-json\/wp\/v2\/posts"}],"about":[{"href":"https:\/\/presse.tirol.at\/it\/wp-json\/wp\/v2\/types\/post"}],"author":[{"embeddable":true,"href":"https:\/\/presse.tirol.at\/it\/wp-json\/wp\/v2\/users\/78"}],"replies":[{"embeddable":true,"href":"https:\/\/presse.tirol.at\/it\/wp-json\/wp\/v2\/comments?post=183373"}],"version-history":[{"count":0,"href":"https:\/\/presse.tirol.at\/it\/wp-json\/wp\/v2\/posts\/183373\/revisions"}],"wp:featuredmedia":[{"embeddable":true,"href":"https:\/\/presse.tirol.at\/it\/wp-json\/wp\/v2\/media\/178188"}],"wp:attachment":[{"href":"https:\/\/presse.tirol.at\/it\/wp-json\/wp\/v2\/media?parent=183373"}],"wp:term":[{"taxonomy":"category","embeddable":true,"href":"https:\/\/presse.tirol.at\/it\/wp-json\/wp\/v2\/categories?post=183373"},{"taxonomy":"region","embeddable":true,"href":"https:\/\/presse.tirol.at\/it\/wp-json\/wp\/v2\/region?post=183373"},{"taxonomy":"author","embeddable":true,"href":"https:\/\/presse.tirol.at\/it\/wp-json\/wp\/v2\/coauthors?post=183373"}],"curies":[{"name":"wp","href":"https:\/\/api.w.org\/{rel}","templated":true}]}}