{"id":187530,"date":"2023-02-06T12:10:38","date_gmt":"2023-02-06T11:10:38","guid":{"rendered":"https:\/\/presse.tirol.at\/fruehlingsskilauf-in-tirol\/187530\/"},"modified":"2023-02-16T10:09:16","modified_gmt":"2023-02-16T09:09:16","slug":"sciare-in-primavera","status":"publish","type":"post","link":"https:\/\/presse.tirol.at\/it\/sciare-in-primavera\/187530\/","title":{"rendered":"Sciare in primavera in Tirolo: Sole, neve firn, divertimento &#038; concerti in quota, raggiungibile in funivia"},"content":{"rendered":"\n<p class=\"intro\">Condizioni perfette sulle piste al mattino, temperature tiepide sulla terrazza soleggiata a mezzogiorno e rientro a valle nel pomeriggio per proseguire la giornata con altre esperienze alpine, come i concerti in quota, in primis Eros Ramazzotti. La primavera \u00e8 la stagione perfetta per combinare sole, neve firn (caratterizzata da un sottile strato di ghiaccio) e divertimento in Tirolo. E per chi vuole prolungare le sciate, l&#8217;inverno continua sui 5 ghiacciai tirolesi.<\/p>\n\n\n<div class=\"wp-block-image\">\n<figure class=\"aligncenter size-large\"><img loading=\"lazy\" decoding=\"async\" width=\"1024\" height=\"683\" src=\"https:\/\/presse.tirol.at\/app\/uploads\/2023\/02\/Fruehjahrskilauf-in-St.-Anton-am-Arlberg-\u00a9Tirol-Werbung_Jarisch-Manfred_Sankt-Anton-am-Arlberg-1024x683.jpg\" alt=\"Sciare in primavera a St. Anton am Arlberg\" class=\"wp-image-186568\" srcset=\"https:\/\/presse.tirol.at\/app\/uploads\/2023\/02\/Fruehjahrskilauf-in-St.-Anton-am-Arlberg-\u00a9Tirol-Werbung_Jarisch-Manfred_Sankt-Anton-am-Arlberg-1024x683.jpg 1024w, https:\/\/presse.tirol.at\/app\/uploads\/2023\/02\/Fruehjahrskilauf-in-St.-Anton-am-Arlberg-\u00a9Tirol-Werbung_Jarisch-Manfred_Sankt-Anton-am-Arlberg-300x200.jpg 300w, https:\/\/presse.tirol.at\/app\/uploads\/2023\/02\/Fruehjahrskilauf-in-St.-Anton-am-Arlberg-\u00a9Tirol-Werbung_Jarisch-Manfred_Sankt-Anton-am-Arlberg-768x512.jpg 768w, https:\/\/presse.tirol.at\/app\/uploads\/2023\/02\/Fruehjahrskilauf-in-St.-Anton-am-Arlberg-\u00a9Tirol-Werbung_Jarisch-Manfred_Sankt-Anton-am-Arlberg-1536x1024.jpg 1536w, https:\/\/presse.tirol.at\/app\/uploads\/2023\/02\/Fruehjahrskilauf-in-St.-Anton-am-Arlberg-\u00a9Tirol-Werbung_Jarisch-Manfred_Sankt-Anton-am-Arlberg-2048x1365.jpg 2048w\" sizes=\"auto, (max-width: 1024px) 100vw, 1024px\" \/><figcaption>Sciare in primavera a St. Anton am Arlberg &copy; Tirol Werbung, Manfred Jarisch<\/figcaption><\/figure><\/div>\n\n\n<h2 class=\"wp-block-heading\">Sciare in primavera in Tirolo<\/h2>\n\n\n\n<p>Quando la primavera arriva lentamente nelle valli, la stagione sciistica sulle montagne del Tirolo \u00e8 tutt&#8217;altro che finita. <strong>Grazie alle numerose stazioni sciistiche d&#8217;alta quota, gli sciatori troveranno piste perfettamente preparate sulle montagne innevate, soprattutto nelle ore del mattino \u2013 fino a dopo Pasqua.<\/strong> Lo spettacolo \u00e8 garantito: il sole primaverile del mattino fa brillare la neve firn, sulla superficie il sottile strato di ghiaccio si illumina con i raggi solari. All&#8217;ora di pranzo, le terrazze soleggiate dei numerosi rifugi aspettano gli sciatori per una sosta panoramica e per assaporare la cucina tirolese. Nel pomeriggio si torna a valle, per una pausa rilassante nell&#8217;area benessere della struttura ricettiva oppure per proseguire con una vasta gamma di divertimenti, cucina ed eventi da capogiro, come i <strong>concerti in quota: da sottolineare il concerto di Eros Ramazzotti che canter\u00e0 a Ischgl il 30 aprile.<\/strong><\/p>\n\n\n\n<h2 class=\"wp-block-heading\">Esperienze di fine inverno<\/h2>\n\n\n\n<p>Nei pressi di Innsbruck, in primavera si pratica il <strong><em>figln<\/em>, ovvero sciare sulla neve molle con sci molto corti, chiamati appunto Figl.<\/strong> Le discese sono divertenti, si parte dalle vallate della Nordkette, per arrivare verso valle. Si sale in vetta con la cabinovia direttamente dalla cittadina di Innsbruck e si scende sulla neve \u201cmolle\u201d con i divertenti <em>figln; <\/em>la pista non \u00e8 preparata ma \u00e8 semplicemente un pendio innevato e assolato. Questo incredibile sport cui i Tirolesi sono affezionati da sempre \u00e8 praticato solo quando la stagione sciistica volge al termine: solo la neve primaverile offre questa esperienza molto speciale. Ci si rilassa poi sui lettini al sole del rifugio Seegrube godendo il panorama sulla citt\u00e0 di Innsbruck.<\/p>\n\n\n<div class=\"wp-block-image\">\n<figure class=\"aligncenter size-large\"><img loading=\"lazy\" decoding=\"async\" width=\"711\" height=\"1024\" src=\"https:\/\/presse.tirol.at\/app\/uploads\/2023\/02\/Mit-den-Figln-durch-den-Sulzschnee_-Nordkette-Innsbruck-\u00a9Christoph-Johann-711x1024.jpg\" alt=\"Nei pressi di Innsbruck, in primavera si pratica il &quot;figln&quot;\" class=\"wp-image-186589\" srcset=\"https:\/\/presse.tirol.at\/app\/uploads\/2023\/02\/Mit-den-Figln-durch-den-Sulzschnee_-Nordkette-Innsbruck-\u00a9Christoph-Johann-711x1024.jpg 711w, https:\/\/presse.tirol.at\/app\/uploads\/2023\/02\/Mit-den-Figln-durch-den-Sulzschnee_-Nordkette-Innsbruck-\u00a9Christoph-Johann-208x300.jpg 208w, https:\/\/presse.tirol.at\/app\/uploads\/2023\/02\/Mit-den-Figln-durch-den-Sulzschnee_-Nordkette-Innsbruck-\u00a9Christoph-Johann-768x1107.jpg 768w, https:\/\/presse.tirol.at\/app\/uploads\/2023\/02\/Mit-den-Figln-durch-den-Sulzschnee_-Nordkette-Innsbruck-\u00a9Christoph-Johann-1066x1536.jpg 1066w, https:\/\/presse.tirol.at\/app\/uploads\/2023\/02\/Mit-den-Figln-durch-den-Sulzschnee_-Nordkette-Innsbruck-\u00a9Christoph-Johann-1421x2048.jpg 1421w, https:\/\/presse.tirol.at\/app\/uploads\/2023\/02\/Mit-den-Figln-durch-den-Sulzschnee_-Nordkette-Innsbruck-\u00a9Christoph-Johann-scaled.jpg 1777w\" sizes=\"auto, (max-width: 711px) 100vw, 711px\" \/><figcaption>Nei pressi di Innsbruck, in primavera si pratica il &#8220;figln&#8221; &copy; Christoph Johann<\/figcaption><\/figure><\/div>\n\n\n<p>Il venerd\u00ec \u00e8 un giorno speciale nella stazione sciistica di <strong>Obergurgl nella \u00d6tztal<\/strong>. All&#8217;evento settimanale <a href=\"https:\/\/www.gurgl.com\/winter\/events\/event-calendar.html?viewType=detail&amp;itemId=384&amp;_gl=1*16z5x4d*_up*MQ..&amp;gclid=EAIaIQobChMIz4jqsMji-wIVFc13Ch1x6QEFEAAYASABEgIsDPD_BwE\" target=\"_blank\" rel=\"noreferrer noopener\">&#8220;First Line&#8221;,<\/a> i mattinieri sciano da soli sulle piste. Da inizio di febbraio a met\u00e0 aprile, gli sciatori possono fare le loro prime curve sulle piste appena preparate dalle ore 07:30 e poi gustare una colazione di prima classe sulla Hohe Mut Alm.<\/p>\n\n\n\n<p>Molte giornate di sole e una garanzia di neve eccezionalmente elevata rendono la regione dell\u2019<strong><a href=\"https:\/\/www.osttirol.com\/entdecken-und-erleben\/winter\/skifahren\/sonnenskilauf\/\" target=\"_blank\" rel=\"noreferrer noopener\">Osttirol<\/a> <\/strong>una destinazione <strong>ideale per lo sci primaverile<\/strong>; qui gli sciatori trovano piste vuote, senza tempi di attesa agli impianti di risalita e ricche merende con vere prelibatezze della regione. Cosa c&#8217;\u00e8 di cos\u00ec speciale? Questo luogo non solo offre uno scenario che permette di ammirare 266 cime di tremila metri, ma <strong>lo skipass \u00e8 valido anche in sette aree sciistiche della regione.<\/strong><\/p>\n\n\n\n<h2 class=\"wp-block-heading\">I migliori eventi di fine stagione: anche Eros Ramazzotti canta in quota sulle piste di Ischgl<\/h2>\n\n\n\n<p>Sciare in primavera in Tirolo: oltre al divertimento sugli sci, c\u2019\u00e8 anche una grande selezione di eventi top per la fine della stagione.<\/p>\n\n\n\n<ul class=\"wp-block-list\"><li><strong>Top of the Mountain con <strong>Eros Ramazzotti<\/strong><\/strong> <strong>\u00b7 30 aprile 2023, Ischgl<\/strong><br>Lo <a href=\"https:\/\/www.ischgl.com\/en\/Events\/Top-Events\/Spring-Blanc-in-Ischgl_topevent_48267585\" target=\"_blank\" rel=\"noreferrer noopener\">Spring Blanc<\/a> di <a href=\"http:\/\/www.ischgl.com\/en\" target=\"_blank\" rel=\"noreferrer noopener\">Ischgl<\/a> offre tutta una serie di eventi per gli amanti del sole da fine marzo a inizio maggio. Alla &#8220;Primavera Bianca&#8221; nella Silvretta Arena, gli ospiti trovano condizioni sciistiche ideali, temperature meravigliosamente piacevoli e molti eventi di alto livello come il &#8220;Concerto di Pasqua Top of the Mountain&#8221; che si tiene il 9 aprile 2023. Eros Ramazzotti si esibir\u00e0 al <strong>Top of the Mountain Closing Concert <\/strong>il 30 aprile 2023: all\u2019ultimo giorno della stagione di sci viene dato l\u2019addio con la voce di Eros Ramazzotti che canta il suo repertorio inondando di flair italiano la Silvretta Arena. Per assistere al concerto, si sale in quota con le funivie: un piccolo viaggio emozionante tra le piste da sci che si conclude davanti al palcoscenico all\u2019aperto, in quota. Lo scenario \u00e8 spettacolare: ogni anno circa 12 mila persone applaudono i vari artisti: da Lenny Kravitz a King of Leon. Eros Ramazzotti \u00e8 un ospite tanto atteso: le sue canzoni hanno conquistato anche i paesi di lingua tedesca.<\/li><\/ul>\n\n\n<div class=\"wp-block-image\">\n<figure class=\"aligncenter size-large\"><img loading=\"lazy\" decoding=\"async\" width=\"1024\" height=\"683\" src=\"https:\/\/presse.tirol.at\/app\/uploads\/2022\/12\/Foto-ad-uso-stampa-PH_-MARIO-BOTTA-1024x683.jpg\" alt=\"Eros Ramazotti viene a Ischgl\" class=\"wp-image-183207\" srcset=\"https:\/\/presse.tirol.at\/app\/uploads\/2022\/12\/Foto-ad-uso-stampa-PH_-MARIO-BOTTA-1024x683.jpg 1024w, https:\/\/presse.tirol.at\/app\/uploads\/2022\/12\/Foto-ad-uso-stampa-PH_-MARIO-BOTTA-300x200.jpg 300w, https:\/\/presse.tirol.at\/app\/uploads\/2022\/12\/Foto-ad-uso-stampa-PH_-MARIO-BOTTA-768x512.jpg 768w, https:\/\/presse.tirol.at\/app\/uploads\/2022\/12\/Foto-ad-uso-stampa-PH_-MARIO-BOTTA-1536x1024.jpg 1536w, https:\/\/presse.tirol.at\/app\/uploads\/2022\/12\/Foto-ad-uso-stampa-PH_-MARIO-BOTTA-2048x1365.jpg 2048w\" sizes=\"auto, (max-width: 1024px) 100vw, 1024px\" \/><figcaption>Eros Ramazotti viene a Ischgl &copy; Mario Botta<\/figcaption><\/figure><\/div>\n\n\n<ul class=\"wp-block-list\"><li><strong>Pride Ski Week \u00b7 dal 18 al 25 marzo 2023, S\u00f6lden<\/strong><br>Attrazioni sportive, specialit\u00e0 culinarie, intrattenimento di alto livello aspettano gli appassionati durante la settimana pi\u00f9 variegata dell&#8217;inverno sciistico dell&#8217;\u00d6tztal. Per un&#8217;intera settimana, i visitatori della <a href=\"https:\/\/www.winterpride-soelden.com\/en\/\" target=\"_blank\" rel=\"noreferrer noopener\">Pride Ski Week di S\u00f6lden<\/a> si possono stupire davanti ad una line-up di artisti nazionali e internazionali, nonch\u00e9 una variet\u00e0 di eventi, tra cui il piacere di sciare sulle piste di S\u00f6lden e Gurgl.<\/li><li><strong>Corsa in cordata Hochf\u00fcgener Seilrennen \u00b7 16 aprile 2023, Zillertal<\/strong><br>Per la 57a volta, la leggendaria <a href=\"https:\/\/www.hochfuegenski.com\/en\/live-news\/events\/rope-race\/\" target=\"_blank\" rel=\"noreferrer noopener\">gara in cordata<\/a> si svolger\u00e0 a Hochf\u00fcgen il 16 aprile 2023. Tre sciatori in cordata si cimentano in uno slalom gigante con indosso ski cross e offrono un sacco di divertimento per gli spettatori. Anche i pi\u00f9 piccoli possono dimostrare le loro abilit\u00e0 in questa pazza corsa.<\/li><\/ul>\n\n\n\n<figure class=\"wp-block-embed is-type-video is-provider-youtube wp-block-embed-youtube wp-embed-aspect-16-9 wp-has-aspect-ratio\"><div class=\"wp-block-embed__wrapper\">\n<iframe loading=\"lazy\" title=\"55. Hochf\u00fcgener Seilrennen\" width=\"500\" height=\"281\" src=\"https:\/\/www.youtube.com\/embed\/UyPvB-yCcQg?feature=oembed\" frameborder=\"0\" allow=\"accelerometer; autoplay; clipboard-write; encrypted-media; gyroscope; picture-in-picture; web-share\" referrerpolicy=\"strict-origin-when-cross-origin\" allowfullscreen><\/iframe>\n<\/div><\/figure>\n\n\n\n<ul class=\"wp-block-list\"><li>&#8220;<strong>Der Wei\u00dfe Rausch&#8221; (Giunco bianco) \u00b7 22 aprile 2023, St. Anton am Arlberg<\/strong><br>Si tratta di uno degli eventi sciistici pi\u00f9 iconici delle Alpi: \u201c<a href=\"https:\/\/der-weisse-rausch.at\/en\/home\" target=\"_blank\" rel=\"noreferrer noopener\">Der Wei\u00dfe Rausch<\/a>\u201d (<em>White Thrill <\/em>in inglese) a St. Anton am Arlberg. Ogni anno, la leggendaria gara di sci porta i partecipanti ai loro limiti sportivi, dopotutto, \u00e8 necessario conquistare 1.346 metri di dislivello e nove chilometri su un pendio impreparato e prevalere nella mass start con 555 partecipanti. Solo una cosa conta: arrivare al traguardo.<\/li><\/ul>\n\n\n\n<figure class=\"wp-block-image size-large\"><img loading=\"lazy\" decoding=\"async\" width=\"1024\" height=\"683\" src=\"https:\/\/presse.tirol.at\/app\/uploads\/2023\/02\/Auf-die-Plaetze-fertig-los-\u00a9-TVB-St.-Anton-am-Arlberg_Patrick-Saely-238-1024x683.jpg\" alt=\"&quot;Der Wei\u00dfe Rausch&quot;, uno degli eventi sciistici pi\u00f9 iconici delle Alpi\" class=\"wp-image-186547\" srcset=\"https:\/\/presse.tirol.at\/app\/uploads\/2023\/02\/Auf-die-Plaetze-fertig-los-\u00a9-TVB-St.-Anton-am-Arlberg_Patrick-Saely-238-1024x683.jpg 1024w, https:\/\/presse.tirol.at\/app\/uploads\/2023\/02\/Auf-die-Plaetze-fertig-los-\u00a9-TVB-St.-Anton-am-Arlberg_Patrick-Saely-238-300x200.jpg 300w, https:\/\/presse.tirol.at\/app\/uploads\/2023\/02\/Auf-die-Plaetze-fertig-los-\u00a9-TVB-St.-Anton-am-Arlberg_Patrick-Saely-238-768x513.jpg 768w, https:\/\/presse.tirol.at\/app\/uploads\/2023\/02\/Auf-die-Plaetze-fertig-los-\u00a9-TVB-St.-Anton-am-Arlberg_Patrick-Saely-238-1536x1025.jpg 1536w, https:\/\/presse.tirol.at\/app\/uploads\/2023\/02\/Auf-die-Plaetze-fertig-los-\u00a9-TVB-St.-Anton-am-Arlberg_Patrick-Saely-238-2048x1367.jpg 2048w\" sizes=\"auto, (max-width: 1024px) 100vw, 1024px\" \/><figcaption>&#8220;Der Wei\u00dfe Rausch&#8221;, uno degli eventi sciistici pi\u00f9 iconici delle Alpi &copy; TVB St. Anton am Arlberg, Patrick S\u00e4ly<\/figcaption><\/figure>\n\n\n\n<h2 class=\"wp-block-heading\">Prolungamento della stagione sui 5 ghiacciai tirolesi<\/h2>\n\n\n\n<p>Chi non ne ha mai abbastanza di sciare e vuole prolungare le discese fino a dopo Pasqua, i <a href=\"https:\/\/www.tirolo.com\/attivita\/sport\/sci\/ghiacciai-tirolesi\" target=\"_blank\" rel=\"noreferrer noopener\">5 ghiacciai tirolesi<\/a> sono pronti ad esaudire i desideri: Hintertux, Stubai, S\u00f6lden, Pitztal e Kaunertal offrono la massima garanzia di neve a oltre 3.000 metri sul livello del mare grazie alla loro altitudine. Con oltre 300 chilometri di piste, i comprensori sciistici su ghiacciaio hanno l&#8217;offerta giusta per tutti i gusti: qui si trovano ampie e ampie piste per gli amanti della velocit\u00e0, piste ripide per esperti e piste pianeggianti e preparate in modo ottimale per famiglie e principianti. L&#8217;offerta \u00e8 completata da attrazioni come piattaforme panoramiche, grotte glaciali, musei dell&#8217;avventura e accoglienti ristoranti con invitanti terrazze soleggiate.<\/p>\n\n\n\n<p>Le attuali condizioni delle piste e l&#8217;altezza della neve, nonch\u00e9 le piste aperte dei 5 ghiacciai tirolesi si trovano sul <a href=\"http:\/\/www.tirolergletscher.com\/en\" target=\"_blank\" rel=\"noreferrer noopener\">www.tirolergletscher.com\/en<\/a>.<\/p>\n","protected":false},"excerpt":{"rendered":"<p>La primavera \u00e8 la stagione perfetta per combinare sole, neve firn e divertimento in Tirolo.<\/p>\n","protected":false},"author":17,"featured_media":186568,"comment_status":"closed","ping_status":"closed","sticky":false,"template":"","format":"standard","meta":{"_acf_changed":false,"footnotes":""},"categories":[298,296],"region":[109],"coauthors":[292],"class_list":["post-187530","post","type-post","status-publish","format-standard","has-post-thumbnail","hentry","category-ghiacciai-tirolesi","category-sciare","region-tirol-werbung"],"acf":[],"yoast_head":"<!-- This site is optimized with the Yoast SEO plugin v25.1 - https:\/\/yoast.com\/wordpress\/plugins\/seo\/ -->\n<title>Sciare in primavera in Tirolo: Sole, neve firn, divertimento &amp; concerti in quota, raggiungibile in funivia - Presse.Tirol<\/title>\n<meta name=\"description\" content=\"La primavera \u00e8 la stagione perfetta per combinare sole, neve firn e divertimento in Tirolo. E per chi vuole prolungare le sciate, l&#039;inverno continua sui 5 ghiacciai tirolesi.\" \/>\n<meta name=\"robots\" content=\"index, follow, max-snippet:-1, max-image-preview:large, max-video-preview:-1\" \/>\n<link rel=\"canonical\" href=\"https:\/\/presse.tirol.at\/it\/sciare-in-primavera\/187530\/\" \/>\n<meta property=\"og:locale\" content=\"it_IT\" \/>\n<meta property=\"og:type\" content=\"article\" \/>\n<meta property=\"og:title\" content=\"Sciare in primavera in Tirolo: Sole, neve firn, divertimento &amp; concerti in quota, raggiungibile in funivia - Presse.Tirol\" \/>\n<meta property=\"og:description\" content=\"La primavera \u00e8 la stagione perfetta per combinare sole, neve firn e divertimento in Tirolo. E per chi vuole prolungare le sciate, l&#039;inverno continua sui 5 ghiacciai tirolesi.\" \/>\n<meta property=\"og:url\" content=\"https:\/\/presse.tirol.at\/it\/sciare-in-primavera\/187530\/\" \/>\n<meta property=\"og:site_name\" content=\"Presse.Tirol\" \/>\n<meta property=\"article:published_time\" content=\"2023-02-06T11:10:38+00:00\" \/>\n<meta property=\"article:modified_time\" content=\"2023-02-16T09:09:16+00:00\" \/>\n<meta property=\"og:image\" content=\"https:\/\/presse.tirol.at\/app\/uploads\/2023\/02\/Fruehjahrskilauf-in-St.-Anton-am-Arlberg-\u00a9Tirol-Werbung_Jarisch-Manfred_Sankt-Anton-am-Arlberg-scaled.jpg\" \/>\n\t<meta property=\"og:image:width\" content=\"2560\" \/>\n\t<meta property=\"og:image:height\" content=\"1707\" \/>\n\t<meta property=\"og:image:type\" content=\"image\/jpeg\" \/>\n<meta name=\"author\" content=\"Martina Nairz\" \/>\n<meta name=\"twitter:card\" content=\"summary_large_image\" \/>\n<meta name=\"twitter:label1\" content=\"Scritto da\" \/>\n\t<meta name=\"twitter:data1\" content=\"Martina Nairz\" \/>\n\t<meta name=\"twitter:label2\" content=\"Tempo di lettura stimato\" \/>\n\t<meta name=\"twitter:data2\" content=\"7 minutes\" \/>\n\t<meta name=\"twitter:label3\" content=\"Written by\" \/>\n\t<meta name=\"twitter:data3\" content=\"Martina Nairz\" \/>\n<script type=\"application\/ld+json\" class=\"yoast-schema-graph\">{\"@context\":\"https:\/\/schema.org\",\"@graph\":[{\"@type\":\"WebPage\",\"@id\":\"https:\/\/presse.tirol.at\/it\/sciare-in-primavera\/187530\/\",\"url\":\"https:\/\/presse.tirol.at\/it\/sciare-in-primavera\/187530\/\",\"name\":\"Sciare in primavera in Tirolo: Sole, neve firn, divertimento & concerti in quota, raggiungibile in funivia - Presse.Tirol\",\"isPartOf\":{\"@id\":\"https:\/\/presse.tirol.at\/it\/#website\"},\"primaryImageOfPage\":{\"@id\":\"https:\/\/presse.tirol.at\/it\/sciare-in-primavera\/187530\/#primaryimage\"},\"image\":{\"@id\":\"https:\/\/presse.tirol.at\/it\/sciare-in-primavera\/187530\/#primaryimage\"},\"thumbnailUrl\":\"https:\/\/presse.tirol.at\/app\/uploads\/2023\/02\/Fruehjahrskilauf-in-St.-Anton-am-Arlberg-\u00a9Tirol-Werbung_Jarisch-Manfred_Sankt-Anton-am-Arlberg-scaled.jpg\",\"datePublished\":\"2023-02-06T11:10:38+00:00\",\"dateModified\":\"2023-02-16T09:09:16+00:00\",\"author\":{\"@id\":\"https:\/\/presse.tirol.at\/it\/#\/schema\/person\/7a01d43ecdf024eeb61ea2a3d4edcdc3\"},\"description\":\"La primavera \u00e8 la stagione perfetta per combinare sole, neve firn e divertimento in Tirolo. E per chi vuole prolungare le sciate, l'inverno continua sui 5 ghiacciai tirolesi.\",\"inLanguage\":\"it-IT\",\"potentialAction\":[{\"@type\":\"ReadAction\",\"target\":[\"https:\/\/presse.tirol.at\/it\/sciare-in-primavera\/187530\/\"]}]},{\"@type\":\"ImageObject\",\"inLanguage\":\"it-IT\",\"@id\":\"https:\/\/presse.tirol.at\/it\/sciare-in-primavera\/187530\/#primaryimage\",\"url\":\"https:\/\/presse.tirol.at\/app\/uploads\/2023\/02\/Fruehjahrskilauf-in-St.-Anton-am-Arlberg-\u00a9Tirol-Werbung_Jarisch-Manfred_Sankt-Anton-am-Arlberg-scaled.jpg\",\"contentUrl\":\"https:\/\/presse.tirol.at\/app\/uploads\/2023\/02\/Fruehjahrskilauf-in-St.-Anton-am-Arlberg-\u00a9Tirol-Werbung_Jarisch-Manfred_Sankt-Anton-am-Arlberg-scaled.jpg\",\"width\":2560,\"height\":1707,\"caption\":\"Sciare in primavera a St. Anton am Arlberg\"},{\"@type\":\"WebSite\",\"@id\":\"https:\/\/presse.tirol.at\/it\/#website\",\"url\":\"https:\/\/presse.tirol.at\/it\/\",\"name\":\"Presse.Tirol\",\"description\":\"Regionale Presseplattform der Tirol Werbung und den Tiroler Tourismusverb\u00e4nden\",\"potentialAction\":[{\"@type\":\"SearchAction\",\"target\":{\"@type\":\"EntryPoint\",\"urlTemplate\":\"https:\/\/presse.tirol.at\/it\/?s={search_term_string}\"},\"query-input\":{\"@type\":\"PropertyValueSpecification\",\"valueRequired\":true,\"valueName\":\"search_term_string\"}}],\"inLanguage\":\"it-IT\"},{\"@type\":\"Person\",\"@id\":\"https:\/\/presse.tirol.at\/it\/#\/schema\/person\/7a01d43ecdf024eeb61ea2a3d4edcdc3\",\"name\":\"Martina Nairz\",\"image\":{\"@type\":\"ImageObject\",\"inLanguage\":\"it-IT\",\"@id\":\"https:\/\/presse.tirol.at\/it\/#\/schema\/person\/image\/b47273d486f1e6665f0c420330a009a6\",\"url\":\"https:\/\/secure.gravatar.com\/avatar\/b665805ca9d0b765eb68d4309bc5cbc59f9f79685c7853e60e3f0e084b24276d?s=96&d=mm&r=g\",\"contentUrl\":\"https:\/\/secure.gravatar.com\/avatar\/b665805ca9d0b765eb68d4309bc5cbc59f9f79685c7853e60e3f0e084b24276d?s=96&d=mm&r=g\",\"caption\":\"Martina Nairz\"}}]}<\/script>\n<!-- \/ Yoast SEO plugin. -->","yoast_head_json":{"title":"Sciare in primavera in Tirolo: Sole, neve firn, divertimento & concerti in quota, raggiungibile in funivia - Presse.Tirol","description":"La primavera \u00e8 la stagione perfetta per combinare sole, neve firn e divertimento in Tirolo. E per chi vuole prolungare le sciate, l'inverno continua sui 5 ghiacciai tirolesi.","robots":{"index":"index","follow":"follow","max-snippet":"max-snippet:-1","max-image-preview":"max-image-preview:large","max-video-preview":"max-video-preview:-1"},"canonical":"https:\/\/presse.tirol.at\/it\/sciare-in-primavera\/187530\/","og_locale":"it_IT","og_type":"article","og_title":"Sciare in primavera in Tirolo: Sole, neve firn, divertimento & concerti in quota, raggiungibile in funivia - Presse.Tirol","og_description":"La primavera \u00e8 la stagione perfetta per combinare sole, neve firn e divertimento in Tirolo. E per chi vuole prolungare le sciate, l'inverno continua sui 5 ghiacciai tirolesi.","og_url":"https:\/\/presse.tirol.at\/it\/sciare-in-primavera\/187530\/","og_site_name":"Presse.Tirol","article_published_time":"2023-02-06T11:10:38+00:00","article_modified_time":"2023-02-16T09:09:16+00:00","og_image":[{"width":2560,"height":1707,"url":"https:\/\/presse.tirol.at\/app\/uploads\/2023\/02\/Fruehjahrskilauf-in-St.-Anton-am-Arlberg-\u00a9Tirol-Werbung_Jarisch-Manfred_Sankt-Anton-am-Arlberg-scaled.jpg","type":"image\/jpeg"}],"author":"Martina Nairz","twitter_card":"summary_large_image","twitter_misc":{"Scritto da":"Martina Nairz","Tempo di lettura stimato":"7 minutes","Written by":"Martina Nairz"},"schema":{"@context":"https:\/\/schema.org","@graph":[{"@type":"WebPage","@id":"https:\/\/presse.tirol.at\/it\/sciare-in-primavera\/187530\/","url":"https:\/\/presse.tirol.at\/it\/sciare-in-primavera\/187530\/","name":"Sciare in primavera in Tirolo: Sole, neve firn, divertimento & concerti in quota, raggiungibile in funivia - Presse.Tirol","isPartOf":{"@id":"https:\/\/presse.tirol.at\/it\/#website"},"primaryImageOfPage":{"@id":"https:\/\/presse.tirol.at\/it\/sciare-in-primavera\/187530\/#primaryimage"},"image":{"@id":"https:\/\/presse.tirol.at\/it\/sciare-in-primavera\/187530\/#primaryimage"},"thumbnailUrl":"https:\/\/presse.tirol.at\/app\/uploads\/2023\/02\/Fruehjahrskilauf-in-St.-Anton-am-Arlberg-\u00a9Tirol-Werbung_Jarisch-Manfred_Sankt-Anton-am-Arlberg-scaled.jpg","datePublished":"2023-02-06T11:10:38+00:00","dateModified":"2023-02-16T09:09:16+00:00","author":{"@id":"https:\/\/presse.tirol.at\/it\/#\/schema\/person\/7a01d43ecdf024eeb61ea2a3d4edcdc3"},"description":"La primavera \u00e8 la stagione perfetta per combinare sole, neve firn e divertimento in Tirolo. E per chi vuole prolungare le sciate, l'inverno continua sui 5 ghiacciai tirolesi.","inLanguage":"it-IT","potentialAction":[{"@type":"ReadAction","target":["https:\/\/presse.tirol.at\/it\/sciare-in-primavera\/187530\/"]}]},{"@type":"ImageObject","inLanguage":"it-IT","@id":"https:\/\/presse.tirol.at\/it\/sciare-in-primavera\/187530\/#primaryimage","url":"https:\/\/presse.tirol.at\/app\/uploads\/2023\/02\/Fruehjahrskilauf-in-St.-Anton-am-Arlberg-\u00a9Tirol-Werbung_Jarisch-Manfred_Sankt-Anton-am-Arlberg-scaled.jpg","contentUrl":"https:\/\/presse.tirol.at\/app\/uploads\/2023\/02\/Fruehjahrskilauf-in-St.-Anton-am-Arlberg-\u00a9Tirol-Werbung_Jarisch-Manfred_Sankt-Anton-am-Arlberg-scaled.jpg","width":2560,"height":1707,"caption":"Sciare in primavera a St. Anton am Arlberg"},{"@type":"WebSite","@id":"https:\/\/presse.tirol.at\/it\/#website","url":"https:\/\/presse.tirol.at\/it\/","name":"Presse.Tirol","description":"Regionale Presseplattform der Tirol Werbung und den Tiroler Tourismusverb\u00e4nden","potentialAction":[{"@type":"SearchAction","target":{"@type":"EntryPoint","urlTemplate":"https:\/\/presse.tirol.at\/it\/?s={search_term_string}"},"query-input":{"@type":"PropertyValueSpecification","valueRequired":true,"valueName":"search_term_string"}}],"inLanguage":"it-IT"},{"@type":"Person","@id":"https:\/\/presse.tirol.at\/it\/#\/schema\/person\/7a01d43ecdf024eeb61ea2a3d4edcdc3","name":"Martina Nairz","image":{"@type":"ImageObject","inLanguage":"it-IT","@id":"https:\/\/presse.tirol.at\/it\/#\/schema\/person\/image\/b47273d486f1e6665f0c420330a009a6","url":"https:\/\/secure.gravatar.com\/avatar\/b665805ca9d0b765eb68d4309bc5cbc59f9f79685c7853e60e3f0e084b24276d?s=96&d=mm&r=g","contentUrl":"https:\/\/secure.gravatar.com\/avatar\/b665805ca9d0b765eb68d4309bc5cbc59f9f79685c7853e60e3f0e084b24276d?s=96&d=mm&r=g","caption":"Martina Nairz"}}]}},"publishpress_future_workflow_manual_trigger":{"enabledWorkflows":[]},"_links":{"self":[{"href":"https:\/\/presse.tirol.at\/it\/wp-json\/wp\/v2\/posts\/187530","targetHints":{"allow":["GET"]}}],"collection":[{"href":"https:\/\/presse.tirol.at\/it\/wp-json\/wp\/v2\/posts"}],"about":[{"href":"https:\/\/presse.tirol.at\/it\/wp-json\/wp\/v2\/types\/post"}],"author":[{"embeddable":true,"href":"https:\/\/presse.tirol.at\/it\/wp-json\/wp\/v2\/users\/17"}],"replies":[{"embeddable":true,"href":"https:\/\/presse.tirol.at\/it\/wp-json\/wp\/v2\/comments?post=187530"}],"version-history":[{"count":0,"href":"https:\/\/presse.tirol.at\/it\/wp-json\/wp\/v2\/posts\/187530\/revisions"}],"wp:featuredmedia":[{"embeddable":true,"href":"https:\/\/presse.tirol.at\/it\/wp-json\/wp\/v2\/media\/186568"}],"wp:attachment":[{"href":"https:\/\/presse.tirol.at\/it\/wp-json\/wp\/v2\/media?parent=187530"}],"wp:term":[{"taxonomy":"category","embeddable":true,"href":"https:\/\/presse.tirol.at\/it\/wp-json\/wp\/v2\/categories?post=187530"},{"taxonomy":"region","embeddable":true,"href":"https:\/\/presse.tirol.at\/it\/wp-json\/wp\/v2\/region?post=187530"},{"taxonomy":"author","embeddable":true,"href":"https:\/\/presse.tirol.at\/it\/wp-json\/wp\/v2\/coauthors?post=187530"}],"curies":[{"name":"wp","href":"https:\/\/api.w.org\/{rel}","templated":true}]}}