{"id":227783,"date":"2024-01-19T11:20:35","date_gmt":"2024-01-19T10:20:35","guid":{"rendered":"https:\/\/presse.tirol.at\/?p=227783"},"modified":"2024-01-19T11:20:36","modified_gmt":"2024-01-19T10:20:36","slug":"innlove-5-attrazioni-imperdibili-per-il-giorno-di-san-valentino-nella-regione-di-innsbruck","status":"publish","type":"post","link":"https:\/\/presse.tirol.at\/it\/innlove-5-attrazioni-imperdibili-per-il-giorno-di-san-valentino-nella-regione-di-innsbruck\/227783\/","title":{"rendered":"INN&#8217;LOVE: 5 attrazioni imperdibili per il giorno di San Valentino nella regione di Innsbruck"},"content":{"rendered":"\n<p class=\"intro\">Cioccolatini, fiori e spumante? A San Valentino la regione di Innsbruck offre molto pi\u00f9 che le classiche idee regalo. I nostri cinque infallibili suggerimenti faranno battere forte il cuore nel giorno pi\u00f9 romantico dell\u2019anno.<\/p>\n\n\n\n<figure class=\"wp-block-image size-large\"><img loading=\"lazy\" decoding=\"async\" width=\"1024\" height=\"681\" src=\"https:\/\/presse.tirol.at\/app\/uploads\/2024\/01\/2023_0420-1024x681.jpeg\" alt=\"\" class=\"wp-image-223164\" srcset=\"https:\/\/presse.tirol.at\/app\/uploads\/2024\/01\/2023_0420-1024x681.jpeg 1024w, https:\/\/presse.tirol.at\/app\/uploads\/2024\/01\/2023_0420-300x199.jpeg 300w, https:\/\/presse.tirol.at\/app\/uploads\/2024\/01\/2023_0420-768x510.jpeg 768w, https:\/\/presse.tirol.at\/app\/uploads\/2024\/01\/2023_0420-1536x1021.jpeg 1536w, https:\/\/presse.tirol.at\/app\/uploads\/2024\/01\/2023_0420-2048x1361.jpeg 2048w\" sizes=\"auto, (max-width: 1024px) 100vw, 1024px\" \/><figcaption>Innsbruck si trasforma nella citt\u00e0 dell&#8217;amore per San Valentino. &copy; Innsbruck Tourismus \/ Eye5 \u2013 Jonas Schwarzw\u00e4lder<\/figcaption><\/figure>\n\n\n\n<p><strong>1. Danza: unione ed emozione&nbsp;<\/strong><\/p>\n\n\n\n<p>Una serata all\u2019insegna del romanticismo e della malinconia, arricchita da coinvolgenti coreografie e musica incantevole \u2013 questa la promessa dell\u2019Innsbruck Winter Dance Festival, quest\u2019anno alla sua prima edizione. Chi desidera fare un dono perfetto agli amanti della danza e della musica cubana, non avr\u00e0 che da assicurarsi i biglietti per la primissima della produzione \u201cL\u00e1grimas Negras\u201d. Dal 9 al 18 febbraio 2024, per un totale di sette serate, il gruppo di ballo Limonada Dance Company porter\u00e0 in scena la storia dei Valdes, una rinomata famiglia di musicisti cubani. Suggerimento: per la gioia di tutti gli appassionati di danza, a partire da fine gennaio saranno in programma svariati eventi e laboratori a corollario dell\u2019evento, come ad esempio la \u201cNoche de Amor\u201d. Ulteriori informazioni e biglietti a partire da \u20ac 57,50 al sito&nbsp;<a href=\"https:\/\/www.innsbrucktermine.at\/it\/veranstaltungen\/innsbruck-winter-dance-festival\" target=\"_blank\" rel=\"noreferrer noopener\">Festival di danza invernale di Innsbruck &#8211; Innsbruck Termine<\/a><\/p>\n\n\n\n<figure class=\"wp-block-image size-large\"><img loading=\"lazy\" decoding=\"async\" width=\"1024\" height=\"605\" src=\"https:\/\/presse.tirol.at\/app\/uploads\/2024\/01\/IWDF2024_cPeter_Koren_7891-1024x605.jpg\" alt=\"\" class=\"wp-image-223129\" srcset=\"https:\/\/presse.tirol.at\/app\/uploads\/2024\/01\/IWDF2024_cPeter_Koren_7891-1024x605.jpg 1024w, https:\/\/presse.tirol.at\/app\/uploads\/2024\/01\/IWDF2024_cPeter_Koren_7891-300x177.jpg 300w, https:\/\/presse.tirol.at\/app\/uploads\/2024\/01\/IWDF2024_cPeter_Koren_7891-768x454.jpg 768w, https:\/\/presse.tirol.at\/app\/uploads\/2024\/01\/IWDF2024_cPeter_Koren_7891-1536x907.jpg 1536w\" sizes=\"auto, (max-width: 1024px) 100vw, 1024px\" \/><figcaption>Il Festival di danza invernale di Innsbruck, dal 9 al 18 febbraio 2024, con numerosi eventi collaterali e workshop, fa battere i cuori con coreografie accattivanti. &copy; Peter Koren<\/figcaption><\/figure>\n\n\n\n<p><strong>2. Romanticismo in igloo&nbsp;<\/strong><\/p>\n\n\n\n<p>Chi \u00e8 in cerca di un pernottamento particolare e indimenticabile, trover\u00e0 ci\u00f2 che cerca allo straordinario villaggio degli igloo di K\u00fchtai. In questa idilliaca localit\u00e0 sciistica sita a oltre 2.000 metri di quota, un artistico hotel fatto interamente di neve e ghiaccio offre ogni genere di comodit\u00e0. Un particolarissimo luogo dove rilassarsi nella sauna dedicata e gustarsi una deliziosa cena a base di fonduta in stile svizzero nell\u2019accogliente ristorante. Suggerimento: il romantico igloo per due persone permetter\u00e0 di accoccolarsi cuore a cuore, ben avvolti in un caldo sacco a pelo. Fino ad inizio aprile \u00e8 inoltre disponibile una speciale offerta dedicata agli amanti dell\u2019inverno.&nbsp;<\/p>\n\n\n\n<p>Ulteriori informazioni e il pacchetto a partire da \u20ac 418 al sito&nbsp;<a href=\"https:\/\/www.innsbruck.info\/it\/d\/esperienze-invernali\/detail\/infrastruktur\/iglu-village-kuehtai.html\" target=\"_blank\" rel=\"noreferrer noopener\">Iglu Village (innsbruck.info)<\/a><\/p>\n\n\n\n<figure class=\"wp-block-image size-large\"><img loading=\"lazy\" decoding=\"async\" width=\"1024\" height=\"684\" src=\"https:\/\/presse.tirol.at\/app\/uploads\/2024\/01\/c-www-iglu-dorf.com_-1024x684.jpg\" alt=\"\" class=\"wp-image-223136\" srcset=\"https:\/\/presse.tirol.at\/app\/uploads\/2024\/01\/c-www-iglu-dorf.com_-1024x684.jpg 1024w, https:\/\/presse.tirol.at\/app\/uploads\/2024\/01\/c-www-iglu-dorf.com_-300x200.jpg 300w, https:\/\/presse.tirol.at\/app\/uploads\/2024\/01\/c-www-iglu-dorf.com_-768x513.jpg 768w, https:\/\/presse.tirol.at\/app\/uploads\/2024\/01\/c-www-iglu-dorf.com_-1536x1026.jpg 1536w, https:\/\/presse.tirol.at\/app\/uploads\/2024\/01\/c-www-iglu-dorf.com_-2048x1367.jpg 2048w\" sizes=\"auto, (max-width: 1024px) 100vw, 1024px\" \/><figcaption>Nel villaggio igloo di K\u00fchtai, a 2.000 metri sul livello del mare, gli innamorati possono accoccolarsi l&#8217;uno accanto all&#8217;altro in un romantico igloo. &copy; www.iglu-dorf.com<\/figcaption><\/figure>\n\n\n\n<p><strong>3. Mano nella mano attraverso paesaggi innevati&nbsp;<\/strong><\/p>\n\n\n\n<p>Le escursioni invernali riempiono il cuore di gioia, e sono il modo ideale per godere appieno di prati e boschi ammantati di neve, panorami montani mozzafiato e distese di neve intonsa e scintillante. La regione di Innsbruck offre complessivamente 67 chilometri di sentieri escursionistici invernali perfettamente segnati: una vasta scelta per intraprendere una romantica passeggiata nella stagione pi\u00f9 fredda dell\u2019anno, mano nella mano con la persona cara. Suggerimento: poich\u00e9 passeggiare in compagnia mette sempre pi\u00f9 allegria, il programma di attivit\u00e0 invernali incluso nella carta ospiti gratuita Welcome Card propone tour guidati da esperte guide escursionistiche locali. Dai tracciati pi\u00f9 agevoli ai percorsi pi\u00f9 impegnativi, sull\u2019altopiano di Mieming o ai piedi del Patscherkofel \u2013 ognuno trover\u00e0 ci\u00f2 che pi\u00f9 desidera.&nbsp;<\/p>\n\n\n\n<p>Ulteriori informazioni sul sito&nbsp;<a href=\"https:\/\/www.innsbruck.info\/it\/sport\/inverno\/programma-di-attivita-guidate.html\" target=\"_blank\" rel=\"noreferrer noopener\">Programma di attivit\u00e0 guidate &#8211; La regione di Innsbruck<\/a><\/p>\n\n\n\n<figure class=\"wp-block-image size-large\"><img loading=\"lazy\" decoding=\"async\" width=\"1024\" height=\"683\" src=\"https:\/\/presse.tirol.at\/app\/uploads\/2024\/01\/2019_117-1024x683.jpg\" alt=\"\" class=\"wp-image-223171\" srcset=\"https:\/\/presse.tirol.at\/app\/uploads\/2024\/01\/2019_117-1024x683.jpg 1024w, https:\/\/presse.tirol.at\/app\/uploads\/2024\/01\/2019_117-300x200.jpg 300w, https:\/\/presse.tirol.at\/app\/uploads\/2024\/01\/2019_117-768x512.jpg 768w, https:\/\/presse.tirol.at\/app\/uploads\/2024\/01\/2019_117-1536x1024.jpg 1536w, https:\/\/presse.tirol.at\/app\/uploads\/2024\/01\/2019_117-2048x1365.jpg 2048w\" sizes=\"auto, (max-width: 1024px) 100vw, 1024px\" \/><figcaption>L&#8217;escursionismo invernale consiste nello scoprire la regione di Innsbruck a piedi. &copy; Innsbruck Tourismus \/ Vorhofer<\/figcaption><\/figure>\n\n\n\n<p><strong>4. La citt\u00e0 ai piedi e l\u2019amore che prende per la gola&nbsp;<\/strong><\/p>\n\n\n\n<p>Quando amiamo profondamente vorremmo mettere il mondo ai piedi della persona pi\u00f9 cara. Ma \u00e8 davvero solo un modo di dire? Innsbruck offre la possibilit\u00e0 di mettere concretamente ai piedi della persona amata almeno una citt\u00e0\u2026 e grazie agli impianti Nordkettenbahnen sar\u00e0 un gioco da ragazzi. Sulla Seegrube, a quasi 2.000 metri di quota, si gode di una vista imponente su un panorama mozzafiato: la capitale del Tirolo distesa ai piedi del massiccio montuoso si offre agli sguardi dei visitatori che la sovrastano maestosamente dall\u2019alto. Suggerimento: chi desidera unire l\u2019esperienza montana ai piaceri gastronomici potr\u00e0 invitare la persona cara all\u2019irresistibile brunch di San Valentino sulla Seegrube \u2013 perch\u00e9 l\u2019amore prende anche per la gola.&nbsp;<\/p>\n\n\n\n<p>Ulteriori informazioni e il pacchetto per il 14 febbraio 2024 a partire da \u20ac 35 al sito&nbsp;<a href=\"https:\/\/www.innsbruck.info\/it\/attrazioni-turistiche\/la-nordkette.html\" target=\"_blank\" rel=\"noreferrer noopener\">Nordkette \/ Nordkettenbahn &amp; Hungerburgbahn &#8211; Escursioni e sci (innsbruck.info)<\/a><\/p>\n\n\n\n<figure class=\"wp-block-image size-large\"><img loading=\"lazy\" decoding=\"async\" width=\"1024\" height=\"720\" src=\"https:\/\/presse.tirol.at\/app\/uploads\/2024\/01\/Nordkette_Brunch_34-1-1024x720.jpg\" alt=\"\" class=\"wp-image-223150\" srcset=\"https:\/\/presse.tirol.at\/app\/uploads\/2024\/01\/Nordkette_Brunch_34-1-1024x720.jpg 1024w, https:\/\/presse.tirol.at\/app\/uploads\/2024\/01\/Nordkette_Brunch_34-1-300x211.jpg 300w, https:\/\/presse.tirol.at\/app\/uploads\/2024\/01\/Nordkette_Brunch_34-1-768x540.jpg 768w, https:\/\/presse.tirol.at\/app\/uploads\/2024\/01\/Nordkette_Brunch_34-1-1536x1079.jpg 1536w, https:\/\/presse.tirol.at\/app\/uploads\/2024\/01\/Nordkette_Brunch_34-1-2048x1439.jpg 2048w\" sizes=\"auto, (max-width: 1024px) 100vw, 1024px\" \/><figcaption>La strada per il cuore di un uomo passa attraverso lo stomaco: un ricco brunch al Seegrube \u00e8 un ottimo modo per conoscersi a San Valentino. &copy; Innsbrucker Nordkettenbahnen<\/figcaption><\/figure>\n\n\n\n<p><strong>5. Farsi belli e stare bene\u2026 insieme&nbsp;<\/strong><\/p>\n\n\n\n<p>Un weekend dedicato al wellness o semplicemente una Day Spa: tutti coloro che cercano una pausa dalla quotidianit\u00e0 troveranno la propria oasi di quiete negli hotel wellness della regione di Innsbruck. Nelle pregiate aree Spa \u2013 per lo pi\u00f9 dotate di svariate saune e piscine, con ricche offerte di massaggi e trattamenti cosmetici, nonch\u00e9 con interessanti proposte per il fitness e attivit\u00e0 sportive \u2013 sar\u00e0 facile staccare la spina, lasciarsi coccolare e godere appeno del tempo dedicato alla coppia. Suggerimento: sul soleggiato altopiano di Mieming, ad esempio, \u00e8 possibile dedicarsi dei momenti di piacevole benessere al Bio Wellness Hotel Holzleiten e all\u2019Alpenresort Schwarz.&nbsp;<\/p>\n\n\n\n<p>Ulteriori informazioni:&nbsp;<a href=\"https:\/\/www.innsbruck.info\/it\/relax.html\" target=\"_blank\" rel=\"noreferrer noopener\">Vacanza relax nella regione di Innsbruck<\/a><\/p>\n\n\n\n<figure class=\"wp-block-image size-large\"><img loading=\"lazy\" decoding=\"async\" width=\"1024\" height=\"721\" src=\"https:\/\/presse.tirol.at\/app\/uploads\/2024\/01\/2015_810-1024x721.jpg\" alt=\"\" class=\"wp-image-223178\" srcset=\"https:\/\/presse.tirol.at\/app\/uploads\/2024\/01\/2015_810-1024x721.jpg 1024w, https:\/\/presse.tirol.at\/app\/uploads\/2024\/01\/2015_810-300x211.jpg 300w, https:\/\/presse.tirol.at\/app\/uploads\/2024\/01\/2015_810-768x541.jpg 768w, https:\/\/presse.tirol.at\/app\/uploads\/2024\/01\/2015_810-1536x1082.jpg 1536w, https:\/\/presse.tirol.at\/app\/uploads\/2024\/01\/2015_810.jpg 1760w\" sizes=\"auto, (max-width: 1024px) 100vw, 1024px\" \/><figcaption>L&#8217;amore \u00e8 benessere per l&#8217;anima: i numerosi hotel benessere della regione, come l&#8217;Hotel Holzleiten a Obsteig sull&#8217;Altopiano di Mieminger, vi invitano a godervi rilassanti weekend benessere o day spa. &copy; Hotel Holzleiten, Obsteig<\/figcaption><\/figure>\n\n\n\n<p><em><strong>Notizie sull\u2019ente turistico Innsbruck Tourismus\u00a0\u00a0<\/strong><\/em><br><em>L\u2019ente turistico Innsbruck Tourismus \u00e8 l\u2019organizzazione ufficiale della regione di Innsbruck che si occupa della gestione di questa vasta destinazione turistica: la regione si estende infatti dal capoluogo tirolese fino a comprendere oltre 40 localit\u00e0 situate nei dintorni, dalla valle Inntal fino all\u2019altopiano di Mieming, passando per la cittadina di K\u00fchtai e la valle Sellraintal. Con quasi 3,5 milioni di pernottamenti (dati del 2019), la regione di Innsbruck rientra tra le pi\u00f9 grandi istituzioni turistiche dell\u2019Austria, e presenta una singolare simbiosi tra il ritmo vivace dell\u2019area urbana e l\u2019inconfondibile fascino naturale del mondo montano delle Alpi. Qui lo charme cittadino in tutte le sue varianti e le innumerevoli attrazioni turistiche distano solo pochi attimi da sentieri escursionistici, percorsi ciclabili, avventurose escursioni invernali e appassionanti piste da sci. La carta ospiti gratuita Welcome Card \u00e8 la chiave per usufruire al meglio della sconfinata variet\u00e0 proposta dalla regione: offre infatti, tra l\u2019altro, l\u2019utilizzo gratuito di tutti mezzi pubblici, caratteristica che permette agli ospiti di passare liberamente da un\u2019attrazione turistica all\u2019altra, viaggiando in modo comodo e sostenibile. I circa 90 collaboratori e collaboratrici dell\u2019ente turistico mettono immancabilmente gli ospiti al centro del loro mondo, pensando e agendo sempre per il loro benessere. Il loro entusiasmante amore per l\u2019area alpino-urbana che li circonda si trasmette agli ospiti conquistando i loro cuori \u2013 il team offre cos\u00ec immancabilmente, anno dopo anno, esperienze indimenticabili per una straordinaria vacanza in perfetta armonia tra uomo e natura. Con un totale di 12 centri informativi denominati \u201cTourismus Information\u201d, l\u2019ente turistico Innsbruck Tourismus riesce ad essere sempre vicino ai suoi ospiti, al centro degli avvenimenti e al passo con i tempi, nonch\u00e9 indiscusso punto di riferimento per storie autentiche e personalissime impressioni di personaggi del luogo, che si ritrovano nell\u2019amato\u00a0<a href=\"https:\/\/www.innsbruck.info\/blog\/it\/\" target=\"_blank\" rel=\"noreferrer noopener\">Blog\u00a0<\/a>e sui canali social alla voce #myinnsbruck.<\/em><\/p>\n\n\n\n<p><strong>Link utili:\u00a0<\/strong><br>Blog:<a href=\"https:\/\/www.innsbruck.info\/blog\/it\/\" target=\"_blank\" rel=\"noreferrer noopener\">\u00a0www.innsbruck.info\/blog<\/a><br>Facebook:\u00a0<a href=\"https:\/\/www.facebook.com\/Innsbruck\" target=\"_blank\" rel=\"noreferrer noopener\">www.facebook.com\/Innsbruck<\/a><br>Instagram:\u00a0<a href=\"https:\/\/www.instagram.com\/innsbrucktourism\/\" target=\"_blank\" rel=\"noreferrer noopener\">www.instagram.com\/innsbrucktourism<\/a><br>X (Twitter):\u00a0<a href=\"https:\/\/twitter.com\/InnsbruckTVB\" target=\"_blank\" rel=\"noreferrer noopener\">twitter.com\/InnsbruckTVB\u00a0<\/a>\u00a0<br>YouTube:\u00a0<a href=\"https:\/\/www.youtube.com\/user\/InnsbruckTVB\" target=\"_blank\" rel=\"noreferrer noopener\">www.youtube.com\/user\/InnsbruckTVB\u00a0\u00a0<\/a><br>Pinterest:\u00a0<a href=\"https:\/\/www.newsroom.pr\/at\/backoffice\/www.pinterest.at\/innsbrucktvb\/_created\" target=\"_blank\" rel=\"noreferrer noopener\">www.pinterest.at\/innsbrucktvb\/_created\u00a0<\/a><\/p>\n","protected":false},"excerpt":{"rendered":"<p>A San Valentino la regione di Innsbruck offre molto pi\u00f9 che le classiche idee regalo.<\/p>\n","protected":false},"author":30,"featured_media":223164,"comment_status":"closed","ping_status":"closed","sticky":false,"template":"","format":"standard","meta":{"_acf_changed":false,"footnotes":""},"categories":[11],"region":[84],"coauthors":[240],"class_list":["post-227783","post","type-post","status-publish","format-standard","has-post-thumbnail","hentry","category-non-categorizzato","region-innsbruck-tourismus"],"acf":[],"yoast_head":"<!-- This site is optimized with the Yoast SEO plugin v25.1 - https:\/\/yoast.com\/wordpress\/plugins\/seo\/ -->\n<title>INN&#039;LOVE: 5 attrazioni imperdibili per il giorno di San Valentino nella regione di Innsbruck - Presse.Tirol<\/title>\n<meta name=\"robots\" content=\"index, follow, max-snippet:-1, max-image-preview:large, max-video-preview:-1\" \/>\n<link rel=\"canonical\" href=\"https:\/\/presse.tirol.at\/it\/innlove-5-attrazioni-imperdibili-per-il-giorno-di-san-valentino-nella-regione-di-innsbruck\/227783\/\" \/>\n<meta property=\"og:locale\" content=\"it_IT\" \/>\n<meta property=\"og:type\" content=\"article\" \/>\n<meta property=\"og:title\" content=\"INN&#039;LOVE: 5 attrazioni imperdibili per il giorno di San Valentino nella regione di Innsbruck - Presse.Tirol\" \/>\n<meta property=\"og:description\" content=\"A San Valentino la regione di Innsbruck offre molto pi\u00f9 che le classiche idee regalo.\" \/>\n<meta property=\"og:url\" content=\"https:\/\/presse.tirol.at\/it\/innlove-5-attrazioni-imperdibili-per-il-giorno-di-san-valentino-nella-regione-di-innsbruck\/227783\/\" \/>\n<meta property=\"og:site_name\" content=\"Presse.Tirol\" \/>\n<meta property=\"article:published_time\" content=\"2024-01-19T10:20:35+00:00\" \/>\n<meta property=\"article:modified_time\" content=\"2024-01-19T10:20:36+00:00\" \/>\n<meta property=\"og:image\" content=\"https:\/\/presse.tirol.at\/app\/uploads\/2024\/01\/2023_0420-scaled.jpeg\" \/>\n\t<meta property=\"og:image:width\" content=\"2560\" \/>\n\t<meta property=\"og:image:height\" content=\"1701\" \/>\n\t<meta property=\"og:image:type\" content=\"image\/jpeg\" \/>\n<meta name=\"author\" content=\"Innsbruck Tourismus\" \/>\n<meta name=\"twitter:card\" content=\"summary_large_image\" \/>\n<meta name=\"twitter:label1\" content=\"Scritto da\" \/>\n\t<meta name=\"twitter:data1\" content=\"Innsbruck Tourismus\" \/>\n\t<meta name=\"twitter:label2\" content=\"Tempo di lettura stimato\" \/>\n\t<meta name=\"twitter:data2\" content=\"8 minutes\" \/>\n\t<meta name=\"twitter:label3\" content=\"Written by\" \/>\n\t<meta name=\"twitter:data3\" content=\"Innsbruck Tourismus\" \/>\n<script type=\"application\/ld+json\" class=\"yoast-schema-graph\">{\"@context\":\"https:\/\/schema.org\",\"@graph\":[{\"@type\":\"WebPage\",\"@id\":\"https:\/\/presse.tirol.at\/it\/innlove-5-attrazioni-imperdibili-per-il-giorno-di-san-valentino-nella-regione-di-innsbruck\/227783\/\",\"url\":\"https:\/\/presse.tirol.at\/it\/innlove-5-attrazioni-imperdibili-per-il-giorno-di-san-valentino-nella-regione-di-innsbruck\/227783\/\",\"name\":\"INN'LOVE: 5 attrazioni imperdibili per il giorno di San Valentino nella regione di Innsbruck - Presse.Tirol\",\"isPartOf\":{\"@id\":\"https:\/\/presse.tirol.at\/it\/#website\"},\"primaryImageOfPage\":{\"@id\":\"https:\/\/presse.tirol.at\/it\/innlove-5-attrazioni-imperdibili-per-il-giorno-di-san-valentino-nella-regione-di-innsbruck\/227783\/#primaryimage\"},\"image\":{\"@id\":\"https:\/\/presse.tirol.at\/it\/innlove-5-attrazioni-imperdibili-per-il-giorno-di-san-valentino-nella-regione-di-innsbruck\/227783\/#primaryimage\"},\"thumbnailUrl\":\"https:\/\/presse.tirol.at\/app\/uploads\/2024\/01\/2023_0420-scaled.jpeg\",\"datePublished\":\"2024-01-19T10:20:35+00:00\",\"dateModified\":\"2024-01-19T10:20:36+00:00\",\"author\":{\"@id\":\"https:\/\/presse.tirol.at\/it\/#\/schema\/person\/ebb6e78b71aa0f00645a6be43af692b7\"},\"inLanguage\":\"it-IT\",\"potentialAction\":[{\"@type\":\"ReadAction\",\"target\":[\"https:\/\/presse.tirol.at\/it\/innlove-5-attrazioni-imperdibili-per-il-giorno-di-san-valentino-nella-regione-di-innsbruck\/227783\/\"]}]},{\"@type\":\"ImageObject\",\"inLanguage\":\"it-IT\",\"@id\":\"https:\/\/presse.tirol.at\/it\/innlove-5-attrazioni-imperdibili-per-il-giorno-di-san-valentino-nella-regione-di-innsbruck\/227783\/#primaryimage\",\"url\":\"https:\/\/presse.tirol.at\/app\/uploads\/2024\/01\/2023_0420-scaled.jpeg\",\"contentUrl\":\"https:\/\/presse.tirol.at\/app\/uploads\/2024\/01\/2023_0420-scaled.jpeg\",\"width\":2560,\"height\":1701,\"caption\":\"Innsbruck si trasforma nella citt\u00e0 dell'amore per San Valentino.\"},{\"@type\":\"WebSite\",\"@id\":\"https:\/\/presse.tirol.at\/it\/#website\",\"url\":\"https:\/\/presse.tirol.at\/it\/\",\"name\":\"Presse.Tirol\",\"description\":\"Regionale Presseplattform der Tirol Werbung und den Tiroler Tourismusverb\u00e4nden\",\"potentialAction\":[{\"@type\":\"SearchAction\",\"target\":{\"@type\":\"EntryPoint\",\"urlTemplate\":\"https:\/\/presse.tirol.at\/it\/?s={search_term_string}\"},\"query-input\":{\"@type\":\"PropertyValueSpecification\",\"valueRequired\":true,\"valueName\":\"search_term_string\"}}],\"inLanguage\":\"it-IT\"},{\"@type\":\"Person\",\"@id\":\"https:\/\/presse.tirol.at\/it\/#\/schema\/person\/ebb6e78b71aa0f00645a6be43af692b7\",\"name\":\"Innsbruck Tourismus\",\"image\":{\"@type\":\"ImageObject\",\"inLanguage\":\"it-IT\",\"@id\":\"https:\/\/presse.tirol.at\/it\/#\/schema\/person\/image\/48b6af3557317095aa04684fa92d541e\",\"url\":\"https:\/\/secure.gravatar.com\/avatar\/4ff4dd2313c87313187622f3aab87ac2041dc66e1a56ffa9689d8785b4316ca5?s=96&d=mm&r=g\",\"contentUrl\":\"https:\/\/secure.gravatar.com\/avatar\/4ff4dd2313c87313187622f3aab87ac2041dc66e1a56ffa9689d8785b4316ca5?s=96&d=mm&r=g\",\"caption\":\"Innsbruck Tourismus\"}}]}<\/script>\n<!-- \/ Yoast SEO plugin. -->","yoast_head_json":{"title":"INN'LOVE: 5 attrazioni imperdibili per il giorno di San Valentino nella regione di Innsbruck - Presse.Tirol","robots":{"index":"index","follow":"follow","max-snippet":"max-snippet:-1","max-image-preview":"max-image-preview:large","max-video-preview":"max-video-preview:-1"},"canonical":"https:\/\/presse.tirol.at\/it\/innlove-5-attrazioni-imperdibili-per-il-giorno-di-san-valentino-nella-regione-di-innsbruck\/227783\/","og_locale":"it_IT","og_type":"article","og_title":"INN'LOVE: 5 attrazioni imperdibili per il giorno di San Valentino nella regione di Innsbruck - Presse.Tirol","og_description":"A San Valentino la regione di Innsbruck offre molto pi\u00f9 che le classiche idee regalo.","og_url":"https:\/\/presse.tirol.at\/it\/innlove-5-attrazioni-imperdibili-per-il-giorno-di-san-valentino-nella-regione-di-innsbruck\/227783\/","og_site_name":"Presse.Tirol","article_published_time":"2024-01-19T10:20:35+00:00","article_modified_time":"2024-01-19T10:20:36+00:00","og_image":[{"width":2560,"height":1701,"url":"https:\/\/presse.tirol.at\/app\/uploads\/2024\/01\/2023_0420-scaled.jpeg","type":"image\/jpeg"}],"author":"Innsbruck Tourismus","twitter_card":"summary_large_image","twitter_misc":{"Scritto da":"Innsbruck Tourismus","Tempo di lettura stimato":"8 minutes","Written by":"Innsbruck Tourismus"},"schema":{"@context":"https:\/\/schema.org","@graph":[{"@type":"WebPage","@id":"https:\/\/presse.tirol.at\/it\/innlove-5-attrazioni-imperdibili-per-il-giorno-di-san-valentino-nella-regione-di-innsbruck\/227783\/","url":"https:\/\/presse.tirol.at\/it\/innlove-5-attrazioni-imperdibili-per-il-giorno-di-san-valentino-nella-regione-di-innsbruck\/227783\/","name":"INN'LOVE: 5 attrazioni imperdibili per il giorno di San Valentino nella regione di Innsbruck - Presse.Tirol","isPartOf":{"@id":"https:\/\/presse.tirol.at\/it\/#website"},"primaryImageOfPage":{"@id":"https:\/\/presse.tirol.at\/it\/innlove-5-attrazioni-imperdibili-per-il-giorno-di-san-valentino-nella-regione-di-innsbruck\/227783\/#primaryimage"},"image":{"@id":"https:\/\/presse.tirol.at\/it\/innlove-5-attrazioni-imperdibili-per-il-giorno-di-san-valentino-nella-regione-di-innsbruck\/227783\/#primaryimage"},"thumbnailUrl":"https:\/\/presse.tirol.at\/app\/uploads\/2024\/01\/2023_0420-scaled.jpeg","datePublished":"2024-01-19T10:20:35+00:00","dateModified":"2024-01-19T10:20:36+00:00","author":{"@id":"https:\/\/presse.tirol.at\/it\/#\/schema\/person\/ebb6e78b71aa0f00645a6be43af692b7"},"inLanguage":"it-IT","potentialAction":[{"@type":"ReadAction","target":["https:\/\/presse.tirol.at\/it\/innlove-5-attrazioni-imperdibili-per-il-giorno-di-san-valentino-nella-regione-di-innsbruck\/227783\/"]}]},{"@type":"ImageObject","inLanguage":"it-IT","@id":"https:\/\/presse.tirol.at\/it\/innlove-5-attrazioni-imperdibili-per-il-giorno-di-san-valentino-nella-regione-di-innsbruck\/227783\/#primaryimage","url":"https:\/\/presse.tirol.at\/app\/uploads\/2024\/01\/2023_0420-scaled.jpeg","contentUrl":"https:\/\/presse.tirol.at\/app\/uploads\/2024\/01\/2023_0420-scaled.jpeg","width":2560,"height":1701,"caption":"Innsbruck si trasforma nella citt\u00e0 dell'amore per San Valentino."},{"@type":"WebSite","@id":"https:\/\/presse.tirol.at\/it\/#website","url":"https:\/\/presse.tirol.at\/it\/","name":"Presse.Tirol","description":"Regionale Presseplattform der Tirol Werbung und den Tiroler Tourismusverb\u00e4nden","potentialAction":[{"@type":"SearchAction","target":{"@type":"EntryPoint","urlTemplate":"https:\/\/presse.tirol.at\/it\/?s={search_term_string}"},"query-input":{"@type":"PropertyValueSpecification","valueRequired":true,"valueName":"search_term_string"}}],"inLanguage":"it-IT"},{"@type":"Person","@id":"https:\/\/presse.tirol.at\/it\/#\/schema\/person\/ebb6e78b71aa0f00645a6be43af692b7","name":"Innsbruck Tourismus","image":{"@type":"ImageObject","inLanguage":"it-IT","@id":"https:\/\/presse.tirol.at\/it\/#\/schema\/person\/image\/48b6af3557317095aa04684fa92d541e","url":"https:\/\/secure.gravatar.com\/avatar\/4ff4dd2313c87313187622f3aab87ac2041dc66e1a56ffa9689d8785b4316ca5?s=96&d=mm&r=g","contentUrl":"https:\/\/secure.gravatar.com\/avatar\/4ff4dd2313c87313187622f3aab87ac2041dc66e1a56ffa9689d8785b4316ca5?s=96&d=mm&r=g","caption":"Innsbruck Tourismus"}}]}},"publishpress_future_workflow_manual_trigger":{"enabledWorkflows":[]},"_links":{"self":[{"href":"https:\/\/presse.tirol.at\/it\/wp-json\/wp\/v2\/posts\/227783","targetHints":{"allow":["GET"]}}],"collection":[{"href":"https:\/\/presse.tirol.at\/it\/wp-json\/wp\/v2\/posts"}],"about":[{"href":"https:\/\/presse.tirol.at\/it\/wp-json\/wp\/v2\/types\/post"}],"author":[{"embeddable":true,"href":"https:\/\/presse.tirol.at\/it\/wp-json\/wp\/v2\/users\/30"}],"replies":[{"embeddable":true,"href":"https:\/\/presse.tirol.at\/it\/wp-json\/wp\/v2\/comments?post=227783"}],"version-history":[{"count":0,"href":"https:\/\/presse.tirol.at\/it\/wp-json\/wp\/v2\/posts\/227783\/revisions"}],"wp:featuredmedia":[{"embeddable":true,"href":"https:\/\/presse.tirol.at\/it\/wp-json\/wp\/v2\/media\/223164"}],"wp:attachment":[{"href":"https:\/\/presse.tirol.at\/it\/wp-json\/wp\/v2\/media?parent=227783"}],"wp:term":[{"taxonomy":"category","embeddable":true,"href":"https:\/\/presse.tirol.at\/it\/wp-json\/wp\/v2\/categories?post=227783"},{"taxonomy":"region","embeddable":true,"href":"https:\/\/presse.tirol.at\/it\/wp-json\/wp\/v2\/region?post=227783"},{"taxonomy":"author","embeddable":true,"href":"https:\/\/presse.tirol.at\/it\/wp-json\/wp\/v2\/coauthors?post=227783"}],"curies":[{"name":"wp","href":"https:\/\/api.w.org\/{rel}","templated":true}]}}