{"id":244074,"date":"2024-09-10T08:40:00","date_gmt":"2024-09-10T06:40:00","guid":{"rendered":"https:\/\/presse.tirol.at\/?p=244074"},"modified":"2024-09-09T15:03:55","modified_gmt":"2024-09-09T13:03:55","slug":"nuove-proposte-invernali-2024","status":"publish","type":"post","link":"https:\/\/presse.tirol.at\/it\/nuove-proposte-invernali-2024\/244074\/","title":{"rendered":"In pista e fuori pista: Nuove offerte nell\u2019inverno tirolese 2024\/25"},"content":{"rendered":"\n<p class=\"intro\">Una rete ancora pi\u00f9 articolata di itinerari escursionistici invernali segnalati e di piste da sci di fondo perfettamente preparate, impianti di risalita pi\u00f9 confortevoli e capienti, nonch\u00e9 un\u2019offerta ampliata per ospiti di tutte le et\u00e0, sia sulle piste che fuori, attendono i turisti all\u2019inizio della prossima stagione invernale in Tirolo. Ecco una panoramica:<\/p>\n\n\n<div class=\"wp-block-image\">\n<figure class=\"aligncenter size-large\"><img loading=\"lazy\" decoding=\"async\" width=\"1024\" height=\"683\" src=\"https:\/\/presse.tirol.at\/app\/uploads\/2024\/09\/Matreier-Tauernhaus-Eiskletterpark-cRamona-Waldner-1-1024x683.jpg\" alt=\"Nuovo centro di competenza invernale Tauernhaus di Matrei\" class=\"wp-image-243593\" srcset=\"https:\/\/presse.tirol.at\/app\/uploads\/2024\/09\/Matreier-Tauernhaus-Eiskletterpark-cRamona-Waldner-1-1024x683.jpg 1024w, https:\/\/presse.tirol.at\/app\/uploads\/2024\/09\/Matreier-Tauernhaus-Eiskletterpark-cRamona-Waldner-1-300x200.jpg 300w, https:\/\/presse.tirol.at\/app\/uploads\/2024\/09\/Matreier-Tauernhaus-Eiskletterpark-cRamona-Waldner-1-768x512.jpg 768w, https:\/\/presse.tirol.at\/app\/uploads\/2024\/09\/Matreier-Tauernhaus-Eiskletterpark-cRamona-Waldner-1-1536x1024.jpg 1536w, https:\/\/presse.tirol.at\/app\/uploads\/2024\/09\/Matreier-Tauernhaus-Eiskletterpark-cRamona-Waldner-1-2048x1365.jpg 2048w\" sizes=\"auto, (max-width: 1024px) 100vw, 1024px\" \/><figcaption>Nuovo centro di competenza invernale Tauernhaus di Matrei  &copy; Ramona Waldner<\/figcaption><\/figure><\/div>\n\n\n<h2 class=\"wp-block-heading\">Fuori pista<\/h2>\n\n\n\n<p><strong>Nuovo centro di competenza invernale Tauernhaus di Matrei \u00b7 Osttirol<\/strong><br>Con due sentieri segnalati per l\u2019escursionismo invernale, quattro piste per lo sci di fondo, il pi\u00f9 grande parco artificiale per l\u2019arrampicata su ghiaccio dell\u2019Austria con 70 vie e una torre di arrampicata su ghiaccio alta 17 metri, Matrei in <a href=\"http:\/\/www.osttirol.com\/it\" target=\"_blank\" rel=\"noreferrer noopener\">Osttirol<\/a> punta tutto sul Matreier Tauernhaus come fiore all\u2019occhiello di un centro di competenza invernale. L\u2019offerta per le attivit\u00e0 sportive invernali diverse dallo sci \u00e8 ricca, con percorsi di diverse lunghezze e livelli di difficolt\u00e0.<\/p>\n\n\n\n<p><strong>Sentiero escursionistico invernale a forma di stella sull\u2019altopiano \u00b7 Regione Seefeld<\/strong><br>Oltre al primo sentiero escursionistico invernale a lunga percorrenza gi\u00e0 esistente (4 tappe giornaliere, 3 pernottamenti, servizio di trasporto bagagli), a partire dalla stagione invernale 2024\/25, la regione di Seefeld \u2013 l\u2019altopiano del Tirolo \u2013 proporr\u00e0 un <a href=\"http:\/\/www.seefeld.com\/en\/winter-hiking.html\" target=\"_blank\" rel=\"noreferrer noopener\">nuovo sentiero invernale a lunga percorrenza a forma di stella<\/a>. In cinque giorni si potranno attraversare le attrazioni paesaggistiche dei cinque villaggi della regione vengono partendo sempre da Seefeld come punto fisso. Questo consente di sfruttare al meglio, durante le serate, le proposte di benessere, shopping e gastronomia di Seefeld, il cuore della regione.<\/p>\n\n\n<div class=\"wp-block-image\">\n<figure class=\"aligncenter size-large\"><img loading=\"lazy\" decoding=\"async\" width=\"1024\" height=\"683\" src=\"https:\/\/presse.tirol.at\/app\/uploads\/2024\/09\/Winterweitwandern-Region-Seefeld-Seekirchl-cRegion-Seefeld-1024x683.jpg\" alt=\"Escursione invernale a forma di stella con punto di partenza al Seekirchl di Seefeld\" class=\"wp-image-243653\" srcset=\"https:\/\/presse.tirol.at\/app\/uploads\/2024\/09\/Winterweitwandern-Region-Seefeld-Seekirchl-cRegion-Seefeld-1024x683.jpg 1024w, https:\/\/presse.tirol.at\/app\/uploads\/2024\/09\/Winterweitwandern-Region-Seefeld-Seekirchl-cRegion-Seefeld-300x200.jpg 300w, https:\/\/presse.tirol.at\/app\/uploads\/2024\/09\/Winterweitwandern-Region-Seefeld-Seekirchl-cRegion-Seefeld-768x512.jpg 768w, https:\/\/presse.tirol.at\/app\/uploads\/2024\/09\/Winterweitwandern-Region-Seefeld-Seekirchl-cRegion-Seefeld-1536x1024.jpg 1536w, https:\/\/presse.tirol.at\/app\/uploads\/2024\/09\/Winterweitwandern-Region-Seefeld-Seekirchl-cRegion-Seefeld-2048x1365.jpg 2048w\" sizes=\"auto, (max-width: 1024px) 100vw, 1024px\" \/><figcaption>Escursione invernale a forma di stella con punto di partenza al Seekirchl di Seefeld &copy; Region Seefeld<\/figcaption><\/figure><\/div>\n\n\n<p><strong>Primo itinerario per racchette da neve Dias a Kappl \u00b7 Paznaun-Ischgl<\/strong><br>Il primo itinerario per racchette da neve di <a href=\"http:\/\/www.kappl.com\/en\/\" target=\"_blank\" rel=\"noreferrer noopener\">Kappl<\/a>, nella Valle di Paznauntal, si sviluppa su circa 1,8 chilometri con un dislivello di 77 metri. L\u2019itinerario segnalato parte dalla stazione a monte dell\u2019impianto di risalita Diasbahn e conduce, costeggiando la strada per pochi metri, a un tranquillo fienile in legno. Il percorso di ritorno porta nuovamente alla stazione a monte, dove il ristorante Sunny Mountain invita a una sosta.<\/p>\n\n\n\n<p><strong>Nuovo tour escursionistico invernale \u201cSechszeiger Skywalk\u201d \u00b7 Pitztal<\/strong><br>In futuro, i pedoni nella <a href=\"http:\/\/www.pitztal.com\/en\/winter\" target=\"_blank\" rel=\"noreferrer noopener\">valle Pitztal<\/a> potranno utilizzare la seggiovia del Sechszeiger anche d\u2019inverno e percorrere, il nuovo \u201cSechszeiger Skywalk\u201d, un anello di circa due chilometri che si snoda dalla stazione a monte fino al Sechszeiger Kreuz, a quasi 2.400 metri di altitudine.<\/p>\n\n\n\n<p><strong>Nuova offerta combinata: corsa in cabinovia ed escursionismo invernale \u00b7 Wildsch\u00f6nau<\/strong><br>A partire dall\u2019inverno 2024\/25, due <a href=\"http:\/\/www.wildschoenau.com\/en\/activities\/winter\/guided-winter-walks\" target=\"_blank\" rel=\"noreferrer noopener\">nuove escursioni invernali guidate<\/a> aspettano gli ospiti della Wildsch\u00f6nau. Il mercoled\u00ec si potr\u00e0 raggiungere il Markbachjoch (1.500 m) attraverso la neve alta, mentre il venerd\u00ec si partir\u00e0 dalla stazione a monte dell\u2019impianto Schatzbergbahn (1.800 m) per raggiungere la malga Gernalm. Queste escursioni guidate fanno parte del programma riservato ai titolari della Wildsch\u00f6nau Card, che include anche il noleggio delle racchette da neve. Per chi non possiede uno skipass valido, sono previsti prezzi ridotti per la salita e la discesa.<\/p>\n\n\n\n<p><strong>Primo anello per sci di fondo illuminato esclusivamente a energia solare a Hochfilzen<\/strong><a> <\/a><strong>\u00b7 Kitzb\u00fcheler Alpen \u2013 PillerseeTal<\/strong><br>A Hochfilzen, nella <a href=\"http:\/\/www.kitzbueheler-alpen.com\/en\/pital\/pillerseetal.html\" target=\"_blank\" rel=\"noreferrer noopener\">PillerseeTal<\/a>, nell\u2019inverno 2024\/25 gli appassionati dello sci di fondo potranno utilizzare il primo anello illuminato in notturna esclusivamente con energia solare. Un traguardo che l\u2019ente del turismo Kitzb\u00fcheler Alpen \u2013 PillerseeTal considera un esempio di cultura sportiva nel rispetto dell\u2019ambiente. Circa 50 pannelli fotovoltaici con batterie di accumulo illumineranno l\u2019anello per quattro ore dopo il tramonto.<\/p>\n\n\n<div class=\"wp-block-image\">\n<figure class=\"aligncenter size-large\"><img loading=\"lazy\" decoding=\"async\" width=\"1024\" height=\"575\" src=\"https:\/\/presse.tirol.at\/app\/uploads\/2024\/09\/Nachtloipe-Hochfilzen-cKlubarbeit-2-1024x575.jpg\" alt=\"Circa 50 pannelli fotovoltaici con batterie forniscono illuminazione alla pista di sci di fondo di Hochfilzen\" class=\"wp-image-243605\" srcset=\"https:\/\/presse.tirol.at\/app\/uploads\/2024\/09\/Nachtloipe-Hochfilzen-cKlubarbeit-2-1024x575.jpg 1024w, https:\/\/presse.tirol.at\/app\/uploads\/2024\/09\/Nachtloipe-Hochfilzen-cKlubarbeit-2-300x169.jpg 300w, https:\/\/presse.tirol.at\/app\/uploads\/2024\/09\/Nachtloipe-Hochfilzen-cKlubarbeit-2-768x432.jpg 768w, https:\/\/presse.tirol.at\/app\/uploads\/2024\/09\/Nachtloipe-Hochfilzen-cKlubarbeit-2-1536x863.jpg 1536w, https:\/\/presse.tirol.at\/app\/uploads\/2024\/09\/Nachtloipe-Hochfilzen-cKlubarbeit-2-443x248.jpg 443w, https:\/\/presse.tirol.at\/app\/uploads\/2024\/09\/Nachtloipe-Hochfilzen-cKlubarbeit-2-375x210.jpg 375w, https:\/\/presse.tirol.at\/app\/uploads\/2024\/09\/Nachtloipe-Hochfilzen-cKlubarbeit-2.jpg 2000w\" sizes=\"auto, (max-width: 1024px) 100vw, 1024px\" \/><figcaption>Circa 50 pannelli fotovoltaici con batterie forniscono illuminazione alla pista di sci di fondo di Hochfilzen &copy; Klubarbeit<\/figcaption><\/figure><\/div>\n\n\n<h2 class=\"wp-block-heading\">Novit\u00e0 dai comprensori sciistici<\/h2>\n\n\n\n<p><strong>Nuovi impianti di risalita nello Skicircus \u00b7 Kitzb\u00fcheler Alpen \u2013 PillerseeTal<\/strong><br>Dalla stagione invernale 2024\/25, <a href=\"http:\/\/www.fieberbrunn.com\/en\/winter\/ski-area\/innovations\" target=\"_blank\" rel=\"noreferrer noopener\">due nuovi impianti di risalita<\/a> saranno operativi nel comprensorio sciistico Skicircus Saalbach Hinterglemm Leogang Fieberbrunn. Prima di tutto, la funivia del L\u00e4rchfilzkogel a Fieberbrunn sar\u00e0 rinnovata con la F1+F2 Streub\u00f6denbahn, una funivia monofune a 10 posti pi\u00f9 capiente, confortevole e veloce, senza necessit\u00e0 di cambiare alla stazione intermedia. E poi anche la nuova Zw\u00f6lfer NORD, una monofune a 10 posti, che sostituir\u00e0 l\u2019impianto esistente, offrendo maggiore comfort. La stazione a valle sar\u00e0 spostata pi\u00f9 a valle e un nuovo ponte sciabile sulla statale garantir\u00e0 un accesso comodo e sicuro alle due stazioni degli impianti di risalita.<\/p>\n\n\n\n<p><strong>Nuovo ristorante panoramico Kreuzjoch nello Schlick 2000 \u00b7 Stubai<\/strong><br>Situato direttamente presso la stazione a monte dell\u2019impianto Kreuzjochbahn, il <a href=\"http:\/\/www.stubai.at\/en\/skiing-resorts\/schlick2000\/info-service\/current-projects\/new-panorama-restaurant-kreuzjoch\" target=\"_blank\" rel=\"noreferrer noopener\">nuovo ristorante panoramico Kreuzjoch<\/a> di Schlick 2000 accoglier\u00e0 fino a 200 ospiti a partire dalla stagione invernale 2024\/25. Il ristorante dispone di un\u2019area self-service, un ristorante con servizio ai tavoli e un bar panoramico con una spaziosa terrazza, combinando il tipico fascino delle baite con un tocco moderno e distinguendosi per le sue specialit\u00e0 tradizionali tirolesi.<\/p>\n\n\n\n<p><strong>Nuovi impianti di risalita nella Zillertal Arena, Zell \u2013 Gerlos<\/strong><br>Ben <a href=\"http:\/\/www.zillertalarena.com\/en\/winter\/ski-area\/news\" target=\"_blank\" rel=\"noreferrer noopener\">due nuovi impianti di risalita<\/a> entreranno in funzione nella Zillertal Arena dall\u2019inverno 2024\/25. Uno di questi \u00e8 la seggiovia a 8 posti Teufeltal, che collegher\u00e0 Zell am Ziller a Gerlos in modo ancora pi\u00f9 efficiente e invitante. Dotata di protezione anti-intemperie e sedili riscaldati, la nuova seggiovia offrir\u00e0 maggior comfort e aumenter\u00e0 la capacit\u00e0 di trasporto. Inoltre, la nuova seggiovia Duxer X-Press a 6 posti sostituir\u00e0 l\u2019esistente seggiovia Duxeralmbahn a quattro posti. Anche questo impianto, dotato di protezione anti-intemperie e riscaldamento per i sedili, garantir\u00e0 un comfort decisamente superiore e un trasporto pi\u00f9 veloce.<\/p>\n\n\n\n<p><strong>Nuovi impianti di risalita nello SkiWelt Wilder Kaiser <strong>\u2013<\/strong><\/strong> <strong>Brixental<\/strong><br>A Scheffau, la <a href=\"http:\/\/www.skiwelt.at\/neuerungen\" target=\"_blank\" rel=\"noreferrer noopener\">nuova Eibergbahn 8-CLD\/B<\/a>, la seggiovia pi\u00f9 capiente e una delle pi\u00f9 efficienti dal punto di vista energetico, entrer\u00e0 in funzione all\u2019inizio della stagione invernale 2024\/25. Dotata di un impianto fotovoltaico che soddisfer\u00e0 circa il 50 % del fabbisogno energetico, questo impianto prodotto da Doppelmayr trasporter\u00e0 fino a 4.570 passeggeri all\u2019ora. Presso la stazione a monte dell\u2019impianto Zinsbergbahn di Brixen im Thale, gli ospiti potranno godere di un panorama straordinario a 360\u00b0. La nuova piattaforma panoramica \u00e8 facilmente raggiungibile con l\u2019ascensore o le scale ed \u00e8 aperta sia agli sciatori che ai pedoni. Un\u2019altra novit\u00e0 \u00e8 la piccola centrale idroelettrica di S\u00f6ll che a partire dal dicembre 2024 coprir\u00e0 circa il 25 % del fabbisogno energetico annuale degli impianti di risalita Bergbahnen S\u00f6ll. Con essa, i gestori degli impianti di risalita hanno compiuto un passo importante per soddisfare sempre pi\u00f9 il fabbisogno energetico con fonti rinnovabili.<\/p>\n\n\n\n<h2 class=\"wp-block-heading\">Famiglia e benessere<\/h2>\n\n\n\n<p><strong>Ampliamento del centro termale della Zillertal \u00b7 Erste Ferienregion im Zillertal<\/strong><br>Dall\u2019inverno 2024\/25, l\u2019<a href=\"http:\/\/www.erlebnistherme-zillertal.at\/en\" target=\"_blank\" rel=\"noreferrer noopener\">Erlebnistherme Zillertal<\/a> offrir\u00e0 nuove zone relax, un\u2019area sauna pi\u00f9 ampia con zona nudisti, piscina all\u2019aperto, docce e giardino della sauna, oltre a un\u2019offerta appositamente riservata alle famiglie con parco acquatico con scivoli, spruzzatori, docce a secchio e molto altro ancora. Il tutto garantir\u00e0 ancora pi\u00f9 spazio per vivere esperienze ancora pi\u00f9 emozionanti. Il nuovo ingresso principale e l\u2019esclusiva terrazza sul tetto con vista panoramica saranno altre due attrazioni principali.<\/p>\n\n\n\n<p><strong>Il paese stregato dei bambini nello SkiWelt Wilder Kaiser \u2013 Brixental<\/strong><br>Nell\u2019inverno 2024\/25, a Hochs\u00f6ll nascer\u00e0 un nuovo \u201c<a href=\"http:\/\/www.skiwelt.at\/neuerungen\" target=\"_blank\" rel=\"noreferrer noopener\">paese stregato delle meraviglie<\/a>\u201d, pensato per gli ospiti di tutte le et\u00e0. Presso la stazione intermedia della cabinovia Hexenwasser, una pista di ghiaccio naturale, un parco giochi per giocare sulla neve, un piccolo e divertente tapis-roulant e un\u2019area relax con sdraio offriranno l\u2019opportunit\u00e0 di fare le prime esperienze sulla neve e sugli sci. Nella casetta riscaldata di panpepato, i bambini possono prendere in prestito gratuitamente varie attrezzature per slittare e giocare. Come se non bastasse, questo paese delle meraviglie \u00e8 anche il punto di partenza del nuovo sentiero escursionistico invernale che porta alla St\u00f6cklalm.<\/p>\n\n\n<div class=\"wp-block-image\">\n<figure class=\"aligncenter size-large\"><img loading=\"lazy\" decoding=\"async\" width=\"1024\" height=\"768\" src=\"https:\/\/presse.tirol.at\/app\/uploads\/2024\/09\/Verhextes-Winterwunderland-cBergbahn-Soell-Sabine-Weiss-1024x768.jpg\" alt=\"Novit\u00e0 per i bambini: un paese delle meraviglie invernale stregato nello SkiWelt Wilder Kaiser - Brixental\" class=\"wp-image-243629\" srcset=\"https:\/\/presse.tirol.at\/app\/uploads\/2024\/09\/Verhextes-Winterwunderland-cBergbahn-Soell-Sabine-Weiss-1024x768.jpg 1024w, https:\/\/presse.tirol.at\/app\/uploads\/2024\/09\/Verhextes-Winterwunderland-cBergbahn-Soell-Sabine-Weiss-300x225.jpg 300w, https:\/\/presse.tirol.at\/app\/uploads\/2024\/09\/Verhextes-Winterwunderland-cBergbahn-Soell-Sabine-Weiss-768x576.jpg 768w, https:\/\/presse.tirol.at\/app\/uploads\/2024\/09\/Verhextes-Winterwunderland-cBergbahn-Soell-Sabine-Weiss-1536x1152.jpg 1536w, https:\/\/presse.tirol.at\/app\/uploads\/2024\/09\/Verhextes-Winterwunderland-cBergbahn-Soell-Sabine-Weiss-2048x1536.jpg 2048w\" sizes=\"auto, (max-width: 1024px) 100vw, 1024px\" \/><figcaption>Novit\u00e0 per i bambini: un paese delle meraviglie invernale stregato nello SkiWelt Wilder Kaiser &#8211; Brixental &copy; Bergbahn S\u00f6ll, Sabine Weiss<\/figcaption><\/figure><\/div>\n\n\n<p><strong>Nuova pista di snowtubing nel parco per famiglie della Drachental \u00b7 Wildsch\u00f6nau<\/strong><br>Il <a href=\"https:\/\/en.drachental.at\" target=\"_blank\" rel=\"noreferrer noopener\">parco per famiglie Drachental<\/a> a Oberau, nella Wildsch\u00f6nau, \u00e8 gi\u00e0 apprezzato dai suoi piccoli ospiti per il suo Alpine Coaster, il cinema 5D, la pista di biglie e il campo di pattinaggio su ghiaccio. A partire dall\u2019inverno 2024\/25, si aggiunger\u00e0 a questa offerta anche una pista di snowtubing proprio accanto alla sciovia e al campo scuola per bambini.<\/p>\n\n\n\n<p><strong>Triassic Park sulla Steinplatte Waidring \u00b7 Kitzb\u00fcheler Alpen \u2013 PillerseeTal<\/strong><br>Il <a href=\"http:\/\/www.triassicpark.at\/en\" target=\"_blank\" rel=\"noreferrer noopener\">Triassic Park<\/a> nella PillerseeTal promette ancora pi\u00f9 divertimento per grandi e piccini con la nuova Triassic Funline con pista a cunette, curve paraboliche, lumaca di neve gigante con tunnel, slalom per bambini e molto altro ancora. Inoltre, i pi\u00f9 piccoli saranno in buone mani anche al di fuori dalle piste presso il centro di assistenza per bambini Triassic.<\/p>\n\n\n\n<p><strong>Escursioni serali nella gola Zammer Lochputz \u00b7 Ferienregion TirolWest<\/strong><br>Nella regione turistica Ferienregion TirolWest, per la prima volta dall\u2019inverno 2024\/25, verranno offerte due escursioni serali a settimana attraverso la gola mistica del Tirolo, la <a href=\"https:\/\/zammer-lochputz.at\/en\/\" target=\"_blank\" rel=\"noreferrer noopener\">Zammer Lochputz<\/a>. I cristalli di ghiaccio scintillanti della cascata, il mondo delle saghe e il regno incantato della nuova mascotte \u201cLochi\u201d attenderanno gli ospiti di tutte le et\u00e0, anche durante la stagione fredda.<\/p>\n\n\n<div class=\"wp-block-image\">\n<figure class=\"aligncenter size-large\"><img loading=\"lazy\" decoding=\"async\" width=\"683\" height=\"1024\" src=\"https:\/\/presse.tirol.at\/app\/uploads\/2024\/09\/Zammer-Lochputz-cDaniel-Zangerl-683x1024.jpg\" alt=\"Mistico: La gola Zammer Lochputz in inverno\" class=\"wp-image-243657\" srcset=\"https:\/\/presse.tirol.at\/app\/uploads\/2024\/09\/Zammer-Lochputz-cDaniel-Zangerl-683x1024.jpg 683w, https:\/\/presse.tirol.at\/app\/uploads\/2024\/09\/Zammer-Lochputz-cDaniel-Zangerl-200x300.jpg 200w, https:\/\/presse.tirol.at\/app\/uploads\/2024\/09\/Zammer-Lochputz-cDaniel-Zangerl-768x1152.jpg 768w, https:\/\/presse.tirol.at\/app\/uploads\/2024\/09\/Zammer-Lochputz-cDaniel-Zangerl-1024x1536.jpg 1024w, https:\/\/presse.tirol.at\/app\/uploads\/2024\/09\/Zammer-Lochputz-cDaniel-Zangerl-1365x2048.jpg 1365w, https:\/\/presse.tirol.at\/app\/uploads\/2024\/09\/Zammer-Lochputz-cDaniel-Zangerl-scaled.jpg 1707w\" sizes=\"auto, (max-width: 683px) 100vw, 683px\" \/><figcaption>Mistico: La gola Zammer Lochputz in inverno &copy; Daniel Zangerl<\/figcaption><\/figure><\/div>\n\n\n<p>Maggiori informazioni sulle vacanze invernali in Tirolo su <a href=\"https:\/\/www.tirolo.com\/vacanze-invernali\" target=\"_blank\" rel=\"noreferrer noopener\">www.tirolo.com\/vacanze-invernali<\/a><\/p>\n","protected":false},"excerpt":{"rendered":"<p>Un&#8217;offerta ampliata per ospiti di tutte le et\u00e0 attende i turisti nella prossima stagione invernale in Tirolo.<\/p>\n","protected":false},"author":17,"featured_media":243593,"comment_status":"closed","ping_status":"closed","sticky":false,"template":"","format":"standard","meta":{"_acf_changed":false,"footnotes":""},"categories":[301,11,269,296,299],"region":[109],"coauthors":[292],"class_list":["post-244074","post","type-post","status-publish","format-standard","has-post-thumbnail","hentry","category-escursionismo-invernale","category-non-categorizzato","category-sci-di-fondo","category-sciare","category-vacanze-in-famiglia","region-tirol-werbung"],"acf":[],"yoast_head":"<!-- This site is optimized with the Yoast SEO plugin v25.1 - https:\/\/yoast.com\/wordpress\/plugins\/seo\/ -->\n<title>In pista e fuori pista: Nuove offerte nell\u2019inverno tirolese 2024\/25 - Presse.Tirol<\/title>\n<meta name=\"description\" content=\"Un&#039;offerta ampliata per ospiti di tutte le et\u00e0, sia sulle piste che fuori, attende i turisti all\u2019inizio della prossima stagione invernale in Tirolo.\" \/>\n<meta name=\"robots\" content=\"index, follow, max-snippet:-1, max-image-preview:large, max-video-preview:-1\" \/>\n<link rel=\"canonical\" href=\"https:\/\/presse.tirol.at\/it\/nuove-proposte-invernali-2024\/244074\/\" \/>\n<meta property=\"og:locale\" content=\"it_IT\" \/>\n<meta property=\"og:type\" content=\"article\" \/>\n<meta property=\"og:title\" content=\"In pista e fuori pista: Nuove offerte nell\u2019inverno tirolese 2024\/25 - Presse.Tirol\" \/>\n<meta property=\"og:description\" content=\"Un&#039;offerta ampliata per ospiti di tutte le et\u00e0, sia sulle piste che fuori, attende i turisti all\u2019inizio della prossima stagione invernale in Tirolo.\" \/>\n<meta property=\"og:url\" content=\"https:\/\/presse.tirol.at\/it\/nuove-proposte-invernali-2024\/244074\/\" \/>\n<meta property=\"og:site_name\" content=\"Presse.Tirol\" \/>\n<meta property=\"article:published_time\" content=\"2024-09-10T06:40:00+00:00\" \/>\n<meta property=\"og:image\" content=\"https:\/\/presse.tirol.at\/app\/uploads\/2024\/09\/Matreier-Tauernhaus-Eiskletterpark-cRamona-Waldner-1-scaled.jpg\" \/>\n\t<meta property=\"og:image:width\" content=\"2560\" \/>\n\t<meta property=\"og:image:height\" content=\"1707\" \/>\n\t<meta property=\"og:image:type\" content=\"image\/jpeg\" \/>\n<meta name=\"author\" content=\"Martina Nairz\" \/>\n<meta name=\"twitter:card\" content=\"summary_large_image\" \/>\n<meta name=\"twitter:label1\" content=\"Scritto da\" \/>\n\t<meta name=\"twitter:data1\" content=\"Martina Nairz\" \/>\n\t<meta name=\"twitter:label2\" content=\"Tempo di lettura stimato\" \/>\n\t<meta name=\"twitter:data2\" content=\"10 minutes\" \/>\n\t<meta name=\"twitter:label3\" content=\"Written by\" \/>\n\t<meta name=\"twitter:data3\" content=\"Martina Nairz\" \/>\n<script type=\"application\/ld+json\" class=\"yoast-schema-graph\">{\"@context\":\"https:\/\/schema.org\",\"@graph\":[{\"@type\":\"WebPage\",\"@id\":\"https:\/\/presse.tirol.at\/it\/nuove-proposte-invernali-2024\/244074\/\",\"url\":\"https:\/\/presse.tirol.at\/it\/nuove-proposte-invernali-2024\/244074\/\",\"name\":\"In pista e fuori pista: Nuove offerte nell\u2019inverno tirolese 2024\/25 - Presse.Tirol\",\"isPartOf\":{\"@id\":\"https:\/\/presse.tirol.at\/it\/#website\"},\"primaryImageOfPage\":{\"@id\":\"https:\/\/presse.tirol.at\/it\/nuove-proposte-invernali-2024\/244074\/#primaryimage\"},\"image\":{\"@id\":\"https:\/\/presse.tirol.at\/it\/nuove-proposte-invernali-2024\/244074\/#primaryimage\"},\"thumbnailUrl\":\"https:\/\/presse.tirol.at\/app\/uploads\/2024\/09\/Matreier-Tauernhaus-Eiskletterpark-cRamona-Waldner-1-scaled.jpg\",\"datePublished\":\"2024-09-10T06:40:00+00:00\",\"author\":{\"@id\":\"https:\/\/presse.tirol.at\/it\/#\/schema\/person\/7a01d43ecdf024eeb61ea2a3d4edcdc3\"},\"description\":\"Un'offerta ampliata per ospiti di tutte le et\u00e0, sia sulle piste che fuori, attende i turisti all\u2019inizio della prossima stagione invernale in Tirolo.\",\"inLanguage\":\"it-IT\",\"potentialAction\":[{\"@type\":\"ReadAction\",\"target\":[\"https:\/\/presse.tirol.at\/it\/nuove-proposte-invernali-2024\/244074\/\"]}]},{\"@type\":\"ImageObject\",\"inLanguage\":\"it-IT\",\"@id\":\"https:\/\/presse.tirol.at\/it\/nuove-proposte-invernali-2024\/244074\/#primaryimage\",\"url\":\"https:\/\/presse.tirol.at\/app\/uploads\/2024\/09\/Matreier-Tauernhaus-Eiskletterpark-cRamona-Waldner-1-scaled.jpg\",\"contentUrl\":\"https:\/\/presse.tirol.at\/app\/uploads\/2024\/09\/Matreier-Tauernhaus-Eiskletterpark-cRamona-Waldner-1-scaled.jpg\",\"width\":2560,\"height\":1707,\"caption\":\"Nuovo centro di competenza invernale Tauernhaus di Matrei\"},{\"@type\":\"WebSite\",\"@id\":\"https:\/\/presse.tirol.at\/it\/#website\",\"url\":\"https:\/\/presse.tirol.at\/it\/\",\"name\":\"Presse.Tirol\",\"description\":\"Regionale Presseplattform der Tirol Werbung und den Tiroler Tourismusverb\u00e4nden\",\"potentialAction\":[{\"@type\":\"SearchAction\",\"target\":{\"@type\":\"EntryPoint\",\"urlTemplate\":\"https:\/\/presse.tirol.at\/it\/?s={search_term_string}\"},\"query-input\":{\"@type\":\"PropertyValueSpecification\",\"valueRequired\":true,\"valueName\":\"search_term_string\"}}],\"inLanguage\":\"it-IT\"},{\"@type\":\"Person\",\"@id\":\"https:\/\/presse.tirol.at\/it\/#\/schema\/person\/7a01d43ecdf024eeb61ea2a3d4edcdc3\",\"name\":\"Martina Nairz\",\"image\":{\"@type\":\"ImageObject\",\"inLanguage\":\"it-IT\",\"@id\":\"https:\/\/presse.tirol.at\/it\/#\/schema\/person\/image\/b47273d486f1e6665f0c420330a009a6\",\"url\":\"https:\/\/secure.gravatar.com\/avatar\/b665805ca9d0b765eb68d4309bc5cbc59f9f79685c7853e60e3f0e084b24276d?s=96&d=mm&r=g\",\"contentUrl\":\"https:\/\/secure.gravatar.com\/avatar\/b665805ca9d0b765eb68d4309bc5cbc59f9f79685c7853e60e3f0e084b24276d?s=96&d=mm&r=g\",\"caption\":\"Martina Nairz\"}}]}<\/script>\n<!-- \/ Yoast SEO plugin. -->","yoast_head_json":{"title":"In pista e fuori pista: Nuove offerte nell\u2019inverno tirolese 2024\/25 - Presse.Tirol","description":"Un'offerta ampliata per ospiti di tutte le et\u00e0, sia sulle piste che fuori, attende i turisti all\u2019inizio della prossima stagione invernale in Tirolo.","robots":{"index":"index","follow":"follow","max-snippet":"max-snippet:-1","max-image-preview":"max-image-preview:large","max-video-preview":"max-video-preview:-1"},"canonical":"https:\/\/presse.tirol.at\/it\/nuove-proposte-invernali-2024\/244074\/","og_locale":"it_IT","og_type":"article","og_title":"In pista e fuori pista: Nuove offerte nell\u2019inverno tirolese 2024\/25 - Presse.Tirol","og_description":"Un'offerta ampliata per ospiti di tutte le et\u00e0, sia sulle piste che fuori, attende i turisti all\u2019inizio della prossima stagione invernale in Tirolo.","og_url":"https:\/\/presse.tirol.at\/it\/nuove-proposte-invernali-2024\/244074\/","og_site_name":"Presse.Tirol","article_published_time":"2024-09-10T06:40:00+00:00","og_image":[{"width":2560,"height":1707,"url":"https:\/\/presse.tirol.at\/app\/uploads\/2024\/09\/Matreier-Tauernhaus-Eiskletterpark-cRamona-Waldner-1-scaled.jpg","type":"image\/jpeg"}],"author":"Martina Nairz","twitter_card":"summary_large_image","twitter_misc":{"Scritto da":"Martina Nairz","Tempo di lettura stimato":"10 minutes","Written by":"Martina Nairz"},"schema":{"@context":"https:\/\/schema.org","@graph":[{"@type":"WebPage","@id":"https:\/\/presse.tirol.at\/it\/nuove-proposte-invernali-2024\/244074\/","url":"https:\/\/presse.tirol.at\/it\/nuove-proposte-invernali-2024\/244074\/","name":"In pista e fuori pista: Nuove offerte nell\u2019inverno tirolese 2024\/25 - Presse.Tirol","isPartOf":{"@id":"https:\/\/presse.tirol.at\/it\/#website"},"primaryImageOfPage":{"@id":"https:\/\/presse.tirol.at\/it\/nuove-proposte-invernali-2024\/244074\/#primaryimage"},"image":{"@id":"https:\/\/presse.tirol.at\/it\/nuove-proposte-invernali-2024\/244074\/#primaryimage"},"thumbnailUrl":"https:\/\/presse.tirol.at\/app\/uploads\/2024\/09\/Matreier-Tauernhaus-Eiskletterpark-cRamona-Waldner-1-scaled.jpg","datePublished":"2024-09-10T06:40:00+00:00","author":{"@id":"https:\/\/presse.tirol.at\/it\/#\/schema\/person\/7a01d43ecdf024eeb61ea2a3d4edcdc3"},"description":"Un'offerta ampliata per ospiti di tutte le et\u00e0, sia sulle piste che fuori, attende i turisti all\u2019inizio della prossima stagione invernale in Tirolo.","inLanguage":"it-IT","potentialAction":[{"@type":"ReadAction","target":["https:\/\/presse.tirol.at\/it\/nuove-proposte-invernali-2024\/244074\/"]}]},{"@type":"ImageObject","inLanguage":"it-IT","@id":"https:\/\/presse.tirol.at\/it\/nuove-proposte-invernali-2024\/244074\/#primaryimage","url":"https:\/\/presse.tirol.at\/app\/uploads\/2024\/09\/Matreier-Tauernhaus-Eiskletterpark-cRamona-Waldner-1-scaled.jpg","contentUrl":"https:\/\/presse.tirol.at\/app\/uploads\/2024\/09\/Matreier-Tauernhaus-Eiskletterpark-cRamona-Waldner-1-scaled.jpg","width":2560,"height":1707,"caption":"Nuovo centro di competenza invernale Tauernhaus di Matrei"},{"@type":"WebSite","@id":"https:\/\/presse.tirol.at\/it\/#website","url":"https:\/\/presse.tirol.at\/it\/","name":"Presse.Tirol","description":"Regionale Presseplattform der Tirol Werbung und den Tiroler Tourismusverb\u00e4nden","potentialAction":[{"@type":"SearchAction","target":{"@type":"EntryPoint","urlTemplate":"https:\/\/presse.tirol.at\/it\/?s={search_term_string}"},"query-input":{"@type":"PropertyValueSpecification","valueRequired":true,"valueName":"search_term_string"}}],"inLanguage":"it-IT"},{"@type":"Person","@id":"https:\/\/presse.tirol.at\/it\/#\/schema\/person\/7a01d43ecdf024eeb61ea2a3d4edcdc3","name":"Martina Nairz","image":{"@type":"ImageObject","inLanguage":"it-IT","@id":"https:\/\/presse.tirol.at\/it\/#\/schema\/person\/image\/b47273d486f1e6665f0c420330a009a6","url":"https:\/\/secure.gravatar.com\/avatar\/b665805ca9d0b765eb68d4309bc5cbc59f9f79685c7853e60e3f0e084b24276d?s=96&d=mm&r=g","contentUrl":"https:\/\/secure.gravatar.com\/avatar\/b665805ca9d0b765eb68d4309bc5cbc59f9f79685c7853e60e3f0e084b24276d?s=96&d=mm&r=g","caption":"Martina Nairz"}}]}},"publishpress_future_workflow_manual_trigger":{"enabledWorkflows":[]},"_links":{"self":[{"href":"https:\/\/presse.tirol.at\/it\/wp-json\/wp\/v2\/posts\/244074","targetHints":{"allow":["GET"]}}],"collection":[{"href":"https:\/\/presse.tirol.at\/it\/wp-json\/wp\/v2\/posts"}],"about":[{"href":"https:\/\/presse.tirol.at\/it\/wp-json\/wp\/v2\/types\/post"}],"author":[{"embeddable":true,"href":"https:\/\/presse.tirol.at\/it\/wp-json\/wp\/v2\/users\/17"}],"replies":[{"embeddable":true,"href":"https:\/\/presse.tirol.at\/it\/wp-json\/wp\/v2\/comments?post=244074"}],"version-history":[{"count":0,"href":"https:\/\/presse.tirol.at\/it\/wp-json\/wp\/v2\/posts\/244074\/revisions"}],"wp:featuredmedia":[{"embeddable":true,"href":"https:\/\/presse.tirol.at\/it\/wp-json\/wp\/v2\/media\/243593"}],"wp:attachment":[{"href":"https:\/\/presse.tirol.at\/it\/wp-json\/wp\/v2\/media?parent=244074"}],"wp:term":[{"taxonomy":"category","embeddable":true,"href":"https:\/\/presse.tirol.at\/it\/wp-json\/wp\/v2\/categories?post=244074"},{"taxonomy":"region","embeddable":true,"href":"https:\/\/presse.tirol.at\/it\/wp-json\/wp\/v2\/region?post=244074"},{"taxonomy":"author","embeddable":true,"href":"https:\/\/presse.tirol.at\/it\/wp-json\/wp\/v2\/coauthors?post=244074"}],"curies":[{"name":"wp","href":"https:\/\/api.w.org\/{rel}","templated":true}]}}