{"id":258127,"date":"2025-03-31T12:37:26","date_gmt":"2025-03-31T10:37:26","guid":{"rendered":"https:\/\/presse.tirol.at\/?p=258127"},"modified":"2025-03-31T14:06:35","modified_gmt":"2025-03-31T12:06:35","slug":"novita-per-famiglie-estate-2025","status":"publish","type":"post","link":"https:\/\/presse.tirol.at\/it\/novita-per-famiglie-estate-2025\/258127\/","title":{"rendered":"Vacanze in formato famiglia: Le novita\u2019 per l\u2019estate 2025 in Tirolo"},"content":{"rendered":"\n<p class=\"intro\">Nuovi sentieri tematici, attrazioni variegate e escursionisti pensati per le famiglie: per l\u2019estate 2025 il Tirolo non delude le aspettative degli ospiti pi\u00f9 piccoli. Ecco una panoramica delle novit\u00e0 e delle offerte pi\u00f9 importanti.<\/p>\n\n\n\n<figure class=\"wp-block-image size-large\"><img loading=\"lazy\" decoding=\"async\" width=\"1024\" height=\"683\" src=\"https:\/\/presse.tirol.at\/app\/uploads\/2025\/03\/Familien-Weitwanderung-Gaistal-Wurziger-Steig-Richtung-Wettersteinhuette-cRegion-Seefeld-1024x683.jpg\" alt=\"Familien Wanderung\" class=\"wp-image-258148\" srcset=\"https:\/\/presse.tirol.at\/app\/uploads\/2025\/03\/Familien-Weitwanderung-Gaistal-Wurziger-Steig-Richtung-Wettersteinhuette-cRegion-Seefeld-1024x683.jpg 1024w, https:\/\/presse.tirol.at\/app\/uploads\/2025\/03\/Familien-Weitwanderung-Gaistal-Wurziger-Steig-Richtung-Wettersteinhuette-cRegion-Seefeld-300x200.jpg 300w, https:\/\/presse.tirol.at\/app\/uploads\/2025\/03\/Familien-Weitwanderung-Gaistal-Wurziger-Steig-Richtung-Wettersteinhuette-cRegion-Seefeld-768x512.jpg 768w, https:\/\/presse.tirol.at\/app\/uploads\/2025\/03\/Familien-Weitwanderung-Gaistal-Wurziger-Steig-Richtung-Wettersteinhuette-cRegion-Seefeld-1536x1024.jpg 1536w, https:\/\/presse.tirol.at\/app\/uploads\/2025\/03\/Familien-Weitwanderung-Gaistal-Wurziger-Steig-Richtung-Wettersteinhuette-cRegion-Seefeld-2048x1365.jpg 2048w\" sizes=\"auto, (max-width: 1024px) 100vw, 1024px\" \/><figcaption>Il prossimo rifugio non \u00e8 lontano: La nuova escursione di tre giorni in rifugio a Leutasch entusiasma tutta la famiglia. &copy; Region Seefeld<\/figcaption><\/figure>\n\n\n\n<p><strong>Escursione di 3 giorni in rifugio per famiglie \u00b7 Regione di Seefeld<br><\/strong>Tre giorni, tre rifugi e un panorama che non entusiasma solo i giovani escursionisti: questa \u00e8 la nuova escursione <a href=\"https:\/\/www.seefeld.com\/en\/leutasch-3-day-hut-adventure-for-families.html\" target=\"_blank\" rel=\"noreferrer noopener\">di 3 giorni a Leutasch per famiglie nella regione di Seefeld<\/a>. Natura incontaminata, pernottamenti rustici in baita e tanto divertimento per grandi e piccini sotto forma di parchi giochi, animali selvatici e laghetti ludici rendono il tour attraverso la valle Gaistal l\u2019esperienza ideale per i bambini a partire dai cinque anni. Dati: 3 tappe, 16,2 km, 960 metri di dislivello, 10 ore di cammino. <\/p>\n\n\n\n<p><strong>Prolungamento dell\u2019escursione per famiglie Baumhausweg \u00b7 Stubai<br><\/strong>Il popolare sentiero delle case sull\u2019albero \u201cBaumhausweg\u201d presso la stazione intermedia della Kreuzjochbahn nello Schlick 2000 nella valle tirolese dello Stubai \u00e8 in crescita. A partire dall\u2019estate 2025, <a href=\"http:\/\/www.stubai.at\/it\/attivita\/escursioni\/sentiero-delle-case-sugli-alberi\" target=\"_blank\" rel=\"noreferrer noopener\">nove case<\/a> sugli alberi invitano le famiglie nel mondo avventuroso di quasi 5.000 m\u00b2, adatto anche ai passeggini, che si snoda tra il bosco e le cime degli alberi intorno al simpatico gnomo Bardin. La novit\u00e0 \u00e8 la \u201cZwergen Feuerwehrhaus\u201d (la caserma dei piccoli vigili del fuoco), che conduce su un lungo sentiero dal Gasthof Verg\u00f6r al fondovalle sopra il Gr\u00f6benh\u00f6fe e di nuovo alla stazione a valle dello Schlick 2000. Dati: 2,5 km, 96 metri di dislivello, 1 ora di cammino. <\/p>\n\n\n\n<p><strong>Sentiero per famiglie \u201cWildsch\u00f6nauer Wirbelwind\u201d \u00b7 Wildsch\u00f6nau<br><\/strong>Tra Niederau e Oberau nella Wildsch\u00f6nau, per l\u2019estate del 2025 \u00e8 in costruzione <a href=\"https:\/\/www.wildschoenau.com\/en\" target=\"_blank\" rel=\"noreferrer noopener\">un sentiero per famiglie lungo 3,5 chilometri<\/a> che invita a fare escursioni e a scoprire il bosco, i prati e l\u2019acqua. Lungo il \u201cWildsch\u00f6nauer Wirbelwind\u201d gli escursionisti di tutte le et\u00e0 si possono di-vertire con i numerosi giochi di movimento e stazioni panoramiche. <\/p>\n\n\n\n<p><strong>Piattaforma panoramica a forma di conchiglia nel Parco Triassico \u00b7 Alpi di Kitzb\u00fchel \u2013 PillerseeTal<br><\/strong>Con la <a href=\"http:\/\/www.triassicpark.at\" target=\"_blank\" rel=\"noreferrer noopener\">piattaforma panoramica<\/a> a forma di conchiglia, la valle PillerseeTal ha ricevuto una nuova attrazione che invita a rilassarsi in mezzo alle montagne alpine. L\u2019innovativa area relax a forma di conchiglia non solo offre una vista spettacolare sul paesaggio circostante, ma \u00e8 anche priva di barriere architettoniche. La conchiglia panoramica, costruita in legno di larice, sar\u00e0 un\u2019ulteriore attrazione per i visitatori del Parco Triassico sullo Steinplatte Waidring a partire dall\u2019estate 2025. <\/p>\n\n\n\n<p><strong>Ponte GreifenBr\u00fccke sul sentiero avventura AlbertAdler \u00b7 Mayrhofen-Hippach<br><\/strong>Il <a href=\"http:\/\/www.mayrhofen.at\/en\/stories\/mountopolis-hiking-and-mountaineering\" target=\"_blank\" rel=\"noreferrer noopener\">nuovo ponte GreifenBr\u00fccke<\/a> galleggiante sul sentiero avventura AlbertAdler, parzialmente adatto ai passeggini, offre una vista fantastica. Oltre all\u2019attuale AdlerB\u00fchne Ahorn, il santua-rio dei rapaci pi\u00f9 alto d\u2019Europa con un\u2019altitudine di oltre 2.000 metri, il nuovo ponte lungo oltre 60 metri nella Zillertal \u00e8 il punto culminante del percorso circolare di due ore. <\/p>\n\n\n<div class=\"wp-block-image\">\n<figure class=\"aligncenter size-large\"><img loading=\"lazy\" decoding=\"async\" width=\"1024\" height=\"683\" src=\"https:\/\/presse.tirol.at\/app\/uploads\/2025\/03\/Mountopolis_GreifenBruecke_Aussicht-Tal-1024x683.jpg\" alt=\"GreifenBr\u00fccke \" class=\"wp-image-255972\" srcset=\"https:\/\/presse.tirol.at\/app\/uploads\/2025\/03\/Mountopolis_GreifenBruecke_Aussicht-Tal-1024x683.jpg 1024w, https:\/\/presse.tirol.at\/app\/uploads\/2025\/03\/Mountopolis_GreifenBruecke_Aussicht-Tal-300x200.jpg 300w, https:\/\/presse.tirol.at\/app\/uploads\/2025\/03\/Mountopolis_GreifenBruecke_Aussicht-Tal-768x512.jpg 768w, https:\/\/presse.tirol.at\/app\/uploads\/2025\/03\/Mountopolis_GreifenBruecke_Aussicht-Tal-1536x1024.jpg 1536w\" sizes=\"auto, (max-width: 1024px) 100vw, 1024px\" \/><figcaption>Il nuovo ponte GreifenBr\u00fccke offre una fantastica vista sulla valle Zillertal &copy; Frank Bauer<\/figcaption><\/figure><\/div>\n\n\n<p><strong>Zipline DragonFly \u00b7 Naturparkregion Reutte<br><\/strong>Un\u2019esperienza speciale intorno al complesso del castello di Ehrenberg nella regione del parco naturale di Reutte \u00e8 la <a href=\"https:\/\/dragon-fly.at\/en\/home-dragonfly-english\" target=\"_blank\" rel=\"noreferrer noopener\">DragonFly Zipline<\/a>. Non solo \u00e8 ufficialmente la prima zipline d\u2019Europa per utenti su sedia a rotelle, ma promette anche 50 secondi di divertimento di volo libero su una lunghezza di 600 metri, abbinati a panorami mozzafiato per grandi e piccini. <\/p>\n\n\n\n<p><strong>Nuovo sentiero degli gnomi della foresta nel Parco di Sillian \u00b7 Osttirol<br><\/strong>Una nuova attrazione attende tutta la famiglia nel <a href=\"http:\/\/www.osttirol.com\/it\/scoprire-e-vivere\/estate\/vacanza-in-famiglia\/attrazioni-per-famiglie\/parco-degli-gnomi-wichtelpark\" target=\"_blank\" rel=\"noreferrer noopener\">Parco degli Gnomi di Sillian<\/a> a partire dall\u2019estate 2025. Il sentiero degli gnomi del bosco, lungo 500 metri con sette stazioni, offre a bambini e adulti un\u2019opportunit\u00e0 divertente per cercare in modo giocoso il tesoro perduto della mascotte Willi Wichtel. Chi trova il tesoro e inserisce la parola corretta nella carta riceve una ricompensa alla fine dell\u2019avventura. <\/p>\n\n\n\n<p><strong>Mondo degli Orsi di Seebi \u00b7 Paznaun-Ischgl<br><\/strong>La Medrigalm a See a Paznaun-Ischgl \u00e8 un vero paradiso per grandi e piccini esploratori. Con il nuovo <a href=\"http:\/\/www.see.at\/en\/activities\/seebis-b-renwelt_activity_113891451\" target=\"_blank\" rel=\"noreferrer noopener\">Mondo degli Orsi di Seebi<\/a>, i piccoli avventurieri si divertono in un parco giochi unico nel suo genere che combina movimento, natura e divertimento a partire dall\u2019estate 2025. L\u2019orso di legno alto sei metri, i giochi d\u2019acqua e le numerose possibilit\u00e0 di arrampicata e di equilibrio rendono il Mondo degli Orsi di Seebi una destinazione indimenticabile. <\/p>\n\n\n<div class=\"wp-block-image\">\n<figure class=\"aligncenter size-large\"><img loading=\"lazy\" decoding=\"async\" width=\"1024\" height=\"683\" src=\"https:\/\/presse.tirol.at\/app\/uploads\/2025\/03\/Seebis-Baerenwelt-cTVB-Paznaun-Ischgl-2-1024x683.jpg\" alt=\"Seebis B\u00e4renwelt\" class=\"wp-image-255980\" srcset=\"https:\/\/presse.tirol.at\/app\/uploads\/2025\/03\/Seebis-Baerenwelt-cTVB-Paznaun-Ischgl-2-1024x683.jpg 1024w, https:\/\/presse.tirol.at\/app\/uploads\/2025\/03\/Seebis-Baerenwelt-cTVB-Paznaun-Ischgl-2-300x200.jpg 300w, https:\/\/presse.tirol.at\/app\/uploads\/2025\/03\/Seebis-Baerenwelt-cTVB-Paznaun-Ischgl-2-768x512.jpg 768w, https:\/\/presse.tirol.at\/app\/uploads\/2025\/03\/Seebis-Baerenwelt-cTVB-Paznaun-Ischgl-2-1536x1024.jpg 1536w, https:\/\/presse.tirol.at\/app\/uploads\/2025\/03\/Seebis-Baerenwelt-cTVB-Paznaun-Ischgl-2-2048x1365.jpg 2048w\" sizes=\"auto, (max-width: 1024px) 100vw, 1024px\" \/><figcaption>Il nuovo mondo degli Orsi di Seebi nella regione Paznaun-Ischgl &copy; TVB Paznaun-Ischgl<\/figcaption><\/figure><\/div>\n\n\n<p><strong>Nuovo museo delle cere e mostra building block \u00b7 Silberregion Karwendel<br><\/strong>Oltre alla casa completamente contorta e buffa, due nuove attrazioni attendono il <a href=\"https:\/\/silberregion-karwendel.com\/it\/casa-sottosopra\" target=\"_blank\" rel=\"noreferrer noopener\">TirolLand nella Silberregion Karwendel<\/a>: i visitatori si immergono nel mondo delle star dello sport, della musica, del cinema e dell\u2019arte nel museo delle cere e catturano la visita in selfie indimentica-bili con figure di cera realistiche. Nella nuova mostra building block, gigantesche opere d\u2019arte in mattoni cobi aspettano di essere esplorate. <\/p>\n\n\n\n<p><strong>Il mondo degli scivoli di Galtberg \u00b7 Stubai<br><\/strong>Puro divertimento e avventura per i bambini di tutte le et\u00e0 \u00e8 la promessa del <a href=\"http:\/\/www.stubai.at\/it\" target=\"_blank\" rel=\"noreferrer noopener\">nuovo parco scivoli sul Galtberg<\/a>, nel centro escursionistico Schlick 2000 nella valle dello Stubai. Sette stazioni con nove diversi scivoli si snodano lungo il percorso lungo circa due chilometri e mezzo, adatto ai passeggini, che supera un dislivello di 400 metri. L\u2019inizio del percorso di scivolamento si trova sotto la stazione a monte della Galtbergbahn, dove \u00e8 possibile noleg-giare anche i tappetini per scendere dal divertente e lungo scivolo. Il percorso prosegue at-traverso l\u2019idilliaco lago Galtalmsee e la rustica malga Galtalm fino alla malga Bruggeralm. Dopo un ristoro alla stazione intermedia, si pu\u00f2 tornare al punto di partenza attraverso il percorso di scivolo o combinare l\u2019escursione con l\u2019altrettanto vario sentiero della casa sull\u2019al-bero o il percorso del disco. <\/p>\n\n\n\n<p><strong>Parco ciclistico Bettelwurf \u00b7 Regione Hall-Wattens<br><\/strong>Entro l\u2019estate 2025 a Gnadenwald, nella regione di Hall-Wattens, sar\u00e0 costruito un <a href=\"http:\/\/www.bettelwurfbikepark.at\" target=\"_blank\" rel=\"noreferrer noopener\">nuovo bike park con un\u2019area di pratica e un piccolo trail park<\/a>. L\u2019area di pratica \u00e8 ideale per l\u2019allena-mento della tecnica di guida con pump track, elementi di salto e bilanciamento, nonch\u00e9 per-corsi di ingresso facili e brevi. Il variegato parco sentieri \u00e8 rivolto sia ai principianti che ai trail rider esperti o alle famiglie e ai giovani con diversi percorsi e linee facili e pi\u00f9 difficili. <\/p>\n\n\n\n<p>Info maggiori sul sito: <a href=\"http:\/\/www.tirolo.com\/attivita\/idee-per-le-vacanze\/famiglia\/estive\" target=\"_blank\" rel=\"noreferrer noopener\">www.tirolo.com\/attivita\/idee-per-le-vacanze\/famiglia\/estive<\/a><\/p>\n","protected":false},"excerpt":{"rendered":"<p>Per l\u2019estate 2025 il Tirolo non delude le aspettative degli ospiti pi\u00f9 piccoli. Ecco le offerte pi\u00f9 importanti.<\/p>\n","protected":false},"author":85,"featured_media":257259,"comment_status":"closed","ping_status":"closed","sticky":false,"template":"","format":"standard","meta":{"_acf_changed":false,"footnotes":""},"categories":[11],"region":[109],"coauthors":[1671],"class_list":["post-258127","post","type-post","status-publish","format-standard","has-post-thumbnail","hentry","category-non-categorizzato","region-tirol-werbung"],"acf":[],"yoast_head":"<!-- This site is optimized with the Yoast SEO plugin v25.1 - https:\/\/yoast.com\/wordpress\/plugins\/seo\/ -->\n<title>Vacanze in formato famiglia: Le novita\u2019 per l\u2019estate 2025 in Tirolo - Presse.Tirol<\/title>\n<meta name=\"description\" content=\"Nuovi sentieri tematici, attrazioni variegate e escursionisti pensati per le famiglie: per l\u2019estate 2025 il Tirolo non delude le aspettative degli ospiti pi\u00f9 piccoli. Ecco una panoramica delle novit\u00e0 e delle offerte pi\u00f9 impor-tanti.\" \/>\n<meta name=\"robots\" content=\"index, follow, max-snippet:-1, max-image-preview:large, max-video-preview:-1\" \/>\n<link rel=\"canonical\" href=\"https:\/\/presse.tirol.at\/it\/novita-per-famiglie-estate-2025\/258127\/\" \/>\n<meta property=\"og:locale\" content=\"it_IT\" \/>\n<meta property=\"og:type\" content=\"article\" \/>\n<meta property=\"og:title\" content=\"Vacanze in formato famiglia: Le novita\u2019 per l\u2019estate 2025 in Tirolo - Presse.Tirol\" \/>\n<meta property=\"og:description\" content=\"Nuovi sentieri tematici, attrazioni variegate e escursionisti pensati per le famiglie: per l\u2019estate 2025 il Tirolo non delude le aspettative degli ospiti pi\u00f9 piccoli. Ecco una panoramica delle novit\u00e0 e delle offerte pi\u00f9 impor-tanti.\" \/>\n<meta property=\"og:url\" content=\"https:\/\/presse.tirol.at\/it\/novita-per-famiglie-estate-2025\/258127\/\" \/>\n<meta property=\"og:site_name\" content=\"Presse.Tirol\" \/>\n<meta property=\"article:published_time\" content=\"2025-03-31T10:37:26+00:00\" \/>\n<meta property=\"article:modified_time\" content=\"2025-03-31T12:06:35+00:00\" \/>\n<meta property=\"og:image\" content=\"https:\/\/presse.tirol.at\/app\/uploads\/2025\/03\/Familien-Weitwanderung-im-Gaistal-Wurziger-Steig-Sohn-la\u0308uft-vorraus-und-lacht.jpg\" \/>\n\t<meta property=\"og:image:width\" content=\"2560\" \/>\n\t<meta property=\"og:image:height\" content=\"1707\" \/>\n\t<meta property=\"og:image:type\" content=\"image\/jpeg\" \/>\n<meta name=\"author\" content=\"Ella Marberger\" \/>\n<meta name=\"twitter:card\" content=\"summary_large_image\" \/>\n<meta name=\"twitter:label1\" content=\"Scritto da\" \/>\n\t<meta name=\"twitter:data1\" content=\"Ella Marberger\" \/>\n\t<meta name=\"twitter:label2\" content=\"Tempo di lettura stimato\" \/>\n\t<meta name=\"twitter:data2\" content=\"7 minutes\" \/>\n\t<meta name=\"twitter:label3\" content=\"Written by\" \/>\n\t<meta name=\"twitter:data3\" content=\"Ella Marberger\" \/>\n<script type=\"application\/ld+json\" class=\"yoast-schema-graph\">{\"@context\":\"https:\/\/schema.org\",\"@graph\":[{\"@type\":\"WebPage\",\"@id\":\"https:\/\/presse.tirol.at\/it\/novita-per-famiglie-estate-2025\/258127\/\",\"url\":\"https:\/\/presse.tirol.at\/it\/novita-per-famiglie-estate-2025\/258127\/\",\"name\":\"Vacanze in formato famiglia: Le novita\u2019 per l\u2019estate 2025 in Tirolo - Presse.Tirol\",\"isPartOf\":{\"@id\":\"https:\/\/presse.tirol.at\/it\/#website\"},\"primaryImageOfPage\":{\"@id\":\"https:\/\/presse.tirol.at\/it\/novita-per-famiglie-estate-2025\/258127\/#primaryimage\"},\"image\":{\"@id\":\"https:\/\/presse.tirol.at\/it\/novita-per-famiglie-estate-2025\/258127\/#primaryimage\"},\"thumbnailUrl\":\"https:\/\/presse.tirol.at\/app\/uploads\/2025\/03\/Familien-Weitwanderung-im-Gaistal-Wurziger-Steig-Sohn-la\u0308uft-vorraus-und-lacht.jpg\",\"datePublished\":\"2025-03-31T10:37:26+00:00\",\"dateModified\":\"2025-03-31T12:06:35+00:00\",\"author\":{\"@id\":\"https:\/\/presse.tirol.at\/it\/#\/schema\/person\/92c4a0c4f698f0461cc01ddef23260b7\"},\"description\":\"Nuovi sentieri tematici, attrazioni variegate e escursionisti pensati per le famiglie: per l\u2019estate 2025 il Tirolo non delude le aspettative degli ospiti pi\u00f9 piccoli. Ecco una panoramica delle novit\u00e0 e delle offerte pi\u00f9 impor-tanti.\",\"inLanguage\":\"it-IT\",\"potentialAction\":[{\"@type\":\"ReadAction\",\"target\":[\"https:\/\/presse.tirol.at\/it\/novita-per-famiglie-estate-2025\/258127\/\"]}]},{\"@type\":\"ImageObject\",\"inLanguage\":\"it-IT\",\"@id\":\"https:\/\/presse.tirol.at\/it\/novita-per-famiglie-estate-2025\/258127\/#primaryimage\",\"url\":\"https:\/\/presse.tirol.at\/app\/uploads\/2025\/03\/Familien-Weitwanderung-im-Gaistal-Wurziger-Steig-Sohn-la\u0308uft-vorraus-und-lacht.jpg\",\"contentUrl\":\"https:\/\/presse.tirol.at\/app\/uploads\/2025\/03\/Familien-Weitwanderung-im-Gaistal-Wurziger-Steig-Sohn-la\u0308uft-vorraus-und-lacht.jpg\",\"width\":2560,\"height\":1707},{\"@type\":\"WebSite\",\"@id\":\"https:\/\/presse.tirol.at\/it\/#website\",\"url\":\"https:\/\/presse.tirol.at\/it\/\",\"name\":\"Presse.Tirol\",\"description\":\"Regionale Presseplattform der Tirol Werbung und den Tiroler Tourismusverb\u00e4nden\",\"potentialAction\":[{\"@type\":\"SearchAction\",\"target\":{\"@type\":\"EntryPoint\",\"urlTemplate\":\"https:\/\/presse.tirol.at\/it\/?s={search_term_string}\"},\"query-input\":{\"@type\":\"PropertyValueSpecification\",\"valueRequired\":true,\"valueName\":\"search_term_string\"}}],\"inLanguage\":\"it-IT\"},{\"@type\":\"Person\",\"@id\":\"https:\/\/presse.tirol.at\/it\/#\/schema\/person\/92c4a0c4f698f0461cc01ddef23260b7\",\"name\":\"Ella Marberger\",\"image\":{\"@type\":\"ImageObject\",\"inLanguage\":\"it-IT\",\"@id\":\"https:\/\/presse.tirol.at\/it\/#\/schema\/person\/image\/f1b4f6908a01a9f9309bd04a442af1d1\",\"url\":\"https:\/\/secure.gravatar.com\/avatar\/455c28ea6babaa2048d3561fd3cbb87b5fc11fc0a96b2f6f56c0ca5762c856c6?s=96&d=mm&r=g\",\"contentUrl\":\"https:\/\/secure.gravatar.com\/avatar\/455c28ea6babaa2048d3561fd3cbb87b5fc11fc0a96b2f6f56c0ca5762c856c6?s=96&d=mm&r=g\",\"caption\":\"Ella Marberger\"}}]}<\/script>\n<!-- \/ Yoast SEO plugin. -->","yoast_head_json":{"title":"Vacanze in formato famiglia: Le novita\u2019 per l\u2019estate 2025 in Tirolo - Presse.Tirol","description":"Nuovi sentieri tematici, attrazioni variegate e escursionisti pensati per le famiglie: per l\u2019estate 2025 il Tirolo non delude le aspettative degli ospiti pi\u00f9 piccoli. Ecco una panoramica delle novit\u00e0 e delle offerte pi\u00f9 impor-tanti.","robots":{"index":"index","follow":"follow","max-snippet":"max-snippet:-1","max-image-preview":"max-image-preview:large","max-video-preview":"max-video-preview:-1"},"canonical":"https:\/\/presse.tirol.at\/it\/novita-per-famiglie-estate-2025\/258127\/","og_locale":"it_IT","og_type":"article","og_title":"Vacanze in formato famiglia: Le novita\u2019 per l\u2019estate 2025 in Tirolo - Presse.Tirol","og_description":"Nuovi sentieri tematici, attrazioni variegate e escursionisti pensati per le famiglie: per l\u2019estate 2025 il Tirolo non delude le aspettative degli ospiti pi\u00f9 piccoli. Ecco una panoramica delle novit\u00e0 e delle offerte pi\u00f9 impor-tanti.","og_url":"https:\/\/presse.tirol.at\/it\/novita-per-famiglie-estate-2025\/258127\/","og_site_name":"Presse.Tirol","article_published_time":"2025-03-31T10:37:26+00:00","article_modified_time":"2025-03-31T12:06:35+00:00","og_image":[{"width":2560,"height":1707,"url":"https:\/\/presse.tirol.at\/app\/uploads\/2025\/03\/Familien-Weitwanderung-im-Gaistal-Wurziger-Steig-Sohn-la\u0308uft-vorraus-und-lacht.jpg","type":"image\/jpeg"}],"author":"Ella Marberger","twitter_card":"summary_large_image","twitter_misc":{"Scritto da":"Ella Marberger","Tempo di lettura stimato":"7 minutes","Written by":"Ella Marberger"},"schema":{"@context":"https:\/\/schema.org","@graph":[{"@type":"WebPage","@id":"https:\/\/presse.tirol.at\/it\/novita-per-famiglie-estate-2025\/258127\/","url":"https:\/\/presse.tirol.at\/it\/novita-per-famiglie-estate-2025\/258127\/","name":"Vacanze in formato famiglia: Le novita\u2019 per l\u2019estate 2025 in Tirolo - Presse.Tirol","isPartOf":{"@id":"https:\/\/presse.tirol.at\/it\/#website"},"primaryImageOfPage":{"@id":"https:\/\/presse.tirol.at\/it\/novita-per-famiglie-estate-2025\/258127\/#primaryimage"},"image":{"@id":"https:\/\/presse.tirol.at\/it\/novita-per-famiglie-estate-2025\/258127\/#primaryimage"},"thumbnailUrl":"https:\/\/presse.tirol.at\/app\/uploads\/2025\/03\/Familien-Weitwanderung-im-Gaistal-Wurziger-Steig-Sohn-la\u0308uft-vorraus-und-lacht.jpg","datePublished":"2025-03-31T10:37:26+00:00","dateModified":"2025-03-31T12:06:35+00:00","author":{"@id":"https:\/\/presse.tirol.at\/it\/#\/schema\/person\/92c4a0c4f698f0461cc01ddef23260b7"},"description":"Nuovi sentieri tematici, attrazioni variegate e escursionisti pensati per le famiglie: per l\u2019estate 2025 il Tirolo non delude le aspettative degli ospiti pi\u00f9 piccoli. Ecco una panoramica delle novit\u00e0 e delle offerte pi\u00f9 impor-tanti.","inLanguage":"it-IT","potentialAction":[{"@type":"ReadAction","target":["https:\/\/presse.tirol.at\/it\/novita-per-famiglie-estate-2025\/258127\/"]}]},{"@type":"ImageObject","inLanguage":"it-IT","@id":"https:\/\/presse.tirol.at\/it\/novita-per-famiglie-estate-2025\/258127\/#primaryimage","url":"https:\/\/presse.tirol.at\/app\/uploads\/2025\/03\/Familien-Weitwanderung-im-Gaistal-Wurziger-Steig-Sohn-la\u0308uft-vorraus-und-lacht.jpg","contentUrl":"https:\/\/presse.tirol.at\/app\/uploads\/2025\/03\/Familien-Weitwanderung-im-Gaistal-Wurziger-Steig-Sohn-la\u0308uft-vorraus-und-lacht.jpg","width":2560,"height":1707},{"@type":"WebSite","@id":"https:\/\/presse.tirol.at\/it\/#website","url":"https:\/\/presse.tirol.at\/it\/","name":"Presse.Tirol","description":"Regionale Presseplattform der Tirol Werbung und den Tiroler Tourismusverb\u00e4nden","potentialAction":[{"@type":"SearchAction","target":{"@type":"EntryPoint","urlTemplate":"https:\/\/presse.tirol.at\/it\/?s={search_term_string}"},"query-input":{"@type":"PropertyValueSpecification","valueRequired":true,"valueName":"search_term_string"}}],"inLanguage":"it-IT"},{"@type":"Person","@id":"https:\/\/presse.tirol.at\/it\/#\/schema\/person\/92c4a0c4f698f0461cc01ddef23260b7","name":"Ella Marberger","image":{"@type":"ImageObject","inLanguage":"it-IT","@id":"https:\/\/presse.tirol.at\/it\/#\/schema\/person\/image\/f1b4f6908a01a9f9309bd04a442af1d1","url":"https:\/\/secure.gravatar.com\/avatar\/455c28ea6babaa2048d3561fd3cbb87b5fc11fc0a96b2f6f56c0ca5762c856c6?s=96&d=mm&r=g","contentUrl":"https:\/\/secure.gravatar.com\/avatar\/455c28ea6babaa2048d3561fd3cbb87b5fc11fc0a96b2f6f56c0ca5762c856c6?s=96&d=mm&r=g","caption":"Ella Marberger"}}]}},"publishpress_future_workflow_manual_trigger":{"enabledWorkflows":[]},"_links":{"self":[{"href":"https:\/\/presse.tirol.at\/it\/wp-json\/wp\/v2\/posts\/258127","targetHints":{"allow":["GET"]}}],"collection":[{"href":"https:\/\/presse.tirol.at\/it\/wp-json\/wp\/v2\/posts"}],"about":[{"href":"https:\/\/presse.tirol.at\/it\/wp-json\/wp\/v2\/types\/post"}],"author":[{"embeddable":true,"href":"https:\/\/presse.tirol.at\/it\/wp-json\/wp\/v2\/users\/85"}],"replies":[{"embeddable":true,"href":"https:\/\/presse.tirol.at\/it\/wp-json\/wp\/v2\/comments?post=258127"}],"version-history":[{"count":0,"href":"https:\/\/presse.tirol.at\/it\/wp-json\/wp\/v2\/posts\/258127\/revisions"}],"wp:featuredmedia":[{"embeddable":true,"href":"https:\/\/presse.tirol.at\/it\/wp-json\/wp\/v2\/media\/257259"}],"wp:attachment":[{"href":"https:\/\/presse.tirol.at\/it\/wp-json\/wp\/v2\/media?parent=258127"}],"wp:term":[{"taxonomy":"category","embeddable":true,"href":"https:\/\/presse.tirol.at\/it\/wp-json\/wp\/v2\/categories?post=258127"},{"taxonomy":"region","embeddable":true,"href":"https:\/\/presse.tirol.at\/it\/wp-json\/wp\/v2\/region?post=258127"},{"taxonomy":"author","embeddable":true,"href":"https:\/\/presse.tirol.at\/it\/wp-json\/wp\/v2\/coauthors?post=258127"}],"curies":[{"name":"wp","href":"https:\/\/api.w.org\/{rel}","templated":true}]}}