{"id":267103,"date":"2024-11-15T12:52:00","date_gmt":"2024-11-15T11:52:00","guid":{"rendered":"https:\/\/presse.tirol.at\/?p=267103"},"modified":"2025-07-21T12:59:45","modified_gmt":"2025-07-21T10:59:45","slug":"decolla-il-natale-a-innsbruck-i-sette-mercatini-e-lumagica-accendono-la-magia","status":"publish","type":"post","link":"https:\/\/presse.tirol.at\/it\/decolla-il-natale-a-innsbruck-i-sette-mercatini-e-lumagica-accendono-la-magia\/267103\/","title":{"rendered":"DECOLLA IL NATALE A INNSBRUCK: i sette mercatini e lumagica accendono la magia"},"content":{"rendered":"\n<p class=\"intro\">Con l&#8217;accensione delle casette di via Maria-Theresien-Stra\u00dfe, tutti e sette i Mercatini di Natale di Innsbruck sono ufficialmente aperti. Da questo weekend fino al 6 gennaio, la citt\u00e0 si trasformer\u00e0 in un vero e proprio paese delle meraviglie natalizie in cui l&#8217;atmosfera delle tradizioni austriache si fonder\u00e0 con la modernit\u00e0 e l&#8217;arte delle luminarie. Oltre agli attesissimi Mercatini di Natale giunti alla 51\u00b0 edizione e allo spettacolare parco di luci\u00a0LUMAGICA, la Perla del Tirolo accoglier\u00e0 i suoi ospiti con l&#8217;incanto di sfilate di angeli e corse di diavoli, musical e cori, presepi viventi, trenini e un Carillon della Pace con 48 campane, per culminare con le proposte per un Capodanno indimenticabile.<\/p>\n\n\n\n<p>L&#8217;inverno avvolge gi\u00e0 i dintorni di Innsbruck con il suo manto nevoso e il Natale inizia a prendere forma in tutta la sua magica bellezza. L&#8217;aria si riempie del profumo di vin brul\u00e9\u00a0e spezie, mentre grandi e piccini si lasciano incantare dai riflessi delle luci della citt\u00e0, dai Mercatini colmi di tesori artigianali e dalla meraviglia del parco di luci LUMAGICA, mentre le vette circostanti imbiancate risplendono al chiaro di luna. Il quadro perfetto del Natale in Tirolo.<\/p>\n\n\n\n<figure class=\"wp-block-image size-large\"><img loading=\"lazy\" decoding=\"async\" width=\"1024\" height=\"683\" src=\"https:\/\/presse.tirol.at\/app\/uploads\/2025\/07\/Christkindlmarkt-Altstadt_FC_Innsbruck-Tourismus_Danijel-Jovanovic-1024x683.jpg\" alt=\"\" class=\"wp-image-267087\" srcset=\"https:\/\/presse.tirol.at\/app\/uploads\/2025\/07\/Christkindlmarkt-Altstadt_FC_Innsbruck-Tourismus_Danijel-Jovanovic-1024x683.jpg 1024w, https:\/\/presse.tirol.at\/app\/uploads\/2025\/07\/Christkindlmarkt-Altstadt_FC_Innsbruck-Tourismus_Danijel-Jovanovic-300x200.jpg 300w, https:\/\/presse.tirol.at\/app\/uploads\/2025\/07\/Christkindlmarkt-Altstadt_FC_Innsbruck-Tourismus_Danijel-Jovanovic-768x512.jpg 768w, https:\/\/presse.tirol.at\/app\/uploads\/2025\/07\/Christkindlmarkt-Altstadt_FC_Innsbruck-Tourismus_Danijel-Jovanovic-1536x1025.jpg 1536w, https:\/\/presse.tirol.at\/app\/uploads\/2025\/07\/Christkindlmarkt-Altstadt_FC_Innsbruck-Tourismus_Danijel-Jovanovic-2048x1366.jpg 2048w\" sizes=\"auto, (max-width: 1024px) 100vw, 1024px\" \/><figcaption class=\"wp-element-caption\">Il Mercatino del centro storico si snoda tra le vie pi\u00f9 antiche di Innsbruck ai piedi del celebre Tettuccio d\u2019Oro ed \u00e8 l\u2019icona dell&#8217;Avvento &copy; Innsbruck Tourismus\/Danijel Jovanovic<\/figcaption><\/figure>\n\n\n\n<p><strong>I mercatini di Natale di Innsbruck: tradizione e incanto<\/strong><\/p>\n\n\n\n<p><strong>Sette Mercatini di Natale&nbsp;<\/strong>sono disposti come piccole gemme per la citt\u00e0, ognuno con la sua particolare atmosfera e le sue attrazioni. Il&nbsp;<strong>Mercatino del centro storico<\/strong>, che si snoda tra le vie pi\u00f9 antiche di Innsbruck ai piedi del celebre Tettuccio d\u2019Oro, \u00e8 l\u2019icona dell&#8217;Avvento: fino al 23 dicembre, ogni giorno dalle 11 alle 21, gli ospiti potranno passeggiare tra le suggestive casette di legno tra artigianato locale, decorazioni fatte a mano e prelibatezze gastronomiche del Tirolo. Imperdibili i &#8220;suonatori della torre&#8221; che ogni giorno riempiono l&#8217;aria di melodie natalizie, mentre spettacoli di fiabe e il teatro dei burattini affascineranno i pi\u00f9 piccoli, creando un&#8217;atmosfera intima e incantevole. La Kiebachgasse, una stradina parallela alla Erzherzog-Friedrich-Stra\u00dfe, a dicembre si trasforma nel vicolo delle favole con i personaggi delle storie pi\u00f9 amate che, dall\u2019alto di facciate, balconi e cuspidi, osservano i passanti. Quest&#8217;anno la new entry sar\u00e0 il gigante Re Serles.<\/p>\n\n\n\n<p><strong>Maria-Theresien-Stra\u00dfe<\/strong>, una delle vie pi\u00f9 eleganti della citt\u00e0, ospita un mercatino dal carattere moderno e cosmopolita dove, fino al 6 gennaio, i visitatori troveranno stand ricchi di idee regalo, creazioni di design e specialit\u00e0 innovative, tra installazioni luminose moderne che regalano al passeggio un&#8217;atmosfera festosa e raffinata. A pochi passi dal centro, nella&nbsp;<strong>Marktplatz<\/strong>, il Mercatino di Natale sul fiume Inn aperto fino al 23 dicembre, \u00e8 il luogo perfetto per le famiglie. Qui una giostra antica e animazioni creano ogni anno un piccolo paradiso natalizio per i pi\u00f9 piccoli, mentre i genitori possono degustare vin brul\u00e9&nbsp;o curiosare tra i numerosi stand di artigianato locale. La piazza ospita anche un nostalgico carosello e un maestoso albero interamente in scintillante cristallo Swarovski alto 14 metri.<\/p>\n\n\n\n<p>A&nbsp;<strong>Wilten<\/strong>, quartiere ricco di storia, fino al 21 dicembre si svolge un mercatino dall\u2019atmosfera pi\u00f9 raccolta e autentica caratterizzata da cori, canti popolari e un artigianato che affonda le radici nei secoli. Uno scenario pittoresco in cui il tempo sembra rallentare. Nel quartiere di&nbsp;<strong>St. Nikolaus<\/strong>, fino al 23 dicembre, un piccolo mercatino che si affaccia sull&#8217;Inn accoglie i visitatori con calore e autenticit\u00e0: luci soffuse, prodotti fatti a mano e una vasta scelta di dolci natalizi animano questo angolo della citt\u00e0.&nbsp;A&nbsp;<strong>Hungerburg<\/strong>, raggiungibile con la funicolare che parte direttamente dal centro di Innsbruck, si tiene un mercatino a 860 metri di altezza che, fino al 23 dicembre, offre prodotti tipici tirolesi e originali idee regalo, ma anche una vista mozzafiato sulla citt\u00e0 illuminata per le feste. Si protrarr\u00e0 fino al 22 dicembre il &#8220;<strong>Kaiserweihnacht<\/strong>&#8221; del Bergisel, che offre uno spaccato sul Natale di un tempo: tradizionale, suggestivo e sentito.<\/p>\n\n\n\n<p><strong>LUMAGICA: un viaggio tra luce e meraviglia<\/strong><\/p>\n\n\n\n<p>Anche l&#8217;<strong>Hofgarten<\/strong>&nbsp;di Innsbruck si \u00e8 acceso di magia con il parco di luci&nbsp;<strong>LUMAGICA<\/strong>, dal 15 novembre al 2 febbraio, dalle 17 alle 21: un&#8217;esperienza arricchita da melodie e suoni che amplificano il fascino del percorso. Quest&#8217;anno il tema &#8220;<strong>Pace, amore, famiglia<\/strong>&#8221; sar\u00e0 rappresentato da installazioni luminose straordinarie che spazieranno da figure fiabesche, fiori, creature fantastiche e farfalle fino a elementi astratti, animali del bosco, scenari naturali e simboli natalizi. Camminando per il giardino, tra visioni interattive lungo un percorso circolare di circa un chilometro, ci si potr\u00e0 lasciar trasportare in un mondo onirico in cui la luce si trasforma in arte e invita a immergersi nell&#8217;atmosfera incantata del Natale. Non mancheranno punti ristoro per godersi una cioccolata calda o un vin brul\u00e9&nbsp;avvolti nell\u2019atmosfera magica dei giochi di&nbsp;luce.<\/p>\n\n\n\n<figure class=\"wp-block-image size-large\"><img loading=\"lazy\" decoding=\"async\" width=\"1024\" height=\"682\" src=\"https:\/\/presse.tirol.at\/app\/uploads\/2025\/07\/Lumagica_FC_Innsbruck-Tourismus_Danijel-Jovanovic-1-1024x682.jpg\" alt=\"\" class=\"wp-image-267091\" srcset=\"https:\/\/presse.tirol.at\/app\/uploads\/2025\/07\/Lumagica_FC_Innsbruck-Tourismus_Danijel-Jovanovic-1-1024x682.jpg 1024w, https:\/\/presse.tirol.at\/app\/uploads\/2025\/07\/Lumagica_FC_Innsbruck-Tourismus_Danijel-Jovanovic-1-300x200.jpg 300w, https:\/\/presse.tirol.at\/app\/uploads\/2025\/07\/Lumagica_FC_Innsbruck-Tourismus_Danijel-Jovanovic-1-768x512.jpg 768w, https:\/\/presse.tirol.at\/app\/uploads\/2025\/07\/Lumagica_FC_Innsbruck-Tourismus_Danijel-Jovanovic-1-1536x1024.jpg 1536w, https:\/\/presse.tirol.at\/app\/uploads\/2025\/07\/Lumagica_FC_Innsbruck-Tourismus_Danijel-Jovanovic-1-2048x1365.jpg 2048w\" sizes=\"auto, (max-width: 1024px) 100vw, 1024px\" \/><figcaption class=\"wp-element-caption\">L&#8217;Hofgarten di Innsbruck si \u00e8 acceso di magia con il parco di luci LUMAGICA, aperto dal 15 novembre fino al 2 febbraio, dalle 17 alle 21 &copy; Innsbruck Tourismus\/Danijel Jovanovic<\/figcaption><\/figure>\n\n\n\n<p><strong>Musica, eventi tradizionali, campane e processioni<\/strong><\/p>\n\n\n\n<p>Innsbruck \u00e8 una terra di tradizioni natalizie radicate nel cuore del Tirolo. L\u2019amatissimo&nbsp;<strong>corteo di Ges\u00f9 Bambino<\/strong>, nelle vie del centro, emozioner\u00e0 i bambini il 22 dicembre alle 17, mentre a&nbsp;<strong>Igler Bergweihnacht<\/strong>, il 23 dicembre, oltre 200 angeli, pastori e animali sfilano per le vie del paese in una suggestiva processione. Per chi sente il fascino delle antiche leggende, i&nbsp;<strong>Krampus<\/strong>&nbsp;&#8211; terrificanti figure mascherate da diavoli &#8211; tornano a infiammare il&nbsp;<strong>Tuifllauf<\/strong>&nbsp;di Axams il 5 dicembre con uno spettacolo unico nel suo genere.<\/p>\n\n\n\n<p>Suggestive installazioni luminose in 3D create da artisti internazionali verranno proiettate, a partire dalle 17, sulle facciate di edifici storici tra cui l&#8217;<strong>Hofburg<\/strong>, la&nbsp;<strong>Hofkirche<\/strong>, la fila di case a&nbsp;<strong>Mariahilf<\/strong>&nbsp;e il&nbsp;<strong>Waltherpark<\/strong>, illuminanto dalla tradizione mistica dei&nbsp;<strong>Rauhn\u00e4chte<\/strong>. A completare l&#8217;offerta natalizia, il mercatino di Natale vittoriano a&nbsp;<strong>Telfs<\/strong>&nbsp;ospiter\u00e0 il musical&nbsp;<strong>\u201c<\/strong><strong>Scrooge<\/strong><strong>\u201d<\/strong>, trasportando i visitatori nella Londra ottocentesca, tra canti e racconti senza tempo ispirati al &#8220;Canto di Natale&#8221; di Dickens. Per i nostalgici, un mercatino di Natale vittoriano riporter\u00e0 i pi\u00f9 curiosi nella Londra del XIX secolo dal 6 al 22 dicembre in&nbsp;<strong>Eduard-Walln<\/strong><strong>\u00f6<\/strong><strong>fer-Platz<\/strong>. Il 6, 7 e 8 dicembre, alle 16 in punto, le 48 campane del&nbsp;<strong>Carillon della Pace<\/strong>&nbsp;risuoneranno dal campanile del Duomo di San Giacomo mentre il 15 dicembre, alle 14 e alle 17, i&nbsp;<strong>canti tirolesi dell<\/strong><strong>\u2019<\/strong><strong>Avvento<\/strong>&nbsp;riscalderanno l\u2019atmosfera nel centro storico.<\/p>\n\n\n\n<p><strong>Capodanno tra fuochi e festa<\/strong><\/p>\n\n\n\n<p>La notte di&nbsp;<strong>Capodanno a Innsbruck<\/strong>&nbsp;\u00e8 sempre un&#8217;esperienza memorabile, con festeggiamenti che si snodano tra le piazze della citt\u00e0 a cavallo di San Silvestro. L\u2019appuntamento pi\u00f9 atteso \u00e8 sul piazzale del&nbsp;<strong>Landestheater<\/strong>, dove i fuochi d\u2019artificio esplodono nel cielo stellato dando il benvenuto al nuovo anno con energia e allegria. Il capodanno in montagna sulla&nbsp;<strong>Nordkette<\/strong>&nbsp;sar\u00e0 accompagnato dai dj&nbsp;al bar Cloud 9&nbsp;con la migliore vista sullo spettacolo pirotecnico mozzafiato della Seegrube.<\/p>\n\n\n\n<p>La festa include un&nbsp;<strong>Capodanno per bambini<\/strong>, spettacoli di luci proiettate sulle facciate degli edifici e un&#8217;atmosfera vivace che attraversa tutta la citt\u00e0, dall&#8217;alba del nuovo anno. Il momento clou sar\u00e0 il concerto conclusivo di Kool Katz sulla piazza&nbsp;<strong>Landestheatervorplatz<\/strong>. Esibizione della party band StreetLive Family in centro citt\u00e0 dalle 21 e dj In-Style fino al countdown collettivo per il 2025.<\/p>\n\n\n\n<p>Il 6 dicembre&nbsp;<strong>San Nicol\u00f2<\/strong>, patrono dei bambini, far\u00e0 la sua comparsa per le strade della citt\u00e0 distribuendo dolcetti e regali ai pi\u00f9 piccoli. Un&#8217;avventura speciale \u00e8 la corsa gratuita sul trenino di Natale, il&nbsp;<strong>Christkindlbahn<\/strong>&nbsp;di Innsbruck, che da oltre 100 anni attraversa la citt\u00e0 addobbata per le feste.<\/p>\n\n\n\n<p><strong>Link correlati:<\/strong><br>Website:\u00a0<a href=\"https:\/\/www.innsbruck.info\/\" target=\"_blank\" rel=\"noreferrer noopener\">www.innsbruck.info\u00a0\u00a0<\/a><br>Blog:\u00a0<a href=\"https:\/\/www.innsbruck.info\/blog\/de\/\" target=\"_blank\" rel=\"noreferrer noopener\">www.innsbruck.info\/blog\u00a0<\/a><br>Facebook:\u00a0<a href=\"https:\/\/www.facebook.com\/Innsbruck\" target=\"_blank\" rel=\"noreferrer noopener\">www.facebook.com\/Innsbruck\u00a0<\/a><br>Instagram:\u00a0<a href=\"https:\/\/www.instagram.com\/innsbrucktourism\/#\" target=\"_blank\" rel=\"noreferrer noopener\">www.instagram.com\/innsbrucktourism\u00a0\u00a0<\/a><br>X:\u00a0<a href=\"https:\/\/x.com\/InnsbruckTVB\" target=\"_blank\" rel=\"noreferrer noopener\">www.twitter.com\/InnsbruckTVB\u00a0<\/a><br>YouTube:\u00a0<a href=\"https:\/\/www.youtube.com\/user\/InnsbruckTVB\" target=\"_blank\" rel=\"noreferrer noopener\">www.youtube.com\/user\/InnsbruckTVB\u00a0<\/a><br>Pinterest:\u00a0<a href=\"https:\/\/www.newsroom.pr\/at\/www.pinterest.at\/innsbrucktvb\/_created\" target=\"_blank\" rel=\"noreferrer noopener\">www.pinterest.at\/innsbrucktvb\/_created\u00a0<\/a><\/p>\n","protected":false},"excerpt":{"rendered":"<p>La citt\u00e0 si trasforma in un vero e proprio paese delle meraviglie invernale.<\/p>\n","protected":false},"author":30,"featured_media":267087,"comment_status":"closed","ping_status":"closed","sticky":false,"template":"","format":"standard","meta":{"_acf_changed":true,"footnotes":""},"categories":[11],"region":[84],"coauthors":[240],"class_list":["post-267103","post","type-post","status-publish","format-standard","has-post-thumbnail","hentry","category-non-categorizzato","region-innsbruck-tourismus"],"acf":[],"yoast_head":"<!-- This site is optimized with the Yoast SEO plugin v25.1 - https:\/\/yoast.com\/wordpress\/plugins\/seo\/ -->\n<title>DECOLLA IL NATALE A INNSBRUCK: i sette mercatini e lumagica accendono la magia - Presse.Tirol<\/title>\n<meta name=\"robots\" content=\"index, follow, max-snippet:-1, max-image-preview:large, max-video-preview:-1\" \/>\n<link rel=\"canonical\" href=\"https:\/\/presse.tirol.at\/it\/decolla-il-natale-a-innsbruck-i-sette-mercatini-e-lumagica-accendono-la-magia\/267103\/\" \/>\n<meta property=\"og:locale\" content=\"it_IT\" \/>\n<meta property=\"og:type\" content=\"article\" \/>\n<meta property=\"og:title\" content=\"DECOLLA IL NATALE A INNSBRUCK: i sette mercatini e lumagica accendono la magia - Presse.Tirol\" \/>\n<meta property=\"og:description\" content=\"La citt\u00e0 si trasforma in un vero e proprio paese delle meraviglie invernale.\" \/>\n<meta property=\"og:url\" content=\"https:\/\/presse.tirol.at\/it\/decolla-il-natale-a-innsbruck-i-sette-mercatini-e-lumagica-accendono-la-magia\/267103\/\" \/>\n<meta property=\"og:site_name\" content=\"Presse.Tirol\" \/>\n<meta property=\"article:published_time\" content=\"2024-11-15T11:52:00+00:00\" \/>\n<meta property=\"article:modified_time\" content=\"2025-07-21T10:59:45+00:00\" \/>\n<meta property=\"og:image\" content=\"https:\/\/presse.tirol.at\/app\/uploads\/2025\/07\/Christkindlmarkt-Altstadt_FC_Innsbruck-Tourismus_Danijel-Jovanovic-scaled.jpg\" \/>\n\t<meta property=\"og:image:width\" content=\"2560\" \/>\n\t<meta property=\"og:image:height\" content=\"1708\" \/>\n\t<meta property=\"og:image:type\" content=\"image\/jpeg\" \/>\n<meta name=\"author\" content=\"Innsbruck Tourismus\" \/>\n<meta name=\"twitter:card\" content=\"summary_large_image\" \/>\n<meta name=\"twitter:label1\" content=\"Scritto da\" \/>\n\t<meta name=\"twitter:data1\" content=\"Innsbruck Tourismus\" \/>\n\t<meta name=\"twitter:label2\" content=\"Tempo di lettura stimato\" \/>\n\t<meta name=\"twitter:data2\" content=\"8 minutes\" \/>\n\t<meta name=\"twitter:label3\" content=\"Written by\" \/>\n\t<meta name=\"twitter:data3\" content=\"Innsbruck Tourismus\" \/>\n<script type=\"application\/ld+json\" class=\"yoast-schema-graph\">{\"@context\":\"https:\/\/schema.org\",\"@graph\":[{\"@type\":\"WebPage\",\"@id\":\"https:\/\/presse.tirol.at\/it\/decolla-il-natale-a-innsbruck-i-sette-mercatini-e-lumagica-accendono-la-magia\/267103\/\",\"url\":\"https:\/\/presse.tirol.at\/it\/decolla-il-natale-a-innsbruck-i-sette-mercatini-e-lumagica-accendono-la-magia\/267103\/\",\"name\":\"DECOLLA IL NATALE A INNSBRUCK: i sette mercatini e lumagica accendono la magia - Presse.Tirol\",\"isPartOf\":{\"@id\":\"https:\/\/presse.tirol.at\/it\/#website\"},\"primaryImageOfPage\":{\"@id\":\"https:\/\/presse.tirol.at\/it\/decolla-il-natale-a-innsbruck-i-sette-mercatini-e-lumagica-accendono-la-magia\/267103\/#primaryimage\"},\"image\":{\"@id\":\"https:\/\/presse.tirol.at\/it\/decolla-il-natale-a-innsbruck-i-sette-mercatini-e-lumagica-accendono-la-magia\/267103\/#primaryimage\"},\"thumbnailUrl\":\"https:\/\/presse.tirol.at\/app\/uploads\/2025\/07\/Christkindlmarkt-Altstadt_FC_Innsbruck-Tourismus_Danijel-Jovanovic-scaled.jpg\",\"datePublished\":\"2024-11-15T11:52:00+00:00\",\"dateModified\":\"2025-07-21T10:59:45+00:00\",\"author\":{\"@id\":\"https:\/\/presse.tirol.at\/it\/#\/schema\/person\/ebb6e78b71aa0f00645a6be43af692b7\"},\"inLanguage\":\"it-IT\",\"potentialAction\":[{\"@type\":\"ReadAction\",\"target\":[\"https:\/\/presse.tirol.at\/it\/decolla-il-natale-a-innsbruck-i-sette-mercatini-e-lumagica-accendono-la-magia\/267103\/\"]}]},{\"@type\":\"ImageObject\",\"inLanguage\":\"it-IT\",\"@id\":\"https:\/\/presse.tirol.at\/it\/decolla-il-natale-a-innsbruck-i-sette-mercatini-e-lumagica-accendono-la-magia\/267103\/#primaryimage\",\"url\":\"https:\/\/presse.tirol.at\/app\/uploads\/2025\/07\/Christkindlmarkt-Altstadt_FC_Innsbruck-Tourismus_Danijel-Jovanovic-scaled.jpg\",\"contentUrl\":\"https:\/\/presse.tirol.at\/app\/uploads\/2025\/07\/Christkindlmarkt-Altstadt_FC_Innsbruck-Tourismus_Danijel-Jovanovic-scaled.jpg\",\"width\":2560,\"height\":1708,\"caption\":\"Il Mercatino del centro storico si snoda tra le vie pi\u00f9 antiche di Innsbruck ai piedi del celebre Tettuccio d\u2019Oro ed \u00e8 l\u2019icona dell'Avvento\"},{\"@type\":\"WebSite\",\"@id\":\"https:\/\/presse.tirol.at\/it\/#website\",\"url\":\"https:\/\/presse.tirol.at\/it\/\",\"name\":\"Presse.Tirol\",\"description\":\"Regionale Presseplattform der Tirol Werbung und den Tiroler Tourismusverb\u00e4nden\",\"potentialAction\":[{\"@type\":\"SearchAction\",\"target\":{\"@type\":\"EntryPoint\",\"urlTemplate\":\"https:\/\/presse.tirol.at\/it\/?s={search_term_string}\"},\"query-input\":{\"@type\":\"PropertyValueSpecification\",\"valueRequired\":true,\"valueName\":\"search_term_string\"}}],\"inLanguage\":\"it-IT\"},{\"@type\":\"Person\",\"@id\":\"https:\/\/presse.tirol.at\/it\/#\/schema\/person\/ebb6e78b71aa0f00645a6be43af692b7\",\"name\":\"Innsbruck Tourismus\",\"image\":{\"@type\":\"ImageObject\",\"inLanguage\":\"it-IT\",\"@id\":\"https:\/\/presse.tirol.at\/it\/#\/schema\/person\/image\/48b6af3557317095aa04684fa92d541e\",\"url\":\"https:\/\/secure.gravatar.com\/avatar\/4ff4dd2313c87313187622f3aab87ac2041dc66e1a56ffa9689d8785b4316ca5?s=96&d=mm&r=g\",\"contentUrl\":\"https:\/\/secure.gravatar.com\/avatar\/4ff4dd2313c87313187622f3aab87ac2041dc66e1a56ffa9689d8785b4316ca5?s=96&d=mm&r=g\",\"caption\":\"Innsbruck Tourismus\"}}]}<\/script>\n<!-- \/ Yoast SEO plugin. -->","yoast_head_json":{"title":"DECOLLA IL NATALE A INNSBRUCK: i sette mercatini e lumagica accendono la magia - Presse.Tirol","robots":{"index":"index","follow":"follow","max-snippet":"max-snippet:-1","max-image-preview":"max-image-preview:large","max-video-preview":"max-video-preview:-1"},"canonical":"https:\/\/presse.tirol.at\/it\/decolla-il-natale-a-innsbruck-i-sette-mercatini-e-lumagica-accendono-la-magia\/267103\/","og_locale":"it_IT","og_type":"article","og_title":"DECOLLA IL NATALE A INNSBRUCK: i sette mercatini e lumagica accendono la magia - Presse.Tirol","og_description":"La citt\u00e0 si trasforma in un vero e proprio paese delle meraviglie invernale.","og_url":"https:\/\/presse.tirol.at\/it\/decolla-il-natale-a-innsbruck-i-sette-mercatini-e-lumagica-accendono-la-magia\/267103\/","og_site_name":"Presse.Tirol","article_published_time":"2024-11-15T11:52:00+00:00","article_modified_time":"2025-07-21T10:59:45+00:00","og_image":[{"width":2560,"height":1708,"url":"https:\/\/presse.tirol.at\/app\/uploads\/2025\/07\/Christkindlmarkt-Altstadt_FC_Innsbruck-Tourismus_Danijel-Jovanovic-scaled.jpg","type":"image\/jpeg"}],"author":"Innsbruck Tourismus","twitter_card":"summary_large_image","twitter_misc":{"Scritto da":"Innsbruck Tourismus","Tempo di lettura stimato":"8 minutes","Written by":"Innsbruck Tourismus"},"schema":{"@context":"https:\/\/schema.org","@graph":[{"@type":"WebPage","@id":"https:\/\/presse.tirol.at\/it\/decolla-il-natale-a-innsbruck-i-sette-mercatini-e-lumagica-accendono-la-magia\/267103\/","url":"https:\/\/presse.tirol.at\/it\/decolla-il-natale-a-innsbruck-i-sette-mercatini-e-lumagica-accendono-la-magia\/267103\/","name":"DECOLLA IL NATALE A INNSBRUCK: i sette mercatini e lumagica accendono la magia - Presse.Tirol","isPartOf":{"@id":"https:\/\/presse.tirol.at\/it\/#website"},"primaryImageOfPage":{"@id":"https:\/\/presse.tirol.at\/it\/decolla-il-natale-a-innsbruck-i-sette-mercatini-e-lumagica-accendono-la-magia\/267103\/#primaryimage"},"image":{"@id":"https:\/\/presse.tirol.at\/it\/decolla-il-natale-a-innsbruck-i-sette-mercatini-e-lumagica-accendono-la-magia\/267103\/#primaryimage"},"thumbnailUrl":"https:\/\/presse.tirol.at\/app\/uploads\/2025\/07\/Christkindlmarkt-Altstadt_FC_Innsbruck-Tourismus_Danijel-Jovanovic-scaled.jpg","datePublished":"2024-11-15T11:52:00+00:00","dateModified":"2025-07-21T10:59:45+00:00","author":{"@id":"https:\/\/presse.tirol.at\/it\/#\/schema\/person\/ebb6e78b71aa0f00645a6be43af692b7"},"inLanguage":"it-IT","potentialAction":[{"@type":"ReadAction","target":["https:\/\/presse.tirol.at\/it\/decolla-il-natale-a-innsbruck-i-sette-mercatini-e-lumagica-accendono-la-magia\/267103\/"]}]},{"@type":"ImageObject","inLanguage":"it-IT","@id":"https:\/\/presse.tirol.at\/it\/decolla-il-natale-a-innsbruck-i-sette-mercatini-e-lumagica-accendono-la-magia\/267103\/#primaryimage","url":"https:\/\/presse.tirol.at\/app\/uploads\/2025\/07\/Christkindlmarkt-Altstadt_FC_Innsbruck-Tourismus_Danijel-Jovanovic-scaled.jpg","contentUrl":"https:\/\/presse.tirol.at\/app\/uploads\/2025\/07\/Christkindlmarkt-Altstadt_FC_Innsbruck-Tourismus_Danijel-Jovanovic-scaled.jpg","width":2560,"height":1708,"caption":"Il Mercatino del centro storico si snoda tra le vie pi\u00f9 antiche di Innsbruck ai piedi del celebre Tettuccio d\u2019Oro ed \u00e8 l\u2019icona dell'Avvento"},{"@type":"WebSite","@id":"https:\/\/presse.tirol.at\/it\/#website","url":"https:\/\/presse.tirol.at\/it\/","name":"Presse.Tirol","description":"Regionale Presseplattform der Tirol Werbung und den Tiroler Tourismusverb\u00e4nden","potentialAction":[{"@type":"SearchAction","target":{"@type":"EntryPoint","urlTemplate":"https:\/\/presse.tirol.at\/it\/?s={search_term_string}"},"query-input":{"@type":"PropertyValueSpecification","valueRequired":true,"valueName":"search_term_string"}}],"inLanguage":"it-IT"},{"@type":"Person","@id":"https:\/\/presse.tirol.at\/it\/#\/schema\/person\/ebb6e78b71aa0f00645a6be43af692b7","name":"Innsbruck Tourismus","image":{"@type":"ImageObject","inLanguage":"it-IT","@id":"https:\/\/presse.tirol.at\/it\/#\/schema\/person\/image\/48b6af3557317095aa04684fa92d541e","url":"https:\/\/secure.gravatar.com\/avatar\/4ff4dd2313c87313187622f3aab87ac2041dc66e1a56ffa9689d8785b4316ca5?s=96&d=mm&r=g","contentUrl":"https:\/\/secure.gravatar.com\/avatar\/4ff4dd2313c87313187622f3aab87ac2041dc66e1a56ffa9689d8785b4316ca5?s=96&d=mm&r=g","caption":"Innsbruck Tourismus"}}]}},"publishpress_future_workflow_manual_trigger":{"enabledWorkflows":[]},"_links":{"self":[{"href":"https:\/\/presse.tirol.at\/it\/wp-json\/wp\/v2\/posts\/267103","targetHints":{"allow":["GET"]}}],"collection":[{"href":"https:\/\/presse.tirol.at\/it\/wp-json\/wp\/v2\/posts"}],"about":[{"href":"https:\/\/presse.tirol.at\/it\/wp-json\/wp\/v2\/types\/post"}],"author":[{"embeddable":true,"href":"https:\/\/presse.tirol.at\/it\/wp-json\/wp\/v2\/users\/30"}],"replies":[{"embeddable":true,"href":"https:\/\/presse.tirol.at\/it\/wp-json\/wp\/v2\/comments?post=267103"}],"version-history":[{"count":0,"href":"https:\/\/presse.tirol.at\/it\/wp-json\/wp\/v2\/posts\/267103\/revisions"}],"wp:featuredmedia":[{"embeddable":true,"href":"https:\/\/presse.tirol.at\/it\/wp-json\/wp\/v2\/media\/267087"}],"wp:attachment":[{"href":"https:\/\/presse.tirol.at\/it\/wp-json\/wp\/v2\/media?parent=267103"}],"wp:term":[{"taxonomy":"category","embeddable":true,"href":"https:\/\/presse.tirol.at\/it\/wp-json\/wp\/v2\/categories?post=267103"},{"taxonomy":"region","embeddable":true,"href":"https:\/\/presse.tirol.at\/it\/wp-json\/wp\/v2\/region?post=267103"},{"taxonomy":"author","embeddable":true,"href":"https:\/\/presse.tirol.at\/it\/wp-json\/wp\/v2\/coauthors?post=267103"}],"curies":[{"name":"wp","href":"https:\/\/api.w.org\/{rel}","templated":true}]}}