{"id":267151,"date":"2025-03-31T13:17:00","date_gmt":"2025-03-31T11:17:00","guid":{"rendered":"https:\/\/presse.tirol.at\/?p=267151"},"modified":"2025-07-21T13:21:32","modified_gmt":"2025-07-21T11:21:32","slug":"primavera-di-benessere-nella-regione-di-innsbruck-risveglio-alpino-tra-natura-e-spa","status":"publish","type":"post","link":"https:\/\/presse.tirol.at\/it\/primavera-di-benessere-nella-regione-di-innsbruck-risveglio-alpino-tra-natura-e-spa\/267151\/","title":{"rendered":"PRIMAVERA DI BENESSERE NELLA REGIONE DI INNSBRUCK: risveglio alpino tra natura e spa"},"content":{"rendered":"\n<p class=\"intro\">La primavera sboccia nel Tirolo alpino, regalando un perfetto equilibrio tra esperienze urbane e immersioni nella natura. Mentre le stazioni sciistiche a quote pi\u00f9 elevate offrono ancora condizioni ideali per gli sport invernali, le localit\u00e0 pi\u00f9 basse accolgono i primi escursionisti e ciclisti, in un mosaico di esperienze per il benessere psicofisico dei visitatori.<\/p>\n\n\n\n<p>Le settimane di Pasqua e i ponti primaverili offrono, quest&#8217;anno, l&#8217;occasione ideale per riscoprire una regione unica in cui Innsbruck e le sue 40 localit\u00e0 limitrofe creano una simbiosi perfetta tra citt\u00e0 e montagna, combinando l&#8217;energia urbana con la pace alpina. La primavera in Tirolo rappresenta il momento ideale per riscoprire il rapporto autentico con la natura. Le strutture incentrate sul benessere, i sentieri escursionistici e le esperienze autentiche offrono un&#8217;alternativa rigenerante alle tradizionali vacanze primaverili.<\/p>\n\n\n\n<figure class=\"wp-block-image size-large\"><img loading=\"lazy\" decoding=\"async\" width=\"1024\" height=\"684\" src=\"https:\/\/presse.tirol.at\/app\/uploads\/2025\/07\/Almrosen_FC_Innsbruck-Tourismus_Markus-Mair-1024x684.jpg\" alt=\"\" class=\"wp-image-267138\" srcset=\"https:\/\/presse.tirol.at\/app\/uploads\/2025\/07\/Almrosen_FC_Innsbruck-Tourismus_Markus-Mair-1024x684.jpg 1024w, https:\/\/presse.tirol.at\/app\/uploads\/2025\/07\/Almrosen_FC_Innsbruck-Tourismus_Markus-Mair-300x200.jpg 300w, https:\/\/presse.tirol.at\/app\/uploads\/2025\/07\/Almrosen_FC_Innsbruck-Tourismus_Markus-Mair-768x513.jpg 768w, https:\/\/presse.tirol.at\/app\/uploads\/2025\/07\/Almrosen_FC_Innsbruck-Tourismus_Markus-Mair-1536x1025.jpg 1536w, https:\/\/presse.tirol.at\/app\/uploads\/2025\/07\/Almrosen_FC_Innsbruck-Tourismus_Markus-Mair-2048x1367.jpg 2048w\" sizes=\"auto, (max-width: 1024px) 100vw, 1024px\" \/><figcaption class=\"wp-element-caption\">Il sentiero &#8220;Alpenrosensteig&#8221; a Oberperfuss \u00e8 particolarmente incantevole durante la fioritura dei rododendri. &copy; Innsbruck Tourismus\/Markus Mair<\/figcaption><\/figure>\n\n\n\n<p><strong>Connessione autentica con la natura alpina<\/strong><\/p>\n\n\n\n<p>La&nbsp;bella stagione nella regione di Innsbruck invita a riscoprire percorsi meno battuti, lontani dal turismo di massa. L&#8217;altopiano soleggiato di&nbsp;<strong>Mieming<\/strong>&nbsp;offre trekking dolci attraverso paesaggi ameni, con sentieri escursionistici adatti a diversi livelli di preparazione. Il &#8220;<strong>Giro delle Malghe<\/strong>&#8221; nell&#8217;area dell&#8217;<strong>Axamer Lizum<\/strong>&nbsp;e il sentiero &#8220;<strong>Alpenrosensteig<\/strong>&#8221; a&nbsp;<strong>Oberperfuss<\/strong>, particolarmente incantevole durante la fioritura dei rododendri, rappresentano esperienze immersive nella natura primaverile.<\/p>\n\n\n\n<p>Per chi cerca escursioni adatte a tutta la famiglia, il&nbsp;<strong>Fiechter K<\/strong><strong>\u00f6<\/strong><strong>pfl<\/strong>&nbsp;propone un facile sentiero di 7,2 chilometri con 209 metri di dislivello, dove tavoli e panchine invitano a fare una pausa godendo di una splendida vista sul paesaggio. Al termine, il vicino lago di&nbsp;<strong>Untermieming<\/strong>&nbsp;offre la possibilit\u00e0 di un rinfrescante bagno nelle giornate pi\u00f9 calde.<\/p>\n\n\n\n<p>Una meravigliosa escursione di livello medio \u00e8 quella che conduce al&nbsp;<strong>Lehnberghaus\/Lacke<\/strong>, dove una camminata attraverso il bosco regala magnifici scorci sulle montagne della catena montuosa. Dalla piattaforma panoramica &#8220;<strong>Lacke<\/strong>&#8221;&nbsp;si gode un&#8217;imponente vista sulla valle dell&#8217;Inntal e sull&#8217;altopiano di Mieming, mentre i pi\u00f9 esperti possono proseguire fino alla vetta&nbsp;<strong>Wankspitze<\/strong>.<\/p>\n\n\n\n<p>Per gli escursionisti pi\u00f9 avventurosi, il sentiero&nbsp;<strong>Gacher Blick<\/strong>, con i suoi 1.052 metri di dislivello su 6,5 chilometri di percorso, garantisce un&#8217;esperienza autentica che culmina in un belvedere mozzafiato sulla&nbsp;<strong>gola Judenklamm<\/strong>: un panorama alpino spettacolare che ripaga ogni fatica.<\/p>\n\n\n\n<p><strong>Esperienze rigeneranti<\/strong><\/p>\n\n\n\n<p>La regione propone un turismo esperienziale che rispetta i ritmi della natura e valorizza l&#8217;autenticit\u00e0 locale. Lo zaino da&nbsp;<strong>picnic della Nordkette<\/strong>&nbsp;permette di gustare specialit\u00e0 tirolesi ovunque si desideri, con speck, salamini affumicati, formaggio di montagna e altre prelibatezze locali; l&#8217;ideale per un pranzo immersi nella bellezza alpina, combinando natura e gastronomia in un&#8217;esperienza indimenticabile.<\/p>\n\n\n\n<p>Particolarmente affascinante \u00e8 il &#8220;<strong>Grasausl\u00e4uten<\/strong>&#8221; ad&nbsp;<strong>Amras<\/strong>, rara usanza primaverile che si tiene&nbsp;<strong>il 23 aprile<\/strong>, giorno di San Giorgio. Durante questa tradizione, i giovani locali attraversano le vie del paese suonando campanelli per &#8220;risvegliare&#8221; simbolicamente l&#8217;erba, favorendo l&#8217;arrivo della primavera. Un&#8217;esperienza culturale autentica che permette di entrare in contatto con il patrimonio folkloristico tirolese.<\/p>\n\n\n\n<figure class=\"wp-block-image size-large\"><img loading=\"lazy\" decoding=\"async\" width=\"1024\" height=\"681\" src=\"https:\/\/presse.tirol.at\/app\/uploads\/2025\/07\/Aussichtsplattform_FC_Innsbruck-Tourismus_Moser-1024x681.jpg\" alt=\"\" class=\"wp-image-267142\" srcset=\"https:\/\/presse.tirol.at\/app\/uploads\/2025\/07\/Aussichtsplattform_FC_Innsbruck-Tourismus_Moser-1024x681.jpg 1024w, https:\/\/presse.tirol.at\/app\/uploads\/2025\/07\/Aussichtsplattform_FC_Innsbruck-Tourismus_Moser-300x200.jpg 300w, https:\/\/presse.tirol.at\/app\/uploads\/2025\/07\/Aussichtsplattform_FC_Innsbruck-Tourismus_Moser-768x511.jpg 768w, https:\/\/presse.tirol.at\/app\/uploads\/2025\/07\/Aussichtsplattform_FC_Innsbruck-Tourismus_Moser-1536x1022.jpg 1536w, https:\/\/presse.tirol.at\/app\/uploads\/2025\/07\/Aussichtsplattform_FC_Innsbruck-Tourismus_Moser-2048x1363.jpg 2048w\" sizes=\"auto, (max-width: 1024px) 100vw, 1024px\" \/><figcaption class=\"wp-element-caption\">Dalla piattaforma panoramica &#8220;Lacke&#8221; si gode un&#8217;imponente vista sulla valle dell&#8217;Inntal e sull&#8217;altopiano di Mieming. &copy; Innsbruck Tourismus\/Moser<\/figcaption><\/figure>\n\n\n\n<p><strong>Oasi di Benessere: quattro strutture di eccellenza<\/strong><\/p>\n\n\n\n<p>La regione propone strutture ricettive che uniscono tradizione, sostenibilit\u00e0 e innovazione al servizio del benessere integrale dell&#8217;ospite. Il&nbsp;<strong>Bio Wellness Hotel Holzleiten<\/strong>&nbsp;ad Obsteig si presenta come un rifugio completamente dedicato al biologico, con camere modernamente arredate e un centro benessere recentemente rinnovato. La struttura offre saune, vasche termali e un ristorante che serve esclusivamente piatti preparati con ingredienti biologici al 100%, prevalentemente regionali. Yoga, massaggi e training attivo completano un&#8217;esperienza di benessere olistico immersi in&nbsp;natura.<\/p>\n\n\n\n<p>Sempre ad Obsteig,&nbsp;<strong>Der Stern &#8211; Wirtshaus und Landhotel<\/strong>, aperto nel 1509, rappresenta un paradiso per famiglie, amanti della natura e buongustai. Questo hotel a impatto climatico zero pone al centro della sua filosofia regionalit\u00e0 e sostenibilit\u00e0: valori che gli hanno fatto conquistare prestigiosi riconoscimenti. Lo Sternchen Club, servizio di assistenza all&#8217;infanzia creativo e legato alle tradizioni, \u00e8 il fiore all&#8217;occhiello della struttura.<\/p>\n\n\n\n<p>Nel cuore di Innsbruck, l&#8217;hotel&nbsp;<strong>Grauer B\u00e4r<\/strong>, a soli due minuti di cammino dal centro storico, offre una straordinaria area wellness con piscina coperta panoramica al quinto piano, whirlpool esterno, sauna e bagno turco. Le camere dal recente restyling garantiscono ogni comfort per chi cerca un&#8217;oasi di relax dopo aver esplorato la citt\u00e0.<\/p>\n\n\n\n<p>Indirizzo sicuro, il&nbsp;<strong>Das Innsbruck<\/strong>, boutique hotel premiato da Gault&amp;Millau e Falstaff, unisce eleganza urbana e benessere montano. Riconosciuto come &#8220;Best Destination Hotel Austria&#8221; dall&#8217;Haute Grandeur Global Award 2023, vanta un&#8217;area termale di altissimo livello per momenti di rigenerazione profonda in centro citt\u00e0.<\/p>\n\n\n\n<figure class=\"wp-block-image size-large\"><img loading=\"lazy\" decoding=\"async\" width=\"1024\" height=\"681\" src=\"https:\/\/presse.tirol.at\/app\/uploads\/2025\/07\/Blick-auf-Mieming_FC_Innsbruck-Tourismus_Moser-1024x681.jpg\" alt=\"\" class=\"wp-image-267146\" srcset=\"https:\/\/presse.tirol.at\/app\/uploads\/2025\/07\/Blick-auf-Mieming_FC_Innsbruck-Tourismus_Moser-1024x681.jpg 1024w, https:\/\/presse.tirol.at\/app\/uploads\/2025\/07\/Blick-auf-Mieming_FC_Innsbruck-Tourismus_Moser-300x200.jpg 300w, https:\/\/presse.tirol.at\/app\/uploads\/2025\/07\/Blick-auf-Mieming_FC_Innsbruck-Tourismus_Moser-768x511.jpg 768w, https:\/\/presse.tirol.at\/app\/uploads\/2025\/07\/Blick-auf-Mieming_FC_Innsbruck-Tourismus_Moser-1536x1022.jpg 1536w, https:\/\/presse.tirol.at\/app\/uploads\/2025\/07\/Blick-auf-Mieming_FC_Innsbruck-Tourismus_Moser-2048x1363.jpg 2048w\" sizes=\"auto, (max-width: 1024px) 100vw, 1024px\" \/><figcaption class=\"wp-element-caption\">A Mieming \u00e8 possibile godersi appieno la natura. &copy; Innsbruck Tourismus\/Moser<\/figcaption><\/figure>\n\n\n\n<p><strong>Alternativa consapevole alle vacanze mediterranee<\/strong><\/p>\n\n\n\n<p>La regione di Innsbruck si propone come destinazione sostenibile e facilmente raggiungibile, ideale per chi cerca un&#8217;alternativa consapevole alle prime ferie balneari. Le montagne intorno al capoluogo offrono un refrigerio naturale dalle ondate di calore primaverile, permettendo di godere sempre di temperature gradevoli.<\/p>\n\n\n\n<p>La mobilit\u00e0 sostenibile \u00e8 facilitata dalla&nbsp;<strong>Welcome Card<\/strong>&nbsp;<strong>gratuita<\/strong>, che consente agli ospiti di utilizzare l&#8217;intera rete di trasporti pubblici della regione, inclusi gli autobus per le escursioni, contribuendo a un turismo a basso impatto ambientale. Questa carta pu\u00f2 essere scaricata facilmente sullo smartphone ancora prima di arrivare a Innsbruck, rendendo l&#8217;esperienza di viaggio confortevole.<\/p>\n\n\n\n<p>Per chi cerca pace e tranquillit\u00e0, la&nbsp;valle di&nbsp;<strong>Sellraintal<\/strong>&nbsp;e le sue idilliache valli affluenti, a soli 25 chilometri da Innsbruck, offrono un&#8217;atmosfera alpina autentica in villaggi alpinistici archetipici, costruiti secondo linee tradizionali. Qui lo stress e il rumore della vita quotidiana si dissolvono nella tranquillit\u00e0 dei pascoli alpini, in un&#8217;esperienza rigenerante per mente e corpo.<\/p>\n\n\n\n<p><strong>Link correlati:<\/strong><br>Website:\u00a0<a href=\"https:\/\/www.innsbruck.info\/\" target=\"_blank\" rel=\"noreferrer noopener\">www.innsbruck.info\u00a0\u00a0<\/a><br>Blog:\u00a0<a href=\"https:\/\/www.innsbruck.info\/blog\/de\/\" target=\"_blank\" rel=\"noreferrer noopener\">www.innsbruck.info\/blog\u00a0<\/a><br>Facebook:\u00a0<a href=\"https:\/\/www.facebook.com\/Innsbruck\" target=\"_blank\" rel=\"noreferrer noopener\">www.facebook.com\/Innsbruck\u00a0<\/a><br>Instagram:\u00a0<a href=\"https:\/\/www.instagram.com\/innsbrucktourism\/#\" target=\"_blank\" rel=\"noreferrer noopener\">www.instagram.com\/innsbrucktourism\u00a0\u00a0<\/a><br>X:\u00a0<a href=\"https:\/\/x.com\/InnsbruckTVB\" target=\"_blank\" rel=\"noreferrer noopener\">www.twitter.com\/InnsbruckTVB\u00a0<\/a><br>YouTube:\u00a0<a href=\"https:\/\/www.youtube.com\/user\/InnsbruckTVB\" target=\"_blank\" rel=\"noreferrer noopener\">www.youtube.com\/user\/InnsbruckTVB\u00a0<\/a><br>Pinterest:\u00a0<a href=\"https:\/\/www.newsroom.pr\/at\/www.pinterest.at\/innsbrucktvb\/_created\" target=\"_blank\" rel=\"noreferrer noopener\">www.pinterest.at\/innsbrucktvb\/_created\u00a0<\/a><\/p>\n","protected":false},"excerpt":{"rendered":"<p>La primavera sboccia nel Tirolo alpino, regalando un perfetto equilibrio tra esperienze urbane e immersioni nella \u2026<\/p>\n","protected":false},"author":30,"featured_media":267142,"comment_status":"closed","ping_status":"closed","sticky":false,"template":"","format":"standard","meta":{"_acf_changed":true,"footnotes":""},"categories":[11],"region":[84],"coauthors":[240],"class_list":["post-267151","post","type-post","status-publish","format-standard","has-post-thumbnail","hentry","category-non-categorizzato","region-innsbruck-tourismus"],"acf":[],"yoast_head":"<!-- This site is optimized with the Yoast SEO plugin v25.1 - https:\/\/yoast.com\/wordpress\/plugins\/seo\/ -->\n<title>PRIMAVERA DI BENESSERE NELLA REGIONE DI INNSBRUCK: risveglio alpino tra natura e spa - Presse.Tirol<\/title>\n<meta name=\"robots\" content=\"index, follow, max-snippet:-1, max-image-preview:large, max-video-preview:-1\" \/>\n<link rel=\"canonical\" href=\"https:\/\/presse.tirol.at\/it\/primavera-di-benessere-nella-regione-di-innsbruck-risveglio-alpino-tra-natura-e-spa\/267151\/\" \/>\n<meta property=\"og:locale\" content=\"it_IT\" \/>\n<meta property=\"og:type\" content=\"article\" \/>\n<meta property=\"og:title\" content=\"PRIMAVERA DI BENESSERE NELLA REGIONE DI INNSBRUCK: risveglio alpino tra natura e spa - Presse.Tirol\" \/>\n<meta property=\"og:description\" content=\"La primavera sboccia nel Tirolo alpino, regalando un perfetto equilibrio tra esperienze urbane e immersioni nella \u2026\" \/>\n<meta property=\"og:url\" content=\"https:\/\/presse.tirol.at\/it\/primavera-di-benessere-nella-regione-di-innsbruck-risveglio-alpino-tra-natura-e-spa\/267151\/\" \/>\n<meta property=\"og:site_name\" content=\"Presse.Tirol\" \/>\n<meta property=\"article:published_time\" content=\"2025-03-31T11:17:00+00:00\" \/>\n<meta property=\"article:modified_time\" content=\"2025-07-21T11:21:32+00:00\" \/>\n<meta property=\"og:image\" content=\"https:\/\/presse.tirol.at\/app\/uploads\/2025\/07\/Aussichtsplattform_FC_Innsbruck-Tourismus_Moser-scaled.jpg\" \/>\n\t<meta property=\"og:image:width\" content=\"2560\" \/>\n\t<meta property=\"og:image:height\" content=\"1703\" \/>\n\t<meta property=\"og:image:type\" content=\"image\/jpeg\" \/>\n<meta name=\"author\" content=\"Innsbruck Tourismus\" \/>\n<meta name=\"twitter:card\" content=\"summary_large_image\" \/>\n<meta name=\"twitter:label1\" content=\"Scritto da\" \/>\n\t<meta name=\"twitter:data1\" content=\"Innsbruck Tourismus\" \/>\n\t<meta name=\"twitter:label2\" content=\"Tempo di lettura stimato\" \/>\n\t<meta name=\"twitter:data2\" content=\"6 minutes\" \/>\n\t<meta name=\"twitter:label3\" content=\"Written by\" \/>\n\t<meta name=\"twitter:data3\" content=\"Innsbruck Tourismus\" \/>\n<script type=\"application\/ld+json\" class=\"yoast-schema-graph\">{\"@context\":\"https:\/\/schema.org\",\"@graph\":[{\"@type\":\"WebPage\",\"@id\":\"https:\/\/presse.tirol.at\/it\/primavera-di-benessere-nella-regione-di-innsbruck-risveglio-alpino-tra-natura-e-spa\/267151\/\",\"url\":\"https:\/\/presse.tirol.at\/it\/primavera-di-benessere-nella-regione-di-innsbruck-risveglio-alpino-tra-natura-e-spa\/267151\/\",\"name\":\"PRIMAVERA DI BENESSERE NELLA REGIONE DI INNSBRUCK: risveglio alpino tra natura e spa - Presse.Tirol\",\"isPartOf\":{\"@id\":\"https:\/\/presse.tirol.at\/it\/#website\"},\"primaryImageOfPage\":{\"@id\":\"https:\/\/presse.tirol.at\/it\/primavera-di-benessere-nella-regione-di-innsbruck-risveglio-alpino-tra-natura-e-spa\/267151\/#primaryimage\"},\"image\":{\"@id\":\"https:\/\/presse.tirol.at\/it\/primavera-di-benessere-nella-regione-di-innsbruck-risveglio-alpino-tra-natura-e-spa\/267151\/#primaryimage\"},\"thumbnailUrl\":\"https:\/\/presse.tirol.at\/app\/uploads\/2025\/07\/Aussichtsplattform_FC_Innsbruck-Tourismus_Moser-scaled.jpg\",\"datePublished\":\"2025-03-31T11:17:00+00:00\",\"dateModified\":\"2025-07-21T11:21:32+00:00\",\"author\":{\"@id\":\"https:\/\/presse.tirol.at\/it\/#\/schema\/person\/ebb6e78b71aa0f00645a6be43af692b7\"},\"inLanguage\":\"it-IT\",\"potentialAction\":[{\"@type\":\"ReadAction\",\"target\":[\"https:\/\/presse.tirol.at\/it\/primavera-di-benessere-nella-regione-di-innsbruck-risveglio-alpino-tra-natura-e-spa\/267151\/\"]}]},{\"@type\":\"ImageObject\",\"inLanguage\":\"it-IT\",\"@id\":\"https:\/\/presse.tirol.at\/it\/primavera-di-benessere-nella-regione-di-innsbruck-risveglio-alpino-tra-natura-e-spa\/267151\/#primaryimage\",\"url\":\"https:\/\/presse.tirol.at\/app\/uploads\/2025\/07\/Aussichtsplattform_FC_Innsbruck-Tourismus_Moser-scaled.jpg\",\"contentUrl\":\"https:\/\/presse.tirol.at\/app\/uploads\/2025\/07\/Aussichtsplattform_FC_Innsbruck-Tourismus_Moser-scaled.jpg\",\"width\":2560,\"height\":1703,\"caption\":\"Dalla piattaforma panoramica \\\"Lacke\\\" si gode un'imponente vista sulla valle dell'Inntal e sull'altopiano di Mieming.\"},{\"@type\":\"WebSite\",\"@id\":\"https:\/\/presse.tirol.at\/it\/#website\",\"url\":\"https:\/\/presse.tirol.at\/it\/\",\"name\":\"Presse.Tirol\",\"description\":\"Regionale Presseplattform der Tirol Werbung und den Tiroler Tourismusverb\u00e4nden\",\"potentialAction\":[{\"@type\":\"SearchAction\",\"target\":{\"@type\":\"EntryPoint\",\"urlTemplate\":\"https:\/\/presse.tirol.at\/it\/?s={search_term_string}\"},\"query-input\":{\"@type\":\"PropertyValueSpecification\",\"valueRequired\":true,\"valueName\":\"search_term_string\"}}],\"inLanguage\":\"it-IT\"},{\"@type\":\"Person\",\"@id\":\"https:\/\/presse.tirol.at\/it\/#\/schema\/person\/ebb6e78b71aa0f00645a6be43af692b7\",\"name\":\"Innsbruck Tourismus\",\"image\":{\"@type\":\"ImageObject\",\"inLanguage\":\"it-IT\",\"@id\":\"https:\/\/presse.tirol.at\/it\/#\/schema\/person\/image\/48b6af3557317095aa04684fa92d541e\",\"url\":\"https:\/\/secure.gravatar.com\/avatar\/4ff4dd2313c87313187622f3aab87ac2041dc66e1a56ffa9689d8785b4316ca5?s=96&d=mm&r=g\",\"contentUrl\":\"https:\/\/secure.gravatar.com\/avatar\/4ff4dd2313c87313187622f3aab87ac2041dc66e1a56ffa9689d8785b4316ca5?s=96&d=mm&r=g\",\"caption\":\"Innsbruck Tourismus\"}}]}<\/script>\n<!-- \/ Yoast SEO plugin. -->","yoast_head_json":{"title":"PRIMAVERA DI BENESSERE NELLA REGIONE DI INNSBRUCK: risveglio alpino tra natura e spa - Presse.Tirol","robots":{"index":"index","follow":"follow","max-snippet":"max-snippet:-1","max-image-preview":"max-image-preview:large","max-video-preview":"max-video-preview:-1"},"canonical":"https:\/\/presse.tirol.at\/it\/primavera-di-benessere-nella-regione-di-innsbruck-risveglio-alpino-tra-natura-e-spa\/267151\/","og_locale":"it_IT","og_type":"article","og_title":"PRIMAVERA DI BENESSERE NELLA REGIONE DI INNSBRUCK: risveglio alpino tra natura e spa - Presse.Tirol","og_description":"La primavera sboccia nel Tirolo alpino, regalando un perfetto equilibrio tra esperienze urbane e immersioni nella \u2026","og_url":"https:\/\/presse.tirol.at\/it\/primavera-di-benessere-nella-regione-di-innsbruck-risveglio-alpino-tra-natura-e-spa\/267151\/","og_site_name":"Presse.Tirol","article_published_time":"2025-03-31T11:17:00+00:00","article_modified_time":"2025-07-21T11:21:32+00:00","og_image":[{"width":2560,"height":1703,"url":"https:\/\/presse.tirol.at\/app\/uploads\/2025\/07\/Aussichtsplattform_FC_Innsbruck-Tourismus_Moser-scaled.jpg","type":"image\/jpeg"}],"author":"Innsbruck Tourismus","twitter_card":"summary_large_image","twitter_misc":{"Scritto da":"Innsbruck Tourismus","Tempo di lettura stimato":"6 minutes","Written by":"Innsbruck Tourismus"},"schema":{"@context":"https:\/\/schema.org","@graph":[{"@type":"WebPage","@id":"https:\/\/presse.tirol.at\/it\/primavera-di-benessere-nella-regione-di-innsbruck-risveglio-alpino-tra-natura-e-spa\/267151\/","url":"https:\/\/presse.tirol.at\/it\/primavera-di-benessere-nella-regione-di-innsbruck-risveglio-alpino-tra-natura-e-spa\/267151\/","name":"PRIMAVERA DI BENESSERE NELLA REGIONE DI INNSBRUCK: risveglio alpino tra natura e spa - Presse.Tirol","isPartOf":{"@id":"https:\/\/presse.tirol.at\/it\/#website"},"primaryImageOfPage":{"@id":"https:\/\/presse.tirol.at\/it\/primavera-di-benessere-nella-regione-di-innsbruck-risveglio-alpino-tra-natura-e-spa\/267151\/#primaryimage"},"image":{"@id":"https:\/\/presse.tirol.at\/it\/primavera-di-benessere-nella-regione-di-innsbruck-risveglio-alpino-tra-natura-e-spa\/267151\/#primaryimage"},"thumbnailUrl":"https:\/\/presse.tirol.at\/app\/uploads\/2025\/07\/Aussichtsplattform_FC_Innsbruck-Tourismus_Moser-scaled.jpg","datePublished":"2025-03-31T11:17:00+00:00","dateModified":"2025-07-21T11:21:32+00:00","author":{"@id":"https:\/\/presse.tirol.at\/it\/#\/schema\/person\/ebb6e78b71aa0f00645a6be43af692b7"},"inLanguage":"it-IT","potentialAction":[{"@type":"ReadAction","target":["https:\/\/presse.tirol.at\/it\/primavera-di-benessere-nella-regione-di-innsbruck-risveglio-alpino-tra-natura-e-spa\/267151\/"]}]},{"@type":"ImageObject","inLanguage":"it-IT","@id":"https:\/\/presse.tirol.at\/it\/primavera-di-benessere-nella-regione-di-innsbruck-risveglio-alpino-tra-natura-e-spa\/267151\/#primaryimage","url":"https:\/\/presse.tirol.at\/app\/uploads\/2025\/07\/Aussichtsplattform_FC_Innsbruck-Tourismus_Moser-scaled.jpg","contentUrl":"https:\/\/presse.tirol.at\/app\/uploads\/2025\/07\/Aussichtsplattform_FC_Innsbruck-Tourismus_Moser-scaled.jpg","width":2560,"height":1703,"caption":"Dalla piattaforma panoramica \"Lacke\" si gode un'imponente vista sulla valle dell'Inntal e sull'altopiano di Mieming."},{"@type":"WebSite","@id":"https:\/\/presse.tirol.at\/it\/#website","url":"https:\/\/presse.tirol.at\/it\/","name":"Presse.Tirol","description":"Regionale Presseplattform der Tirol Werbung und den Tiroler Tourismusverb\u00e4nden","potentialAction":[{"@type":"SearchAction","target":{"@type":"EntryPoint","urlTemplate":"https:\/\/presse.tirol.at\/it\/?s={search_term_string}"},"query-input":{"@type":"PropertyValueSpecification","valueRequired":true,"valueName":"search_term_string"}}],"inLanguage":"it-IT"},{"@type":"Person","@id":"https:\/\/presse.tirol.at\/it\/#\/schema\/person\/ebb6e78b71aa0f00645a6be43af692b7","name":"Innsbruck Tourismus","image":{"@type":"ImageObject","inLanguage":"it-IT","@id":"https:\/\/presse.tirol.at\/it\/#\/schema\/person\/image\/48b6af3557317095aa04684fa92d541e","url":"https:\/\/secure.gravatar.com\/avatar\/4ff4dd2313c87313187622f3aab87ac2041dc66e1a56ffa9689d8785b4316ca5?s=96&d=mm&r=g","contentUrl":"https:\/\/secure.gravatar.com\/avatar\/4ff4dd2313c87313187622f3aab87ac2041dc66e1a56ffa9689d8785b4316ca5?s=96&d=mm&r=g","caption":"Innsbruck Tourismus"}}]}},"publishpress_future_workflow_manual_trigger":{"enabledWorkflows":[]},"_links":{"self":[{"href":"https:\/\/presse.tirol.at\/it\/wp-json\/wp\/v2\/posts\/267151","targetHints":{"allow":["GET"]}}],"collection":[{"href":"https:\/\/presse.tirol.at\/it\/wp-json\/wp\/v2\/posts"}],"about":[{"href":"https:\/\/presse.tirol.at\/it\/wp-json\/wp\/v2\/types\/post"}],"author":[{"embeddable":true,"href":"https:\/\/presse.tirol.at\/it\/wp-json\/wp\/v2\/users\/30"}],"replies":[{"embeddable":true,"href":"https:\/\/presse.tirol.at\/it\/wp-json\/wp\/v2\/comments?post=267151"}],"version-history":[{"count":0,"href":"https:\/\/presse.tirol.at\/it\/wp-json\/wp\/v2\/posts\/267151\/revisions"}],"wp:featuredmedia":[{"embeddable":true,"href":"https:\/\/presse.tirol.at\/it\/wp-json\/wp\/v2\/media\/267142"}],"wp:attachment":[{"href":"https:\/\/presse.tirol.at\/it\/wp-json\/wp\/v2\/media?parent=267151"}],"wp:term":[{"taxonomy":"category","embeddable":true,"href":"https:\/\/presse.tirol.at\/it\/wp-json\/wp\/v2\/categories?post=267151"},{"taxonomy":"region","embeddable":true,"href":"https:\/\/presse.tirol.at\/it\/wp-json\/wp\/v2\/region?post=267151"},{"taxonomy":"author","embeddable":true,"href":"https:\/\/presse.tirol.at\/it\/wp-json\/wp\/v2\/coauthors?post=267151"}],"curies":[{"name":"wp","href":"https:\/\/api.w.org\/{rel}","templated":true}]}}