{"id":267172,"date":"2025-04-15T13:32:42","date_gmt":"2025-04-15T11:32:42","guid":{"rendered":"https:\/\/presse.tirol.at\/?p=267172"},"modified":"2025-07-21T13:37:22","modified_gmt":"2025-07-21T11:37:22","slug":"innsbruck-gli-eventi-imperdibili-della-primavera-estate-2025","status":"publish","type":"post","link":"https:\/\/presse.tirol.at\/it\/innsbruck-gli-eventi-imperdibili-della-primavera-estate-2025\/267172\/","title":{"rendered":"INNSBRUCK: gli eventi imperdibili della primavera-estate 2025"},"content":{"rendered":"\n<p class=\"intro\">A maggio e giugno la capitale tirolese si trasforma in un palcoscenico di sport e musica. L&#8217;Adidas Terrex Innsbruck Alpine Trailrun Festival, l&#8217;Innsbruck Live e il\u00a0Golden Roof Challenge\u00a0offrono esperienze uniche che uniscono la meraviglia delle Alpi al fascino urbano.<\/p>\n\n\n\n<p>La capitale tirolese si prepara ad accogliere tre eventi di richiamo internazionale che animeranno la citt\u00e0 nelle prossime settimane in un mix perfetto di sport e intrattenimento. Dall&#8217;adrenalina del trail running alpino alla vivacit\u00e0 dello shopping notturno, fino all&#8217;emozione dell&#8217;atletica leggera in pieno centro storico e alla musica en plen air, Innsbruck conferma la sua vocazione di metropoli alpina dinamica e coinvolgente.<\/p>\n\n\n\n<p><strong>Adidas Terrex Innsbruck Alpine Trailrun Festival<\/strong><\/p>\n\n\n\n<p>Il festival che inaugura la stagione europea del trail running celebra quest&#8217;anno la&nbsp;<strong>decima edizione<\/strong>&nbsp;con un programma ancora pi\u00f9 ricco. Dal 30 aprile al 3 maggio, principianti ed esperti potranno cimentarsi in percorsi che variano&nbsp;<strong>dai 7 ai 110 chilometri<\/strong>, attraversando il suggestivo paesaggio alpino-urbano di Innsbruck. Per il prestigioso anniversario, il festival introduce due novit\u00e0 interessanti: una gara verticale che promette pendenze ed emozioni pure, e la&nbsp;<strong>Young Talents Race<\/strong>&nbsp;dedicata ai trail runner emergenti. Gli itinerari combinano tratti urbani e sentieri montani, offrendo panorami mozzafiato sulla citt\u00e0.<\/p>\n\n\n\n<p>Le principali gare in programma vedranno partire le lunghe distanze K110 e K85 venerd\u00ec 2 maggio a mezzanotte, mentre sabato 3 maggio sar\u00e0 la volta delle distanze intermedie, dalla K65 alle 6 del mattino fino alla K15 alle 16.30. Non mancheranno appuntamenti suggestivi come il K7 Nighttrail di mercoled\u00ec 30 aprile alle 20, mentre gioved\u00ec 1 maggio sar\u00e0 dedicato alle gare verticali VTC e VTC-S e alla nuova Young Talents Race.<\/p>\n\n\n\n<p>Il cuore della manifestazione sar\u00e0 il&nbsp;<strong>Vorplatz Tiroler Landestheater<\/strong>, con un ricco programma che accompagner\u00e0 le gare creando un&#8217;atmosfera unica per partecipanti e spettatori. L&#8217;evento rappresenta ormai un punto di riferimento imprescindibile per gli appassionati di trail running, che potranno testare la propria resistenza su percorsi tecnici con dislivelli importanti in un contesto urbano facilmente accessibile.<\/p>\n\n\n\n<figure class=\"wp-block-image size-large\"><img loading=\"lazy\" decoding=\"async\" width=\"1024\" height=\"683\" src=\"https:\/\/presse.tirol.at\/app\/uploads\/2025\/07\/Trailrun_FC_Innsbruck-Tourismus_Tom-Bause-1024x683.jpg\" alt=\"\" class=\"wp-image-267168\" srcset=\"https:\/\/presse.tirol.at\/app\/uploads\/2025\/07\/Trailrun_FC_Innsbruck-Tourismus_Tom-Bause-1024x683.jpg 1024w, https:\/\/presse.tirol.at\/app\/uploads\/2025\/07\/Trailrun_FC_Innsbruck-Tourismus_Tom-Bause-300x200.jpg 300w, https:\/\/presse.tirol.at\/app\/uploads\/2025\/07\/Trailrun_FC_Innsbruck-Tourismus_Tom-Bause-768x512.jpg 768w, https:\/\/presse.tirol.at\/app\/uploads\/2025\/07\/Trailrun_FC_Innsbruck-Tourismus_Tom-Bause-1536x1024.jpg 1536w, https:\/\/presse.tirol.at\/app\/uploads\/2025\/07\/Trailrun_FC_Innsbruck-Tourismus_Tom-Bause-2048x1366.jpg 2048w\" sizes=\"auto, (max-width: 1024px) 100vw, 1024px\" \/><figcaption class=\"wp-element-caption\">Dal 30 aprile al 3 maggio, il festival che inaugura la stagione europea del trail running quest&#8217;anno celebra la decima edizione con un ricco programma.  &copy; Innsbruck Tourismus\/Tom Bause<\/figcaption><\/figure>\n\n\n\n<p><strong>Innsbruck Live &#8211; Day and Night<\/strong><\/p>\n\n\n\n<p>Il 2 maggio il centro di Innsbruck si trasformer\u00e0 in un grande palcoscenico per la musica, lo shopping e il divertimento. Dalle 13 alle 22, Innsbruck Live&nbsp;animer\u00e0 le vie dello shopping con un&#8217;atmosfera festosa e accogliente; i&nbsp;<strong>negozi<\/strong>&nbsp;del centro resteranno&nbsp;<strong>aperti fino alle 22<\/strong>, offrendo promozioni speciali, degustazioni, consulenze personalizzate e sorprese per i visitatori. Un&#8217;occasione unica per apprezzare la qualit\u00e0 e la diversit\u00e0 del commercio al dettaglio cittadino in un contesto esperienziale innovativo. Il&nbsp;<strong>programma musicale&nbsp;<\/strong>prender\u00e0 il via dalle 17, quando musicisti tirolesi di talento si esibiranno in varie piazze e vicoli creando un percorso musicale attraverso la citt\u00e0. Tra i protagonisti figurano&nbsp;<strong>Dave Wildheart&nbsp;<\/strong>con il suo folk acustico,<strong>&nbsp;Raphael Perle<\/strong>&nbsp;con le sue canzoni ballabili ed emotive e&nbsp;<strong>gli Hoameligen<\/strong>, tre fratelli che passano con disinvoltura dal&nbsp;folk al jazz-pop.<\/p>\n\n\n\n<p>Non mancheranno le esibizioni di&nbsp;<strong>Sara De Blue<\/strong>, nota per il moderno sound pop italo-tedesco, e il collettivo&nbsp;<strong>Eric Papilaya &amp; The Good Vibe Tribe<\/strong>, che fonde funk, soul e rock. Le performance saranno distribuite in punti strategici del centro come Ottoburg, Goldenes Dachl, Annas\u00e4ule, Maria-Theresien-Stra\u00dfe, Sparkassenplatz e Meranerstrasse, mentre gruppi musicali itineranti come&nbsp;<strong>Sissamba<\/strong>&nbsp;e&nbsp;<strong>Wind &amp; Brass Brothers Street Band&nbsp;<\/strong>completeranno l&#8217;atmosfera festosa percorrendo le vie del centro storico.<\/p>\n\n\n\n<figure class=\"wp-block-image size-large\"><img loading=\"lazy\" decoding=\"async\" width=\"1024\" height=\"683\" src=\"https:\/\/presse.tirol.at\/app\/uploads\/2025\/07\/Livemusik_FC_Innsbruck-Tourismus_Tommy-Bause-1024x683.jpg\" alt=\"\" class=\"wp-image-267164\" srcset=\"https:\/\/presse.tirol.at\/app\/uploads\/2025\/07\/Livemusik_FC_Innsbruck-Tourismus_Tommy-Bause-1024x683.jpg 1024w, https:\/\/presse.tirol.at\/app\/uploads\/2025\/07\/Livemusik_FC_Innsbruck-Tourismus_Tommy-Bause-300x200.jpg 300w, https:\/\/presse.tirol.at\/app\/uploads\/2025\/07\/Livemusik_FC_Innsbruck-Tourismus_Tommy-Bause-768x512.jpg 768w, https:\/\/presse.tirol.at\/app\/uploads\/2025\/07\/Livemusik_FC_Innsbruck-Tourismus_Tommy-Bause-1536x1024.jpg 1536w, https:\/\/presse.tirol.at\/app\/uploads\/2025\/07\/Livemusik_FC_Innsbruck-Tourismus_Tommy-Bause-2048x1366.jpg 2048w\" sizes=\"auto, (max-width: 1024px) 100vw, 1024px\" \/><figcaption class=\"wp-element-caption\">Il 2 maggio, dalle 13 alle 22, Innsbruck Live animer\u00e0 le vie dello shopping con un&#8217;atmosfera festosa e accogliente. &copy; Innsbruck Tourismus\/Tommy Bause<\/figcaption><\/figure>\n\n\n\n<p><strong>Golden Roof Challenge<\/strong><\/p>\n\n\n\n<p>Il 7 giugno sar\u00e0 la famosa Maria-Theresien-Stra\u00dfe a ospitare&nbsp;la&nbsp;<strong>21\u00aa edizione<\/strong>&nbsp;del Golden Roof Challenge,&nbsp;l&#8217;evento di atletica leggera che porta nel cuore di Innsbruck l&#8217;\u00e9lite mondiale del salto con l&#8217;asta e del salto in lungo. Quest&#8217;anno la manifestazione assume un&#8217;importanza particolare: sar\u00e0 la&nbsp;<strong>qualificazione ufficiale per i Campionati Mondiali di Tokyo<\/strong>&nbsp;in programma dal 13 al 21 settembre.<\/p>\n\n\n\n<p>Gli atleti si sfideranno sul&nbsp;<strong>&#8220;FlySwat&#8221;<\/strong>: la struttura mobile di atletica leggera pi\u00f9 grande del mondo, certificata World Athletics, consente al pubblico di assistere alle competizioni da una distanza ravvicinata senza precedenti. Tra i protagonisti pi\u00f9 attesi, la neo-primatista di Innsbruck&nbsp;<strong>Magdalena Rauter<\/strong>, che nel 2024 si \u00e8 aggiudicata il suo secondo titolo mondiale nel salto con l&#8217;asta a Lima, e l&#8217;eroe locale&nbsp;<strong>Riccardo Klotz<\/strong>.<\/p>\n\n\n\n<p>Il programma della giornata inizier\u00e0 alle 13.30 con l&#8217;<strong>ASV\u00d6 Kids Cup<\/strong>&nbsp;di salto in lungo, seguito dal&nbsp;<strong>16\u00b0 Campionato Euregio Junior<\/strong>&nbsp;per le categorie U14 e U16. Le competizioni principali prenderanno il via alle 18 con la presentazione degli atleti e l&#8217;<strong>&#8220;OBI Challenge&#8221;<\/strong>. L&#8217;evento, a ingresso libero, sar\u00e0 presentato da Simon Varges e Dominic Lobgesang, accompagnati da Dj Malu, che guideranno il pubblico attraverso questo spettacolare appuntamento che trasforma una delle vie pi\u00f9 eleganti della citt\u00e0 in un&#8217;arena sportiva all&#8217;aperto.<\/p>\n\n\n\n<figure class=\"wp-block-image size-large\"><img loading=\"lazy\" decoding=\"async\" width=\"1024\" height=\"682\" src=\"https:\/\/presse.tirol.at\/app\/uploads\/2025\/07\/Golden-Roof-Challenge_FC_Innsbruck-Tourismus_Danijel-Jovanovic-1024x682.jpeg\" alt=\"\" class=\"wp-image-267160\" srcset=\"https:\/\/presse.tirol.at\/app\/uploads\/2025\/07\/Golden-Roof-Challenge_FC_Innsbruck-Tourismus_Danijel-Jovanovic-1024x682.jpeg 1024w, https:\/\/presse.tirol.at\/app\/uploads\/2025\/07\/Golden-Roof-Challenge_FC_Innsbruck-Tourismus_Danijel-Jovanovic-300x200.jpeg 300w, https:\/\/presse.tirol.at\/app\/uploads\/2025\/07\/Golden-Roof-Challenge_FC_Innsbruck-Tourismus_Danijel-Jovanovic-768x512.jpeg 768w, https:\/\/presse.tirol.at\/app\/uploads\/2025\/07\/Golden-Roof-Challenge_FC_Innsbruck-Tourismus_Danijel-Jovanovic-1536x1024.jpeg 1536w, https:\/\/presse.tirol.at\/app\/uploads\/2025\/07\/Golden-Roof-Challenge_FC_Innsbruck-Tourismus_Danijel-Jovanovic-2048x1365.jpeg 2048w\" sizes=\"auto, (max-width: 1024px) 100vw, 1024px\" \/><figcaption class=\"wp-element-caption\">La 21\u00aa edizione del Golden Roof Challenge, l&#8217;evento di atletica leggera di salto con l&#8217;asta e salto in lungo, si terr\u00e0 il 7 giugno nella famosa Maria-Theresien-Stra\u00dfe. &copy; Innsbruck Tourismus\/Danijel Jovanovic<\/figcaption><\/figure>\n\n\n\n<p><strong>Link correlati:<\/strong><br>Website:\u00a0<a href=\"https:\/\/www.innsbruck.info\/\" target=\"_blank\" rel=\"noreferrer noopener\">www.innsbruck.info\u00a0\u00a0<\/a><br>Blog:\u00a0<a href=\"https:\/\/www.innsbruck.info\/blog\/de\/\" target=\"_blank\" rel=\"noreferrer noopener\">www.innsbruck.info\/blog\u00a0<\/a><br>Facebook:\u00a0<a href=\"https:\/\/www.facebook.com\/Innsbruck\" target=\"_blank\" rel=\"noreferrer noopener\">www.facebook.com\/Innsbruck\u00a0<\/a><br>Instagram:\u00a0<a href=\"https:\/\/www.instagram.com\/innsbrucktourism\/#\" target=\"_blank\" rel=\"noreferrer noopener\">www.instagram.com\/innsbrucktourism\u00a0\u00a0<\/a><br>X:\u00a0<a href=\"https:\/\/x.com\/InnsbruckTVB\" target=\"_blank\" rel=\"noreferrer noopener\">www.twitter.com\/InnsbruckTVB\u00a0<\/a><br>YouTube:\u00a0<a href=\"https:\/\/www.youtube.com\/user\/InnsbruckTVB\" target=\"_blank\" rel=\"noreferrer noopener\">www.youtube.com\/user\/InnsbruckTVB\u00a0<\/a><br>Pinterest:\u00a0<a href=\"https:\/\/www.newsroom.pr\/at\/www.pinterest.at\/innsbrucktvb\/_created\" target=\"_blank\" rel=\"noreferrer noopener\">www.pinterest.at\/innsbrucktvb\/_created\u00a0<\/a><\/p>\n","protected":false},"excerpt":{"rendered":"<p>Innsbruck si trasforma in un palcoscenico per lo sport e la musica, che unisce la bellezza delle Alpi al fascino urbano.<\/p>\n","protected":false},"author":30,"featured_media":267160,"comment_status":"closed","ping_status":"closed","sticky":false,"template":"","format":"standard","meta":{"_acf_changed":true,"footnotes":""},"categories":[11],"region":[84],"coauthors":[240],"class_list":["post-267172","post","type-post","status-publish","format-standard","has-post-thumbnail","hentry","category-non-categorizzato","region-innsbruck-tourismus"],"acf":[],"yoast_head":"<!-- This site is optimized with the Yoast SEO plugin v25.1 - https:\/\/yoast.com\/wordpress\/plugins\/seo\/ -->\n<title>INNSBRUCK: gli eventi imperdibili della primavera-estate 2025 - Presse.Tirol<\/title>\n<meta name=\"robots\" content=\"index, follow, max-snippet:-1, max-image-preview:large, max-video-preview:-1\" \/>\n<link rel=\"canonical\" href=\"https:\/\/presse.tirol.at\/it\/innsbruck-gli-eventi-imperdibili-della-primavera-estate-2025\/267172\/\" \/>\n<meta property=\"og:locale\" content=\"it_IT\" \/>\n<meta property=\"og:type\" content=\"article\" \/>\n<meta property=\"og:title\" content=\"INNSBRUCK: gli eventi imperdibili della primavera-estate 2025 - Presse.Tirol\" \/>\n<meta property=\"og:description\" content=\"Innsbruck si trasforma in un palcoscenico per lo sport e la musica, che unisce la bellezza delle Alpi al fascino urbano.\" \/>\n<meta property=\"og:url\" content=\"https:\/\/presse.tirol.at\/it\/innsbruck-gli-eventi-imperdibili-della-primavera-estate-2025\/267172\/\" \/>\n<meta property=\"og:site_name\" content=\"Presse.Tirol\" \/>\n<meta property=\"article:published_time\" content=\"2025-04-15T11:32:42+00:00\" \/>\n<meta property=\"article:modified_time\" content=\"2025-07-21T11:37:22+00:00\" \/>\n<meta property=\"og:image\" content=\"https:\/\/presse.tirol.at\/app\/uploads\/2025\/07\/Golden-Roof-Challenge_FC_Innsbruck-Tourismus_Danijel-Jovanovic-scaled.jpeg\" \/>\n\t<meta property=\"og:image:width\" content=\"2560\" \/>\n\t<meta property=\"og:image:height\" content=\"1706\" \/>\n\t<meta property=\"og:image:type\" content=\"image\/jpeg\" \/>\n<meta name=\"author\" content=\"Innsbruck Tourismus\" \/>\n<meta name=\"twitter:card\" content=\"summary_large_image\" \/>\n<meta name=\"twitter:label1\" content=\"Scritto da\" \/>\n\t<meta name=\"twitter:data1\" content=\"Innsbruck Tourismus\" \/>\n\t<meta name=\"twitter:label2\" content=\"Tempo di lettura stimato\" \/>\n\t<meta name=\"twitter:data2\" content=\"6 minutes\" \/>\n\t<meta name=\"twitter:label3\" content=\"Written by\" \/>\n\t<meta name=\"twitter:data3\" content=\"Innsbruck Tourismus\" \/>\n<script type=\"application\/ld+json\" class=\"yoast-schema-graph\">{\"@context\":\"https:\/\/schema.org\",\"@graph\":[{\"@type\":\"WebPage\",\"@id\":\"https:\/\/presse.tirol.at\/it\/innsbruck-gli-eventi-imperdibili-della-primavera-estate-2025\/267172\/\",\"url\":\"https:\/\/presse.tirol.at\/it\/innsbruck-gli-eventi-imperdibili-della-primavera-estate-2025\/267172\/\",\"name\":\"INNSBRUCK: gli eventi imperdibili della primavera-estate 2025 - Presse.Tirol\",\"isPartOf\":{\"@id\":\"https:\/\/presse.tirol.at\/it\/#website\"},\"primaryImageOfPage\":{\"@id\":\"https:\/\/presse.tirol.at\/it\/innsbruck-gli-eventi-imperdibili-della-primavera-estate-2025\/267172\/#primaryimage\"},\"image\":{\"@id\":\"https:\/\/presse.tirol.at\/it\/innsbruck-gli-eventi-imperdibili-della-primavera-estate-2025\/267172\/#primaryimage\"},\"thumbnailUrl\":\"https:\/\/presse.tirol.at\/app\/uploads\/2025\/07\/Golden-Roof-Challenge_FC_Innsbruck-Tourismus_Danijel-Jovanovic-scaled.jpeg\",\"datePublished\":\"2025-04-15T11:32:42+00:00\",\"dateModified\":\"2025-07-21T11:37:22+00:00\",\"author\":{\"@id\":\"https:\/\/presse.tirol.at\/it\/#\/schema\/person\/ebb6e78b71aa0f00645a6be43af692b7\"},\"inLanguage\":\"it-IT\",\"potentialAction\":[{\"@type\":\"ReadAction\",\"target\":[\"https:\/\/presse.tirol.at\/it\/innsbruck-gli-eventi-imperdibili-della-primavera-estate-2025\/267172\/\"]}]},{\"@type\":\"ImageObject\",\"inLanguage\":\"it-IT\",\"@id\":\"https:\/\/presse.tirol.at\/it\/innsbruck-gli-eventi-imperdibili-della-primavera-estate-2025\/267172\/#primaryimage\",\"url\":\"https:\/\/presse.tirol.at\/app\/uploads\/2025\/07\/Golden-Roof-Challenge_FC_Innsbruck-Tourismus_Danijel-Jovanovic-scaled.jpeg\",\"contentUrl\":\"https:\/\/presse.tirol.at\/app\/uploads\/2025\/07\/Golden-Roof-Challenge_FC_Innsbruck-Tourismus_Danijel-Jovanovic-scaled.jpeg\",\"width\":2560,\"height\":1706,\"caption\":\"La 21\u00aa edizione del Golden Roof Challenge, l'evento di atletica leggera di salto con l'asta e salto in lungo, si terr\u00e0 il 7 giugno nella famosa Maria-Theresien-Stra\u00dfe.\"},{\"@type\":\"WebSite\",\"@id\":\"https:\/\/presse.tirol.at\/it\/#website\",\"url\":\"https:\/\/presse.tirol.at\/it\/\",\"name\":\"Presse.Tirol\",\"description\":\"Regionale Presseplattform der Tirol Werbung und den Tiroler Tourismusverb\u00e4nden\",\"potentialAction\":[{\"@type\":\"SearchAction\",\"target\":{\"@type\":\"EntryPoint\",\"urlTemplate\":\"https:\/\/presse.tirol.at\/it\/?s={search_term_string}\"},\"query-input\":{\"@type\":\"PropertyValueSpecification\",\"valueRequired\":true,\"valueName\":\"search_term_string\"}}],\"inLanguage\":\"it-IT\"},{\"@type\":\"Person\",\"@id\":\"https:\/\/presse.tirol.at\/it\/#\/schema\/person\/ebb6e78b71aa0f00645a6be43af692b7\",\"name\":\"Innsbruck Tourismus\",\"image\":{\"@type\":\"ImageObject\",\"inLanguage\":\"it-IT\",\"@id\":\"https:\/\/presse.tirol.at\/it\/#\/schema\/person\/image\/48b6af3557317095aa04684fa92d541e\",\"url\":\"https:\/\/secure.gravatar.com\/avatar\/4ff4dd2313c87313187622f3aab87ac2041dc66e1a56ffa9689d8785b4316ca5?s=96&d=mm&r=g\",\"contentUrl\":\"https:\/\/secure.gravatar.com\/avatar\/4ff4dd2313c87313187622f3aab87ac2041dc66e1a56ffa9689d8785b4316ca5?s=96&d=mm&r=g\",\"caption\":\"Innsbruck Tourismus\"}}]}<\/script>\n<!-- \/ Yoast SEO plugin. -->","yoast_head_json":{"title":"INNSBRUCK: gli eventi imperdibili della primavera-estate 2025 - Presse.Tirol","robots":{"index":"index","follow":"follow","max-snippet":"max-snippet:-1","max-image-preview":"max-image-preview:large","max-video-preview":"max-video-preview:-1"},"canonical":"https:\/\/presse.tirol.at\/it\/innsbruck-gli-eventi-imperdibili-della-primavera-estate-2025\/267172\/","og_locale":"it_IT","og_type":"article","og_title":"INNSBRUCK: gli eventi imperdibili della primavera-estate 2025 - Presse.Tirol","og_description":"Innsbruck si trasforma in un palcoscenico per lo sport e la musica, che unisce la bellezza delle Alpi al fascino urbano.","og_url":"https:\/\/presse.tirol.at\/it\/innsbruck-gli-eventi-imperdibili-della-primavera-estate-2025\/267172\/","og_site_name":"Presse.Tirol","article_published_time":"2025-04-15T11:32:42+00:00","article_modified_time":"2025-07-21T11:37:22+00:00","og_image":[{"width":2560,"height":1706,"url":"https:\/\/presse.tirol.at\/app\/uploads\/2025\/07\/Golden-Roof-Challenge_FC_Innsbruck-Tourismus_Danijel-Jovanovic-scaled.jpeg","type":"image\/jpeg"}],"author":"Innsbruck Tourismus","twitter_card":"summary_large_image","twitter_misc":{"Scritto da":"Innsbruck Tourismus","Tempo di lettura stimato":"6 minutes","Written by":"Innsbruck Tourismus"},"schema":{"@context":"https:\/\/schema.org","@graph":[{"@type":"WebPage","@id":"https:\/\/presse.tirol.at\/it\/innsbruck-gli-eventi-imperdibili-della-primavera-estate-2025\/267172\/","url":"https:\/\/presse.tirol.at\/it\/innsbruck-gli-eventi-imperdibili-della-primavera-estate-2025\/267172\/","name":"INNSBRUCK: gli eventi imperdibili della primavera-estate 2025 - Presse.Tirol","isPartOf":{"@id":"https:\/\/presse.tirol.at\/it\/#website"},"primaryImageOfPage":{"@id":"https:\/\/presse.tirol.at\/it\/innsbruck-gli-eventi-imperdibili-della-primavera-estate-2025\/267172\/#primaryimage"},"image":{"@id":"https:\/\/presse.tirol.at\/it\/innsbruck-gli-eventi-imperdibili-della-primavera-estate-2025\/267172\/#primaryimage"},"thumbnailUrl":"https:\/\/presse.tirol.at\/app\/uploads\/2025\/07\/Golden-Roof-Challenge_FC_Innsbruck-Tourismus_Danijel-Jovanovic-scaled.jpeg","datePublished":"2025-04-15T11:32:42+00:00","dateModified":"2025-07-21T11:37:22+00:00","author":{"@id":"https:\/\/presse.tirol.at\/it\/#\/schema\/person\/ebb6e78b71aa0f00645a6be43af692b7"},"inLanguage":"it-IT","potentialAction":[{"@type":"ReadAction","target":["https:\/\/presse.tirol.at\/it\/innsbruck-gli-eventi-imperdibili-della-primavera-estate-2025\/267172\/"]}]},{"@type":"ImageObject","inLanguage":"it-IT","@id":"https:\/\/presse.tirol.at\/it\/innsbruck-gli-eventi-imperdibili-della-primavera-estate-2025\/267172\/#primaryimage","url":"https:\/\/presse.tirol.at\/app\/uploads\/2025\/07\/Golden-Roof-Challenge_FC_Innsbruck-Tourismus_Danijel-Jovanovic-scaled.jpeg","contentUrl":"https:\/\/presse.tirol.at\/app\/uploads\/2025\/07\/Golden-Roof-Challenge_FC_Innsbruck-Tourismus_Danijel-Jovanovic-scaled.jpeg","width":2560,"height":1706,"caption":"La 21\u00aa edizione del Golden Roof Challenge, l'evento di atletica leggera di salto con l'asta e salto in lungo, si terr\u00e0 il 7 giugno nella famosa Maria-Theresien-Stra\u00dfe."},{"@type":"WebSite","@id":"https:\/\/presse.tirol.at\/it\/#website","url":"https:\/\/presse.tirol.at\/it\/","name":"Presse.Tirol","description":"Regionale Presseplattform der Tirol Werbung und den Tiroler Tourismusverb\u00e4nden","potentialAction":[{"@type":"SearchAction","target":{"@type":"EntryPoint","urlTemplate":"https:\/\/presse.tirol.at\/it\/?s={search_term_string}"},"query-input":{"@type":"PropertyValueSpecification","valueRequired":true,"valueName":"search_term_string"}}],"inLanguage":"it-IT"},{"@type":"Person","@id":"https:\/\/presse.tirol.at\/it\/#\/schema\/person\/ebb6e78b71aa0f00645a6be43af692b7","name":"Innsbruck Tourismus","image":{"@type":"ImageObject","inLanguage":"it-IT","@id":"https:\/\/presse.tirol.at\/it\/#\/schema\/person\/image\/48b6af3557317095aa04684fa92d541e","url":"https:\/\/secure.gravatar.com\/avatar\/4ff4dd2313c87313187622f3aab87ac2041dc66e1a56ffa9689d8785b4316ca5?s=96&d=mm&r=g","contentUrl":"https:\/\/secure.gravatar.com\/avatar\/4ff4dd2313c87313187622f3aab87ac2041dc66e1a56ffa9689d8785b4316ca5?s=96&d=mm&r=g","caption":"Innsbruck Tourismus"}}]}},"publishpress_future_workflow_manual_trigger":{"enabledWorkflows":[]},"_links":{"self":[{"href":"https:\/\/presse.tirol.at\/it\/wp-json\/wp\/v2\/posts\/267172","targetHints":{"allow":["GET"]}}],"collection":[{"href":"https:\/\/presse.tirol.at\/it\/wp-json\/wp\/v2\/posts"}],"about":[{"href":"https:\/\/presse.tirol.at\/it\/wp-json\/wp\/v2\/types\/post"}],"author":[{"embeddable":true,"href":"https:\/\/presse.tirol.at\/it\/wp-json\/wp\/v2\/users\/30"}],"replies":[{"embeddable":true,"href":"https:\/\/presse.tirol.at\/it\/wp-json\/wp\/v2\/comments?post=267172"}],"version-history":[{"count":0,"href":"https:\/\/presse.tirol.at\/it\/wp-json\/wp\/v2\/posts\/267172\/revisions"}],"wp:featuredmedia":[{"embeddable":true,"href":"https:\/\/presse.tirol.at\/it\/wp-json\/wp\/v2\/media\/267160"}],"wp:attachment":[{"href":"https:\/\/presse.tirol.at\/it\/wp-json\/wp\/v2\/media?parent=267172"}],"wp:term":[{"taxonomy":"category","embeddable":true,"href":"https:\/\/presse.tirol.at\/it\/wp-json\/wp\/v2\/categories?post=267172"},{"taxonomy":"region","embeddable":true,"href":"https:\/\/presse.tirol.at\/it\/wp-json\/wp\/v2\/region?post=267172"},{"taxonomy":"author","embeddable":true,"href":"https:\/\/presse.tirol.at\/it\/wp-json\/wp\/v2\/coauthors?post=267172"}],"curies":[{"name":"wp","href":"https:\/\/api.w.org\/{rel}","templated":true}]}}