{"id":79482,"date":"2019-02-25T08:38:00","date_gmt":"2019-02-25T07:38:00","guid":{"rendered":"https:\/\/presse.tirol.at\/?p=79482"},"modified":"2024-10-24T16:24:13","modified_gmt":"2024-10-24T14:24:13","slug":"pr107537-larrampicata-per-bambini-balsamo-per-lanima","status":"publish","type":"post","link":"https:\/\/presse.tirol.at\/it\/pr107537-larrampicata-per-bambini-balsamo-per-lanima\/79482\/","title":{"rendered":"L&#8217;arrampicata per bambini: balsamo per l&#8217;anima"},"content":{"rendered":"\n<p class=\"intro\">L&#8217;arrampicata stimola il dinamismo motorio e, al contempo, richiede l&#8217;applicazione di diverse tecniche e schemi di movimento, concentrazione, ma anche grande precisione e dimestichezza con i materiali e le tecniche d&#8217;assicurazione. Un&#8217;attivit\u00e0 impegnativa che ripaga, per\u00f2, di ogni sforzo con un&#8217;esperienza a tu per tu con la natura selvaggia e straordinari benefici per corpo e psiche. Ecco perch\u00e9 il Tirolo, con le sue magnifiche cime nel cuore delle Alpi, conquista con un&#8217;offerta per il climbing all&#8217;avanguardia e programmi per bambini, ragazzi e genitori, tutti ideati per coniugare divertimento e avventura con gli effetti positivi dell&#8217;arrampicata. <\/p>\n\n\n\n<p>L&#8217;arrampicata \u00e8 un&#8217;abilit\u00e0 innata, un istinto primordiale dell&#8217;essere umano che si manifesta gi\u00e0 in tenera et\u00e0. I bimbi piccoli, si sa, cercano di arrampicarsi dappertutto: su sedie e tavoli, addirittura su armadi e scaffali. Crescendo, questa passione non diminuisce affatto, ma viene contrastata dai tanti divieti e timori dei genitori. L&#8217;arrampicata, per\u00f2, in realt\u00e0, apporta effetti assolutamente positivi sia al corpo che alla mente. <\/p>\n\n\n\n<p><strong>Arrampicata come terapia<\/strong><br>Fra le attivit\u00e0 per bambini e ragazzi questo sport ha conquistato negli ultimi anni una sempre maggiore importanza, tanto che in Austria vi si ricorre con successo per scopi terapeutici. Sono gi\u00e0 diverse le pubblicazioni di terapeuti che hanno sperimentato l&#8217;arrampicata non solo per curare disturbi dello sviluppo e del movimento, ma anche in caso di deficit dell&#8217;attenzione o problemi di concentrazione. L&#8217;arrampicata, infatti, oltre a rinforzare le capacit\u00e0 motorie, agisce positivamente anche su percezione, concentrazione e senso di responsabilit\u00e0 verso se stessi e gli altri. Perch\u00e9 nell&#8217;arrampicata quasi tutto \u00e8 questione di fiducia. Se da un lato \u00e8 l&#8217;autostima ad essere stimolata, dall&#8217;altro \u00e8 indispensabile fidarsi ciecamente del compagno che ci sta assicurando. Sono i bambini stessi che, dopo diverse lezioni di roccia, affermano di riuscire a concentrarsi meglio o notano come il proprio comportamento a scuola sia migliorato. I genitori, a loro volta, raccontano di aver osservato evidenti miglioramenti nell&#8217;approccio dei figli verso i problemi di tutti i giorni e si ritengono nel complesso pi\u00f9 soddisfatti del loro modo di agire.<\/p>\n\n\n\n<p><strong>Tirolo: paradiso del climbing per famiglie<\/strong> <br>Arrampicatori di tutte le et\u00e0, armatevi di imbrago, corda e moschettoni: la parete vi aspetta! Il Tirolo, con le sue innumerevoli palestre di roccia naturale e tante offerte su misura per le famiglie, risveglia in ognuno la voglia di salire e di tirare fuori capacit\u00e0 insospettate. Unendosi nel<strong> Climbers Paradise Tirol<\/strong>, <strong>15 regioni specializzate<\/strong> nell&#8217;arrampicata hanno gettato nuove basi per le cosiddette &#8220;emozioni verticali&#8221; con un&#8217;offerta imbattibile: <strong>5.100 vie alpinistiche<\/strong>, <strong>3.000 vie d&#8217;arrampicata sportiva<\/strong>, <strong>1.500 problemi di boulder<\/strong>, ma anche numerose vie ferrate e siti per l&#8217;ice climbing. <br><br>In collaborazione con Family Tirol, alcune regioni del Climbers Paradise hanno elaborato offerte speciali per le famiglie, con corsi di roccia &#8211; ma non solo &#8211; per bambini, ragazzi e genitori. <\/p>\n\n\n\n<p><strong>Arrampicare con i professionisti sulle rive dell&#8217;Achensee<br><\/strong>Nella regione dell&#8217;Achensee i bambini, oltre a sguazzare nel lago pi\u00f9 grande del Tirolo, hanno anche la possibilit\u00e0 di scalare le imponenti pareti del Rofan e del Karwendel. Sulle sponde dell&#8217;Achensee, per tutta l&#8217;estate, \u00e8 possibile arrampicare, divertirsi sulla slack line e, in compagnia di un professionista, calarsi dalla cascata Buchauer Wasserfall a Maurach (ragazzi: marted\u00ec \/ bambini: mercoled\u00ec). <a href=\"http:\/\/www.achensee.info\">www.achensee.info<\/a> <br><br><strong>&#8220;Fun Connection&#8221; nella PillerseeTal<\/strong><br>Ogni marted\u00ec di luglio e agosto, dalle 14:00 alle 16:30, anche la vallata della Pillersee Tal attende i pi\u00f9 piccoli con un ricco programma d&#8217;arrampicata per famiglie organizzato da specialisti dell&#8217;outdoor. Con i professionisti di &#8220;Fun Connection&#8221;, gli sportivi di tutte le et\u00e0 potranno scoprire il divertimento del climbing, delle vie ferrate o del parco avventura con funi sospese presso il ristornate Gasthof Gro\u00dflehen. Nella Pillersee Tal tutta la famiglia ha a disposizione anche una palestra di roccia indoor con ben 80 vie e una torre alta 16 metri. <a href=\"http:\/\/www.func.at\">www.func.at<\/a>, <a href=\"http:\/\/www.pillerseetal.at\">www.pillerseetal.at<\/a>&nbsp;<br><br><strong>Wilder Kaiser: avventura in parete<\/strong><br>Le guglie del Wilder Kaiser sono una sfida mozzafiato anche per i professionisti dell&#8217;arrampicata, come Huber Buam. Ma sotto l&#8217;esperta guida degli istruttori del programma per ragazzi, anche i climber pi\u00f9 giovani possono azzardare le prime sequenze sugli appigli delle falesie attorno al rifugio Gaudeamush\u00fctte. Dal 17\/05\/2016 al 25\/10\/2016, ogni marted\u00ec dalle 08:30 alle 14:30, il Club Vertikal di Ellmau attende le famiglie per vivere insieme emozionanti avventure in parete. Da qui i partecipanti raggiungono in taxi la malga Wochenbrunner Alm proseguendo poi fino alle falesie e alla palestra di roccia naturale. Possono partecipare i piccoli climber dai 6 ai 13 anni e i loro genitori. <a href=\"http:\/\/www.wilderkaiser.info\" target=\"_blank\" rel=\"noreferrer noopener\">www.wilderkaiser.info<\/a><br><br><strong>Un bosco tutto d&#8217;arrampicare nelle Kitzb\u00fcheler Alpen<\/strong><br>Immerso in un vasto bosco nelle Kitzb\u00fcheler Alpen, il parco avventura Hornpark St. Johann conquista i visitatori con 8 percorsi, 85 stazioni e diversi gradi di difficolt\u00e0 per tutte le et\u00e0. Persino i pi\u00f9 piccoli, a partire dai 3 anni, possono cimentarsi nei primi tentativi d&#8217;arrampicata. Per chi ha sete d&#8217;avventura, invece, l&#8217;Hornpark propone uno spettacolare percorso flying fox che attraversa il lago, della durata di 3-5 ore. <a href=\"http:\/\/www.hornpark.at\">www.hornpark.at<\/a><\/p>\n","protected":false},"excerpt":{"rendered":"<p>L&#8217;arrampicata per bambini stimola il dinamismo motorio e, al contempo, richiede l&#8217;applicazione di diverse tecniche e \u2026<\/p>\n","protected":false},"author":17,"featured_media":0,"comment_status":"closed","ping_status":"closed","sticky":false,"template":"","format":"standard","meta":{"_acf_changed":false,"footnotes":""},"categories":[11],"region":[109],"coauthors":[292],"class_list":["post-79482","post","type-post","status-publish","format-standard","hentry","category-non-categorizzato","region-tirol-werbung"],"acf":[],"yoast_head":"<!-- This site is optimized with the Yoast SEO plugin v25.1 - https:\/\/yoast.com\/wordpress\/plugins\/seo\/ -->\n<title>L&#039;arrampicata per bambini: balsamo per l&#039;anima - Presse.Tirol<\/title>\n<meta name=\"robots\" content=\"index, follow, max-snippet:-1, max-image-preview:large, max-video-preview:-1\" \/>\n<link rel=\"canonical\" href=\"https:\/\/presse.tirol.at\/it\/pr107537-larrampicata-per-bambini-balsamo-per-lanima\/79482\/\" \/>\n<meta property=\"og:locale\" content=\"it_IT\" \/>\n<meta property=\"og:type\" content=\"article\" \/>\n<meta property=\"og:title\" content=\"L&#039;arrampicata per bambini: balsamo per l&#039;anima - Presse.Tirol\" \/>\n<meta property=\"og:description\" content=\"L&#039;arrampicata per bambini stimola il dinamismo motorio e, al contempo, richiede l&#039;applicazione di diverse tecniche e \u2026\" \/>\n<meta property=\"og:url\" content=\"https:\/\/presse.tirol.at\/it\/pr107537-larrampicata-per-bambini-balsamo-per-lanima\/79482\/\" \/>\n<meta property=\"og:site_name\" content=\"Presse.Tirol\" \/>\n<meta property=\"article:published_time\" content=\"2019-02-25T07:38:00+00:00\" \/>\n<meta property=\"article:modified_time\" content=\"2024-10-24T14:24:13+00:00\" \/>\n<meta name=\"author\" content=\"Martina Nairz\" \/>\n<meta name=\"twitter:card\" content=\"summary_large_image\" \/>\n<meta name=\"twitter:label1\" content=\"Scritto da\" \/>\n\t<meta name=\"twitter:data1\" content=\"Martina Nairz\" \/>\n\t<meta name=\"twitter:label2\" content=\"Written by\" \/>\n\t<meta name=\"twitter:data2\" content=\"Martina Nairz\" \/>\n<script type=\"application\/ld+json\" class=\"yoast-schema-graph\">{\"@context\":\"https:\/\/schema.org\",\"@graph\":[{\"@type\":\"WebPage\",\"@id\":\"https:\/\/presse.tirol.at\/it\/pr107537-larrampicata-per-bambini-balsamo-per-lanima\/79482\/\",\"url\":\"https:\/\/presse.tirol.at\/it\/pr107537-larrampicata-per-bambini-balsamo-per-lanima\/79482\/\",\"name\":\"L'arrampicata per bambini: balsamo per l'anima - Presse.Tirol\",\"isPartOf\":{\"@id\":\"https:\/\/presse.tirol.at\/it\/#website\"},\"datePublished\":\"2019-02-25T07:38:00+00:00\",\"dateModified\":\"2024-10-24T14:24:13+00:00\",\"author\":{\"@id\":\"https:\/\/presse.tirol.at\/it\/#\/schema\/person\/7a01d43ecdf024eeb61ea2a3d4edcdc3\"},\"inLanguage\":\"it-IT\",\"potentialAction\":[{\"@type\":\"ReadAction\",\"target\":[\"https:\/\/presse.tirol.at\/it\/pr107537-larrampicata-per-bambini-balsamo-per-lanima\/79482\/\"]}]},{\"@type\":\"WebSite\",\"@id\":\"https:\/\/presse.tirol.at\/it\/#website\",\"url\":\"https:\/\/presse.tirol.at\/it\/\",\"name\":\"Presse.Tirol\",\"description\":\"Regionale Presseplattform der Tirol Werbung und den Tiroler Tourismusverb\u00e4nden\",\"potentialAction\":[{\"@type\":\"SearchAction\",\"target\":{\"@type\":\"EntryPoint\",\"urlTemplate\":\"https:\/\/presse.tirol.at\/it\/?s={search_term_string}\"},\"query-input\":{\"@type\":\"PropertyValueSpecification\",\"valueRequired\":true,\"valueName\":\"search_term_string\"}}],\"inLanguage\":\"it-IT\"},{\"@type\":\"Person\",\"@id\":\"https:\/\/presse.tirol.at\/it\/#\/schema\/person\/7a01d43ecdf024eeb61ea2a3d4edcdc3\",\"name\":\"Martina Nairz\",\"image\":{\"@type\":\"ImageObject\",\"inLanguage\":\"it-IT\",\"@id\":\"https:\/\/presse.tirol.at\/it\/#\/schema\/person\/image\/b47273d486f1e6665f0c420330a009a6\",\"url\":\"https:\/\/secure.gravatar.com\/avatar\/b665805ca9d0b765eb68d4309bc5cbc59f9f79685c7853e60e3f0e084b24276d?s=96&d=mm&r=g\",\"contentUrl\":\"https:\/\/secure.gravatar.com\/avatar\/b665805ca9d0b765eb68d4309bc5cbc59f9f79685c7853e60e3f0e084b24276d?s=96&d=mm&r=g\",\"caption\":\"Martina Nairz\"}}]}<\/script>\n<!-- \/ Yoast SEO plugin. -->","yoast_head_json":{"title":"L'arrampicata per bambini: balsamo per l'anima - Presse.Tirol","robots":{"index":"index","follow":"follow","max-snippet":"max-snippet:-1","max-image-preview":"max-image-preview:large","max-video-preview":"max-video-preview:-1"},"canonical":"https:\/\/presse.tirol.at\/it\/pr107537-larrampicata-per-bambini-balsamo-per-lanima\/79482\/","og_locale":"it_IT","og_type":"article","og_title":"L'arrampicata per bambini: balsamo per l'anima - Presse.Tirol","og_description":"L'arrampicata per bambini stimola il dinamismo motorio e, al contempo, richiede l'applicazione di diverse tecniche e \u2026","og_url":"https:\/\/presse.tirol.at\/it\/pr107537-larrampicata-per-bambini-balsamo-per-lanima\/79482\/","og_site_name":"Presse.Tirol","article_published_time":"2019-02-25T07:38:00+00:00","article_modified_time":"2024-10-24T14:24:13+00:00","author":"Martina Nairz","twitter_card":"summary_large_image","twitter_misc":{"Scritto da":"Martina Nairz","Written by":"Martina Nairz"},"schema":{"@context":"https:\/\/schema.org","@graph":[{"@type":"WebPage","@id":"https:\/\/presse.tirol.at\/it\/pr107537-larrampicata-per-bambini-balsamo-per-lanima\/79482\/","url":"https:\/\/presse.tirol.at\/it\/pr107537-larrampicata-per-bambini-balsamo-per-lanima\/79482\/","name":"L'arrampicata per bambini: balsamo per l'anima - Presse.Tirol","isPartOf":{"@id":"https:\/\/presse.tirol.at\/it\/#website"},"datePublished":"2019-02-25T07:38:00+00:00","dateModified":"2024-10-24T14:24:13+00:00","author":{"@id":"https:\/\/presse.tirol.at\/it\/#\/schema\/person\/7a01d43ecdf024eeb61ea2a3d4edcdc3"},"inLanguage":"it-IT","potentialAction":[{"@type":"ReadAction","target":["https:\/\/presse.tirol.at\/it\/pr107537-larrampicata-per-bambini-balsamo-per-lanima\/79482\/"]}]},{"@type":"WebSite","@id":"https:\/\/presse.tirol.at\/it\/#website","url":"https:\/\/presse.tirol.at\/it\/","name":"Presse.Tirol","description":"Regionale Presseplattform der Tirol Werbung und den Tiroler Tourismusverb\u00e4nden","potentialAction":[{"@type":"SearchAction","target":{"@type":"EntryPoint","urlTemplate":"https:\/\/presse.tirol.at\/it\/?s={search_term_string}"},"query-input":{"@type":"PropertyValueSpecification","valueRequired":true,"valueName":"search_term_string"}}],"inLanguage":"it-IT"},{"@type":"Person","@id":"https:\/\/presse.tirol.at\/it\/#\/schema\/person\/7a01d43ecdf024eeb61ea2a3d4edcdc3","name":"Martina Nairz","image":{"@type":"ImageObject","inLanguage":"it-IT","@id":"https:\/\/presse.tirol.at\/it\/#\/schema\/person\/image\/b47273d486f1e6665f0c420330a009a6","url":"https:\/\/secure.gravatar.com\/avatar\/b665805ca9d0b765eb68d4309bc5cbc59f9f79685c7853e60e3f0e084b24276d?s=96&d=mm&r=g","contentUrl":"https:\/\/secure.gravatar.com\/avatar\/b665805ca9d0b765eb68d4309bc5cbc59f9f79685c7853e60e3f0e084b24276d?s=96&d=mm&r=g","caption":"Martina Nairz"}}]}},"publishpress_future_workflow_manual_trigger":{"enabledWorkflows":[]},"_links":{"self":[{"href":"https:\/\/presse.tirol.at\/it\/wp-json\/wp\/v2\/posts\/79482","targetHints":{"allow":["GET"]}}],"collection":[{"href":"https:\/\/presse.tirol.at\/it\/wp-json\/wp\/v2\/posts"}],"about":[{"href":"https:\/\/presse.tirol.at\/it\/wp-json\/wp\/v2\/types\/post"}],"author":[{"embeddable":true,"href":"https:\/\/presse.tirol.at\/it\/wp-json\/wp\/v2\/users\/17"}],"replies":[{"embeddable":true,"href":"https:\/\/presse.tirol.at\/it\/wp-json\/wp\/v2\/comments?post=79482"}],"version-history":[{"count":0,"href":"https:\/\/presse.tirol.at\/it\/wp-json\/wp\/v2\/posts\/79482\/revisions"}],"wp:attachment":[{"href":"https:\/\/presse.tirol.at\/it\/wp-json\/wp\/v2\/media?parent=79482"}],"wp:term":[{"taxonomy":"category","embeddable":true,"href":"https:\/\/presse.tirol.at\/it\/wp-json\/wp\/v2\/categories?post=79482"},{"taxonomy":"region","embeddable":true,"href":"https:\/\/presse.tirol.at\/it\/wp-json\/wp\/v2\/region?post=79482"},{"taxonomy":"author","embeddable":true,"href":"https:\/\/presse.tirol.at\/it\/wp-json\/wp\/v2\/coauthors?post=79482"}],"curies":[{"name":"wp","href":"https:\/\/api.w.org\/{rel}","templated":true}]}}