{"id":82318,"date":"2019-08-19T14:38:18","date_gmt":"2019-08-19T12:38:18","guid":{"rendered":"https:\/\/presse.tirol.at\/pr591853-il-respiro-del-tirolo-austriaco-allexpo\/82318\/"},"modified":"2022-01-27T11:27:15","modified_gmt":"2022-01-27T10:27:15","slug":"pr591853-il-respiro-del-tirolo-austriaco-allexpo","status":"publish","type":"post","link":"https:\/\/presse.tirol.at\/it\/pr591853-il-respiro-del-tirolo-austriaco-allexpo\/82318\/","title":{"rendered":"Il respiro del Tirolo austriaco all\u2019Expo"},"content":{"rendered":"\n<p class=\"intro\">La superficie del Tirolo austriaco \u00e8 ricoperta per il 35% da boschi. Il legno di pino cembro rallenta i battiti cardiaci, le statuette dei presepi fanno parte della tradizione secolare e il calore prodotto dalle centrali a biomasse riscalda i villaggi. Una scusa in pi\u00f9 per partire alla scoperta di questa preziosa risorsa nell\u2019anno dell\u2019Esposizione Universale<\/p>\n\n\n\n<p>Il legno \u00e8 respiro e vita. Respiro perch\u00e9 restituisce ossigeno e cattura anidride carbonica. Vita perch\u00e9 prende forma e permette di creare case, oggetti, sculture e\u2026 perfino occhiali. Ecco perch\u00e9 il tema del padiglione austriaco all\u2019Expo 2015, che si chiamer\u00e0 proprio breathe.Austria (respira Austria) sar\u00e0 il bosco, con 43.200 metri quadrati di piante che produrranno 62,5 kg di ossigeno nuovo all\u2019ora, il fabbisogno di 1.800 persone. Una piccolissima parte di quello che producono le rinomate foreste austriache e soprattutto quelle del Tirolo. Il 35% della regione che confina con l\u2019Italia \u00e8 infatti ricoperta da boschi. Proprio per ricordare l\u2019importanza dei boschi e della natura, davanti al padiglione dell\u2019Austria ci sar\u00e0 un Memory (s\u00ec, il famoso gioco con coppie di carte fotografiche da girare una per volta e abbinare). Ogni vincitore avr\u00e0 un albero a suo nome piantato nel Parco Nazionale degli Alti Tauri.<\/p>\n\n\n\n<p>Pi\u00f9 info: <a href=\"https:\/\/www.tirolo.com\/attivita\/benessere-e-natura\/parchi-naturali\" target=\"_blank\" rel=\"noopener noreferrer\">www.tirolo.com\/parchi-naturali<\/a><\/p>\n\n\n\n<p>&nbsp;<\/p>\n\n\n\n<p><strong>Il pino cembro: cura per anima e corpo<\/strong><\/p>\n\n\n\n<p>Il Tirolo \u00e8 particolarmente ricco di foreste di pino cembro, un vero e proprio toccasana anti-stress. Perch\u00e9? Dormire in una stanza con mobili e pareti di cembro riduce l\u2019attivit\u00e0 cardiaca di circa 3.500 battiti al giorno, un\u2019ora di lavoro in meno del cuore. Per questo la maggior parte delle camere da letto tirolesi sono in pino cembro. Alcuni test, inoltre, dimostrano che viene stimolato anche il lato estroverso delle persone: forse \u00e8 per questo che nel passato la maggior parte delle \u201cGaststuben\u201d (sale) veniva realizzata in legno di cembro. Per andare alla scoperta del fantastico mondo di questa pianta ci sono due proposte molto interessanti: il nuovo (ma gli alberi sono secolari!) parco ZirbenPark della Pitztal (www.pitztal.com) e la foresta di pino cembro di Obergurgl, venti ettari con piante che hanno fino a 300 anni. Questo secondo bosco fa parte del parco della Biosfera UNESCO Gurgler Kamm e un sentiero di 2,1 chilometri permette di raggiungere gli angoli pi\u00f9 suggestivi. Lo ZirbenPark nella valle Pitztal verr\u00e0 inaugurato proprio nel 2015 presso la stazione intermedia della cabinovia Hochzeiger e permetter\u00e0 ai pi\u00f9 piccoli di scoprire, divertendosi, l\u2019importanza del pino cembro.<\/p>\n\n\n\n<p>&nbsp;<\/p>\n\n\n\n<p><strong>Benessere naturale<\/strong><\/p>\n\n\n\n<p>Per finire\u2026 non manca una linea di prodotti di bellezza a base di cembro. La linea tirolese <a href=\"https:\/\/alpienne.at\/\" target=\"_blank\" rel=\"noopener noreferrer\">Alpienne<\/a> utilizza la natura per curare tanti fastidi e il pino cembro \u00e8 solo uno dei rimedi: la crema all&#8217;arnica e il grasso di marmotta per i dolori muscolari, i prodotti ai propoli per migliorare il sistema immunitario, la calendola per le allergie, la camomilla e il miele per coccolare la pelle, l&#8217;iperico e il cuscino di legno di cembro per i disturbi del sonno. Per provare i benefici effetti sul sonno del legno di cembro ci sono diversi hotel. Per citarne solo tre, il <a href=\"https:\/\/www.waldklause.at\/it\" target=\"_blank\" rel=\"noopener noreferrer\">Waldklause a L\u00e4ngenfeld<\/a>, che ha una stupenda suite, il <a href=\"https:\/\/wagnerhof.at\/en\/rooms-prices\/rooms-suites\/rooms\/tyrolean-stone-pine-room\/\" target=\"_blank\" rel=\"noopener noreferrer\">Wagnerhof a Pertisau<\/a> e lo <a href=\"https:\/\/schlossblick.at\/en\/\" target=\"_blank\" rel=\"noopener noreferrer\">Schlossblick a Angerberg<\/a>, con uno stile moderno.<\/p>\n\n\n\n<p>&nbsp;<\/p>\n\n\n\n<p><strong>Non solo cembro<\/strong><\/p>\n\n\n\n<p>Un\u2019altra meraviglia della natura tirolese \u00e8 il bosco di aceri secolari di Ahornboden, sull\u2019altopiano del Karwendel, a 1200 metri di quota. Alcune di queste piante hanno cinque secoli di vita e il bosco, ai piedi delle suggestive pareti rocciose del gruppo del Karwendel, \u00e8 molto scenografico. Da non perdere anche lo <a href=\"https:\/\/www.osttirol.com\/it\/vivere-losttirol\/osttirol-tutto-lanno\/attrazioni\/zedlacher-paradies.html\" target=\"_blank\" rel=\"noopener noreferrer\">Zedlacher Paradies nella Virgental<\/a>, in Osttirol. La foresta di Zedlacher permette di entrare in un fitto intrico di cembri e larici rimasto integro da 600 anni. Un circuito ad anello percorribile in 2-3 ore anche da escursionisti non allenati conduce nei luoghi pi\u00f9 suggestivi.<\/p>\n\n\n\n<p>&nbsp;<\/p>\n\n\n\n<p><strong>Dal presepe agli occhiali<\/strong><\/p>\n\n\n\n<p>Tornitori e intagliatori del legno fanno parte della tradizione tirolese con le loro statue sacre (e le figurine del presepe), i crocifissi e le scodelle. Per scoprire le mille forme del legno e i segreti della sua lavorazione di pu\u00f2 visitare il <a href=\"https:\/\/www.tirolo.com\/attivita\/posti-da-visitare\/posti-da-visitare-elenco\/a-primo-museo-del-legno-del-tirolo\" target=\"_blank\" rel=\"noopener noreferrer\">Tiroler Holzmuseum<\/a> realizzato da Hubert Salcher. Questo scultore ha creato un interessante museo in una romantica casa di legno ad Auffach nel Wildsch\u00f6nau. Si possono vedere oltre 2.000 pezzi da collezione e opere d&#8217;arte come strumenti musicali, presepi, sculture di legno, oppure mobili. Vicino al museo si trova un sentiero didattico con 14 stazioni sul tema del legno. Il confine tra arte popolare e design \u00e8 sottile ed ecco che <a href=\"https:\/\/www.rolf-spectacles.com\/en\" target=\"_blank\" rel=\"noopener noreferrer\">Rolf Spectacles<\/a> da qualche anno produce a Reutte dei sofisticati occhiali con frame in legno che hanno ottenuto diversi riconoscimenti internazionali. Da visitare il negozio che \u00e8 stato ricavato in una stazione di rifornimento abbandonata.<\/p>\n\n\n\n<p><strong><br><\/strong><\/p>\n\n\n\n<p><strong>Una scuola per intagliatori e un premio<\/strong><\/p>\n\n\n\n<p>In Tirolo esiste addirittura una scuola per intagliatori e scultori del legno, la <a href=\"https:\/\/www.woodcarvingschool.com\/\" target=\"_blank\" rel=\"noopener noreferrer\">Schnitzschule della Lechtal<\/a>. Fondata nel 1984, propone corsi di tutti i tipi, anche per principianti, a partire da tre giorni e 265 euro. A fine gennaio \u00e8 inoltre stato assegnato per la quinta volta il premio Holzbaupreis Tirolo 2015, voluto dall\u2019associazione proHolz Tirol e dalla Camera degli Architetti e Ingegneri del Tirolo e Voralberg per i progetti architettonici che utilizzano il legno come risorsa sostenibile. Il premio \u00e8 andato a quattro edifici, tra i quali l\u2019hotel <a href=\"https:\/\/www.gradonna.at\/it\/\" target=\"_blank\" rel=\"noopener noreferrer\">Gradonna Mountain Resort<\/a>.<\/p>\n\n\n\n<p>&nbsp;<\/p>\n\n\n\n<p><strong>Caldo naturale<\/strong><\/p>\n\n\n\n<p>Il legno \u00e8 anche calore e in Tirolo lo sanno bene. A F\u00fcgen, nella Zillertal, c\u2019\u00e8 la pi\u00f9 moderna <a href=\"https:\/\/www.tirolo.com\/attivita\/posti-da-visitare\/posti-da-visitare-elenco\/a-feuerwerk-fuegen-holzerlebniswelt\" target=\"_blank\" rel=\"noopener noreferrer\">centrale termica a biomassa d\u2019Europa<\/a>, visitabile e ideale per rendere pi\u00f9 interessanti le giornate di brutto tempo. In un ambiente di sofisticata architettura vengono fornite tramite moderne videoguide (disponibili in 6 lingue) informazioni sulle energie rinnovabili e sulla storia del legno, intervallate da affascinanti divagazioni: versi poetici alle finestre e alle pareti creano un incantevole contrasto con la freddezza della tecnica.<\/p>\n\n\n\n<p>&nbsp;<\/p>\n\n\n\n<p>Per informazioni: <strong>Tirol Info<\/strong>, 6020 Innsbruck, Austria, Tel. +43.512.7272-0, <a href=\"mailto:info@tirol.ate\"><em>info@tirol.at<\/em><\/a><em> e <\/em><a href=\"https:\/\/www.tirolo.com\/attivita\/benessere-e-natura\" target=\"_blank\" rel=\"noopener noreferrer\">www.tirolo.com\/benessere-e-natura<\/a> e <a href=\"https:\/\/www.tirolo.com\/attivita\/posti-da-visitare\" target=\"_blank\" rel=\"noopener noreferrer\">www.tirolo.com\/posti-da-visitare<\/a><\/p>\n\n\n\n<p><strong>Foto da scaricare gratuitamente da<\/strong> <a href=\"http:\/\/www.presse.tirol.at\/it\/\"><em>www.presse.tirol.at\/it\/<\/em><\/a> o da <a href=\"http:\/\/www.tirolimages.at\/presse\"><em>www.tirolimages.at\/presse<\/em><\/a><\/p>\n","protected":false},"excerpt":{"rendered":"<p>La superficie del Tirolo austriaco \u00e8 ricoperta per il 35% da boschi.<\/p>\n","protected":false},"author":17,"featured_media":0,"comment_status":"closed","ping_status":"closed","sticky":false,"template":"","format":"standard","meta":{"_acf_changed":false,"footnotes":""},"categories":[11],"region":[109],"coauthors":[292],"class_list":["post-82318","post","type-post","status-publish","format-standard","hentry","category-non-categorizzato","region-tirol-werbung"],"acf":[],"yoast_head":"<!-- This site is optimized with the Yoast SEO plugin v25.1 - https:\/\/yoast.com\/wordpress\/plugins\/seo\/ -->\n<title>Il respiro del Tirolo austriaco all\u2019Expo - Presse.Tirol<\/title>\n<meta name=\"robots\" content=\"index, follow, max-snippet:-1, max-image-preview:large, max-video-preview:-1\" \/>\n<link rel=\"canonical\" href=\"https:\/\/presse.tirol.at\/it\/pr591853-il-respiro-del-tirolo-austriaco-allexpo\/82318\/\" \/>\n<meta property=\"og:locale\" content=\"it_IT\" \/>\n<meta property=\"og:type\" content=\"article\" \/>\n<meta property=\"og:title\" content=\"Il respiro del Tirolo austriaco all\u2019Expo - Presse.Tirol\" \/>\n<meta property=\"og:description\" content=\"La superficie del Tirolo austriaco \u00e8 ricoperta per il 35% da boschi.\" \/>\n<meta property=\"og:url\" content=\"https:\/\/presse.tirol.at\/it\/pr591853-il-respiro-del-tirolo-austriaco-allexpo\/82318\/\" \/>\n<meta property=\"og:site_name\" content=\"Presse.Tirol\" \/>\n<meta property=\"article:published_time\" content=\"2019-08-19T12:38:18+00:00\" \/>\n<meta property=\"article:modified_time\" content=\"2022-01-27T10:27:15+00:00\" \/>\n<meta name=\"author\" content=\"Martina Nairz\" \/>\n<meta name=\"twitter:card\" content=\"summary_large_image\" \/>\n<meta name=\"twitter:label1\" content=\"Scritto da\" \/>\n\t<meta name=\"twitter:data1\" content=\"Martina Nairz\" \/>\n\t<meta name=\"twitter:label2\" content=\"Tempo di lettura stimato\" \/>\n\t<meta name=\"twitter:data2\" content=\"5 minutes\" \/>\n\t<meta name=\"twitter:label3\" content=\"Written by\" \/>\n\t<meta name=\"twitter:data3\" content=\"Martina Nairz\" \/>\n<script type=\"application\/ld+json\" class=\"yoast-schema-graph\">{\"@context\":\"https:\/\/schema.org\",\"@graph\":[{\"@type\":\"WebPage\",\"@id\":\"https:\/\/presse.tirol.at\/it\/pr591853-il-respiro-del-tirolo-austriaco-allexpo\/82318\/\",\"url\":\"https:\/\/presse.tirol.at\/it\/pr591853-il-respiro-del-tirolo-austriaco-allexpo\/82318\/\",\"name\":\"Il respiro del Tirolo austriaco all\u2019Expo - Presse.Tirol\",\"isPartOf\":{\"@id\":\"https:\/\/presse.tirol.at\/it\/#website\"},\"datePublished\":\"2019-08-19T12:38:18+00:00\",\"dateModified\":\"2022-01-27T10:27:15+00:00\",\"author\":{\"@id\":\"https:\/\/presse.tirol.at\/it\/#\/schema\/person\/7a01d43ecdf024eeb61ea2a3d4edcdc3\"},\"inLanguage\":\"it-IT\",\"potentialAction\":[{\"@type\":\"ReadAction\",\"target\":[\"https:\/\/presse.tirol.at\/it\/pr591853-il-respiro-del-tirolo-austriaco-allexpo\/82318\/\"]}]},{\"@type\":\"WebSite\",\"@id\":\"https:\/\/presse.tirol.at\/it\/#website\",\"url\":\"https:\/\/presse.tirol.at\/it\/\",\"name\":\"Presse.Tirol\",\"description\":\"Regionale Presseplattform der Tirol Werbung und den Tiroler Tourismusverb\u00e4nden\",\"potentialAction\":[{\"@type\":\"SearchAction\",\"target\":{\"@type\":\"EntryPoint\",\"urlTemplate\":\"https:\/\/presse.tirol.at\/it\/?s={search_term_string}\"},\"query-input\":{\"@type\":\"PropertyValueSpecification\",\"valueRequired\":true,\"valueName\":\"search_term_string\"}}],\"inLanguage\":\"it-IT\"},{\"@type\":\"Person\",\"@id\":\"https:\/\/presse.tirol.at\/it\/#\/schema\/person\/7a01d43ecdf024eeb61ea2a3d4edcdc3\",\"name\":\"Martina Nairz\",\"image\":{\"@type\":\"ImageObject\",\"inLanguage\":\"it-IT\",\"@id\":\"https:\/\/presse.tirol.at\/it\/#\/schema\/person\/image\/b47273d486f1e6665f0c420330a009a6\",\"url\":\"https:\/\/secure.gravatar.com\/avatar\/b665805ca9d0b765eb68d4309bc5cbc59f9f79685c7853e60e3f0e084b24276d?s=96&d=mm&r=g\",\"contentUrl\":\"https:\/\/secure.gravatar.com\/avatar\/b665805ca9d0b765eb68d4309bc5cbc59f9f79685c7853e60e3f0e084b24276d?s=96&d=mm&r=g\",\"caption\":\"Martina Nairz\"}}]}<\/script>\n<!-- \/ Yoast SEO plugin. -->","yoast_head_json":{"title":"Il respiro del Tirolo austriaco all\u2019Expo - Presse.Tirol","robots":{"index":"index","follow":"follow","max-snippet":"max-snippet:-1","max-image-preview":"max-image-preview:large","max-video-preview":"max-video-preview:-1"},"canonical":"https:\/\/presse.tirol.at\/it\/pr591853-il-respiro-del-tirolo-austriaco-allexpo\/82318\/","og_locale":"it_IT","og_type":"article","og_title":"Il respiro del Tirolo austriaco all\u2019Expo - Presse.Tirol","og_description":"La superficie del Tirolo austriaco \u00e8 ricoperta per il 35% da boschi.","og_url":"https:\/\/presse.tirol.at\/it\/pr591853-il-respiro-del-tirolo-austriaco-allexpo\/82318\/","og_site_name":"Presse.Tirol","article_published_time":"2019-08-19T12:38:18+00:00","article_modified_time":"2022-01-27T10:27:15+00:00","author":"Martina Nairz","twitter_card":"summary_large_image","twitter_misc":{"Scritto da":"Martina Nairz","Tempo di lettura stimato":"5 minutes","Written by":"Martina Nairz"},"schema":{"@context":"https:\/\/schema.org","@graph":[{"@type":"WebPage","@id":"https:\/\/presse.tirol.at\/it\/pr591853-il-respiro-del-tirolo-austriaco-allexpo\/82318\/","url":"https:\/\/presse.tirol.at\/it\/pr591853-il-respiro-del-tirolo-austriaco-allexpo\/82318\/","name":"Il respiro del Tirolo austriaco all\u2019Expo - Presse.Tirol","isPartOf":{"@id":"https:\/\/presse.tirol.at\/it\/#website"},"datePublished":"2019-08-19T12:38:18+00:00","dateModified":"2022-01-27T10:27:15+00:00","author":{"@id":"https:\/\/presse.tirol.at\/it\/#\/schema\/person\/7a01d43ecdf024eeb61ea2a3d4edcdc3"},"inLanguage":"it-IT","potentialAction":[{"@type":"ReadAction","target":["https:\/\/presse.tirol.at\/it\/pr591853-il-respiro-del-tirolo-austriaco-allexpo\/82318\/"]}]},{"@type":"WebSite","@id":"https:\/\/presse.tirol.at\/it\/#website","url":"https:\/\/presse.tirol.at\/it\/","name":"Presse.Tirol","description":"Regionale Presseplattform der Tirol Werbung und den Tiroler Tourismusverb\u00e4nden","potentialAction":[{"@type":"SearchAction","target":{"@type":"EntryPoint","urlTemplate":"https:\/\/presse.tirol.at\/it\/?s={search_term_string}"},"query-input":{"@type":"PropertyValueSpecification","valueRequired":true,"valueName":"search_term_string"}}],"inLanguage":"it-IT"},{"@type":"Person","@id":"https:\/\/presse.tirol.at\/it\/#\/schema\/person\/7a01d43ecdf024eeb61ea2a3d4edcdc3","name":"Martina Nairz","image":{"@type":"ImageObject","inLanguage":"it-IT","@id":"https:\/\/presse.tirol.at\/it\/#\/schema\/person\/image\/b47273d486f1e6665f0c420330a009a6","url":"https:\/\/secure.gravatar.com\/avatar\/b665805ca9d0b765eb68d4309bc5cbc59f9f79685c7853e60e3f0e084b24276d?s=96&d=mm&r=g","contentUrl":"https:\/\/secure.gravatar.com\/avatar\/b665805ca9d0b765eb68d4309bc5cbc59f9f79685c7853e60e3f0e084b24276d?s=96&d=mm&r=g","caption":"Martina Nairz"}}]}},"publishpress_future_workflow_manual_trigger":{"enabledWorkflows":[]},"_links":{"self":[{"href":"https:\/\/presse.tirol.at\/it\/wp-json\/wp\/v2\/posts\/82318","targetHints":{"allow":["GET"]}}],"collection":[{"href":"https:\/\/presse.tirol.at\/it\/wp-json\/wp\/v2\/posts"}],"about":[{"href":"https:\/\/presse.tirol.at\/it\/wp-json\/wp\/v2\/types\/post"}],"author":[{"embeddable":true,"href":"https:\/\/presse.tirol.at\/it\/wp-json\/wp\/v2\/users\/17"}],"replies":[{"embeddable":true,"href":"https:\/\/presse.tirol.at\/it\/wp-json\/wp\/v2\/comments?post=82318"}],"version-history":[{"count":0,"href":"https:\/\/presse.tirol.at\/it\/wp-json\/wp\/v2\/posts\/82318\/revisions"}],"wp:attachment":[{"href":"https:\/\/presse.tirol.at\/it\/wp-json\/wp\/v2\/media?parent=82318"}],"wp:term":[{"taxonomy":"category","embeddable":true,"href":"https:\/\/presse.tirol.at\/it\/wp-json\/wp\/v2\/categories?post=82318"},{"taxonomy":"region","embeddable":true,"href":"https:\/\/presse.tirol.at\/it\/wp-json\/wp\/v2\/region?post=82318"},{"taxonomy":"author","embeddable":true,"href":"https:\/\/presse.tirol.at\/it\/wp-json\/wp\/v2\/coauthors?post=82318"}],"curies":[{"name":"wp","href":"https:\/\/api.w.org\/{rel}","templated":true}]}}