{"id":85947,"date":"2019-08-19T14:26:47","date_gmt":"2019-08-19T12:26:47","guid":{"rendered":"https:\/\/presse.tirol.at\/pr898580-pronti-partenza-via\/85947\/"},"modified":"2024-10-24T16:27:22","modified_gmt":"2024-10-24T14:27:22","slug":"pr898580-pronti-partenza-via","status":"publish","type":"post","link":"https:\/\/presse.tirol.at\/it\/pr898580-pronti-partenza-via\/85947\/","title":{"rendered":"Pronti, partenza, via!"},"content":{"rendered":"\n<p class=\"intro\">Il passo stradale pi\u00f9 alto dell\u2019Austria \u00e8 il Passo del Rombo, la massima altitudine che si possa raggiungere in bici da corsa \u00e8 il ghiacciaio Rettenbachferner a S\u00f6lden, la montagna ciclabile pi\u00f9 ripida della repubblica delle Alpi \u00e8 il Kitzb\u00fcheler Horn: il Tirolo \u00e8 ricco di superlativi in fatto di ciclismo. Il calendario delle manifestazioni del 2017 \u00e8 ricco di eventi sportivi che vedranno la partecipazione di personalit\u00e0 di spicco del ciclismo e il 2018 vedr\u00e0 il Tirolo protagonista di un altro evento imperdibile: a settembre, infatti, ospiter\u00e0 i Campionati Mondiali di Ciclismo. L\u2019infrastruttura per gli appassionati di bici da corsa e mountain bike sar\u00e0 ulteriormente ampliata in vista delle prossime manifestazioni di punta. \n\n<\/p>\n\n\n\n<p><strong><a href=\"http:\/\/www.arlberg-giro.com\/it\">Arlberg Giro<\/a>, <a href=\"http:\/\/www.radsportevents.com\/imster_it.php\">Imster<\/a><\/strong> e <strong><a href=\"https:\/\/www.oetztaler-radmarathon.com\/it\">\u00d6tztaler Radmarathon<\/a>, <a href=\"http:\/\/www.osttirol.com\/it.html\">Tour of the Alps<\/a>, <a href=\"http:\/\/www.dolomitensport.at\/it\/giro-delle-dolomiti\/\">Dolomitenrundfahrt<\/a>, <a href=\"http:\/\/www.hauteroute.org\/events\/overview\/dolomites-2017\">Haute Routes Dolomites<\/a>, <a href=\"http:\/\/www.tourdesuisse.ch\/en\/\">Tour de Suisse<\/a>, <a href=\"http:\/\/www.tyrol.com\/things-to-do\/events\/all-events\/e-kaunertal-gletscherkaiser\">Kaunertaler Gletscherkaiser<\/a>, <a href=\"https:\/\/www.innsbruck.info\/it\/innsbruck-city\/manifestazioni\/innsbruck-la-citta-dello-sport\/crankworx-innsbruck.html\">Crankworx<\/a>, <a href=\"http:\/\/www.tirolo.com\/attivita\/eventi\/tutti-gli-eventi\/e-race-across-the-alps\">Race across the Alps<\/a>, <a href=\"http:\/\/www.tirolo.com\/attivita\/eventi\/tutti-gli-eventi\/e-giro-dei-tre-paesi\">Dreil\u00e4ndergiro<\/a>, <a href=\"http:\/\/www.tirolo.com\/attivita\/eventi\/tutti-gli-eventi\/e-tour-transalp\">Tour Transalp<\/a>, <a href=\"http:\/\/www.tirolo.com\/attivita\/eventi\/tutti-gli-eventi\/e-maratona-ciclistica-di-tannheim\">Rad-Marathon Tannheimer Tal<\/a><\/strong>: anche solo a elencare le tante manifestazioni ciclistiche di punta che si terranno in Tirolo nel corso del <strong>2017 <\/strong>si resta senza fiato. Per non parlare del capoluogo di Innsbruck che \u00e8 gi\u00e0 stato per pi\u00f9 di 30 volte meta o partenza di tappe di importanti gare ciclistiche. Con l\u2019assegnazione dei<a href=\"http:\/\/www.tirolo.com\/attivita\/eventi\/tutti-gli-eventi\/e-campionato-mondiale-di-ciclismo-uci-2018\"> <strong>Campionati Mondiali UCI di Ciclismo 2018<\/strong> <\/a>l\u2019Austria fa gli onori di casa per la terza volta a questo rinomato evento sportivo internazionale, mentre sar\u00e0 la prima volta per &nbsp;il Tirolo e Innsbruck &nbsp;fare gli onori di casa. Dal 22 al 30 settembre 2018, i circa 1.000 atleti partecipanti si sfideranno in 12 competizioni che si terranno in diverse regioni tirolesi. La meta finale sar\u00e0 sempre Innsbruck, in qualit\u00e0 di Host City. Nel corso delle otto giornate di gara si aspettano fino a 350.000 spettatori che costeggeranno i percorsi di gara. L\u2019apice dei Campionati in Tirolo sar\u00e0 costituito dal percorso della prova della categoria Elite che prevede 5.000 metri di dislivello, quasi a dire un mondiale di arrampicata per ciclisti!<\/p>\n\n\n\n<p>Ma anche il festival di mountain bike gravity pi\u00f9 grande al mondo, il Crankworx, festeggia la sua prima a Innsbruck in Tirolo: dal 21 al 25 giugno 2017 il Bikepark di Innsbruck della Muttereralm si trasformer\u00e0 nel punto d\u2019incontro della scena internazionale della mountain bike. I migliori ciclisti si sfideranno nelle discipline downhill, enduro, slopestyle, dualslalom e pumptrack per aggiudicarsi un posto sul podio.<\/p>\n\n\n\n<p>&nbsp;<\/p>\n\n\n\n<p><strong>Nuovi percorsi ciclistici e singletrail<\/strong><\/p>\n\n\n\n<p>In vista di queste grandi manifestazioni, anche l\u2019amministrazione pubblica del Tirolo sta investendo nella realizzazione di nuovi percorsi ciclistici e singletrail: un grande vantaggio per gli appassionati di ciclismo su strada, mountain bike e cicloturismo.&nbsp; Anche se l\u2019infrastruttura dedicata \u00e8 gi\u00e0 notevole: i mountain biker possono infatti apprezzare il paesaggio alpino del Tirolo con oltre <strong>5.600 chilometri di percorsi per MTB ufficialmente approvati<\/strong>, pi\u00f9 di <strong>80 singletrail<\/strong> e due<strong> Bikepark<\/strong>, nel corso dei prossimi anni, in vista del Crankworx, il Bikepark di Innsbruck verr\u00e0 ulteriormente ampliato. Con <strong>1.000 chilometri <\/strong>di tracciato,<strong> il <a href=\"http:\/\/www.tirolo.com\/attivita\/sport\/bici\/mountainbike\/bike-trail-tirol\">Bike Trail Tirol <\/a>\u00e8 il circuito continuo per mountain bike pi\u00f9 lungo di tutto l\u2019arco alpino<\/strong>, mentre il <a href=\"http:\/\/www.tirolo.com\/attivita\/sport\/bici\/mountainbike\/bikesafari\"><strong>Tirol Mountain Bike Safari<\/strong>,<\/a> con i suoi <strong>32.000 metri di dislivello totali,<\/strong> offre anche la possibilit\u00e0 di accorciare il percorso utilizzando gli impianti di risalita presenti lungo le 16 tappe che si estendono da Nauders a Walchsee.<\/p>\n\n\n\n<p>Lungo i fiumi e le valli del Tirolo, inoltre, troviamo alcuni dei <strong>cicloitinerari di lunga percorrenza pi\u00f9 suggestivi delle Alpi<\/strong>, come ad esempio la Ciclopista della Drava, quella dell\u2019Inn e quella del Lech che offrono la possibilit\u00e0 di pedalare senza affrontare grandi dislivelli in salita. Un suggerimento prezioso per i ciclisti che non disdegnano i piaceri della buona tavola \u00e8 senza dubbio la Via Claudia Augusta con le numerose locande tirolesi che costeggiano il percorso. Gli itinerari ciclabili per le famiglie, per i ciclisti occasionali e le e-bike attraversano la regione tirolese per quasi 900 chilometri.<\/p>\n\n\n\n<p>Per gli amanti della <strong>bici su strada<\/strong>, invece, si contano <strong>3.800 chilometri<\/strong> di percorsi su strada ben strutturati che presentano anche sfide impegnative come il Kitzb\u00fcheler Horn, il Passo Hahntenjoch, la strada del ghiacciaio della Kaunertal.<\/p>\n\n\n\n<p><strong>Maggiori informazioni:<\/strong><\/p>\n\n\n\n<ul class=\"wp-block-list\"><li>Informazioni sui Campionati Mondiali di Ciclismo: <a href=\"http:\/\/www.tirolo.com\/e-campionato-mondiale-di-ciclismo-uci-2018\"><em>http:\/\/www.tirolo.com\/e-campionato-mondiale-di-ciclismo-uci-2018<\/em><\/a><\/li><li>Informazioni per ciclisti su strada: <a href=\"http:\/\/www.tirolo.com\/bici-da-corsa\"><em>http:\/\/www.tirolo.com\/bici-da-corsa<\/em><\/a><\/li><li>Informazioni per mountain biker: <a href=\"http:\/\/www.tirolo.com\/mountainbike-tirolo\"><em>http:\/\/www.tirolo.com\/mountainbike-tirolo<\/em><\/a><\/li><li>Informazioni per ciclisti occasionali: <a href=\"http:\/\/www.tirolo.com\/cicloturismo\"><em>http:\/\/www.tirolo.com\/cicloturismo<\/em><\/a><\/li><\/ul>\n","protected":false},"excerpt":{"rendered":"<p>Gli eventi ciclistici di punta del Tirolo sono serviti.<\/p>\n","protected":false},"author":17,"featured_media":0,"comment_status":"closed","ping_status":"closed","sticky":false,"template":"","format":"standard","meta":{"_acf_changed":false,"footnotes":""},"categories":[11],"region":[109],"coauthors":[292],"class_list":["post-85947","post","type-post","status-publish","format-standard","hentry","category-non-categorizzato","region-tirol-werbung"],"acf":[],"yoast_head":"<!-- This site is optimized with the Yoast SEO plugin v25.1 - https:\/\/yoast.com\/wordpress\/plugins\/seo\/ -->\n<title>Pronti, partenza, via! - Presse.Tirol<\/title>\n<meta name=\"robots\" content=\"index, follow, max-snippet:-1, max-image-preview:large, max-video-preview:-1\" \/>\n<link rel=\"canonical\" href=\"https:\/\/presse.tirol.at\/it\/pr898580-pronti-partenza-via\/85947\/\" \/>\n<meta property=\"og:locale\" content=\"it_IT\" \/>\n<meta property=\"og:type\" content=\"article\" \/>\n<meta property=\"og:title\" content=\"Pronti, partenza, via! - Presse.Tirol\" \/>\n<meta property=\"og:description\" content=\"Gli eventi ciclistici di punta del Tirolo sono serviti.\" \/>\n<meta property=\"og:url\" content=\"https:\/\/presse.tirol.at\/it\/pr898580-pronti-partenza-via\/85947\/\" \/>\n<meta property=\"og:site_name\" content=\"Presse.Tirol\" \/>\n<meta property=\"article:published_time\" content=\"2019-08-19T12:26:47+00:00\" \/>\n<meta property=\"article:modified_time\" content=\"2024-10-24T14:27:22+00:00\" \/>\n<meta name=\"author\" content=\"Martina Nairz\" \/>\n<meta name=\"twitter:card\" content=\"summary_large_image\" \/>\n<meta name=\"twitter:label1\" content=\"Scritto da\" \/>\n\t<meta name=\"twitter:data1\" content=\"Martina Nairz\" \/>\n\t<meta name=\"twitter:label2\" content=\"Tempo di lettura stimato\" \/>\n\t<meta name=\"twitter:data2\" content=\"4 minutes\" \/>\n\t<meta name=\"twitter:label3\" content=\"Written by\" \/>\n\t<meta name=\"twitter:data3\" content=\"Martina Nairz\" \/>\n<script type=\"application\/ld+json\" class=\"yoast-schema-graph\">{\"@context\":\"https:\/\/schema.org\",\"@graph\":[{\"@type\":\"WebPage\",\"@id\":\"https:\/\/presse.tirol.at\/it\/pr898580-pronti-partenza-via\/85947\/\",\"url\":\"https:\/\/presse.tirol.at\/it\/pr898580-pronti-partenza-via\/85947\/\",\"name\":\"Pronti, partenza, via! - Presse.Tirol\",\"isPartOf\":{\"@id\":\"https:\/\/presse.tirol.at\/it\/#website\"},\"datePublished\":\"2019-08-19T12:26:47+00:00\",\"dateModified\":\"2024-10-24T14:27:22+00:00\",\"author\":{\"@id\":\"https:\/\/presse.tirol.at\/it\/#\/schema\/person\/7a01d43ecdf024eeb61ea2a3d4edcdc3\"},\"inLanguage\":\"it-IT\",\"potentialAction\":[{\"@type\":\"ReadAction\",\"target\":[\"https:\/\/presse.tirol.at\/it\/pr898580-pronti-partenza-via\/85947\/\"]}]},{\"@type\":\"WebSite\",\"@id\":\"https:\/\/presse.tirol.at\/it\/#website\",\"url\":\"https:\/\/presse.tirol.at\/it\/\",\"name\":\"Presse.Tirol\",\"description\":\"Regionale Presseplattform der Tirol Werbung und den Tiroler Tourismusverb\u00e4nden\",\"potentialAction\":[{\"@type\":\"SearchAction\",\"target\":{\"@type\":\"EntryPoint\",\"urlTemplate\":\"https:\/\/presse.tirol.at\/it\/?s={search_term_string}\"},\"query-input\":{\"@type\":\"PropertyValueSpecification\",\"valueRequired\":true,\"valueName\":\"search_term_string\"}}],\"inLanguage\":\"it-IT\"},{\"@type\":\"Person\",\"@id\":\"https:\/\/presse.tirol.at\/it\/#\/schema\/person\/7a01d43ecdf024eeb61ea2a3d4edcdc3\",\"name\":\"Martina Nairz\",\"image\":{\"@type\":\"ImageObject\",\"inLanguage\":\"it-IT\",\"@id\":\"https:\/\/presse.tirol.at\/it\/#\/schema\/person\/image\/b47273d486f1e6665f0c420330a009a6\",\"url\":\"https:\/\/secure.gravatar.com\/avatar\/b665805ca9d0b765eb68d4309bc5cbc59f9f79685c7853e60e3f0e084b24276d?s=96&d=mm&r=g\",\"contentUrl\":\"https:\/\/secure.gravatar.com\/avatar\/b665805ca9d0b765eb68d4309bc5cbc59f9f79685c7853e60e3f0e084b24276d?s=96&d=mm&r=g\",\"caption\":\"Martina Nairz\"}}]}<\/script>\n<!-- \/ Yoast SEO plugin. -->","yoast_head_json":{"title":"Pronti, partenza, via! - Presse.Tirol","robots":{"index":"index","follow":"follow","max-snippet":"max-snippet:-1","max-image-preview":"max-image-preview:large","max-video-preview":"max-video-preview:-1"},"canonical":"https:\/\/presse.tirol.at\/it\/pr898580-pronti-partenza-via\/85947\/","og_locale":"it_IT","og_type":"article","og_title":"Pronti, partenza, via! - Presse.Tirol","og_description":"Gli eventi ciclistici di punta del Tirolo sono serviti.","og_url":"https:\/\/presse.tirol.at\/it\/pr898580-pronti-partenza-via\/85947\/","og_site_name":"Presse.Tirol","article_published_time":"2019-08-19T12:26:47+00:00","article_modified_time":"2024-10-24T14:27:22+00:00","author":"Martina Nairz","twitter_card":"summary_large_image","twitter_misc":{"Scritto da":"Martina Nairz","Tempo di lettura stimato":"4 minutes","Written by":"Martina Nairz"},"schema":{"@context":"https:\/\/schema.org","@graph":[{"@type":"WebPage","@id":"https:\/\/presse.tirol.at\/it\/pr898580-pronti-partenza-via\/85947\/","url":"https:\/\/presse.tirol.at\/it\/pr898580-pronti-partenza-via\/85947\/","name":"Pronti, partenza, via! - Presse.Tirol","isPartOf":{"@id":"https:\/\/presse.tirol.at\/it\/#website"},"datePublished":"2019-08-19T12:26:47+00:00","dateModified":"2024-10-24T14:27:22+00:00","author":{"@id":"https:\/\/presse.tirol.at\/it\/#\/schema\/person\/7a01d43ecdf024eeb61ea2a3d4edcdc3"},"inLanguage":"it-IT","potentialAction":[{"@type":"ReadAction","target":["https:\/\/presse.tirol.at\/it\/pr898580-pronti-partenza-via\/85947\/"]}]},{"@type":"WebSite","@id":"https:\/\/presse.tirol.at\/it\/#website","url":"https:\/\/presse.tirol.at\/it\/","name":"Presse.Tirol","description":"Regionale Presseplattform der Tirol Werbung und den Tiroler Tourismusverb\u00e4nden","potentialAction":[{"@type":"SearchAction","target":{"@type":"EntryPoint","urlTemplate":"https:\/\/presse.tirol.at\/it\/?s={search_term_string}"},"query-input":{"@type":"PropertyValueSpecification","valueRequired":true,"valueName":"search_term_string"}}],"inLanguage":"it-IT"},{"@type":"Person","@id":"https:\/\/presse.tirol.at\/it\/#\/schema\/person\/7a01d43ecdf024eeb61ea2a3d4edcdc3","name":"Martina Nairz","image":{"@type":"ImageObject","inLanguage":"it-IT","@id":"https:\/\/presse.tirol.at\/it\/#\/schema\/person\/image\/b47273d486f1e6665f0c420330a009a6","url":"https:\/\/secure.gravatar.com\/avatar\/b665805ca9d0b765eb68d4309bc5cbc59f9f79685c7853e60e3f0e084b24276d?s=96&d=mm&r=g","contentUrl":"https:\/\/secure.gravatar.com\/avatar\/b665805ca9d0b765eb68d4309bc5cbc59f9f79685c7853e60e3f0e084b24276d?s=96&d=mm&r=g","caption":"Martina Nairz"}}]}},"publishpress_future_workflow_manual_trigger":{"enabledWorkflows":[]},"_links":{"self":[{"href":"https:\/\/presse.tirol.at\/it\/wp-json\/wp\/v2\/posts\/85947","targetHints":{"allow":["GET"]}}],"collection":[{"href":"https:\/\/presse.tirol.at\/it\/wp-json\/wp\/v2\/posts"}],"about":[{"href":"https:\/\/presse.tirol.at\/it\/wp-json\/wp\/v2\/types\/post"}],"author":[{"embeddable":true,"href":"https:\/\/presse.tirol.at\/it\/wp-json\/wp\/v2\/users\/17"}],"replies":[{"embeddable":true,"href":"https:\/\/presse.tirol.at\/it\/wp-json\/wp\/v2\/comments?post=85947"}],"version-history":[{"count":0,"href":"https:\/\/presse.tirol.at\/it\/wp-json\/wp\/v2\/posts\/85947\/revisions"}],"wp:attachment":[{"href":"https:\/\/presse.tirol.at\/it\/wp-json\/wp\/v2\/media?parent=85947"}],"wp:term":[{"taxonomy":"category","embeddable":true,"href":"https:\/\/presse.tirol.at\/it\/wp-json\/wp\/v2\/categories?post=85947"},{"taxonomy":"region","embeddable":true,"href":"https:\/\/presse.tirol.at\/it\/wp-json\/wp\/v2\/region?post=85947"},{"taxonomy":"author","embeddable":true,"href":"https:\/\/presse.tirol.at\/it\/wp-json\/wp\/v2\/coauthors?post=85947"}],"curies":[{"name":"wp","href":"https:\/\/api.w.org\/{rel}","templated":true}]}}