{"id":88041,"date":"2018-02-16T09:49:22","date_gmt":"2018-02-16T08:49:22","guid":{"rendered":"https:\/\/presse.tirol.at\/pr1044824-nuove-strutture-ricettive-e-posti-da-visitare-del-tirolo-nellestate-2018\/88041\/"},"modified":"2022-01-25T10:21:55","modified_gmt":"2022-01-25T09:21:55","slug":"pr1044824-nuove-strutture-ricettive-e-posti-da-visitare-del-tirolo-nellestate-2018","status":"publish","type":"post","link":"https:\/\/presse.tirol.at\/it\/pr1044824-nuove-strutture-ricettive-e-posti-da-visitare-del-tirolo-nellestate-2018\/88041\/","title":{"rendered":"Nuove strutture ricettive e posti da visitare del Tirolo nell&#8217;estate 2018"},"content":{"rendered":"\n<p class=\"intro\">I vacanzieri esigenti troveranno nuove idee nel Tirolo anche nel 2018: i nuovi alberghi di lusso nella categoria cinque stelle e i nuovi posti da visitare nelle montagne tirolesi. Tra gli highlight, l&#8217;inaugurazione dell&#8217;installazione cinematografica \u201c007 Elements\u201d a S\u00f6lden e una nuova mostra all&#8217;aperto sulle leggende alpine a St. Johann in Tirol.<\/p>\n\n\n\n\n\n<h2 class=\"wp-block-heading\">Lusso e natura: nuovi alloggi da Seefeld a Fieberbrunn<\/h2>\n\n\n\n<p>L&#8217;hotel cinque stelle superiore \u201c<a href=\"https:\/\/www.astoria-seefeld.com\/hotel-astoria-tirolo.html\" target=\"_blank\" rel=\"noopener noreferrer\">Astoria<\/a>\u201d nell&#8217;Olympiaregion Seefeld apre le sue porte per gli ospiti nell&#8217;estate 2018 e offre un lusso discreto combinato con il fascino rurale. Che comprende una cucina squisita e un servizio perfetto. Gli highlights sono, oltre ad un panorama unico sul mondo alpino, anche la nuova area PRIVATE SPA e la sauna panoramica con un biotopo esterno. Questo laghetto balneabile naturale all&#8217;aperto offre acqua cristallina e un ambiente particolare grazie al mondo vegetale che lo circonda.<\/p>\n\n\n\n<p>Anche a Seefeld apriranno le nuove strutture ricettive di lusso \u201c<a href=\"http:\/\/www.viktoria.at\/?L=3\" target=\"_blank\" rel=\"noopener noreferrer\"><em>A-Vita Living<\/em><\/a>\u201d (in inglese), \u201c<a href=\"https:\/\/www.marcati.at\/it.html\" target=\"_blank\" rel=\"noopener noreferrer\"><em>Panorama Chalet Seefeld<\/em><\/a>\u201d e i \u201c<em><a href=\"http:\/\/www.loewen-chalets.at\/\" target=\"_blank\" rel=\"noopener noreferrer\">L\u00f6wen Chalets Seefeld<\/a><\/em>\u201d(in tedesco). Nei 34 chalets di \u201cA-Vita Living\u201d i vantaggi di un servizio alberghiero vengono combinati con l&#8217;abitare moderno circondati dalla natura e dal mondo alpino tirolese. Concetto sottolineato dalla lussuosa area bar per la prima colazione e dall&#8217;area SPA con sauna, solarium e cabina infrarossi. Il lussuoso \u201e<em>Panorama Chalet Seefeld<\/em>\u201c \u00e8 situato ai piedi del Geigenb\u00fchels, con un panorama da sogno sul mondo alpino di Seefeld, e pu\u00f2 ospitare comodamente fino a sei persone. Con l&#8217;accesso diretto alla sauna e al bagno a vapore nella struttura chalet ci si pu\u00f2 godere l&#8217;ambiente confortevolmente. Lo stile architettonico unico dei \u201e<em>L\u00f6wen Chalets Seefeld<\/em>\u201c con l&#8217;utilizzo di pregiati materiali naturali conferisce agli chalets di lusso un carattere unico. I cinque chalets dispongono di una sauna, cabina infrarossi, terrazza e balcone. Nella localit\u00e0 accanto, Leutasch, il piccolo ma elegante \u201e<em><a href=\"https:\/\/alpennest.at\/it\/\" target=\"_blank\" rel=\"noopener noreferrer\">Alpennest Hotel Leutasch<\/a><\/em>\u201c si prepara nel 2018 per la prima stagione estiva. Situato proprio nel centro di Weidach l&#8217;hotel offre un punto di partenza ideale per escursioni rilassanti. L&#8217;area wellness esclusiva, con saune, jacuzzi e whirlpool, invita a rilassarsi col panorama alpino.<\/p>\n\n\n\n<p>Chi conosce Fieberbrunn soprattutto come localit\u00e0 degli sport invernali, dovrebbe venire una volta anche per una vacanza estiva di lusso, perch\u00e9 nel 2018 apre il nuovo \u201e<em><a href=\"https:\/\/www.facebook.com\/vayafieberbrunn\/\" target=\"_blank\" rel=\"noopener noreferrer\">Vaya fine <\/a><a href=\"https:\/\/www.vayaresorts.com\/hotel\/vaya-fieberbrunn\/\" target=\"_blank\" rel=\"noreferrer noopener\">living <\/a><a href=\"https:\/\/www.facebook.com\/vayafieberbrunn\/\" target=\"_blank\" rel=\"noopener noreferrer\">Resort<\/a><\/em>\u201c &#8211; offre per i suoi ospiti 83 appartamenti e 17 chalets, che sono allestiti nel pregiato stile \u201cFine living\u201d delle Alpi, con tanto legno di recupero. Fanno parte della struttura un edificio wellness e un ristorante \u00e0-la-carte.<\/p>\n\n\n\n<p>Nella valle Lechtal apre nella primavera 2018 il nuovo hotel \u201c<a href=\"https:\/\/www.lechzeit.com\/\" target=\"_blank\" rel=\"noopener noreferrer\">Lechzeit<\/a>\u201d (in tedesco) &#8211; \u00e8 situato lungo il Lechweg, al centro del parco naturale della Lechtal. Moderno, semplice, sobrio &#8211; cos\u00ec i gestori caratterizzano il loro hotel con caff\u00e8 e ristorante, che deve piacere soprattutto agli sportivi amanti della natura. Il tour escursionistico di sei o di otto giorni per un totale di 125 chilometri accompagna l&#8217;ultimo fiume selvatico dell&#8217;Europa, il Lech, dalla sua fonte sull&#8217;Arlberg fino all&#8217;Allg\u00e4u, attraverso alpeggi unici nella valle Lechtal.<\/p>\n\n\n\n<p>Natura anzich\u00e8 lusso: nel pi\u00f9 piccolo comune dell&#8217;Austria, Gramais im Lechtal, apre nell&#8217;estate 2018 il nuovo \u201e<em><a href=\"http:\/\/hinterstein.at\/bergschule\/basecamp-gramais\/\" target=\"_blank\" rel=\"noopener noreferrer\">Basecamp<\/a><\/em>\u201c (in tedesco) della scuola alpina Hinterstein. L&#8217;ostello \u00e8 stato concepito specificamente per le esigenze degli alpinisti e appassionati dello sport alpino, ed offre una conveniente e moderna possibilit\u00e0 di pernottamento per gli alpinisti e gli sportivi appassionati. L&#8217;accogliente locale invernale pu\u00f2 ospitare fino a sei persone, e offre la possibilit\u00e0 di preparare il cibo nell&#8217;angolo cottura. La possibilit\u00e0 di deposito per le attrezzature sportive, le mappe e il noleggio attrezzature della scuola alpina Lechtal offrono agli alpinisti un ottimo servizio.<\/p>\n\n\n\n<p>Il nuovo resort \u201e<a href=\"https:\/\/www.wndrlx.com\/en\" target=\"_blank\" rel=\"noopener noreferrer\"><em>WNDRLX<\/em><\/a>\u201c (in inglese), pronuncia: \u201eWanderlux\u201c apre le sue porte a fine giugno 2018 a Mittelberg im Pitztal. Soprattutto i vacanzieri attivi che amano anche il lusso, si troveranno a loro agio. Sono pronti per gli ospiti esclusivi chalets e appartamenti con area wellness, un ristorante con terrazza esterna e uno stagno. WNDRLX offre inoltre consulenza personale per le attivit\u00e0 outdoor (guidate).<\/p>\n\n\n\n<h2 class=\"wp-block-heading\">Bond e alpinisti leggendari: nuovi posti da visitare da S\u00f6lden a St. Johann<\/h2>\n\n\n\n<p>Nel luglio 2018 dovrebbe finalmente aprire i battenti lo \u201c<em><a href=\"https:\/\/007elements.soelden.com\/home.html\" target=\"_blank\" rel=\"noreferrer noopener\">007 <\/a><\/em><a href=\"https:\/\/www.soelden.com\/007-elements\" target=\"_blank\" rel=\"noopener noreferrer\"><em>Elements<\/em><\/a>\u201d (in inglese) sopra S\u00f6lden. Si tratta di una cosiddetta \u201cinstallazione cinematografica\u201d al Gaislachkogl a oltre 3.000 metri d&#8217;altitudine \u2013 in omaggio al film di Bond \u201cSpectre\u201d. Il ristorante in vetta \u201cice Q\u201d divent\u00f2 nel film la Hoffler-Klinik e il punto di partenza di una forsennata caccia all&#8217;uomo a 3.000 metri d&#8217;altitudine.<\/p>\n\n\n\n<p>Chi preferisce fare sport da solo, dall&#8217;estate 2018 pu\u00f2 rallegrarsi per il nuovo centro per il tempo libero multifunzionale \u201c<em><a href=\"https:\/\/www.atoll-achensee.com\/\" target=\"_blank\" rel=\"noopener noreferrer\">Atoll<\/a><\/em>\u201d (in tedesco). Situata a Buchau alla riva sudest del lago, attende gli ospiti un&#8217;arena acquatica con una vasca sportiva di 25 metri, funpool e outdoorpool, scivolo e una grande area sauna \u2013 inclusa un&#8217;Infinity-Pool sul tetto. L&#8217;\u201dAtoll\u201d offre inoltre una palestra con vista sul lago, una sala ginnastica e una palestra di boulder. Al lido di Buchau una vera nave aspetta i bambini \u2013 la \u201cSt. Benedikt\u201d, lunga 31 metri, \u00e8 un parco giochi.<\/p>\n\n\n\n<p>Nella valle Alpbachtal ci si scatena in una corsa con il nuovo Alpine Coaster \u201e<em><a href=\"https:\/\/www.skijuwel.com\/en\/summer\/highlights\/alpbachtaler-lauser-sauser\" target=\"_blank\" rel=\"noreferrer noopener\">Alpbachtaler <\/a><a href=\"https:\/\/www.skijuwel.com\/en\/summer\/alpbachtaler-lauser-sauser\" target=\"_blank\" rel=\"noopener noreferrer\">Lauser Sauser<\/a><\/em>\u201c (in inglese) al Wiederbergerhorn. Parte il 19 maggio 2018 per la sua prima stagione estiva.<\/p>\n\n\n\n<p>Sul lago Rifflsee nella valle Pitztal gli ospiti possono fare <a href=\"https:\/\/www.pitztal.com\/en\/rifflsee-raft-rides\" target=\"_blank\" rel=\"noopener noreferrer\"><em>il giro in zattera pi\u00f9 alto d&#8217;Europa<\/em><\/a> (in inglese) &#8211; dall&#8217;estate 2018 dondolano sul lago a 2.232 metri d&#8217;altitudine con vista sul ghiacciaio con una zattera di legno di 140 mq.<\/p>\n\n\n\n<p>A partire dal 2018 gli ospiti estivi possono ammirare la galleria \u201eAlpine Outdoor Gallery\u201c nella valle Kaiserbachtal vicino a St. Johann in Tirol. Lungo la strada si trovano stazioni con foto, testo e altri oggetti esposti riguardanti sette famosi alpinisti leggendari come Peter Habeler, Barbara Zangerl o Stefan Glowacz. Hanno una cosa in comune: un rapporto intenso con il Wilder Kaiser. Di seguito il nuovo sentiero \u201eSchnacklers Erlebnisweg\u201c spiega in modo giocoso alle famiglie con bambini la regione e le sue tradizioni.<\/p>\n\n\n\n<p><strong><br>Maggiori informazioni sugli alloggi, offerte e posti da visitare: <\/strong><a href=\"http:\/\/www.tirolo.com\/offerte-vacanze\" target=\"_blank\" rel=\"noopener noreferrer\"><em>www.tirolo.com\/offerte-vacanze<\/em><\/a> e <em><a href=\"https:\/\/www.tirolo.com\/attivita\/posti-da-visitare\">www.tirolo.com\/attivita\/posti-da-visitare<\/a><\/em><\/p>\n","protected":false},"excerpt":{"rendered":"<p>I vacanzieri esigenti troveranno nuove idee nel Tirolo anche nel 2018.<\/p>\n","protected":false},"author":17,"featured_media":0,"comment_status":"closed","ping_status":"closed","sticky":false,"template":"","format":"standard","meta":{"_acf_changed":false,"footnotes":""},"categories":[184],"region":[109],"coauthors":[292],"class_list":["post-88041","post","type-post","status-publish","format-standard","hentry","category-touristikmeldungen-der-tirol-werbung","region-tirol-werbung"],"acf":[],"yoast_head":"<!-- This site is optimized with the Yoast SEO plugin v25.1 - https:\/\/yoast.com\/wordpress\/plugins\/seo\/ -->\n<title>Nuove strutture ricettive e posti da visitare del Tirolo nell&#039;estate 2018 - Presse.Tirol<\/title>\n<meta name=\"description\" content=\"I vacanzieri troveranno nuove idee nel Tirolo anche nel 2018: i nuovi alberghi di lusso nella categoria cinque stelle e i nuovi posti da visitare.\" \/>\n<meta name=\"robots\" content=\"index, follow, max-snippet:-1, max-image-preview:large, max-video-preview:-1\" \/>\n<link rel=\"canonical\" href=\"https:\/\/presse.tirol.at\/it\/pr1044824-nuove-strutture-ricettive-e-posti-da-visitare-del-tirolo-nellestate-2018\/88041\/\" \/>\n<meta property=\"og:locale\" content=\"it_IT\" \/>\n<meta property=\"og:type\" content=\"article\" \/>\n<meta property=\"og:title\" content=\"Nuove strutture ricettive e posti da visitare del Tirolo nell&#039;estate 2018 - Presse.Tirol\" \/>\n<meta property=\"og:description\" content=\"I vacanzieri troveranno nuove idee nel Tirolo anche nel 2018: i nuovi alberghi di lusso nella categoria cinque stelle e i nuovi posti da visitare.\" \/>\n<meta property=\"og:url\" content=\"https:\/\/presse.tirol.at\/it\/pr1044824-nuove-strutture-ricettive-e-posti-da-visitare-del-tirolo-nellestate-2018\/88041\/\" \/>\n<meta property=\"og:site_name\" content=\"Presse.Tirol\" \/>\n<meta property=\"article:published_time\" content=\"2018-02-16T08:49:22+00:00\" \/>\n<meta property=\"article:modified_time\" content=\"2022-01-25T09:21:55+00:00\" \/>\n<meta name=\"author\" content=\"Martina Nairz\" \/>\n<meta name=\"twitter:card\" content=\"summary_large_image\" \/>\n<meta name=\"twitter:label1\" content=\"Scritto da\" \/>\n\t<meta name=\"twitter:data1\" content=\"Martina Nairz\" \/>\n\t<meta name=\"twitter:label2\" content=\"Tempo di lettura stimato\" \/>\n\t<meta name=\"twitter:data2\" content=\"5 minutes\" \/>\n\t<meta name=\"twitter:label3\" content=\"Written by\" \/>\n\t<meta name=\"twitter:data3\" content=\"Martina Nairz\" \/>\n<script type=\"application\/ld+json\" class=\"yoast-schema-graph\">{\"@context\":\"https:\/\/schema.org\",\"@graph\":[{\"@type\":\"WebPage\",\"@id\":\"https:\/\/presse.tirol.at\/it\/pr1044824-nuove-strutture-ricettive-e-posti-da-visitare-del-tirolo-nellestate-2018\/88041\/\",\"url\":\"https:\/\/presse.tirol.at\/it\/pr1044824-nuove-strutture-ricettive-e-posti-da-visitare-del-tirolo-nellestate-2018\/88041\/\",\"name\":\"Nuove strutture ricettive e posti da visitare del Tirolo nell'estate 2018 - Presse.Tirol\",\"isPartOf\":{\"@id\":\"https:\/\/presse.tirol.at\/it\/#website\"},\"datePublished\":\"2018-02-16T08:49:22+00:00\",\"dateModified\":\"2022-01-25T09:21:55+00:00\",\"author\":{\"@id\":\"https:\/\/presse.tirol.at\/it\/#\/schema\/person\/7a01d43ecdf024eeb61ea2a3d4edcdc3\"},\"description\":\"I vacanzieri troveranno nuove idee nel Tirolo anche nel 2018: i nuovi alberghi di lusso nella categoria cinque stelle e i nuovi posti da visitare.\",\"inLanguage\":\"it-IT\",\"potentialAction\":[{\"@type\":\"ReadAction\",\"target\":[\"https:\/\/presse.tirol.at\/it\/pr1044824-nuove-strutture-ricettive-e-posti-da-visitare-del-tirolo-nellestate-2018\/88041\/\"]}]},{\"@type\":\"WebSite\",\"@id\":\"https:\/\/presse.tirol.at\/it\/#website\",\"url\":\"https:\/\/presse.tirol.at\/it\/\",\"name\":\"Presse.Tirol\",\"description\":\"Regionale Presseplattform der Tirol Werbung und den Tiroler Tourismusverb\u00e4nden\",\"potentialAction\":[{\"@type\":\"SearchAction\",\"target\":{\"@type\":\"EntryPoint\",\"urlTemplate\":\"https:\/\/presse.tirol.at\/it\/?s={search_term_string}\"},\"query-input\":{\"@type\":\"PropertyValueSpecification\",\"valueRequired\":true,\"valueName\":\"search_term_string\"}}],\"inLanguage\":\"it-IT\"},{\"@type\":\"Person\",\"@id\":\"https:\/\/presse.tirol.at\/it\/#\/schema\/person\/7a01d43ecdf024eeb61ea2a3d4edcdc3\",\"name\":\"Martina Nairz\",\"image\":{\"@type\":\"ImageObject\",\"inLanguage\":\"it-IT\",\"@id\":\"https:\/\/presse.tirol.at\/it\/#\/schema\/person\/image\/b47273d486f1e6665f0c420330a009a6\",\"url\":\"https:\/\/secure.gravatar.com\/avatar\/b665805ca9d0b765eb68d4309bc5cbc59f9f79685c7853e60e3f0e084b24276d?s=96&d=mm&r=g\",\"contentUrl\":\"https:\/\/secure.gravatar.com\/avatar\/b665805ca9d0b765eb68d4309bc5cbc59f9f79685c7853e60e3f0e084b24276d?s=96&d=mm&r=g\",\"caption\":\"Martina Nairz\"}}]}<\/script>\n<!-- \/ Yoast SEO plugin. -->","yoast_head_json":{"title":"Nuove strutture ricettive e posti da visitare del Tirolo nell'estate 2018 - Presse.Tirol","description":"I vacanzieri troveranno nuove idee nel Tirolo anche nel 2018: i nuovi alberghi di lusso nella categoria cinque stelle e i nuovi posti da visitare.","robots":{"index":"index","follow":"follow","max-snippet":"max-snippet:-1","max-image-preview":"max-image-preview:large","max-video-preview":"max-video-preview:-1"},"canonical":"https:\/\/presse.tirol.at\/it\/pr1044824-nuove-strutture-ricettive-e-posti-da-visitare-del-tirolo-nellestate-2018\/88041\/","og_locale":"it_IT","og_type":"article","og_title":"Nuove strutture ricettive e posti da visitare del Tirolo nell'estate 2018 - Presse.Tirol","og_description":"I vacanzieri troveranno nuove idee nel Tirolo anche nel 2018: i nuovi alberghi di lusso nella categoria cinque stelle e i nuovi posti da visitare.","og_url":"https:\/\/presse.tirol.at\/it\/pr1044824-nuove-strutture-ricettive-e-posti-da-visitare-del-tirolo-nellestate-2018\/88041\/","og_site_name":"Presse.Tirol","article_published_time":"2018-02-16T08:49:22+00:00","article_modified_time":"2022-01-25T09:21:55+00:00","author":"Martina Nairz","twitter_card":"summary_large_image","twitter_misc":{"Scritto da":"Martina Nairz","Tempo di lettura stimato":"5 minutes","Written by":"Martina Nairz"},"schema":{"@context":"https:\/\/schema.org","@graph":[{"@type":"WebPage","@id":"https:\/\/presse.tirol.at\/it\/pr1044824-nuove-strutture-ricettive-e-posti-da-visitare-del-tirolo-nellestate-2018\/88041\/","url":"https:\/\/presse.tirol.at\/it\/pr1044824-nuove-strutture-ricettive-e-posti-da-visitare-del-tirolo-nellestate-2018\/88041\/","name":"Nuove strutture ricettive e posti da visitare del Tirolo nell'estate 2018 - Presse.Tirol","isPartOf":{"@id":"https:\/\/presse.tirol.at\/it\/#website"},"datePublished":"2018-02-16T08:49:22+00:00","dateModified":"2022-01-25T09:21:55+00:00","author":{"@id":"https:\/\/presse.tirol.at\/it\/#\/schema\/person\/7a01d43ecdf024eeb61ea2a3d4edcdc3"},"description":"I vacanzieri troveranno nuove idee nel Tirolo anche nel 2018: i nuovi alberghi di lusso nella categoria cinque stelle e i nuovi posti da visitare.","inLanguage":"it-IT","potentialAction":[{"@type":"ReadAction","target":["https:\/\/presse.tirol.at\/it\/pr1044824-nuove-strutture-ricettive-e-posti-da-visitare-del-tirolo-nellestate-2018\/88041\/"]}]},{"@type":"WebSite","@id":"https:\/\/presse.tirol.at\/it\/#website","url":"https:\/\/presse.tirol.at\/it\/","name":"Presse.Tirol","description":"Regionale Presseplattform der Tirol Werbung und den Tiroler Tourismusverb\u00e4nden","potentialAction":[{"@type":"SearchAction","target":{"@type":"EntryPoint","urlTemplate":"https:\/\/presse.tirol.at\/it\/?s={search_term_string}"},"query-input":{"@type":"PropertyValueSpecification","valueRequired":true,"valueName":"search_term_string"}}],"inLanguage":"it-IT"},{"@type":"Person","@id":"https:\/\/presse.tirol.at\/it\/#\/schema\/person\/7a01d43ecdf024eeb61ea2a3d4edcdc3","name":"Martina Nairz","image":{"@type":"ImageObject","inLanguage":"it-IT","@id":"https:\/\/presse.tirol.at\/it\/#\/schema\/person\/image\/b47273d486f1e6665f0c420330a009a6","url":"https:\/\/secure.gravatar.com\/avatar\/b665805ca9d0b765eb68d4309bc5cbc59f9f79685c7853e60e3f0e084b24276d?s=96&d=mm&r=g","contentUrl":"https:\/\/secure.gravatar.com\/avatar\/b665805ca9d0b765eb68d4309bc5cbc59f9f79685c7853e60e3f0e084b24276d?s=96&d=mm&r=g","caption":"Martina Nairz"}}]}},"publishpress_future_workflow_manual_trigger":{"enabledWorkflows":[]},"_links":{"self":[{"href":"https:\/\/presse.tirol.at\/it\/wp-json\/wp\/v2\/posts\/88041","targetHints":{"allow":["GET"]}}],"collection":[{"href":"https:\/\/presse.tirol.at\/it\/wp-json\/wp\/v2\/posts"}],"about":[{"href":"https:\/\/presse.tirol.at\/it\/wp-json\/wp\/v2\/types\/post"}],"author":[{"embeddable":true,"href":"https:\/\/presse.tirol.at\/it\/wp-json\/wp\/v2\/users\/17"}],"replies":[{"embeddable":true,"href":"https:\/\/presse.tirol.at\/it\/wp-json\/wp\/v2\/comments?post=88041"}],"version-history":[{"count":0,"href":"https:\/\/presse.tirol.at\/it\/wp-json\/wp\/v2\/posts\/88041\/revisions"}],"wp:attachment":[{"href":"https:\/\/presse.tirol.at\/it\/wp-json\/wp\/v2\/media?parent=88041"}],"wp:term":[{"taxonomy":"category","embeddable":true,"href":"https:\/\/presse.tirol.at\/it\/wp-json\/wp\/v2\/categories?post=88041"},{"taxonomy":"region","embeddable":true,"href":"https:\/\/presse.tirol.at\/it\/wp-json\/wp\/v2\/region?post=88041"},{"taxonomy":"author","embeddable":true,"href":"https:\/\/presse.tirol.at\/it\/wp-json\/wp\/v2\/coauthors?post=88041"}],"curies":[{"name":"wp","href":"https:\/\/api.w.org\/{rel}","templated":true}]}}