{"id":88058,"date":"2018-02-16T10:02:10","date_gmt":"2018-02-16T09:02:10","guid":{"rendered":"https:\/\/presse.tirol.at\/pr1044828-le-novita-dellestate-2018-per-escursionisti-e-mountain-biker\/88058\/"},"modified":"2022-01-25T10:21:54","modified_gmt":"2022-01-25T09:21:54","slug":"pr1044828-le-novita-dellestate-2018-per-escursionisti-e-mountain-biker","status":"publish","type":"post","link":"https:\/\/presse.tirol.at\/it\/pr1044828-le-novita-dellestate-2018-per-escursionisti-e-mountain-biker\/88058\/","title":{"rendered":"Le novit\u00e0 dell\u2019estate 2018 per escursionisti e mountain biker"},"content":{"rendered":"\n<p class=\"intro\">Chi ama le vacanze attive, ama il Tirolo. E nel 2018 ci saranno alcuni motivi in pi\u00f9 per trascorrere i giorni pi\u00f9 belli dell\u2019anno in questa regione. Sono stati allestiti, infatti, nuovi itinerari a lunga percorrenza tra i monti del Karwendel e i dintorni di Imst e singletrail in tutta la regione. Con il progetto \u201cKAT-Bike\u201d, poi, ci saranno interessanti novit\u00e0 anche per gli appassionati dei tour in mountain bike di pi\u00f9 giornate. <\/p>\n\n\n\n\n\n<h2 class=\"wp-block-heading\">Trekking a lunga tratta per dimenticarsi della quotidianit\u00e0<\/h2>\n\n\n\n<p>La solitudine della montagna, il cammino e le notti trascorse in baita: a partire dall\u2019estate 2018 la nuova alta via <strong>Karwendel H\u00f6henweg<\/strong> offre agli appassionati ambiziosi degli itinerari a lunga percorrenza tutto ci\u00f2 che cercano. Nel corso di sei tappe giornaliere, infatti, potranno attraversare il parco naturale pi\u00f9 esteso di tutta l\u2019Austria per un totale di 60 chilometri, superando quasi 7.000 metri di dislivello e pernottando in cinque rifugi diversi. Con spettacolari scorci verso valle, l\u2019itinerario parte da Seefeld e porta a toccare le baite N\u00f6rdlingerh\u00fctte, Solsteinhaus, Pfeish\u00fctte, Bettelwurfh\u00fctte e Hallerangerhaus fino a raggiungere la localit\u00e0 di arrivo di Scharnitz. Il punto di partenza e quello d\u2019arrivo sono facilmente raggiungibili in treno da Innsbruck. Il sito internet <a href=\"https:\/\/karwendel-hoehenweg.at\/it\/\" target=\"_blank\" rel=\"noreferrer noopener\"><em>karwendel-hoehenweg.at\/it<\/em><\/a> riporta la descrizione degli itinerari da stampare e i dati GPX per navigatori &#8211; tutto in lingua italiana.<\/p>\n\n\n\n<p>Nel corso del <strong>Tour delle malghe <\/strong>di 3 giornate nella valle Alpbachtal, gli escursionisti scoprono in tre giorni i luoghi pi\u00f9 suggestivi tra Reith, Alpbach e Inneralpbach. Le attrattive del tour sono senza dubbio le tante malghe che si trovano lungo il percorso e che conquistano con il loro tipico stile della Alpbachtal. In alcune di esse \u00e8 anche possibile fare una sosta come, per esempio, presso la malga Holzalm. Per le famiglie con bambini consigliamo il tour di 3 giornate, per gli escursionisti pi\u00f9 ambiziosi quello di 4 giornate che attraversa le Alpi di Brandenberg e il massiccio del Rofan.<\/p>\n\n\n\n<p>Sempre nell\u2019estate 2018 \u00e8 in programma l\u2019apertura del nuovo <strong>Starkenberger Panoramaweg<\/strong>, un sentiero escursionistico a lunga percorrenza che parte dal valico del Fernpass e arriva al castello di Landeck. Questo percorso di 52 chilometri, adatto alle famiglie, si snoda senza particolari difficolt\u00e0 ad un\u2019altitudine tra gli 800 e i 1.200 metri e pu\u00f2 essere affrontato in 4-5 tappe giornaliere. Conduce dal Fernpass a Landeck passando per Nassereith, Obtarrenz, Starkenberg, Hochimst, Imsterberg e Kronburg. Castelli, fortezze, laghetti, torrenti, ma anche localit\u00e0 di interesse storico, contraddistinguono il percorso e trasmettono un interessante spaccato della storia e della cultura della regione. Maggiori informazioni su <em><a href=\"https:\/\/starkenberger-panoramaweg.at\/en\/home\" target=\"_blank\" rel=\"noreferrer noopener\">starkenberger-panoramaweg.at\/en\/<\/a><\/em><\/p>\n\n\n\n<p>Nella Tannheimer Tal sono stati installati 1.600 nuovi cartelli segnaletici che indicano il percorso agli escursionisti per un tratto di 350 chilometri. Grazie a questa iniziativa, la regione \u00e8 stata insignita del sigillo di qualit\u00e0 tirolese dei sentieri di montagna. Numerazione e pittogrammi omogenei assicurano ancora maggior sicurezza e informano su lunghezza del percorso, grado di difficolt\u00e0, punti di ristoro, impianti di risalita e collegamenti.&nbsp; Ma c\u2019\u00e8 anche un\u2019altra novit\u00e0 che arriva dalla Tannheimer Tal: il Drei-Seen-Tour, il tour dei tre laghi, \u00e8 nuovamente e completamente accessibile a partire dal 2018. Questo tour, che anni fa fu eletto escursione preferita di tutta l\u2019Austria, era stato bloccato a causa di una frana. Ora, la discesa al lago Vilsalpsee \u00e8 nuovamente agibile senza problemi.<\/p>\n\n\n\n<h2 class=\"wp-block-heading\">Nuovi sentieri e trail per ciclisti, MTBiker e downhiller<\/h2>\n\n\n\n<p>Nel cuore del territorio alpino e accanto alla stazione a monte degli impianti Flimjochbahn, nella regione di Paznaun-Ischgl, il divertimento sulle due ruote inizia sul nuovo Flimjochtrail, di media difficolt\u00e0, che sar\u00e0 inaugurato presumibilmente nell\u2019estate del 2018. Chi preferisce riscaldarsi un po\u2019, prima di affrontare questo trail, pu\u00f2 pedalare lungo una ripida strada carrozzabile che parte dalla Idalp. Un\u2019impresa ardua, se si considera che il punto di partenza del trail si trova a 2.757 metri di quota, dove l\u2019aria \u00e8 pi\u00f9 rarefatta. Per i professionisti del downhill non manca una variante pi\u00f9 rocciosa, che sbocca pi\u00f9 in basso nel normale Flimjochtrail.<\/p>\n\n\n\n<p>Gli appassionati del singletrail dovranno mettere in programma per l\u2019estate del 2018 un viaggio in Osttirol. L\u00ec, con il nuovo <em><a href=\"https:\/\/www.osttirol.com\/it\/scoprire-e-vivere\/estate\/ciclismo\/detail\/alban-lakata-trail-n-142\/\" target=\"_blank\" rel=\"noreferrer noopener\">Lakata Trail<\/a><\/em> sull\u2019Hochstein presso Lienz e i <em><a href=\"http:\/\/www.osttirol.com\/it\/vivere-losttirol\/sommerurlaub-osttirol\/andare-in-bicicletta\/bikepark-kals.html\" target=\"_blank\" rel=\"noreferrer noopener\">Glockner Trails<\/a><\/em> di Kals am Gro\u00dfglockner ci sono, in totale, quattro nuovi percorsi di singletrail ad attenderli.<\/p>\n\n\n\n<p>Un tour di pi\u00f9 giornate in mountain bike, incluso trasporto bagagli: questo \u00e8 il servizio offerto da <a href=\"https:\/\/www.kitzbueheler-alpen.com\/en\/kat-bike\/multi-day-tour.html\" target=\"_blank\" rel=\"noreferrer noopener\"><em>KAT Bike<\/em><\/a> (ted.) agli ospiti in vacanza nelle Alpi di Kitzb\u00fchel. Nel corso di quattro tappe giornaliere, gli appassionati di tour in MTB e in e-bike potranno scoprire la regione e i suoi tracciati mountain bike pi\u00f9 belli. \u00c8 possibile effettuare la discesa anche su singletrail, ma non \u00e8 obbligatorio.<\/p>\n\n\n\n<p>Al Bikepark Serfaus-Fiss-Ladis c\u2019\u00e8 il nuovo trail \u201c<a href=\"http:\/\/www.bikepark-sfl.at\/en\/parkinfo\/trails\/Supernatural-red_bikepark-trail_168857\" target=\"_blank\" rel=\"noopener noreferrer\"><em>Supernatural<\/em><\/a>\u201d (ingl.) che aspetta i downhiller, mentre a Nauders, sul Passo Resia, c&#8217;\u00e8 una novit\u00e0 per i mountain biker enduro: il <a href=\"https:\/\/www.nauders.com\/de\/aktiv-erleben\/sommer-aktiv-erleben\/bike-rad\/endurobike\/bergkasteltrail_td-16698\" target=\"_blank\" rel=\"noopener noreferrer\"><em>Bergkasteltrail<\/em><\/a> (ted.). Per il 2018 sono in programma vari trail nella Axamer Lizum vicino a <a href=\"https:\/\/www.bikecity-innsbruck.com\/it\/\" target=\"_blank\" rel=\"noopener noreferrer\"><em>Innsbruck<\/em><\/a>.<\/p>\n\n\n\n<p>Nell\u2019estate del 2018, nella Wipptal, verr\u00e0 inaugurato un tracciato appositamente allestito per mountain biker, che porta da Schmirn in salita al Tuxer Joch. Con esso ci sar\u00e0 per la prima volta un tracciato ufficiale accessibile ai mountain biker tra Hintertux im Zillertal e la Schmirntal.<\/p>\n\n\n\n<p>Gli appassionati di cicloturismo e di bici da corsa potranno, invece, pedalare sulla nuova ciclopista asfaltata Gurgltalradweg tra Tarrenz e Nassereith. L\u2019inizio dei lavori \u00e8 fissato per la primavera del 2018.<\/p>\n\n\n\n<p><strong>Maggiori informazioni sulle escursioni e il ciclismo in Tirolo<\/strong>: <a href=\"http:\/\/www.tirolo.com\/escursionismo\" target=\"_blank\" rel=\"noopener noreferrer\"><em>www.tirolo.com\/escursionismo<\/em><\/a> e <a href=\"http:\/\/www.tirolo.com\/mountainbike\" target=\"_blank\" rel=\"noopener noreferrer\"><em>www.tirolo.com\/mountainbike<\/em><\/a><\/p>\n\n\n\n<p>&nbsp;<\/p>\n","protected":false},"excerpt":{"rendered":"<p>Chi ama le vacanze attive, ama il Tirolo. E nel 2018 ci saranno alcuni motivi in pi\u00f9 per venire nella questa regione.<\/p>\n","protected":false},"author":17,"featured_media":0,"comment_status":"closed","ping_status":"closed","sticky":false,"template":"","format":"standard","meta":{"_acf_changed":false,"footnotes":""},"categories":[184],"region":[109],"coauthors":[292],"class_list":["post-88058","post","type-post","status-publish","format-standard","hentry","category-touristikmeldungen-der-tirol-werbung","region-tirol-werbung"],"acf":[],"yoast_head":"<!-- This site is optimized with the Yoast SEO plugin v25.1 - https:\/\/yoast.com\/wordpress\/plugins\/seo\/ -->\n<title>Le novit\u00e0 dell\u2019estate 2018 per escursionisti e mountain biker - Presse.Tirol<\/title>\n<meta name=\"description\" content=\"Chi ama le vacanze attive, ama il Tirolo. E nel 2018 ci saranno alcuni motivi in pi\u00f9 per trascorrere i giorni pi\u00f9 belli dell\u2019anno in questa regione.\" \/>\n<meta name=\"robots\" content=\"index, follow, max-snippet:-1, max-image-preview:large, max-video-preview:-1\" \/>\n<link rel=\"canonical\" href=\"https:\/\/presse.tirol.at\/it\/pr1044828-le-novita-dellestate-2018-per-escursionisti-e-mountain-biker\/88058\/\" \/>\n<meta property=\"og:locale\" content=\"it_IT\" \/>\n<meta property=\"og:type\" content=\"article\" \/>\n<meta property=\"og:title\" content=\"Le novit\u00e0 dell\u2019estate 2018 per escursionisti e mountain biker - Presse.Tirol\" \/>\n<meta property=\"og:description\" content=\"Chi ama le vacanze attive, ama il Tirolo. E nel 2018 ci saranno alcuni motivi in pi\u00f9 per trascorrere i giorni pi\u00f9 belli dell\u2019anno in questa regione.\" \/>\n<meta property=\"og:url\" content=\"https:\/\/presse.tirol.at\/it\/pr1044828-le-novita-dellestate-2018-per-escursionisti-e-mountain-biker\/88058\/\" \/>\n<meta property=\"og:site_name\" content=\"Presse.Tirol\" \/>\n<meta property=\"article:published_time\" content=\"2018-02-16T09:02:10+00:00\" \/>\n<meta property=\"article:modified_time\" content=\"2022-01-25T09:21:54+00:00\" \/>\n<meta name=\"author\" content=\"Martina Nairz\" \/>\n<meta name=\"twitter:card\" content=\"summary_large_image\" \/>\n<meta name=\"twitter:label1\" content=\"Scritto da\" \/>\n\t<meta name=\"twitter:data1\" content=\"Martina Nairz\" \/>\n\t<meta name=\"twitter:label2\" content=\"Tempo di lettura stimato\" \/>\n\t<meta name=\"twitter:data2\" content=\"5 minutes\" \/>\n\t<meta name=\"twitter:label3\" content=\"Written by\" \/>\n\t<meta name=\"twitter:data3\" content=\"Martina Nairz\" \/>\n<script type=\"application\/ld+json\" class=\"yoast-schema-graph\">{\"@context\":\"https:\/\/schema.org\",\"@graph\":[{\"@type\":\"WebPage\",\"@id\":\"https:\/\/presse.tirol.at\/it\/pr1044828-le-novita-dellestate-2018-per-escursionisti-e-mountain-biker\/88058\/\",\"url\":\"https:\/\/presse.tirol.at\/it\/pr1044828-le-novita-dellestate-2018-per-escursionisti-e-mountain-biker\/88058\/\",\"name\":\"Le novit\u00e0 dell\u2019estate 2018 per escursionisti e mountain biker - Presse.Tirol\",\"isPartOf\":{\"@id\":\"https:\/\/presse.tirol.at\/it\/#website\"},\"datePublished\":\"2018-02-16T09:02:10+00:00\",\"dateModified\":\"2022-01-25T09:21:54+00:00\",\"author\":{\"@id\":\"https:\/\/presse.tirol.at\/it\/#\/schema\/person\/7a01d43ecdf024eeb61ea2a3d4edcdc3\"},\"description\":\"Chi ama le vacanze attive, ama il Tirolo. E nel 2018 ci saranno alcuni motivi in pi\u00f9 per trascorrere i giorni pi\u00f9 belli dell\u2019anno in questa regione.\",\"inLanguage\":\"it-IT\",\"potentialAction\":[{\"@type\":\"ReadAction\",\"target\":[\"https:\/\/presse.tirol.at\/it\/pr1044828-le-novita-dellestate-2018-per-escursionisti-e-mountain-biker\/88058\/\"]}]},{\"@type\":\"WebSite\",\"@id\":\"https:\/\/presse.tirol.at\/it\/#website\",\"url\":\"https:\/\/presse.tirol.at\/it\/\",\"name\":\"Presse.Tirol\",\"description\":\"Regionale Presseplattform der Tirol Werbung und den Tiroler Tourismusverb\u00e4nden\",\"potentialAction\":[{\"@type\":\"SearchAction\",\"target\":{\"@type\":\"EntryPoint\",\"urlTemplate\":\"https:\/\/presse.tirol.at\/it\/?s={search_term_string}\"},\"query-input\":{\"@type\":\"PropertyValueSpecification\",\"valueRequired\":true,\"valueName\":\"search_term_string\"}}],\"inLanguage\":\"it-IT\"},{\"@type\":\"Person\",\"@id\":\"https:\/\/presse.tirol.at\/it\/#\/schema\/person\/7a01d43ecdf024eeb61ea2a3d4edcdc3\",\"name\":\"Martina Nairz\",\"image\":{\"@type\":\"ImageObject\",\"inLanguage\":\"it-IT\",\"@id\":\"https:\/\/presse.tirol.at\/it\/#\/schema\/person\/image\/b47273d486f1e6665f0c420330a009a6\",\"url\":\"https:\/\/secure.gravatar.com\/avatar\/b665805ca9d0b765eb68d4309bc5cbc59f9f79685c7853e60e3f0e084b24276d?s=96&d=mm&r=g\",\"contentUrl\":\"https:\/\/secure.gravatar.com\/avatar\/b665805ca9d0b765eb68d4309bc5cbc59f9f79685c7853e60e3f0e084b24276d?s=96&d=mm&r=g\",\"caption\":\"Martina Nairz\"}}]}<\/script>\n<!-- \/ Yoast SEO plugin. -->","yoast_head_json":{"title":"Le novit\u00e0 dell\u2019estate 2018 per escursionisti e mountain biker - Presse.Tirol","description":"Chi ama le vacanze attive, ama il Tirolo. E nel 2018 ci saranno alcuni motivi in pi\u00f9 per trascorrere i giorni pi\u00f9 belli dell\u2019anno in questa regione.","robots":{"index":"index","follow":"follow","max-snippet":"max-snippet:-1","max-image-preview":"max-image-preview:large","max-video-preview":"max-video-preview:-1"},"canonical":"https:\/\/presse.tirol.at\/it\/pr1044828-le-novita-dellestate-2018-per-escursionisti-e-mountain-biker\/88058\/","og_locale":"it_IT","og_type":"article","og_title":"Le novit\u00e0 dell\u2019estate 2018 per escursionisti e mountain biker - Presse.Tirol","og_description":"Chi ama le vacanze attive, ama il Tirolo. E nel 2018 ci saranno alcuni motivi in pi\u00f9 per trascorrere i giorni pi\u00f9 belli dell\u2019anno in questa regione.","og_url":"https:\/\/presse.tirol.at\/it\/pr1044828-le-novita-dellestate-2018-per-escursionisti-e-mountain-biker\/88058\/","og_site_name":"Presse.Tirol","article_published_time":"2018-02-16T09:02:10+00:00","article_modified_time":"2022-01-25T09:21:54+00:00","author":"Martina Nairz","twitter_card":"summary_large_image","twitter_misc":{"Scritto da":"Martina Nairz","Tempo di lettura stimato":"5 minutes","Written by":"Martina Nairz"},"schema":{"@context":"https:\/\/schema.org","@graph":[{"@type":"WebPage","@id":"https:\/\/presse.tirol.at\/it\/pr1044828-le-novita-dellestate-2018-per-escursionisti-e-mountain-biker\/88058\/","url":"https:\/\/presse.tirol.at\/it\/pr1044828-le-novita-dellestate-2018-per-escursionisti-e-mountain-biker\/88058\/","name":"Le novit\u00e0 dell\u2019estate 2018 per escursionisti e mountain biker - Presse.Tirol","isPartOf":{"@id":"https:\/\/presse.tirol.at\/it\/#website"},"datePublished":"2018-02-16T09:02:10+00:00","dateModified":"2022-01-25T09:21:54+00:00","author":{"@id":"https:\/\/presse.tirol.at\/it\/#\/schema\/person\/7a01d43ecdf024eeb61ea2a3d4edcdc3"},"description":"Chi ama le vacanze attive, ama il Tirolo. E nel 2018 ci saranno alcuni motivi in pi\u00f9 per trascorrere i giorni pi\u00f9 belli dell\u2019anno in questa regione.","inLanguage":"it-IT","potentialAction":[{"@type":"ReadAction","target":["https:\/\/presse.tirol.at\/it\/pr1044828-le-novita-dellestate-2018-per-escursionisti-e-mountain-biker\/88058\/"]}]},{"@type":"WebSite","@id":"https:\/\/presse.tirol.at\/it\/#website","url":"https:\/\/presse.tirol.at\/it\/","name":"Presse.Tirol","description":"Regionale Presseplattform der Tirol Werbung und den Tiroler Tourismusverb\u00e4nden","potentialAction":[{"@type":"SearchAction","target":{"@type":"EntryPoint","urlTemplate":"https:\/\/presse.tirol.at\/it\/?s={search_term_string}"},"query-input":{"@type":"PropertyValueSpecification","valueRequired":true,"valueName":"search_term_string"}}],"inLanguage":"it-IT"},{"@type":"Person","@id":"https:\/\/presse.tirol.at\/it\/#\/schema\/person\/7a01d43ecdf024eeb61ea2a3d4edcdc3","name":"Martina Nairz","image":{"@type":"ImageObject","inLanguage":"it-IT","@id":"https:\/\/presse.tirol.at\/it\/#\/schema\/person\/image\/b47273d486f1e6665f0c420330a009a6","url":"https:\/\/secure.gravatar.com\/avatar\/b665805ca9d0b765eb68d4309bc5cbc59f9f79685c7853e60e3f0e084b24276d?s=96&d=mm&r=g","contentUrl":"https:\/\/secure.gravatar.com\/avatar\/b665805ca9d0b765eb68d4309bc5cbc59f9f79685c7853e60e3f0e084b24276d?s=96&d=mm&r=g","caption":"Martina Nairz"}}]}},"publishpress_future_workflow_manual_trigger":{"enabledWorkflows":[]},"_links":{"self":[{"href":"https:\/\/presse.tirol.at\/it\/wp-json\/wp\/v2\/posts\/88058","targetHints":{"allow":["GET"]}}],"collection":[{"href":"https:\/\/presse.tirol.at\/it\/wp-json\/wp\/v2\/posts"}],"about":[{"href":"https:\/\/presse.tirol.at\/it\/wp-json\/wp\/v2\/types\/post"}],"author":[{"embeddable":true,"href":"https:\/\/presse.tirol.at\/it\/wp-json\/wp\/v2\/users\/17"}],"replies":[{"embeddable":true,"href":"https:\/\/presse.tirol.at\/it\/wp-json\/wp\/v2\/comments?post=88058"}],"version-history":[{"count":0,"href":"https:\/\/presse.tirol.at\/it\/wp-json\/wp\/v2\/posts\/88058\/revisions"}],"wp:attachment":[{"href":"https:\/\/presse.tirol.at\/it\/wp-json\/wp\/v2\/media?parent=88058"}],"wp:term":[{"taxonomy":"category","embeddable":true,"href":"https:\/\/presse.tirol.at\/it\/wp-json\/wp\/v2\/categories?post=88058"},{"taxonomy":"region","embeddable":true,"href":"https:\/\/presse.tirol.at\/it\/wp-json\/wp\/v2\/region?post=88058"},{"taxonomy":"author","embeddable":true,"href":"https:\/\/presse.tirol.at\/it\/wp-json\/wp\/v2\/coauthors?post=88058"}],"curies":[{"name":"wp","href":"https:\/\/api.w.org\/{rel}","templated":true}]}}