{"id":88543,"date":"2018-04-09T11:50:15","date_gmt":"2018-04-09T09:50:15","guid":{"rendered":"https:\/\/presse.tirol.at\/pr1083408-i-tour-di-piu-giornate-piu-suggestivi-per-le-mtb-elettriche\/88543\/"},"modified":"2022-01-25T10:17:36","modified_gmt":"2022-01-25T09:17:36","slug":"pr1083408-i-tour-di-piu-giornate-piu-suggestivi-per-le-mtb-elettriche","status":"publish","type":"post","link":"https:\/\/presse.tirol.at\/it\/pr1083408-i-tour-di-piu-giornate-piu-suggestivi-per-le-mtb-elettriche\/88543\/","title":{"rendered":"I tour di pi\u00f9 giornate pi\u00f9 suggestivi per le MTB elettriche"},"content":{"rendered":"\n<p class=\"intro\">Le mountain bike elettriche offrono un\u2019interessante alternativa alle mountain bike tradizionali, dato che permettono di ampliare enormemente il raggio d\u2019azione degli sportivi. Grazie alle lunghe distanze percorribili e all\u2019infrastruttura che va sempre migliorando, \u00e8 possibile programmare escursioni di pi\u00f9 giornate. Ecco a voi una panoramica sui percorsi pi\u00f9 belli per e-bike in Tirolo.\n<\/p>\n\n\n\n\n\n<p>I motori delle e-bike pi\u00f9 all\u2019avanguardia sono abbastanza potenti da affrontare tour di pi\u00f9 giornate con dislivelli di 1.000-1.400 metri e trainare eventualmente rimorchi su passaggi ripidi. In molte regioni del Tirolo, \u00e8 possibile noleggiare senza difficolt\u00e0 le biciclette e il numero delle baite di montagna che mettono a disposizione le prese della corrente per la ricarica cresce sempre di pi\u00f9. Le batterie possono essere ricaricate durante il tour, mentre ci si concede una pausa rifocillante o la sera presso l\u2019alloggio dove si pernotta utilizzando il proprio caricabatterie.<\/p>\n\n\n\n<h2 class=\"wp-block-heading\">Itinerario ad anello di Samnaun<\/h2>\n\n\n\n<p>Nel corso di quattro tappe attraverso il Silvretta, il gruppo del Sesvenna, le \u00d6tztaler Alpen e il gruppo del Samnaun, i mountain biker dotati di bici elettrica troveranno ad attenderli un terreno ibrido, sentieri ben strutturati e una natura fantastica. Un elemento di particolare interesse \u00e8 il percorso attraverso la Fimbatal, che porta a toccare il pittoresco laghetto Pardatschersee fino al confine con la Svizzera. L\u2019intero itinerario ha una lunghezza di 141 chilometri e pu\u00f2 essere suddiviso in quattro giornate. Lungo questo tour di media &#8211; elevata difficolt\u00e0 \u00e8 possibile ricaricare le batterie con il proprio caricabatterie in uno dei tanti accoglienti ristori. Punto di ristoro consigliato: il rifugio Heidelberger H\u00fctte a 2.264 m dispone di una cantina per biciclette con prese di corrente per la ricarica delle batterie.<\/p>\n\n\n\n<h2 class=\"wp-block-heading\">Il circuito dei tre Kaiser<\/h2>\n\n\n\n<p>Questo itinerario ad anello di quattro giornate porta attraverso l\u2019area naturale protetta del Kaisergebirge per 139 chilometri ed \u00e8 ideale per i principianti della e-MTB. Lungo il percorso s\u2019incontrano, uno dopo l\u2019altro, panorami incantevoli che invitano a intrattenersi come il pittoresco laghetto Pillersee. Una fermata per ricaricare la batteria nella localit\u00e0 barocca di Sankt Johann in Tirol \u00e8 una magnifica esperienza per gli e-biker che s\u2019interessano anche di cultura. Con il proprio caricabatterie \u00e8 possibile effettuare la ricarica nella maggior parte dei ristori. Punto di ristoro consigliato: il ristorante \u201cZur Schanz\u201d a Ebbs \u00e8 un\u2019osteria con service per e-bike e stazione di ricarica dove ci si pu\u00f2 rifocillare con specialit\u00e0 tirolesi.<\/p>\n\n\n\n\n\n<h2 class=\"wp-block-heading\">Itinerario dei rifugi ad anello nelle Lienzer Dolomiten<\/h2>\n\n\n\n<p>Questo itinerario ad anello di 4 giornate da percorrere con la e-bike parte dalla citt\u00e0 di Lienz, capoluogo dell\u2019Osttirol, e si snoda per 112 chilometri sulle alture delle catene montuose circostanti. Il mondo alpino dell\u2019Osttirol \u00e8 spettacolare e custodisce alcune delle vette pi\u00f9 alte di tutta l\u2019Austria. Le mete delle tappe giornaliere sono rifugi (gestiti dal Club Alpino) nei quali si possono ricaricare sia le batterie delle bici che le proprie forze. Punti di ristoro consigliati: il rifugio Lienzer H\u00fctte nella Debanttal \u00e8 uno dei pi\u00f9 belli di tutto l\u2019Osttirol. Altrettanto degno di nota \u00e8 il rifugio Dolomitenh\u00fctte al termine del tour, dove \u00e8 anche disponibile una postazione di ricarica per le e-bike.<\/p>\n\n\n\n<h2 class=\"wp-block-heading\"><strong>Itinerario ad anello di quattro giornate nel Karwendel<\/strong><\/h2>\n\n\n\n<p>Questo tour porta i mountain biker su e-bike per 112 chilometri da Kufstein intorno al massiccio del Karwendel. Con sentieri forestali e ghiaiosi, discese veloci e panorami incredibili questo tour \u00e8 una sfida per e-biker allenati. I paesaggi intorno all\u2019Achensee o il boschetto d\u2019aceri Ahornboden sulla Engalm regalano esperienze a contatto con la natura che restano indelebili nella memoria. Punti di ristoro consigliati: il rifugio Karwendelhaus a 1.765 metri di altitudine \u00e8 un punto d\u2019appoggio perfetto per gli e-biker. Presso l\u2019Arzler Alm \u00e8 possibile ricaricare la bici con il caricabatteria, facendo una pausa con vista panoramica su Innsbruck.<\/p>\n\n\n\n\n\n<h2 class=\"wp-block-heading\">Kitzb\u00fcheler Alpen Trail (KAT-Bike)<\/h2>\n\n\n\n<p>Un\u2019altra offerta del \u201cBike Trail Tirol\u201d \u00e8 rappresentata dal Kitzb\u00fcheler Alpen Trail che si snoda in varianti diverse attraverso quattro tappe per 180 chilometri. Con 1.000 chilometri di sentieri ciclabili, 89 punti di noleggio e 77 postazioni di ricambio delle batterie, la regione viene considerata come la destinazione prediletta dagli e-biker pi\u00f9 grande al mondo. Punti d\u2019interesse lungo il percorso sono il santuario di Mariastein, il lago Schwarzsee e la malga Harschbichlalm con magnifica vista sul Kitzb\u00fcheler Horn. Ideali per tour di pi\u00f9 giornate, sono le offerte speciali con trasporto bagagli. Un\u2019impresa di taxi vi precede e presso il vostro alloggio troverete ad aspettarvi abiti puliti e una cena succulenta. Si pernotta presso le localit\u00e0 delle tappe, ovvero, Mariastein, Hopfgarten, Brixen im Thale, Oberndorf e Fieberbrunn. Punto di ristoro consigliato: presso il ristorante tradizionale Fuchswirt nella Kelchsau \u00e8 possibile ricaricare le batterie con una postazione di ricarica.<\/p>\n\n\n\n<p><strong>Maggiori informazioni sulle mountain bike elettriche in Tirolo:<\/strong> <a href=\"https:\/\/www.tirolo.com\/attivita\/sport\/cicloturismo\/ebike\" target=\"_blank\" rel=\"noreferrer noopener\">www.tirolo.com\/ebike<\/a><\/p>\n","protected":false},"excerpt":{"rendered":"<p>Le mountain bike elettriche offrono un\u2019interessante alternativa alle mountain bike tradizionali. Ecco a voi una \u2026<\/p>\n","protected":false},"author":17,"featured_media":0,"comment_status":"closed","ping_status":"closed","sticky":false,"template":"","format":"standard","meta":{"_acf_changed":false,"footnotes":""},"categories":[1],"region":[109],"coauthors":[292],"class_list":["post-88543","post","type-post","status-publish","format-standard","hentry","category-unkategorisiert","region-tirol-werbung"],"acf":[],"yoast_head":"<!-- This site is optimized with the Yoast SEO plugin v25.1 - https:\/\/yoast.com\/wordpress\/plugins\/seo\/ -->\n<title>I tour di pi\u00f9 giornate pi\u00f9 suggestivi per le MTB elettriche - Presse.Tirol<\/title>\n<meta name=\"description\" content=\"Le mountain bike elettriche offrono un\u2019interessante alternativa alle mountain bike tradizionali. Ecco a voi una panoramica sui percorsi pi\u00f9 belli per e-bike in Tirolo.\" \/>\n<meta name=\"robots\" content=\"index, follow, max-snippet:-1, max-image-preview:large, max-video-preview:-1\" \/>\n<link rel=\"canonical\" href=\"https:\/\/presse.tirol.at\/it\/pr1083408-i-tour-di-piu-giornate-piu-suggestivi-per-le-mtb-elettriche\/88543\/\" \/>\n<meta property=\"og:locale\" content=\"it_IT\" \/>\n<meta property=\"og:type\" content=\"article\" \/>\n<meta property=\"og:title\" content=\"I tour di pi\u00f9 giornate pi\u00f9 suggestivi per le MTB elettriche - Presse.Tirol\" \/>\n<meta property=\"og:description\" content=\"Le mountain bike elettriche offrono un\u2019interessante alternativa alle mountain bike tradizionali. Ecco a voi una panoramica sui percorsi pi\u00f9 belli per e-bike in Tirolo.\" \/>\n<meta property=\"og:url\" content=\"https:\/\/presse.tirol.at\/it\/pr1083408-i-tour-di-piu-giornate-piu-suggestivi-per-le-mtb-elettriche\/88543\/\" \/>\n<meta property=\"og:site_name\" content=\"Presse.Tirol\" \/>\n<meta property=\"article:published_time\" content=\"2018-04-09T09:50:15+00:00\" \/>\n<meta property=\"article:modified_time\" content=\"2022-01-25T09:17:36+00:00\" \/>\n<meta name=\"author\" content=\"Martina Nairz\" \/>\n<meta name=\"twitter:card\" content=\"summary_large_image\" \/>\n<meta name=\"twitter:label1\" content=\"Scritto da\" \/>\n\t<meta name=\"twitter:data1\" content=\"Martina Nairz\" \/>\n\t<meta name=\"twitter:label2\" content=\"Tempo di lettura stimato\" \/>\n\t<meta name=\"twitter:data2\" content=\"5 minutes\" \/>\n\t<meta name=\"twitter:label3\" content=\"Written by\" \/>\n\t<meta name=\"twitter:data3\" content=\"Martina Nairz\" \/>\n<script type=\"application\/ld+json\" class=\"yoast-schema-graph\">{\"@context\":\"https:\/\/schema.org\",\"@graph\":[{\"@type\":\"WebPage\",\"@id\":\"https:\/\/presse.tirol.at\/it\/pr1083408-i-tour-di-piu-giornate-piu-suggestivi-per-le-mtb-elettriche\/88543\/\",\"url\":\"https:\/\/presse.tirol.at\/it\/pr1083408-i-tour-di-piu-giornate-piu-suggestivi-per-le-mtb-elettriche\/88543\/\",\"name\":\"I tour di pi\u00f9 giornate pi\u00f9 suggestivi per le MTB elettriche - Presse.Tirol\",\"isPartOf\":{\"@id\":\"https:\/\/presse.tirol.at\/it\/#website\"},\"datePublished\":\"2018-04-09T09:50:15+00:00\",\"dateModified\":\"2022-01-25T09:17:36+00:00\",\"author\":{\"@id\":\"https:\/\/presse.tirol.at\/it\/#\/schema\/person\/7a01d43ecdf024eeb61ea2a3d4edcdc3\"},\"description\":\"Le mountain bike elettriche offrono un\u2019interessante alternativa alle mountain bike tradizionali. Ecco a voi una panoramica sui percorsi pi\u00f9 belli per e-bike in Tirolo.\",\"inLanguage\":\"it-IT\",\"potentialAction\":[{\"@type\":\"ReadAction\",\"target\":[\"https:\/\/presse.tirol.at\/it\/pr1083408-i-tour-di-piu-giornate-piu-suggestivi-per-le-mtb-elettriche\/88543\/\"]}]},{\"@type\":\"WebSite\",\"@id\":\"https:\/\/presse.tirol.at\/it\/#website\",\"url\":\"https:\/\/presse.tirol.at\/it\/\",\"name\":\"Presse.Tirol\",\"description\":\"Regionale Presseplattform der Tirol Werbung und den Tiroler Tourismusverb\u00e4nden\",\"potentialAction\":[{\"@type\":\"SearchAction\",\"target\":{\"@type\":\"EntryPoint\",\"urlTemplate\":\"https:\/\/presse.tirol.at\/it\/?s={search_term_string}\"},\"query-input\":{\"@type\":\"PropertyValueSpecification\",\"valueRequired\":true,\"valueName\":\"search_term_string\"}}],\"inLanguage\":\"it-IT\"},{\"@type\":\"Person\",\"@id\":\"https:\/\/presse.tirol.at\/it\/#\/schema\/person\/7a01d43ecdf024eeb61ea2a3d4edcdc3\",\"name\":\"Martina Nairz\",\"image\":{\"@type\":\"ImageObject\",\"inLanguage\":\"it-IT\",\"@id\":\"https:\/\/presse.tirol.at\/it\/#\/schema\/person\/image\/b47273d486f1e6665f0c420330a009a6\",\"url\":\"https:\/\/secure.gravatar.com\/avatar\/b665805ca9d0b765eb68d4309bc5cbc59f9f79685c7853e60e3f0e084b24276d?s=96&d=mm&r=g\",\"contentUrl\":\"https:\/\/secure.gravatar.com\/avatar\/b665805ca9d0b765eb68d4309bc5cbc59f9f79685c7853e60e3f0e084b24276d?s=96&d=mm&r=g\",\"caption\":\"Martina Nairz\"}}]}<\/script>\n<!-- \/ Yoast SEO plugin. -->","yoast_head_json":{"title":"I tour di pi\u00f9 giornate pi\u00f9 suggestivi per le MTB elettriche - Presse.Tirol","description":"Le mountain bike elettriche offrono un\u2019interessante alternativa alle mountain bike tradizionali. Ecco a voi una panoramica sui percorsi pi\u00f9 belli per e-bike in Tirolo.","robots":{"index":"index","follow":"follow","max-snippet":"max-snippet:-1","max-image-preview":"max-image-preview:large","max-video-preview":"max-video-preview:-1"},"canonical":"https:\/\/presse.tirol.at\/it\/pr1083408-i-tour-di-piu-giornate-piu-suggestivi-per-le-mtb-elettriche\/88543\/","og_locale":"it_IT","og_type":"article","og_title":"I tour di pi\u00f9 giornate pi\u00f9 suggestivi per le MTB elettriche - Presse.Tirol","og_description":"Le mountain bike elettriche offrono un\u2019interessante alternativa alle mountain bike tradizionali. Ecco a voi una panoramica sui percorsi pi\u00f9 belli per e-bike in Tirolo.","og_url":"https:\/\/presse.tirol.at\/it\/pr1083408-i-tour-di-piu-giornate-piu-suggestivi-per-le-mtb-elettriche\/88543\/","og_site_name":"Presse.Tirol","article_published_time":"2018-04-09T09:50:15+00:00","article_modified_time":"2022-01-25T09:17:36+00:00","author":"Martina Nairz","twitter_card":"summary_large_image","twitter_misc":{"Scritto da":"Martina Nairz","Tempo di lettura stimato":"5 minutes","Written by":"Martina Nairz"},"schema":{"@context":"https:\/\/schema.org","@graph":[{"@type":"WebPage","@id":"https:\/\/presse.tirol.at\/it\/pr1083408-i-tour-di-piu-giornate-piu-suggestivi-per-le-mtb-elettriche\/88543\/","url":"https:\/\/presse.tirol.at\/it\/pr1083408-i-tour-di-piu-giornate-piu-suggestivi-per-le-mtb-elettriche\/88543\/","name":"I tour di pi\u00f9 giornate pi\u00f9 suggestivi per le MTB elettriche - Presse.Tirol","isPartOf":{"@id":"https:\/\/presse.tirol.at\/it\/#website"},"datePublished":"2018-04-09T09:50:15+00:00","dateModified":"2022-01-25T09:17:36+00:00","author":{"@id":"https:\/\/presse.tirol.at\/it\/#\/schema\/person\/7a01d43ecdf024eeb61ea2a3d4edcdc3"},"description":"Le mountain bike elettriche offrono un\u2019interessante alternativa alle mountain bike tradizionali. Ecco a voi una panoramica sui percorsi pi\u00f9 belli per e-bike in Tirolo.","inLanguage":"it-IT","potentialAction":[{"@type":"ReadAction","target":["https:\/\/presse.tirol.at\/it\/pr1083408-i-tour-di-piu-giornate-piu-suggestivi-per-le-mtb-elettriche\/88543\/"]}]},{"@type":"WebSite","@id":"https:\/\/presse.tirol.at\/it\/#website","url":"https:\/\/presse.tirol.at\/it\/","name":"Presse.Tirol","description":"Regionale Presseplattform der Tirol Werbung und den Tiroler Tourismusverb\u00e4nden","potentialAction":[{"@type":"SearchAction","target":{"@type":"EntryPoint","urlTemplate":"https:\/\/presse.tirol.at\/it\/?s={search_term_string}"},"query-input":{"@type":"PropertyValueSpecification","valueRequired":true,"valueName":"search_term_string"}}],"inLanguage":"it-IT"},{"@type":"Person","@id":"https:\/\/presse.tirol.at\/it\/#\/schema\/person\/7a01d43ecdf024eeb61ea2a3d4edcdc3","name":"Martina Nairz","image":{"@type":"ImageObject","inLanguage":"it-IT","@id":"https:\/\/presse.tirol.at\/it\/#\/schema\/person\/image\/b47273d486f1e6665f0c420330a009a6","url":"https:\/\/secure.gravatar.com\/avatar\/b665805ca9d0b765eb68d4309bc5cbc59f9f79685c7853e60e3f0e084b24276d?s=96&d=mm&r=g","contentUrl":"https:\/\/secure.gravatar.com\/avatar\/b665805ca9d0b765eb68d4309bc5cbc59f9f79685c7853e60e3f0e084b24276d?s=96&d=mm&r=g","caption":"Martina Nairz"}}]}},"publishpress_future_workflow_manual_trigger":{"enabledWorkflows":[]},"_links":{"self":[{"href":"https:\/\/presse.tirol.at\/it\/wp-json\/wp\/v2\/posts\/88543","targetHints":{"allow":["GET"]}}],"collection":[{"href":"https:\/\/presse.tirol.at\/it\/wp-json\/wp\/v2\/posts"}],"about":[{"href":"https:\/\/presse.tirol.at\/it\/wp-json\/wp\/v2\/types\/post"}],"author":[{"embeddable":true,"href":"https:\/\/presse.tirol.at\/it\/wp-json\/wp\/v2\/users\/17"}],"replies":[{"embeddable":true,"href":"https:\/\/presse.tirol.at\/it\/wp-json\/wp\/v2\/comments?post=88543"}],"version-history":[{"count":0,"href":"https:\/\/presse.tirol.at\/it\/wp-json\/wp\/v2\/posts\/88543\/revisions"}],"wp:attachment":[{"href":"https:\/\/presse.tirol.at\/it\/wp-json\/wp\/v2\/media?parent=88543"}],"wp:term":[{"taxonomy":"category","embeddable":true,"href":"https:\/\/presse.tirol.at\/it\/wp-json\/wp\/v2\/categories?post=88543"},{"taxonomy":"region","embeddable":true,"href":"https:\/\/presse.tirol.at\/it\/wp-json\/wp\/v2\/region?post=88543"},{"taxonomy":"author","embeddable":true,"href":"https:\/\/presse.tirol.at\/it\/wp-json\/wp\/v2\/coauthors?post=88543"}],"curies":[{"name":"wp","href":"https:\/\/api.w.org\/{rel}","templated":true}]}}