{"id":88978,"date":"2018-05-28T11:07:11","date_gmt":"2018-05-28T09:07:11","guid":{"rendered":"https:\/\/presse.tirol.at\/pr1101215-durante-la-nove-colli-mario-cipollini-fa-propaganda-per-i-mondiali-di-ciclismo-uci-2018\/88978\/"},"modified":"2022-01-25T10:18:29","modified_gmt":"2022-01-25T09:18:29","slug":"pr1101215-durante-la-nove-colli-mario-cipollini-fa-propaganda-per-i-mondiali-di-ciclismo-uci-2018","status":"publish","type":"post","link":"https:\/\/presse.tirol.at\/it\/pr1101215-durante-la-nove-colli-mario-cipollini-fa-propaganda-per-i-mondiali-di-ciclismo-uci-2018\/88978\/","title":{"rendered":"Durante la Nove Colli Mario Cipollini fa propaganda per i mondiali di ciclismo UCI 2018"},"content":{"rendered":"\n<p class=\"intro\">Domenica 20 maggio 2018 la gara su e gi\u00f9 per \u201cnove colli\u201d &#8211; la gara Nove Colli aperta a tutti \u2013 ha attratto a Cesenatico, nella regione Emilia Romagna, oltre 12.000 stradisti amatoriali. Partecipavano il testimonial dei mondiali Mario \u201cSupermario\u201d Cipollini e il team tirolese Gran Fondo Team Tirol, che hanno fatto propaganda per i mondiali di ciclismo UCI 2018 a Innsbruck-Tirol.<\/p>\n\n\n\n\n\n<p>L&#8217;ex campione mondiale e star del ciclismo italiano Mario Cipollini domenica mattina alle 6 in punto ha puntualmente fatto il tifo alla partenza per gli oltre 12.000 partecipanti della Nove Colli. Cipollini \u00e8 stato presentato per la prima volta come testimonial dei mondiali nell&#8217;ambito di una conferenza stampa a Milano. \u201cSono molto contento dei mondiali e trovo che i tirolesi hanno pensato qualcosa di veramente straordinario con questo percorso. Sono spesso in giro per il Tirolo e torno ad ammirare il&nbsp; modo professionale e appassionato in cui organizzano i mega eventi, come per esempio la gara sciistica dell&#8217;Hahnenkamm\u201d, dice Cipollini.<\/p>\n\n\n\n<h2 class=\"wp-block-heading\">I Tirolesi alla partenza in Italia<\/h2>\n\n\n\n<p>Hanno partecipato alla gara il Gran Fondo Team Tirol, l&#8217;ambasciatore dei mondiali Thomas Rohregger e la responsabile comunicazione dei mondiali Esther Wilhelm. Accompagnati da tre fortunati vincitori che sono stati estratti con la collaborazione di Cicloturismo, la pi\u00f9 grande rivista ciclistica d&#8217;Italia. \u201cL&#8217;entusiasmo per il ciclismo in Italia \u00e8 incredibile e gli italiani vedono i mondiali di ciclismo a Innsbruck come una \u201cpartita in casa\u201d. Tutti sono contentissimi e vogliono venire a fare il tifo ai loro campioni Aru, Pozzovivo e Nibali\u201d, dice Wilhelm.<\/p>\n\n\n\n\n\n<p>La Nove Colli, una delle pi\u00f9 tradizionali e pi\u00f9 grandi gare ciclistiche aperte a tutti in Europa, \u00e8 gi\u00e0 alla 48ma edizione. Il luogo di partenza \u00e8 Cesenatico, il luogo d&#8217;origine della leggenda italiana del ciclismo Marco Pantani. Il fatto che i posti ai blocchi di partenza siano andati esauriti in 3 minuti e 25 secondi dimostra la popolarit\u00e0 della gara. Ci sono due percorsi con un grado di difficolt\u00e0 diverso. Nella gara pi\u00f9 difficile si devono superare 205 chilometri e quasi 4.000 metri di dislivello su un percorso collinoso \u2013 una vera sfida anche per gli atleti pi\u00f9 allenati. Andrea Manusia, Coordinatore BIKE dell&#8217;Emilia Romagna, vede somiglianze con i prossimi mondiali: \u201cDurante la Nove Colli gli amatoriali devono conquistare nove colli, durante i mondiali l&#8217;\u00e9lite maschile deve compiere il percorso olimpico ben sette volte. La sfida personale \u00e8 pi\u00f9 meno uguale per tutte e due le gare.\u201d<\/p>\n\n\n\n<h2 class=\"wp-block-heading\">Il piacere dell&#8217;attesa ai mondiali di ciclismo UCI 2018<\/h2>\n\n\n\n<p>Gi\u00e0 la sera prima della gara ha avuto luogo un \u201cMeet &amp; Greet\u201d con il testimonial dei mondiali Mario Cipollini, rappresentanti della regione Emilia-Romagna e dei media internazionali. Il tema sono stati soprattutto i mondiali di ciclismo UCI 2018, che avranno luogo dal 22 al 30 settembre a Innsbruck-Tirol. Una cosa \u00e8 chiara: il pubblico internazionale della bici da corsa non vede l&#8217;ora che comincino&nbsp; i mondiali a Innsbruck-Tirol.<\/p>\n\n\n\n\n\n<p><strong>Maggiori informazioni sui Campionati mondiali di Ciclismo 2018: <\/strong><a href=\"http:\/\/www.tirolo.com\/e-campionato-mondiale-di-ciclismo-uci-2018\" target=\"_blank\" rel=\"noopener noreferrer\"><em>www.tirolo.com\/e-campionato-mondiale-di-ciclismo-uci-2018<\/em><\/a><\/p>\n","protected":false},"excerpt":{"rendered":"<p>Mario Cipollini e il team tirolese Gran Fondo Team Tirol partecipavano alla gara Nove Colli.<\/p>\n","protected":false},"author":17,"featured_media":0,"comment_status":"closed","ping_status":"closed","sticky":false,"template":"","format":"standard","meta":{"_acf_changed":false,"footnotes":""},"categories":[267],"region":[109],"coauthors":[292],"class_list":["post-88978","post","type-post","status-publish","format-standard","hentry","category-bici-da-corsa-in-tirolo","region-tirol-werbung"],"acf":[],"yoast_head":"<!-- This site is optimized with the Yoast SEO plugin v25.1 - https:\/\/yoast.com\/wordpress\/plugins\/seo\/ -->\n<title>Durante la Nove Colli Mario Cipollini fa propaganda per i mondiali di ciclismo UCI 2018 - Presse.Tirol<\/title>\n<meta name=\"description\" content=\"Il 20 maggio 2018 la gara Nove Colli aperta a tutti. Partecipavano il testimonial dei mondiali Mario Cipollini e il team tirolese Gran Fondo Team Tirol, che hanno fatto propaganda per i mondiali di ciclismo UCI 2018 a Innsbruck-Tirol.\" \/>\n<meta name=\"robots\" content=\"index, follow, max-snippet:-1, max-image-preview:large, max-video-preview:-1\" \/>\n<link rel=\"canonical\" href=\"https:\/\/presse.tirol.at\/it\/pr1101215-durante-la-nove-colli-mario-cipollini-fa-propaganda-per-i-mondiali-di-ciclismo-uci-2018\/88978\/\" \/>\n<meta property=\"og:locale\" content=\"it_IT\" \/>\n<meta property=\"og:type\" content=\"article\" \/>\n<meta property=\"og:title\" content=\"Durante la Nove Colli Mario Cipollini fa propaganda per i mondiali di ciclismo UCI 2018 - Presse.Tirol\" \/>\n<meta property=\"og:description\" content=\"Il 20 maggio 2018 la gara Nove Colli aperta a tutti. Partecipavano il testimonial dei mondiali Mario Cipollini e il team tirolese Gran Fondo Team Tirol, che hanno fatto propaganda per i mondiali di ciclismo UCI 2018 a Innsbruck-Tirol.\" \/>\n<meta property=\"og:url\" content=\"https:\/\/presse.tirol.at\/it\/pr1101215-durante-la-nove-colli-mario-cipollini-fa-propaganda-per-i-mondiali-di-ciclismo-uci-2018\/88978\/\" \/>\n<meta property=\"og:site_name\" content=\"Presse.Tirol\" \/>\n<meta property=\"article:published_time\" content=\"2018-05-28T09:07:11+00:00\" \/>\n<meta property=\"article:modified_time\" content=\"2022-01-25T09:18:29+00:00\" \/>\n<meta name=\"author\" content=\"Martina Nairz\" \/>\n<meta name=\"twitter:card\" content=\"summary_large_image\" \/>\n<meta name=\"twitter:label1\" content=\"Scritto da\" \/>\n\t<meta name=\"twitter:data1\" content=\"Martina Nairz\" \/>\n\t<meta name=\"twitter:label2\" content=\"Tempo di lettura stimato\" \/>\n\t<meta name=\"twitter:data2\" content=\"3 minutes\" \/>\n\t<meta name=\"twitter:label3\" content=\"Written by\" \/>\n\t<meta name=\"twitter:data3\" content=\"Martina Nairz\" \/>\n<script type=\"application\/ld+json\" class=\"yoast-schema-graph\">{\"@context\":\"https:\/\/schema.org\",\"@graph\":[{\"@type\":\"WebPage\",\"@id\":\"https:\/\/presse.tirol.at\/it\/pr1101215-durante-la-nove-colli-mario-cipollini-fa-propaganda-per-i-mondiali-di-ciclismo-uci-2018\/88978\/\",\"url\":\"https:\/\/presse.tirol.at\/it\/pr1101215-durante-la-nove-colli-mario-cipollini-fa-propaganda-per-i-mondiali-di-ciclismo-uci-2018\/88978\/\",\"name\":\"Durante la Nove Colli Mario Cipollini fa propaganda per i mondiali di ciclismo UCI 2018 - Presse.Tirol\",\"isPartOf\":{\"@id\":\"https:\/\/presse.tirol.at\/it\/#website\"},\"datePublished\":\"2018-05-28T09:07:11+00:00\",\"dateModified\":\"2022-01-25T09:18:29+00:00\",\"author\":{\"@id\":\"https:\/\/presse.tirol.at\/it\/#\/schema\/person\/7a01d43ecdf024eeb61ea2a3d4edcdc3\"},\"description\":\"Il 20 maggio 2018 la gara Nove Colli aperta a tutti. Partecipavano il testimonial dei mondiali Mario Cipollini e il team tirolese Gran Fondo Team Tirol, che hanno fatto propaganda per i mondiali di ciclismo UCI 2018 a Innsbruck-Tirol.\",\"inLanguage\":\"it-IT\",\"potentialAction\":[{\"@type\":\"ReadAction\",\"target\":[\"https:\/\/presse.tirol.at\/it\/pr1101215-durante-la-nove-colli-mario-cipollini-fa-propaganda-per-i-mondiali-di-ciclismo-uci-2018\/88978\/\"]}]},{\"@type\":\"WebSite\",\"@id\":\"https:\/\/presse.tirol.at\/it\/#website\",\"url\":\"https:\/\/presse.tirol.at\/it\/\",\"name\":\"Presse.Tirol\",\"description\":\"Regionale Presseplattform der Tirol Werbung und den Tiroler Tourismusverb\u00e4nden\",\"potentialAction\":[{\"@type\":\"SearchAction\",\"target\":{\"@type\":\"EntryPoint\",\"urlTemplate\":\"https:\/\/presse.tirol.at\/it\/?s={search_term_string}\"},\"query-input\":{\"@type\":\"PropertyValueSpecification\",\"valueRequired\":true,\"valueName\":\"search_term_string\"}}],\"inLanguage\":\"it-IT\"},{\"@type\":\"Person\",\"@id\":\"https:\/\/presse.tirol.at\/it\/#\/schema\/person\/7a01d43ecdf024eeb61ea2a3d4edcdc3\",\"name\":\"Martina Nairz\",\"image\":{\"@type\":\"ImageObject\",\"inLanguage\":\"it-IT\",\"@id\":\"https:\/\/presse.tirol.at\/it\/#\/schema\/person\/image\/b47273d486f1e6665f0c420330a009a6\",\"url\":\"https:\/\/secure.gravatar.com\/avatar\/b665805ca9d0b765eb68d4309bc5cbc59f9f79685c7853e60e3f0e084b24276d?s=96&d=mm&r=g\",\"contentUrl\":\"https:\/\/secure.gravatar.com\/avatar\/b665805ca9d0b765eb68d4309bc5cbc59f9f79685c7853e60e3f0e084b24276d?s=96&d=mm&r=g\",\"caption\":\"Martina Nairz\"}}]}<\/script>\n<!-- \/ Yoast SEO plugin. -->","yoast_head_json":{"title":"Durante la Nove Colli Mario Cipollini fa propaganda per i mondiali di ciclismo UCI 2018 - Presse.Tirol","description":"Il 20 maggio 2018 la gara Nove Colli aperta a tutti. Partecipavano il testimonial dei mondiali Mario Cipollini e il team tirolese Gran Fondo Team Tirol, che hanno fatto propaganda per i mondiali di ciclismo UCI 2018 a Innsbruck-Tirol.","robots":{"index":"index","follow":"follow","max-snippet":"max-snippet:-1","max-image-preview":"max-image-preview:large","max-video-preview":"max-video-preview:-1"},"canonical":"https:\/\/presse.tirol.at\/it\/pr1101215-durante-la-nove-colli-mario-cipollini-fa-propaganda-per-i-mondiali-di-ciclismo-uci-2018\/88978\/","og_locale":"it_IT","og_type":"article","og_title":"Durante la Nove Colli Mario Cipollini fa propaganda per i mondiali di ciclismo UCI 2018 - Presse.Tirol","og_description":"Il 20 maggio 2018 la gara Nove Colli aperta a tutti. Partecipavano il testimonial dei mondiali Mario Cipollini e il team tirolese Gran Fondo Team Tirol, che hanno fatto propaganda per i mondiali di ciclismo UCI 2018 a Innsbruck-Tirol.","og_url":"https:\/\/presse.tirol.at\/it\/pr1101215-durante-la-nove-colli-mario-cipollini-fa-propaganda-per-i-mondiali-di-ciclismo-uci-2018\/88978\/","og_site_name":"Presse.Tirol","article_published_time":"2018-05-28T09:07:11+00:00","article_modified_time":"2022-01-25T09:18:29+00:00","author":"Martina Nairz","twitter_card":"summary_large_image","twitter_misc":{"Scritto da":"Martina Nairz","Tempo di lettura stimato":"3 minutes","Written by":"Martina Nairz"},"schema":{"@context":"https:\/\/schema.org","@graph":[{"@type":"WebPage","@id":"https:\/\/presse.tirol.at\/it\/pr1101215-durante-la-nove-colli-mario-cipollini-fa-propaganda-per-i-mondiali-di-ciclismo-uci-2018\/88978\/","url":"https:\/\/presse.tirol.at\/it\/pr1101215-durante-la-nove-colli-mario-cipollini-fa-propaganda-per-i-mondiali-di-ciclismo-uci-2018\/88978\/","name":"Durante la Nove Colli Mario Cipollini fa propaganda per i mondiali di ciclismo UCI 2018 - Presse.Tirol","isPartOf":{"@id":"https:\/\/presse.tirol.at\/it\/#website"},"datePublished":"2018-05-28T09:07:11+00:00","dateModified":"2022-01-25T09:18:29+00:00","author":{"@id":"https:\/\/presse.tirol.at\/it\/#\/schema\/person\/7a01d43ecdf024eeb61ea2a3d4edcdc3"},"description":"Il 20 maggio 2018 la gara Nove Colli aperta a tutti. Partecipavano il testimonial dei mondiali Mario Cipollini e il team tirolese Gran Fondo Team Tirol, che hanno fatto propaganda per i mondiali di ciclismo UCI 2018 a Innsbruck-Tirol.","inLanguage":"it-IT","potentialAction":[{"@type":"ReadAction","target":["https:\/\/presse.tirol.at\/it\/pr1101215-durante-la-nove-colli-mario-cipollini-fa-propaganda-per-i-mondiali-di-ciclismo-uci-2018\/88978\/"]}]},{"@type":"WebSite","@id":"https:\/\/presse.tirol.at\/it\/#website","url":"https:\/\/presse.tirol.at\/it\/","name":"Presse.Tirol","description":"Regionale Presseplattform der Tirol Werbung und den Tiroler Tourismusverb\u00e4nden","potentialAction":[{"@type":"SearchAction","target":{"@type":"EntryPoint","urlTemplate":"https:\/\/presse.tirol.at\/it\/?s={search_term_string}"},"query-input":{"@type":"PropertyValueSpecification","valueRequired":true,"valueName":"search_term_string"}}],"inLanguage":"it-IT"},{"@type":"Person","@id":"https:\/\/presse.tirol.at\/it\/#\/schema\/person\/7a01d43ecdf024eeb61ea2a3d4edcdc3","name":"Martina Nairz","image":{"@type":"ImageObject","inLanguage":"it-IT","@id":"https:\/\/presse.tirol.at\/it\/#\/schema\/person\/image\/b47273d486f1e6665f0c420330a009a6","url":"https:\/\/secure.gravatar.com\/avatar\/b665805ca9d0b765eb68d4309bc5cbc59f9f79685c7853e60e3f0e084b24276d?s=96&d=mm&r=g","contentUrl":"https:\/\/secure.gravatar.com\/avatar\/b665805ca9d0b765eb68d4309bc5cbc59f9f79685c7853e60e3f0e084b24276d?s=96&d=mm&r=g","caption":"Martina Nairz"}}]}},"publishpress_future_workflow_manual_trigger":{"enabledWorkflows":[]},"_links":{"self":[{"href":"https:\/\/presse.tirol.at\/it\/wp-json\/wp\/v2\/posts\/88978","targetHints":{"allow":["GET"]}}],"collection":[{"href":"https:\/\/presse.tirol.at\/it\/wp-json\/wp\/v2\/posts"}],"about":[{"href":"https:\/\/presse.tirol.at\/it\/wp-json\/wp\/v2\/types\/post"}],"author":[{"embeddable":true,"href":"https:\/\/presse.tirol.at\/it\/wp-json\/wp\/v2\/users\/17"}],"replies":[{"embeddable":true,"href":"https:\/\/presse.tirol.at\/it\/wp-json\/wp\/v2\/comments?post=88978"}],"version-history":[{"count":0,"href":"https:\/\/presse.tirol.at\/it\/wp-json\/wp\/v2\/posts\/88978\/revisions"}],"wp:attachment":[{"href":"https:\/\/presse.tirol.at\/it\/wp-json\/wp\/v2\/media?parent=88978"}],"wp:term":[{"taxonomy":"category","embeddable":true,"href":"https:\/\/presse.tirol.at\/it\/wp-json\/wp\/v2\/categories?post=88978"},{"taxonomy":"region","embeddable":true,"href":"https:\/\/presse.tirol.at\/it\/wp-json\/wp\/v2\/region?post=88978"},{"taxonomy":"author","embeddable":true,"href":"https:\/\/presse.tirol.at\/it\/wp-json\/wp\/v2\/coauthors?post=88978"}],"curies":[{"name":"wp","href":"https:\/\/api.w.org\/{rel}","templated":true}]}}