{"id":89470,"date":"2018-08-17T10:31:20","date_gmt":"2018-08-17T08:31:20","guid":{"rendered":"https:\/\/presse.tirol.at\/pr1113719-novita-dai-comprensori-sciistici-tirolesi-per-linverno-2018-19\/89470\/"},"modified":"2024-10-24T16:23:16","modified_gmt":"2024-10-24T14:23:16","slug":"pr1113719-novita-dai-comprensori-sciistici-tirolesi-per-linverno-2018-19","status":"publish","type":"post","link":"https:\/\/presse.tirol.at\/it\/pr1113719-novita-dai-comprensori-sciistici-tirolesi-per-linverno-2018-19\/89470\/","title":{"rendered":"Novit\u00e0 dai comprensori sciistici tirolesi per l&#8217;inverno 2018\/19"},"content":{"rendered":"\n<p class=\"intro\">Il Tirolo \u00e8 la regione per eccellenza degli sport invernali nelle Alpi. Per mantenere alto questo prestigioso status, \u00e8 necessario realizzare regolarmente investimenti infrastrutturali. Gli impianti a fune del Tirolo mirano ad assicurare un rapporto equilibrato tra natura e inclusione turistica. Ecco a voi una panoramica sulle pi\u00f9 importanti novit\u00e0.<\/p>\n\n\n\n<p><strong>1. Ischgl investe 25 milioni di euro nel comprensorio sciistico<\/strong><\/p>\n\n\n\n<p>L\u2019impianto di risalita Gampenbahn, realizzato nel 1988, verr\u00e0 rimosso e sostituito da una seggiovia a 6 posti con stazione a valle a 1.924 m e stazione a monte a 2.848 m di quota. Il nuovo impianto sar\u00e0 in grado di trasportare 2.800 passeggeri all\u2019ora. Il dislivello di pi\u00f9 di 900 metri costituisce un primato mondiale per un impianto di questo genere. Inoltre, nei pressi dell\u2019area servita dalla seggiovia, verranno realizzati due nuovi ristoranti.<\/p>\n\n\n\n<p><strong>2. Due nuovi impianti di risalita a Kitzb\u00fchel<\/strong><\/p>\n\n\n\n<p>L\u20198 dicembre 2018, a Kitzb\u00fchel, entreranno in funzione due nuovi impianti di risalita che si trovano all\u2019interno dell\u2019area dell\u2019attuale comprensorio. Il volume degli investimenti, incluso l\u2019ampliamento dell\u2019impianto di innevamento, si aggira sui 17 milioni di euro. La capacit\u00e0 di trasporto dei nuovi impianti risponde al crescente interesse per il Kitzb\u00fcheler Horn. Tuttavia, si presta attenzione a non sovraccaricare troppo la regione, in modo tale che resti un tranquillo comprensorio sciistico adatto alle famiglie.<\/p>\n\n\n\n<p>L\u2019impianto denominato \u201c6SB Brunelle\u201d dispone di stabilizzatori speciali contro il vento che riducono ad un minimo l\u2019impatto del vento. Questo nuovo impianto sar\u00e0 dotato di sedili riscaldati, protezione anti-intemperie, sedute rivestite in vera pelle e barra di chiusura bloccabile meccanica.<\/p>\n\n\n\n<p>La stazione a valle dell\u2019impianto \u201cComfortline S 10EUB Raintal\u201d sar\u00e0 allestita ad un&#8217;altitudine di 1.460 m. Le cabine a 10 posti offrono una nuova dimensione del comfort e riducono drasticamente il tempo di percorrenza da 11,7 a 3,6 minuti.<\/p>\n\n\n\n<p>Le stazioni a valle e a monte sono progettate con scandole, cemento e vetro per inserire armoniosamente le strutture architettoniche nel paesaggio.<\/p>\n\n\n\n<p><strong>3. Mayrhofen investe 18 milioni di euro<\/strong><\/p>\n\n\n\n<p>Nel dicembre 2018, una nuova funivia monofune con movimento unidirezionale a 10 posti sar\u00e0 inaugurata all\u2019interno del comprensorio sciistico di Mayrhofen sul monte Penken. Questo impianto va a completare il collegamento tra la frazione di M\u00f6sl e l\u2019impianto Horbergbahn. Inoltre, verranno investiti altri 2,7 milioni di euro nella realizzazione di nuove piste per offrire agli appassionati di sport invernali altri due chilometri di piste su un\u2019area di sei ettari.<\/p>\n\n\n\n<p>Un\u2019altra novit\u00e0 di Mayrhofen, sar\u00e0 il tratto \u201cSki-Movie\u201d, dove gli sportivi si potranno far filmare durante la discesa per scaricare poi il video da Internet.<\/p>\n\n\n\n<p><strong>4. Altri investimenti nelle infrastrutture<\/strong><\/p>\n\n\n\n<p>Nel dicembre del 2018, nella <strong>Zillertal Arena<\/strong> \u00e8 in programma l\u2019apertura della nuova seggiovia a 6 posti Larmarch che, dotata di protezione anti-intemperie e sedili riscaldati, \u00e8 in grado di trasportare 2.800 persone all\u2019ora.<\/p>\n\n\n\n<p>Gli impianti di risalita <strong>Bergbahnen Hochgurgl<\/strong> stanno attualmente costruendo la seconda sezione dell\u2019impianto Kirchenkarbahn che dovr\u00e0 entrare in funzione nel corso dell\u2019inverno 2018\/19. Questo impianto ha una capacit\u00e0 di trasporto di 2.400 persone all\u2019ora e una velocit\u00e0 di circa 5 metri al secondo.<\/p>\n\n\n\n<p>Il vecchio impianto<strong> Glungezerbahn<\/strong> a <strong>Tulfes,<\/strong> nella regione Hall-Wattens, ha raggiunto i 50 anni di attivit\u00e0 e sar\u00e0 sostituito da una nuova funivia con movimento unidirezionale a 10 posti che trasporter\u00e0 1.000 persone all\u2019ora. I lavori di costruzione dovrebbero durare da met\u00e0 luglio al 15 dicembre 2018, giornata di apertura della stagione invernale del comprensorio.<\/p>\n\n\n\n<p><strong>Seefeld: <\/strong>L\u2019impianto <strong>Jochbahn <\/strong>presso la Rossh\u00fctte \u00e8 in fase di riadattamento e sar\u00e0 migliorato per ottenere una capacit\u00e0 di trasporto e una frequenza adatte agli standard moderni. L\u2019apertura \u00e8 prevista per il 23 dicembre 2018.<\/p>\n\n\n\n<p><strong>5. Nuovo skipass per pi\u00f9 aree nella Pitztal<\/strong><\/p>\n\n\n\n<p>A partire dal prossimo inverno, la <strong>Pitztal<\/strong> offrir\u00e0 uno skipass straordinario per 76 piste, 121,5 chilometri di piste e 6 comprensori sciistici: Pitztaler Gletscher, Rifflsee, Hochzeiger Bergbahnen, Imster Bergbahnen, Fendels e Kaunertaler Gletscher.<\/p>\n\n\n\n<p><\/p>\n\n\n\n<p class=\"Intro\"><strong>Ulteriori informazioni sui comprensori sciistici: <\/strong><a href=\"https:\/\/www.tirolo.com\/attivita\/sport\/sci\/comprensori\" target=\"_blank\" rel=\"noreferrer noopener\">www.tirolo.com\/comprensori<\/a><\/p>\n","protected":false},"excerpt":{"rendered":"<p>Il Tirolo \u00e8 la regione per eccellenza degli sport invernali nelle Alpi. Per mantenere alto questo prestigioso status, \u00e8 \u2026<\/p>\n","protected":false},"author":17,"featured_media":0,"comment_status":"closed","ping_status":"closed","sticky":false,"template":"","format":"standard","meta":{"_acf_changed":false,"footnotes":""},"categories":[11],"region":[109],"coauthors":[292],"class_list":["post-89470","post","type-post","status-publish","format-standard","hentry","category-non-categorizzato","region-tirol-werbung"],"acf":[],"yoast_head":"<!-- This site is optimized with the Yoast SEO plugin v25.1 - https:\/\/yoast.com\/wordpress\/plugins\/seo\/ -->\n<title>Novit\u00e0 dai comprensori sciistici tirolesi per l&#039;inverno 2018\/19 - Presse.Tirol<\/title>\n<meta name=\"description\" content=\"Il Tirolo \u00e8 la regione per eccellenza degli sport invernali nelle Alpi. Per mantenere alto questo prestigioso status, \u00e8 necessario realizzare regolarmente investimenti infrastrutturali.\" \/>\n<meta name=\"robots\" content=\"index, follow, max-snippet:-1, max-image-preview:large, max-video-preview:-1\" \/>\n<link rel=\"canonical\" href=\"https:\/\/presse.tirol.at\/it\/pr1113719-novita-dai-comprensori-sciistici-tirolesi-per-linverno-2018-19\/89470\/\" \/>\n<meta property=\"og:locale\" content=\"it_IT\" \/>\n<meta property=\"og:type\" content=\"article\" \/>\n<meta property=\"og:title\" content=\"Novit\u00e0 dai comprensori sciistici tirolesi per l&#039;inverno 2018\/19 - Presse.Tirol\" \/>\n<meta property=\"og:description\" content=\"Il Tirolo \u00e8 la regione per eccellenza degli sport invernali nelle Alpi. Per mantenere alto questo prestigioso status, \u00e8 necessario realizzare regolarmente investimenti infrastrutturali.\" \/>\n<meta property=\"og:url\" content=\"https:\/\/presse.tirol.at\/it\/pr1113719-novita-dai-comprensori-sciistici-tirolesi-per-linverno-2018-19\/89470\/\" \/>\n<meta property=\"og:site_name\" content=\"Presse.Tirol\" \/>\n<meta property=\"article:published_time\" content=\"2018-08-17T08:31:20+00:00\" \/>\n<meta property=\"article:modified_time\" content=\"2024-10-24T14:23:16+00:00\" \/>\n<meta name=\"author\" content=\"Martina Nairz\" \/>\n<meta name=\"twitter:card\" content=\"summary_large_image\" \/>\n<meta name=\"twitter:label1\" content=\"Scritto da\" \/>\n\t<meta name=\"twitter:data1\" content=\"Martina Nairz\" \/>\n\t<meta name=\"twitter:label2\" content=\"Tempo di lettura stimato\" \/>\n\t<meta name=\"twitter:data2\" content=\"4 minutes\" \/>\n\t<meta name=\"twitter:label3\" content=\"Written by\" \/>\n\t<meta name=\"twitter:data3\" content=\"Martina Nairz\" \/>\n<script type=\"application\/ld+json\" class=\"yoast-schema-graph\">{\"@context\":\"https:\/\/schema.org\",\"@graph\":[{\"@type\":\"WebPage\",\"@id\":\"https:\/\/presse.tirol.at\/it\/pr1113719-novita-dai-comprensori-sciistici-tirolesi-per-linverno-2018-19\/89470\/\",\"url\":\"https:\/\/presse.tirol.at\/it\/pr1113719-novita-dai-comprensori-sciistici-tirolesi-per-linverno-2018-19\/89470\/\",\"name\":\"Novit\u00e0 dai comprensori sciistici tirolesi per l'inverno 2018\/19 - Presse.Tirol\",\"isPartOf\":{\"@id\":\"https:\/\/presse.tirol.at\/it\/#website\"},\"datePublished\":\"2018-08-17T08:31:20+00:00\",\"dateModified\":\"2024-10-24T14:23:16+00:00\",\"author\":{\"@id\":\"https:\/\/presse.tirol.at\/it\/#\/schema\/person\/7a01d43ecdf024eeb61ea2a3d4edcdc3\"},\"description\":\"Il Tirolo \u00e8 la regione per eccellenza degli sport invernali nelle Alpi. Per mantenere alto questo prestigioso status, \u00e8 necessario realizzare regolarmente investimenti infrastrutturali.\",\"inLanguage\":\"it-IT\",\"potentialAction\":[{\"@type\":\"ReadAction\",\"target\":[\"https:\/\/presse.tirol.at\/it\/pr1113719-novita-dai-comprensori-sciistici-tirolesi-per-linverno-2018-19\/89470\/\"]}]},{\"@type\":\"WebSite\",\"@id\":\"https:\/\/presse.tirol.at\/it\/#website\",\"url\":\"https:\/\/presse.tirol.at\/it\/\",\"name\":\"Presse.Tirol\",\"description\":\"Regionale Presseplattform der Tirol Werbung und den Tiroler Tourismusverb\u00e4nden\",\"potentialAction\":[{\"@type\":\"SearchAction\",\"target\":{\"@type\":\"EntryPoint\",\"urlTemplate\":\"https:\/\/presse.tirol.at\/it\/?s={search_term_string}\"},\"query-input\":{\"@type\":\"PropertyValueSpecification\",\"valueRequired\":true,\"valueName\":\"search_term_string\"}}],\"inLanguage\":\"it-IT\"},{\"@type\":\"Person\",\"@id\":\"https:\/\/presse.tirol.at\/it\/#\/schema\/person\/7a01d43ecdf024eeb61ea2a3d4edcdc3\",\"name\":\"Martina Nairz\",\"image\":{\"@type\":\"ImageObject\",\"inLanguage\":\"it-IT\",\"@id\":\"https:\/\/presse.tirol.at\/it\/#\/schema\/person\/image\/b47273d486f1e6665f0c420330a009a6\",\"url\":\"https:\/\/secure.gravatar.com\/avatar\/b665805ca9d0b765eb68d4309bc5cbc59f9f79685c7853e60e3f0e084b24276d?s=96&d=mm&r=g\",\"contentUrl\":\"https:\/\/secure.gravatar.com\/avatar\/b665805ca9d0b765eb68d4309bc5cbc59f9f79685c7853e60e3f0e084b24276d?s=96&d=mm&r=g\",\"caption\":\"Martina Nairz\"}}]}<\/script>\n<!-- \/ Yoast SEO plugin. -->","yoast_head_json":{"title":"Novit\u00e0 dai comprensori sciistici tirolesi per l'inverno 2018\/19 - Presse.Tirol","description":"Il Tirolo \u00e8 la regione per eccellenza degli sport invernali nelle Alpi. Per mantenere alto questo prestigioso status, \u00e8 necessario realizzare regolarmente investimenti infrastrutturali.","robots":{"index":"index","follow":"follow","max-snippet":"max-snippet:-1","max-image-preview":"max-image-preview:large","max-video-preview":"max-video-preview:-1"},"canonical":"https:\/\/presse.tirol.at\/it\/pr1113719-novita-dai-comprensori-sciistici-tirolesi-per-linverno-2018-19\/89470\/","og_locale":"it_IT","og_type":"article","og_title":"Novit\u00e0 dai comprensori sciistici tirolesi per l'inverno 2018\/19 - Presse.Tirol","og_description":"Il Tirolo \u00e8 la regione per eccellenza degli sport invernali nelle Alpi. Per mantenere alto questo prestigioso status, \u00e8 necessario realizzare regolarmente investimenti infrastrutturali.","og_url":"https:\/\/presse.tirol.at\/it\/pr1113719-novita-dai-comprensori-sciistici-tirolesi-per-linverno-2018-19\/89470\/","og_site_name":"Presse.Tirol","article_published_time":"2018-08-17T08:31:20+00:00","article_modified_time":"2024-10-24T14:23:16+00:00","author":"Martina Nairz","twitter_card":"summary_large_image","twitter_misc":{"Scritto da":"Martina Nairz","Tempo di lettura stimato":"4 minutes","Written by":"Martina Nairz"},"schema":{"@context":"https:\/\/schema.org","@graph":[{"@type":"WebPage","@id":"https:\/\/presse.tirol.at\/it\/pr1113719-novita-dai-comprensori-sciistici-tirolesi-per-linverno-2018-19\/89470\/","url":"https:\/\/presse.tirol.at\/it\/pr1113719-novita-dai-comprensori-sciistici-tirolesi-per-linverno-2018-19\/89470\/","name":"Novit\u00e0 dai comprensori sciistici tirolesi per l'inverno 2018\/19 - Presse.Tirol","isPartOf":{"@id":"https:\/\/presse.tirol.at\/it\/#website"},"datePublished":"2018-08-17T08:31:20+00:00","dateModified":"2024-10-24T14:23:16+00:00","author":{"@id":"https:\/\/presse.tirol.at\/it\/#\/schema\/person\/7a01d43ecdf024eeb61ea2a3d4edcdc3"},"description":"Il Tirolo \u00e8 la regione per eccellenza degli sport invernali nelle Alpi. Per mantenere alto questo prestigioso status, \u00e8 necessario realizzare regolarmente investimenti infrastrutturali.","inLanguage":"it-IT","potentialAction":[{"@type":"ReadAction","target":["https:\/\/presse.tirol.at\/it\/pr1113719-novita-dai-comprensori-sciistici-tirolesi-per-linverno-2018-19\/89470\/"]}]},{"@type":"WebSite","@id":"https:\/\/presse.tirol.at\/it\/#website","url":"https:\/\/presse.tirol.at\/it\/","name":"Presse.Tirol","description":"Regionale Presseplattform der Tirol Werbung und den Tiroler Tourismusverb\u00e4nden","potentialAction":[{"@type":"SearchAction","target":{"@type":"EntryPoint","urlTemplate":"https:\/\/presse.tirol.at\/it\/?s={search_term_string}"},"query-input":{"@type":"PropertyValueSpecification","valueRequired":true,"valueName":"search_term_string"}}],"inLanguage":"it-IT"},{"@type":"Person","@id":"https:\/\/presse.tirol.at\/it\/#\/schema\/person\/7a01d43ecdf024eeb61ea2a3d4edcdc3","name":"Martina Nairz","image":{"@type":"ImageObject","inLanguage":"it-IT","@id":"https:\/\/presse.tirol.at\/it\/#\/schema\/person\/image\/b47273d486f1e6665f0c420330a009a6","url":"https:\/\/secure.gravatar.com\/avatar\/b665805ca9d0b765eb68d4309bc5cbc59f9f79685c7853e60e3f0e084b24276d?s=96&d=mm&r=g","contentUrl":"https:\/\/secure.gravatar.com\/avatar\/b665805ca9d0b765eb68d4309bc5cbc59f9f79685c7853e60e3f0e084b24276d?s=96&d=mm&r=g","caption":"Martina Nairz"}}]}},"publishpress_future_workflow_manual_trigger":{"enabledWorkflows":[]},"_links":{"self":[{"href":"https:\/\/presse.tirol.at\/it\/wp-json\/wp\/v2\/posts\/89470","targetHints":{"allow":["GET"]}}],"collection":[{"href":"https:\/\/presse.tirol.at\/it\/wp-json\/wp\/v2\/posts"}],"about":[{"href":"https:\/\/presse.tirol.at\/it\/wp-json\/wp\/v2\/types\/post"}],"author":[{"embeddable":true,"href":"https:\/\/presse.tirol.at\/it\/wp-json\/wp\/v2\/users\/17"}],"replies":[{"embeddable":true,"href":"https:\/\/presse.tirol.at\/it\/wp-json\/wp\/v2\/comments?post=89470"}],"version-history":[{"count":0,"href":"https:\/\/presse.tirol.at\/it\/wp-json\/wp\/v2\/posts\/89470\/revisions"}],"wp:attachment":[{"href":"https:\/\/presse.tirol.at\/it\/wp-json\/wp\/v2\/media?parent=89470"}],"wp:term":[{"taxonomy":"category","embeddable":true,"href":"https:\/\/presse.tirol.at\/it\/wp-json\/wp\/v2\/categories?post=89470"},{"taxonomy":"region","embeddable":true,"href":"https:\/\/presse.tirol.at\/it\/wp-json\/wp\/v2\/region?post=89470"},{"taxonomy":"author","embeddable":true,"href":"https:\/\/presse.tirol.at\/it\/wp-json\/wp\/v2\/coauthors?post=89470"}],"curies":[{"name":"wp","href":"https:\/\/api.w.org\/{rel}","templated":true}]}}