{"id":89702,"date":"2018-09-19T09:26:44","date_gmt":"2018-09-19T07:26:44","guid":{"rendered":"https:\/\/presse.tirol.at\/pr1120296-i-nuovi-alloggi-per-linverno-2018-19\/89702\/"},"modified":"2022-01-27T11:33:03","modified_gmt":"2022-01-27T10:33:03","slug":"pr1120296-i-nuovi-alloggi-per-linverno-2018-19","status":"publish","type":"post","link":"https:\/\/presse.tirol.at\/it\/pr1120296-i-nuovi-alloggi-per-linverno-2018-19\/89702\/","title":{"rendered":"I nuovi alloggi per l\u2019inverno 2018\/19"},"content":{"rendered":"\n<p class=\"intro\">Il Tirolo mette a disposizione 340.000 posti letto, suddivisi soprattutto in alberghi e appartamenti vacanze. Impulsi mirati, idee innovative e nuovi alloggi contribuiscono attivamente al mantenimento della posizione di rilievo e al successo a lungo termine del turismo tirolese. Ecco una panoramica sulle pi\u00f9 importanti innovazioni del prossimo inverno.<\/p>\n\n\n\n\n\n<p><strong>Chic e urbano: l\u2019hotel Faktorei di Innsbruck<\/strong><\/p>\n\n\n\n<p>Inaugurato soltanto nella primavera del 2018 sulla Mariahilfstra\u00dfe a Innsbruck, il <a href=\"http:\/\/faktorei-innsbruck.at\/\" target=\"_blank\" rel=\"noopener noreferrer\">Faktorei<\/a> (tedesco) \u00e8 un piccolo, ma raffinato boutique hotel di 12 stanze. Tutti i locali sono caratterizzati da uno stile limpido che integra gli elementi antichi della struttura. Nelle camere doppie si cerca invano un televisore: Anja Janus, la proprietaria dell\u2019albergo, desidera infatti promuovere lo scambio tra gli ospiti presso il caff\u00e8-bar \u201cMah\u00fc\u201d al pian terreno. Questo locale, che non \u00e8 riservato soltanto agli ospiti dell\u2019albergo, si rivolge a un pubblico locale e giovane. Nella scelta delle bevande e delle pietanze si punta sulla regionalit\u00e0 dei prodotti e sulla qualit\u00e0 bio. Gli orari per il check-out sono flessibili ed \u00e8 possibile fare colazione fino alle ore 13.00.<\/p>\n\n\n\n<p><strong>Un\u2019altra novit\u00e0 nel centro storico: il Kaiser Max<\/strong><\/p>\n\n\n\n<p>Il <a href=\"https:\/\/www.kaiser-max.at\/it.html\" target=\"_blank\" rel=\"noreferrer noopener\">Kaiser Max<\/a> si rivolge agli ospiti che non hanno bisogno del servizio di ristorazione e dispone di nove appartamenti moderni ad un passo dal Tettuccio d&#8217;oro. Nel caff\u00e8-bar annesso \u00e8 possibile fare colazione fino a mezzogiorno, durante il giorno si possono gustare specialit\u00e0 tirolesi e la sera si punta su una lista dei vini ben assortita.<\/p>\n\n\n\n<p><strong>Leutasch: rituali con incenso e mezza pensione vegetariana<\/strong><\/p>\n\n\n\n<p>La famiglia Pfeiffer amplia il proprio nido per le vacanze <a href=\"https:\/\/www.aufatmen.at\/\" target=\"_blank\" rel=\"noreferrer noopener\">Aufatmen<\/a> (tedesco) a Leutasch nell\u2019Olympiaregion Seefeld. Questa piccola pensione \u00e8 stata restaurata nel 2016 inserendo vari elementi in legno e tenendo in considerazione criteri ecologici. La famiglia, che gestisce la struttura, punta principalmente sul tema del relax e offre yoga, meditazioni, sauna ed escursioni guidate nella natura. Ora, l\u2019Aufatmen \u00e8 stata ampliata con una sala per rituali con incenso, un laghetto balneabile, e due chalet sul lago. Unica in Tirolo: a partire dal 2018\/19 c\u2019\u00e8 un trattamento di mezza pensione vegetariano.<\/p>\n\n\n\n\n\n<p><strong>Albergo: il primo rifugio SENZA patate fritte e cotoletta<\/strong><\/p>\n\n\n\n<p>Dal dicembre 2018 l\u2019hotel e ristorante <a href=\"https:\/\/www.albergo.at\/it\/\" target=\"_blank\" rel=\"noreferrer noopener\">Albergo<\/a> nel comprensorio sciistico Hochzillertal-Kaltenbach punta su gastronomia top e architettura moderna. I giovani gestori uniscono il panorama alpino tirolese con la cucina italiana: sul menu si trovano pasta, fagottini e piatti di pesce. Quattro ampie suite e un\u2019area spa garantiscono un\u2019esperienza esclusiva a 2.400 metri d\u2019altitudine. L&#8217;Albergo \u00e8 situato direttamente accanto alla stazione a monte della funivia \u201cWimbachexpress\u201d.<\/p>\n\n\n\n<p><strong>5 stelle superior: lo Schlosshotel di Ischgl<\/strong><\/p>\n\n\n\n<p>Lo <a href=\"https:\/\/www.schlosshotel-ischgl.com\/?lang=en\" target=\"_blank\" rel=\"noopener noreferrer\">Schlosshotel<\/a> (in inglese) \u00e8 stato ristrutturato e mette a disposizione dei suoi ospiti ancora pi\u00f9 lusso e comfort con nove stanze, suite e una Schloss-lounge nuove. Anche la spa con piscina, sauna e reparto beauty sono stati rinnovati. L&#8217;atrio e il bar dell\u2019hotel sono stati ampliati con una sala con caminetto. Anche la facciata esterna, l\u2019area di accesso e la terrazza soleggiata riscaldata con focolare aperto sono di recente fattura.<\/p>\n\n\n\n<p><strong>In nuova veste: il Seehotel Einwaller sull\u2019Achensee<\/strong><\/p>\n\n\n\n<p>L\u2019hotel ricco di tradizione <a href=\"https:\/\/www.einwaller.at\/en\" target=\"_blank\" rel=\"noreferrer noopener\">Seehotel Einwaller<\/a> (inglese) a Pertisau \u00e8 stato rilevato e completamente ristrutturato l\u2019anno scorso da Carina e Christian Angerer. I nuovi proprietari puntano su un\u2019accoglienza leggera e un ambiente confortevole e moderno direttamente sull\u2019Achensee. Un elemento di particolare interesse \u00e8 rappresentato dalla spa che custodisce, tra l\u2019altro, una sauna finlandese, una alle erbe e un\u2019area relax con vetrate a tutta altezza. Un altro fiore all\u2019occhiello \u00e8 rappresentato dalla stanza \u201c1.000 Sterne Rooftop\u201d che va a completare l\u2019offerta delle 29 moderne stanze comfort: in questa stanza si dorme sotto la volta del cielo stellato.<\/p>\n\n\n\n\n\n<p><strong>Think big: Tirol Lodge ad Ellmau<\/strong><\/p>\n\n\n\n<p>Nel dicembre del 2018 aprir\u00e0 i battenti il nuovissimo <a href=\"https:\/\/www.tirollodge.tirol\/en\/\" target=\"_blank\" rel=\"noreferrer noopener\">Tirol <\/a><a href=\"https:\/\/www.tirollodge.tirol\/\" target=\"_blank\" rel=\"noopener noreferrer\">Lodge<\/a> (inglese). La struttura dispone di 171 camere con 342 posti letto, una sauna panoramica, un\u2019area relax con vista sul Wilder Kaiser, una piscina all\u2019aperto riscaldata tutto l\u2019anno e ha una pista da sci direttamente davanti al portone.<\/p>\n\n\n\n\n\n<p><strong>L\u2019Hilton si trasforma in Marriott<\/strong><\/p>\n\n\n\n<p>Nella \u201ctorre dell\u2019Hilton\u201d nel cuore di Innsbruck far\u00e0 il suo ingresso <a href=\"https:\/\/www.marriott.com\/hotels\/travel\/innac-ac-hotel-innsbruck\/\" target=\"_blank\" rel=\"noopener noreferrer\">l\u2019AC Hotel<\/a> (inglese) della catena alberghiera Marriott International. Sar\u00e0 il primo nel suo genere in Austria. Il AC Hotel dispone di un casin\u00f2, una palestra e una terrazza nel cuore di Innsbruck. Le camere sono insonorizzate e offrono una vista strabiliante sul mondo alpino tirolese. Presso l\u2019AC Lounge, che si distingue con strutture lignee e decorazioni eleganti, \u00e8 possibile gustare la colazione dell\u2019albergo o organizzare incontri d\u2019affari ed eventi sociali in un\u2019atmosfera creativa.<\/p>\n\n\n\n<p><strong>Altre novit\u00e0 dal mondo alberghiero<\/strong><\/p>\n\n\n\n<ul class=\"wp-block-list\"><li>Nella \u00d6tztal apriranno addirittura due nuovi alberghi: l\u2019<a href=\"https:\/\/all-suite.com\/ferienwohnungen-oetz-mountain-lake-resort-oetztal\/\" target=\"_blank\" rel=\"noopener noreferrer\">All-<\/a><a href=\"https:\/\/www.apartments-oetztal.com\/en\/offers\/\" target=\"_blank\" rel=\"noreferrer noopener\">Suite <\/a><a href=\"https:\/\/all-suite.com\/ferienwohnungen-oetz-mountain-lake-resort-oetztal\/\" target=\"_blank\" rel=\"noopener noreferrer\">Resort \u00d6tztal<\/a> (tedesco) a Oetz che comprende 55 appartamenti di grandezza variabile. Il frutteto con laghetto balneabile \u00e8 uno dei fiori all\u2019occhiello dell\u2019All-Suite Resort. L\u2019<a href=\"https:\/\/www.hochstatt.at\/english\/\" target=\"_blank\" rel=\"noopener noreferrer\">Hochstatt Appartement<\/a> (inglese) a Zwieselstein presso S\u00f6lden dispone di tre appartamenti con cucina completamente attrezzata, un comodo soggiorno e un balcone o terrazza.<\/li><li>L\u2019<a href=\"https:\/\/www.hotel-sendlhof.at\/en?_wb=en&amp;lang=EN\" target=\"_blank\" rel=\"noopener noreferrer\">Hotel Sendlhof<\/a> (inglese) a Waidring nella Pillerseetal si avvia ad affrontare la sua seconda stagione invernale. Un mix di tradizione, modernit\u00e0 e attaccamento alla natura rappresenta il marchio distintivo di questo nuovo albergo. Le camere, ricche di dettagli, invitano a rilassarsi in un ambiente moderno caratterizzato da stoffe selezionate e legno locale. Il padrone di casa, inoltre, cucina personalmente per i suoi ospiti. Con prodotti freschi di provenienza locale crea piatti della tradizione tirolese e specialit\u00e0 internazionali. Nelle immediate vicinanze si trova una cabinovia che porta velocemente e facilmente nel cuore del comprensorio sciistico.<\/li><li>Il <a href=\"https:\/\/www.vayaprojects.com\/en\" target=\"_blank\" rel=\"noopener noreferrer\">VAYA fine living resort<\/a> (tedesco) \u00e8 un nuovo complesso di 4 stelle a Fieberbrunn. Gli chalet e gli appartamenti dispongono di spaziose terrazze e balconi e sono arredati con molti elementi in legno antico. Il resort comprende un centro benessere, due ristoranti con bar e accogliente lounge, piscina coperta e all\u2019aperto, laghetto balneabile e sala giochi per bambini. Inoltre per gli ospiti esclusivi del VAYA fine living resort c\u2019\u00e8 a disposizione un armadietto per gli sci direttamente presso lo skilift. <\/li><li>A K\u00fchtai c\u2019\u00e8 una nuova offerta per il pubblico pi\u00f9 giovane: il Dreiseenhaus si trova a soli 50 metri di distanza dalla funivia e offre accesso diretto alle piste da sci e connessione WiFi in ogni locale. Le camere sono arredate con cura e dispongono di un bagno moderno, TV satellitare a schermo piatto e asciugacapelli.<\/li><li>Hall in Tirol: Per il novembre del 2018 \u00e8 prevista l\u2019apertura di un nuovo boutique hotel nel centro storico di Hall, presso la piazza Unterer Stadtplatz: l\u2019<a href=\"https:\/\/www.hotel-kontor.at\/en.html\" target=\"_blank\" rel=\"noreferrer noopener\">Hotel Kontor<\/a> (inglese). L\u2019hotel disporr\u00e0 di otto camere e suite e durante il fine settimana si potr\u00e0 anche fare un brunch. Ogni stanza \u00e8 arredata con mobili individuali realizzati su misura e sale da bagno moderne. Insieme ad antichi pezzi unici, ogni camera sprigiona un fascino del tutto particolare. <\/li><li>\u201cSleep. Drink. Love.\u201d \u00e8 il motto dello <a href=\"https:\/\/www.stage12.at\/it\/\" target=\"_blank\" rel=\"noreferrer noopener\">Stage 12<\/a> nella Maria-Theresien-Stra\u00dfe di Innsbruck. La facciata di questo hotel in posizione centrale con 120 camere eleganti per clienti d&#8217;affari o clienti privati \u00e8 costituita da un edificio del XVI secolo posto sotto tutela storica. Gli interni sono stati completamente rinnovati. Attraverso i sei piani dell\u2019hotel sono state introdotte superfici in ottone come elementi decorativi ricorrenti. Al piano superiore si trova un piccolo reparto benessere che offre una sauna finlandese, una alle erbe e un bagno turco.<\/li><li>L\u2019<a href=\"https:\/\/www.tuxerhof.at\/en\/\" target=\"_blank\" rel=\"noopener noreferrer\">Hotel Tuxerhof<\/a> (inglese) a Vorderlanersbach \u00e8 attualmente in fase di ampliamento. Tra tutte le novit\u00e0 ricordiamo un\u2019infinity pool sui tetti della Tuxertal, una nuova hall, nuove stanze e suite, cos\u00ec come una nuova boutique. Anche l\u2019<a href=\"https:\/\/www.bergfried.at\/en\/\" target=\"_blank\" rel=\"noopener noreferrer\">Hotel Bergfried<\/a> (inglese) a Tux-Lanersbach sar\u00e0 sottoposto a lavori di rifacimento, che prevedranno anche l\u2019allacciamento alla malga Bergfriedalm. Le piscine coperte e all\u2019aperto del reparto wellness saranno risanate e la struttura si arricchir\u00e0 di un reparto acquatico per bambini.<\/li><\/ul>\n","protected":false},"excerpt":{"rendered":"<p>Ecco una panoramica sulle pi\u00f9 importanti innovazioni del prossimo inverno.<\/p>\n","protected":false},"author":17,"featured_media":0,"comment_status":"closed","ping_status":"closed","sticky":false,"template":"","format":"standard","meta":{"_acf_changed":false,"footnotes":""},"categories":[11],"region":[109],"coauthors":[292],"class_list":["post-89702","post","type-post","status-publish","format-standard","hentry","category-non-categorizzato","region-tirol-werbung"],"acf":[],"yoast_head":"<!-- This site is optimized with the Yoast SEO plugin v25.1 - https:\/\/yoast.com\/wordpress\/plugins\/seo\/ -->\n<title>I nuovi alloggi per l\u2019inverno 2018\/19 - Presse.Tirol<\/title>\n<meta name=\"description\" content=\"Il Tirolo mette a disposizione 340.000 posti letto, suddivisi soprattutto in alberghi e appartamenti. Ecco una panoramica sulle novit\u00e0 dell&#039;inverno 2018\/19.\" \/>\n<meta name=\"robots\" content=\"index, follow, max-snippet:-1, max-image-preview:large, max-video-preview:-1\" \/>\n<link rel=\"canonical\" href=\"https:\/\/presse.tirol.at\/it\/pr1120296-i-nuovi-alloggi-per-linverno-2018-19\/89702\/\" \/>\n<meta property=\"og:locale\" content=\"it_IT\" \/>\n<meta property=\"og:type\" content=\"article\" \/>\n<meta property=\"og:title\" content=\"I nuovi alloggi per l\u2019inverno 2018\/19 - Presse.Tirol\" \/>\n<meta property=\"og:description\" content=\"Il Tirolo mette a disposizione 340.000 posti letto, suddivisi soprattutto in alberghi e appartamenti. Ecco una panoramica sulle novit\u00e0 dell&#039;inverno 2018\/19.\" \/>\n<meta property=\"og:url\" content=\"https:\/\/presse.tirol.at\/it\/pr1120296-i-nuovi-alloggi-per-linverno-2018-19\/89702\/\" \/>\n<meta property=\"og:site_name\" content=\"Presse.Tirol\" \/>\n<meta property=\"article:published_time\" content=\"2018-09-19T07:26:44+00:00\" \/>\n<meta property=\"article:modified_time\" content=\"2022-01-27T10:33:03+00:00\" \/>\n<meta name=\"author\" content=\"Martina Nairz\" \/>\n<meta name=\"twitter:card\" content=\"summary_large_image\" \/>\n<meta name=\"twitter:label1\" content=\"Scritto da\" \/>\n\t<meta name=\"twitter:data1\" content=\"Martina Nairz\" \/>\n\t<meta name=\"twitter:label2\" content=\"Tempo di lettura stimato\" \/>\n\t<meta name=\"twitter:data2\" content=\"7 minutes\" \/>\n\t<meta name=\"twitter:label3\" content=\"Written by\" \/>\n\t<meta name=\"twitter:data3\" content=\"Martina Nairz\" \/>\n<script type=\"application\/ld+json\" class=\"yoast-schema-graph\">{\"@context\":\"https:\/\/schema.org\",\"@graph\":[{\"@type\":\"WebPage\",\"@id\":\"https:\/\/presse.tirol.at\/it\/pr1120296-i-nuovi-alloggi-per-linverno-2018-19\/89702\/\",\"url\":\"https:\/\/presse.tirol.at\/it\/pr1120296-i-nuovi-alloggi-per-linverno-2018-19\/89702\/\",\"name\":\"I nuovi alloggi per l\u2019inverno 2018\/19 - Presse.Tirol\",\"isPartOf\":{\"@id\":\"https:\/\/presse.tirol.at\/it\/#website\"},\"datePublished\":\"2018-09-19T07:26:44+00:00\",\"dateModified\":\"2022-01-27T10:33:03+00:00\",\"author\":{\"@id\":\"https:\/\/presse.tirol.at\/it\/#\/schema\/person\/7a01d43ecdf024eeb61ea2a3d4edcdc3\"},\"description\":\"Il Tirolo mette a disposizione 340.000 posti letto, suddivisi soprattutto in alberghi e appartamenti. Ecco una panoramica sulle novit\u00e0 dell'inverno 2018\/19.\",\"inLanguage\":\"it-IT\",\"potentialAction\":[{\"@type\":\"ReadAction\",\"target\":[\"https:\/\/presse.tirol.at\/it\/pr1120296-i-nuovi-alloggi-per-linverno-2018-19\/89702\/\"]}]},{\"@type\":\"WebSite\",\"@id\":\"https:\/\/presse.tirol.at\/it\/#website\",\"url\":\"https:\/\/presse.tirol.at\/it\/\",\"name\":\"Presse.Tirol\",\"description\":\"Regionale Presseplattform der Tirol Werbung und den Tiroler Tourismusverb\u00e4nden\",\"potentialAction\":[{\"@type\":\"SearchAction\",\"target\":{\"@type\":\"EntryPoint\",\"urlTemplate\":\"https:\/\/presse.tirol.at\/it\/?s={search_term_string}\"},\"query-input\":{\"@type\":\"PropertyValueSpecification\",\"valueRequired\":true,\"valueName\":\"search_term_string\"}}],\"inLanguage\":\"it-IT\"},{\"@type\":\"Person\",\"@id\":\"https:\/\/presse.tirol.at\/it\/#\/schema\/person\/7a01d43ecdf024eeb61ea2a3d4edcdc3\",\"name\":\"Martina Nairz\",\"image\":{\"@type\":\"ImageObject\",\"inLanguage\":\"it-IT\",\"@id\":\"https:\/\/presse.tirol.at\/it\/#\/schema\/person\/image\/b47273d486f1e6665f0c420330a009a6\",\"url\":\"https:\/\/secure.gravatar.com\/avatar\/b665805ca9d0b765eb68d4309bc5cbc59f9f79685c7853e60e3f0e084b24276d?s=96&d=mm&r=g\",\"contentUrl\":\"https:\/\/secure.gravatar.com\/avatar\/b665805ca9d0b765eb68d4309bc5cbc59f9f79685c7853e60e3f0e084b24276d?s=96&d=mm&r=g\",\"caption\":\"Martina Nairz\"}}]}<\/script>\n<!-- \/ Yoast SEO plugin. -->","yoast_head_json":{"title":"I nuovi alloggi per l\u2019inverno 2018\/19 - Presse.Tirol","description":"Il Tirolo mette a disposizione 340.000 posti letto, suddivisi soprattutto in alberghi e appartamenti. Ecco una panoramica sulle novit\u00e0 dell'inverno 2018\/19.","robots":{"index":"index","follow":"follow","max-snippet":"max-snippet:-1","max-image-preview":"max-image-preview:large","max-video-preview":"max-video-preview:-1"},"canonical":"https:\/\/presse.tirol.at\/it\/pr1120296-i-nuovi-alloggi-per-linverno-2018-19\/89702\/","og_locale":"it_IT","og_type":"article","og_title":"I nuovi alloggi per l\u2019inverno 2018\/19 - Presse.Tirol","og_description":"Il Tirolo mette a disposizione 340.000 posti letto, suddivisi soprattutto in alberghi e appartamenti. Ecco una panoramica sulle novit\u00e0 dell'inverno 2018\/19.","og_url":"https:\/\/presse.tirol.at\/it\/pr1120296-i-nuovi-alloggi-per-linverno-2018-19\/89702\/","og_site_name":"Presse.Tirol","article_published_time":"2018-09-19T07:26:44+00:00","article_modified_time":"2022-01-27T10:33:03+00:00","author":"Martina Nairz","twitter_card":"summary_large_image","twitter_misc":{"Scritto da":"Martina Nairz","Tempo di lettura stimato":"7 minutes","Written by":"Martina Nairz"},"schema":{"@context":"https:\/\/schema.org","@graph":[{"@type":"WebPage","@id":"https:\/\/presse.tirol.at\/it\/pr1120296-i-nuovi-alloggi-per-linverno-2018-19\/89702\/","url":"https:\/\/presse.tirol.at\/it\/pr1120296-i-nuovi-alloggi-per-linverno-2018-19\/89702\/","name":"I nuovi alloggi per l\u2019inverno 2018\/19 - Presse.Tirol","isPartOf":{"@id":"https:\/\/presse.tirol.at\/it\/#website"},"datePublished":"2018-09-19T07:26:44+00:00","dateModified":"2022-01-27T10:33:03+00:00","author":{"@id":"https:\/\/presse.tirol.at\/it\/#\/schema\/person\/7a01d43ecdf024eeb61ea2a3d4edcdc3"},"description":"Il Tirolo mette a disposizione 340.000 posti letto, suddivisi soprattutto in alberghi e appartamenti. Ecco una panoramica sulle novit\u00e0 dell'inverno 2018\/19.","inLanguage":"it-IT","potentialAction":[{"@type":"ReadAction","target":["https:\/\/presse.tirol.at\/it\/pr1120296-i-nuovi-alloggi-per-linverno-2018-19\/89702\/"]}]},{"@type":"WebSite","@id":"https:\/\/presse.tirol.at\/it\/#website","url":"https:\/\/presse.tirol.at\/it\/","name":"Presse.Tirol","description":"Regionale Presseplattform der Tirol Werbung und den Tiroler Tourismusverb\u00e4nden","potentialAction":[{"@type":"SearchAction","target":{"@type":"EntryPoint","urlTemplate":"https:\/\/presse.tirol.at\/it\/?s={search_term_string}"},"query-input":{"@type":"PropertyValueSpecification","valueRequired":true,"valueName":"search_term_string"}}],"inLanguage":"it-IT"},{"@type":"Person","@id":"https:\/\/presse.tirol.at\/it\/#\/schema\/person\/7a01d43ecdf024eeb61ea2a3d4edcdc3","name":"Martina Nairz","image":{"@type":"ImageObject","inLanguage":"it-IT","@id":"https:\/\/presse.tirol.at\/it\/#\/schema\/person\/image\/b47273d486f1e6665f0c420330a009a6","url":"https:\/\/secure.gravatar.com\/avatar\/b665805ca9d0b765eb68d4309bc5cbc59f9f79685c7853e60e3f0e084b24276d?s=96&d=mm&r=g","contentUrl":"https:\/\/secure.gravatar.com\/avatar\/b665805ca9d0b765eb68d4309bc5cbc59f9f79685c7853e60e3f0e084b24276d?s=96&d=mm&r=g","caption":"Martina Nairz"}}]}},"publishpress_future_workflow_manual_trigger":{"enabledWorkflows":[]},"_links":{"self":[{"href":"https:\/\/presse.tirol.at\/it\/wp-json\/wp\/v2\/posts\/89702","targetHints":{"allow":["GET"]}}],"collection":[{"href":"https:\/\/presse.tirol.at\/it\/wp-json\/wp\/v2\/posts"}],"about":[{"href":"https:\/\/presse.tirol.at\/it\/wp-json\/wp\/v2\/types\/post"}],"author":[{"embeddable":true,"href":"https:\/\/presse.tirol.at\/it\/wp-json\/wp\/v2\/users\/17"}],"replies":[{"embeddable":true,"href":"https:\/\/presse.tirol.at\/it\/wp-json\/wp\/v2\/comments?post=89702"}],"version-history":[{"count":0,"href":"https:\/\/presse.tirol.at\/it\/wp-json\/wp\/v2\/posts\/89702\/revisions"}],"wp:attachment":[{"href":"https:\/\/presse.tirol.at\/it\/wp-json\/wp\/v2\/media?parent=89702"}],"wp:term":[{"taxonomy":"category","embeddable":true,"href":"https:\/\/presse.tirol.at\/it\/wp-json\/wp\/v2\/categories?post=89702"},{"taxonomy":"region","embeddable":true,"href":"https:\/\/presse.tirol.at\/it\/wp-json\/wp\/v2\/region?post=89702"},{"taxonomy":"author","embeddable":true,"href":"https:\/\/presse.tirol.at\/it\/wp-json\/wp\/v2\/coauthors?post=89702"}],"curies":[{"name":"wp","href":"https:\/\/api.w.org\/{rel}","templated":true}]}}