{"id":90172,"date":"2018-10-04T15:40:45","date_gmt":"2018-10-04T13:40:45","guid":{"rendered":"https:\/\/presse.tirol.at\/pr1133799-un-grande-successo-ecco-a-voi-il-resoconto-dei-campionati-del-mondo-di-ciclismo-su-strada-2018-a-innsbruck-tirolo\/90172\/"},"modified":"2022-01-27T11:32:46","modified_gmt":"2022-01-27T10:32:46","slug":"pr1133799-un-grande-successo-ecco-a-voi-il-resoconto-dei-campionati-del-mondo-di-ciclismo-su-strada-2018-a-innsbruck-tirolo","status":"publish","type":"post","link":"https:\/\/presse.tirol.at\/it\/pr1133799-un-grande-successo-ecco-a-voi-il-resoconto-dei-campionati-del-mondo-di-ciclismo-su-strada-2018-a-innsbruck-tirolo\/90172\/","title":{"rendered":"Un grande successo: ecco a voi il resoconto dei Campionati del mondo di ciclismo su strada 2018 a Innsbruck-Tirolo"},"content":{"rendered":"\n<p class=\"intro\">Prestazioni sportive di altissimo livello, quasi 600.000 fan da tutto il mondo e le migliori condizioni atmosferiche autunnali. I Campionati del mondo di ciclismo su strada di Innsbruck-Tirolo resteranno impressi nella memoria per essere stati tra i pi\u00f9 difficili di tutti i tempi. Le impressioni di questo evento, in uno scenario incantevole, sono state trasmesse in tutto il mondo. I Campionati del mondo sono stati un vero successo.<\/p>\n\n\n\n\n\n<p>I Mondiali di ciclismo su strada UCI di Innsbruck-Tirolo resteranno a lungo nella memoria, non in ultimo per il gran finale di domenica 30 settembre 2018. Dopo un\u2019avvincente lotta a colpi di pedali, lo spagnolo Alejandro Valverde, dall\u2019alto della sua carriera, si \u00e8 aggiudicato il titolo di Campione del mondo di ciclismo su strada. Dopo 258,5 chilometri, il 38enne si \u00e8 imposto sulla linea del traguardo contro un gruppo di punta di quattro atleti formato dal francese Romain Bardet, dal canadese Michael Woods e dall\u2019olandese Tom Dumoulin. Dopo di lui ha tagliato il traguardo Gianni Moscon, migliore piazzamento tra gli italiani, con 43 secondi di distacco. \u201cHo dovuto attendere tanti anni, ma alla fine ce l\u2019ho fatta\u201d, ha dichiarato Alejandro Valverde in lacrime. L\u2019atleta aveva gi\u00e0 vinto due argenti e quattro bronzi (tra l\u2019altro anche a Salisburgo nel 2006) durante le edizioni passate dei Mondiali. A Innsbruck-Tirolo, lo spagnolo \u00e8 finalmente riuscito ad aggiudicarsi l\u2019ambito oro.<\/p>\n\n\n\n\n\n<h2 class=\"wp-block-heading\">Benvenuti alla H\u00f6ll: il tracciato dei Mondiali pi\u00f9 tosto di tutti i tempi<\/h2>\n\n\n\n<p>\u00c8 stata soprattutto la rampa finale della prova dell\u2019\u00e9lite uomini, la cosiddetta \u201cH\u00f6ttinger H\u00f6ll\u201d a richiedere il massimo dagli atleti. \u201cNon ho mai visto un tracciato tanto difficile per i Mondiali\u201d, ha affermato ancora prima della gara Vincenzo Nibali, il fuoriclasse italiano del ciclismo gi\u00e0 vincitore del Giro d\u2019Italia e del Tour de France. Tra gli spettatori non mancavano, tra gli altri, leggende del ciclismo come Mario Cipollini, Francesco Moser e Paolo Bettini. Quest\u2019ultimo \u00e8 entusiasta della vittoria del neo-campione: \u201c\u00c8 salito sei volte sul podio, ma mai salito sul gradino pi\u00f9 alto. \u00c8 uno scalatore. \u00c8 stato sul podio con me a Salisburgo 2006 e si merita veramente questa maglia, l\u2019ultima medaglia, l\u2019ultimo premio a una carriera fantastica\u201d.<\/p>\n\n\n\n\n\n<p>Gli appassionati del ciclismo austriaci si ricorderanno a lungo dei Mondiali per la vittoria inaspettata di Laura Stigger nella prova in linea juniores. Le sue lacrime di gioia e la sua leggendaria volata finale, al termine di una prova avvincente, hanno toccato il cuore di tutti i tifosi. \u201cNon ci posso credere. Le mie gambe bruciavano e iniziavo ad avere dei crampi. Ho dato veramente il massimo\u201d, ha affermato Stigger al termine della gara.<\/p>\n\n\n\n\n\n<h2 class=\"wp-block-heading\">Entusiasmo tra i tifosi<\/h2>\n\n\n\n<p>Durante i Mondiali di ciclismo su strada tutto il mondo ha tenuto gli occhi puntati sul Tirolo. Le riprese televisive sono stata trasmesse in 150 Paesi. Meteo perfetto, tracciati interessanti, panorami montani pittoreschi e migliaia di fan da tutto il mondo. Oltre ai gruppi di tifosi delle tradizionali nazioni del ciclismo come Italia, Francia, Olanda, Belgio e Gran Bretagna, il tracciato di gara era costellato anche da irlandesi, tedeschi, slovacchi, polacchi, argentini, eritrei e molti altri ancora. L\u2019evento sportivo \u00e8 stato coronato da un eccellente programma collaterale con star internazionali della musica, programmi per tutta la famiglia e manifestazioni folcloristiche.<\/p>\n\n\n\n\n\n\n\n<h2 class=\"wp-block-heading\">Tirolo: regione del ciclismo<\/h2>\n\n\n\n<p>Il Tirolo si presenta come una regione leader per lo sport e con questi mondiali si \u00e8 consacrato anche a regione del ciclismo, come dichiara l\u2019assessore tirolese allo sport Josef Geisler. Gran parte della popolazione tirolese si \u00e8 lasciata contagiare dall\u2019atmosfera positiva di questi Mondiali e ha fatto il tifo per gli atleti lungo il percorso o davanti al televisore. Anche Paolo Bettini \u00e8 entusiasta del Tirolo: \u201cSono stato qui in aprile, poi a giugno e adesso nella settimana dei Campionati del mondo \u2013 baciati da un meteo spettacolare \u2013 e il Tirolo invita ad andare a prendere la bici e a pedalare. L\u2019Austria, sicuramente, vive di grandi montagne e di sport invernali, ma questo non preclude nell\u2019estate di godersela in bici, magari con le famiglie o per turismo. Credo che sia con la strada che con la mountain bike, qua ci sia solo da divertirsi\u201d.<\/p>\n","protected":false},"excerpt":{"rendered":"<p>I Campionati del mondo sono stati un vero successo.<\/p>\n","protected":false},"author":17,"featured_media":0,"comment_status":"closed","ping_status":"closed","sticky":false,"template":"","format":"standard","meta":{"_acf_changed":false,"footnotes":""},"categories":[267],"region":[109],"coauthors":[292],"class_list":["post-90172","post","type-post","status-publish","format-standard","hentry","category-bici-da-corsa-in-tirolo","region-tirol-werbung"],"acf":[],"yoast_head":"<!-- This site is optimized with the Yoast SEO plugin v25.1 - https:\/\/yoast.com\/wordpress\/plugins\/seo\/ -->\n<title>Un grande successo: ecco a voi il resoconto dei Campionati del mondo di ciclismo su strada 2018 a Innsbruck-Tirolo - Presse.Tirol<\/title>\n<meta name=\"description\" content=\"I Campionati del mondo di ciclismo su strada di Innsbruck-Tirolo resteranno impressi nella memoria per essere stati tra i pi\u00f9 difficili di tutti i tempi.\" \/>\n<meta name=\"robots\" content=\"index, follow, max-snippet:-1, max-image-preview:large, max-video-preview:-1\" \/>\n<link rel=\"canonical\" href=\"https:\/\/presse.tirol.at\/it\/pr1133799-un-grande-successo-ecco-a-voi-il-resoconto-dei-campionati-del-mondo-di-ciclismo-su-strada-2018-a-innsbruck-tirolo\/90172\/\" \/>\n<meta property=\"og:locale\" content=\"it_IT\" \/>\n<meta property=\"og:type\" content=\"article\" \/>\n<meta property=\"og:title\" content=\"Un grande successo: ecco a voi il resoconto dei Campionati del mondo di ciclismo su strada 2018 a Innsbruck-Tirolo - Presse.Tirol\" \/>\n<meta property=\"og:description\" content=\"I Campionati del mondo di ciclismo su strada di Innsbruck-Tirolo resteranno impressi nella memoria per essere stati tra i pi\u00f9 difficili di tutti i tempi.\" \/>\n<meta property=\"og:url\" content=\"https:\/\/presse.tirol.at\/it\/pr1133799-un-grande-successo-ecco-a-voi-il-resoconto-dei-campionati-del-mondo-di-ciclismo-su-strada-2018-a-innsbruck-tirolo\/90172\/\" \/>\n<meta property=\"og:site_name\" content=\"Presse.Tirol\" \/>\n<meta property=\"article:published_time\" content=\"2018-10-04T13:40:45+00:00\" \/>\n<meta property=\"article:modified_time\" content=\"2022-01-27T10:32:46+00:00\" \/>\n<meta name=\"author\" content=\"Martina Nairz\" \/>\n<meta name=\"twitter:card\" content=\"summary_large_image\" \/>\n<meta name=\"twitter:label1\" content=\"Scritto da\" \/>\n\t<meta name=\"twitter:data1\" content=\"Martina Nairz\" \/>\n\t<meta name=\"twitter:label2\" content=\"Tempo di lettura stimato\" \/>\n\t<meta name=\"twitter:data2\" content=\"5 minutes\" \/>\n\t<meta name=\"twitter:label3\" content=\"Written by\" \/>\n\t<meta name=\"twitter:data3\" content=\"Martina Nairz\" \/>\n<script type=\"application\/ld+json\" class=\"yoast-schema-graph\">{\"@context\":\"https:\/\/schema.org\",\"@graph\":[{\"@type\":\"WebPage\",\"@id\":\"https:\/\/presse.tirol.at\/it\/pr1133799-un-grande-successo-ecco-a-voi-il-resoconto-dei-campionati-del-mondo-di-ciclismo-su-strada-2018-a-innsbruck-tirolo\/90172\/\",\"url\":\"https:\/\/presse.tirol.at\/it\/pr1133799-un-grande-successo-ecco-a-voi-il-resoconto-dei-campionati-del-mondo-di-ciclismo-su-strada-2018-a-innsbruck-tirolo\/90172\/\",\"name\":\"Un grande successo: ecco a voi il resoconto dei Campionati del mondo di ciclismo su strada 2018 a Innsbruck-Tirolo - Presse.Tirol\",\"isPartOf\":{\"@id\":\"https:\/\/presse.tirol.at\/it\/#website\"},\"datePublished\":\"2018-10-04T13:40:45+00:00\",\"dateModified\":\"2022-01-27T10:32:46+00:00\",\"author\":{\"@id\":\"https:\/\/presse.tirol.at\/it\/#\/schema\/person\/7a01d43ecdf024eeb61ea2a3d4edcdc3\"},\"description\":\"I Campionati del mondo di ciclismo su strada di Innsbruck-Tirolo resteranno impressi nella memoria per essere stati tra i pi\u00f9 difficili di tutti i tempi.\",\"inLanguage\":\"it-IT\",\"potentialAction\":[{\"@type\":\"ReadAction\",\"target\":[\"https:\/\/presse.tirol.at\/it\/pr1133799-un-grande-successo-ecco-a-voi-il-resoconto-dei-campionati-del-mondo-di-ciclismo-su-strada-2018-a-innsbruck-tirolo\/90172\/\"]}]},{\"@type\":\"WebSite\",\"@id\":\"https:\/\/presse.tirol.at\/it\/#website\",\"url\":\"https:\/\/presse.tirol.at\/it\/\",\"name\":\"Presse.Tirol\",\"description\":\"Regionale Presseplattform der Tirol Werbung und den Tiroler Tourismusverb\u00e4nden\",\"potentialAction\":[{\"@type\":\"SearchAction\",\"target\":{\"@type\":\"EntryPoint\",\"urlTemplate\":\"https:\/\/presse.tirol.at\/it\/?s={search_term_string}\"},\"query-input\":{\"@type\":\"PropertyValueSpecification\",\"valueRequired\":true,\"valueName\":\"search_term_string\"}}],\"inLanguage\":\"it-IT\"},{\"@type\":\"Person\",\"@id\":\"https:\/\/presse.tirol.at\/it\/#\/schema\/person\/7a01d43ecdf024eeb61ea2a3d4edcdc3\",\"name\":\"Martina Nairz\",\"image\":{\"@type\":\"ImageObject\",\"inLanguage\":\"it-IT\",\"@id\":\"https:\/\/presse.tirol.at\/it\/#\/schema\/person\/image\/b47273d486f1e6665f0c420330a009a6\",\"url\":\"https:\/\/secure.gravatar.com\/avatar\/b665805ca9d0b765eb68d4309bc5cbc59f9f79685c7853e60e3f0e084b24276d?s=96&d=mm&r=g\",\"contentUrl\":\"https:\/\/secure.gravatar.com\/avatar\/b665805ca9d0b765eb68d4309bc5cbc59f9f79685c7853e60e3f0e084b24276d?s=96&d=mm&r=g\",\"caption\":\"Martina Nairz\"}}]}<\/script>\n<!-- \/ Yoast SEO plugin. -->","yoast_head_json":{"title":"Un grande successo: ecco a voi il resoconto dei Campionati del mondo di ciclismo su strada 2018 a Innsbruck-Tirolo - Presse.Tirol","description":"I Campionati del mondo di ciclismo su strada di Innsbruck-Tirolo resteranno impressi nella memoria per essere stati tra i pi\u00f9 difficili di tutti i tempi.","robots":{"index":"index","follow":"follow","max-snippet":"max-snippet:-1","max-image-preview":"max-image-preview:large","max-video-preview":"max-video-preview:-1"},"canonical":"https:\/\/presse.tirol.at\/it\/pr1133799-un-grande-successo-ecco-a-voi-il-resoconto-dei-campionati-del-mondo-di-ciclismo-su-strada-2018-a-innsbruck-tirolo\/90172\/","og_locale":"it_IT","og_type":"article","og_title":"Un grande successo: ecco a voi il resoconto dei Campionati del mondo di ciclismo su strada 2018 a Innsbruck-Tirolo - Presse.Tirol","og_description":"I Campionati del mondo di ciclismo su strada di Innsbruck-Tirolo resteranno impressi nella memoria per essere stati tra i pi\u00f9 difficili di tutti i tempi.","og_url":"https:\/\/presse.tirol.at\/it\/pr1133799-un-grande-successo-ecco-a-voi-il-resoconto-dei-campionati-del-mondo-di-ciclismo-su-strada-2018-a-innsbruck-tirolo\/90172\/","og_site_name":"Presse.Tirol","article_published_time":"2018-10-04T13:40:45+00:00","article_modified_time":"2022-01-27T10:32:46+00:00","author":"Martina Nairz","twitter_card":"summary_large_image","twitter_misc":{"Scritto da":"Martina Nairz","Tempo di lettura stimato":"5 minutes","Written by":"Martina Nairz"},"schema":{"@context":"https:\/\/schema.org","@graph":[{"@type":"WebPage","@id":"https:\/\/presse.tirol.at\/it\/pr1133799-un-grande-successo-ecco-a-voi-il-resoconto-dei-campionati-del-mondo-di-ciclismo-su-strada-2018-a-innsbruck-tirolo\/90172\/","url":"https:\/\/presse.tirol.at\/it\/pr1133799-un-grande-successo-ecco-a-voi-il-resoconto-dei-campionati-del-mondo-di-ciclismo-su-strada-2018-a-innsbruck-tirolo\/90172\/","name":"Un grande successo: ecco a voi il resoconto dei Campionati del mondo di ciclismo su strada 2018 a Innsbruck-Tirolo - Presse.Tirol","isPartOf":{"@id":"https:\/\/presse.tirol.at\/it\/#website"},"datePublished":"2018-10-04T13:40:45+00:00","dateModified":"2022-01-27T10:32:46+00:00","author":{"@id":"https:\/\/presse.tirol.at\/it\/#\/schema\/person\/7a01d43ecdf024eeb61ea2a3d4edcdc3"},"description":"I Campionati del mondo di ciclismo su strada di Innsbruck-Tirolo resteranno impressi nella memoria per essere stati tra i pi\u00f9 difficili di tutti i tempi.","inLanguage":"it-IT","potentialAction":[{"@type":"ReadAction","target":["https:\/\/presse.tirol.at\/it\/pr1133799-un-grande-successo-ecco-a-voi-il-resoconto-dei-campionati-del-mondo-di-ciclismo-su-strada-2018-a-innsbruck-tirolo\/90172\/"]}]},{"@type":"WebSite","@id":"https:\/\/presse.tirol.at\/it\/#website","url":"https:\/\/presse.tirol.at\/it\/","name":"Presse.Tirol","description":"Regionale Presseplattform der Tirol Werbung und den Tiroler Tourismusverb\u00e4nden","potentialAction":[{"@type":"SearchAction","target":{"@type":"EntryPoint","urlTemplate":"https:\/\/presse.tirol.at\/it\/?s={search_term_string}"},"query-input":{"@type":"PropertyValueSpecification","valueRequired":true,"valueName":"search_term_string"}}],"inLanguage":"it-IT"},{"@type":"Person","@id":"https:\/\/presse.tirol.at\/it\/#\/schema\/person\/7a01d43ecdf024eeb61ea2a3d4edcdc3","name":"Martina Nairz","image":{"@type":"ImageObject","inLanguage":"it-IT","@id":"https:\/\/presse.tirol.at\/it\/#\/schema\/person\/image\/b47273d486f1e6665f0c420330a009a6","url":"https:\/\/secure.gravatar.com\/avatar\/b665805ca9d0b765eb68d4309bc5cbc59f9f79685c7853e60e3f0e084b24276d?s=96&d=mm&r=g","contentUrl":"https:\/\/secure.gravatar.com\/avatar\/b665805ca9d0b765eb68d4309bc5cbc59f9f79685c7853e60e3f0e084b24276d?s=96&d=mm&r=g","caption":"Martina Nairz"}}]}},"publishpress_future_workflow_manual_trigger":{"enabledWorkflows":[]},"_links":{"self":[{"href":"https:\/\/presse.tirol.at\/it\/wp-json\/wp\/v2\/posts\/90172","targetHints":{"allow":["GET"]}}],"collection":[{"href":"https:\/\/presse.tirol.at\/it\/wp-json\/wp\/v2\/posts"}],"about":[{"href":"https:\/\/presse.tirol.at\/it\/wp-json\/wp\/v2\/types\/post"}],"author":[{"embeddable":true,"href":"https:\/\/presse.tirol.at\/it\/wp-json\/wp\/v2\/users\/17"}],"replies":[{"embeddable":true,"href":"https:\/\/presse.tirol.at\/it\/wp-json\/wp\/v2\/comments?post=90172"}],"version-history":[{"count":0,"href":"https:\/\/presse.tirol.at\/it\/wp-json\/wp\/v2\/posts\/90172\/revisions"}],"wp:attachment":[{"href":"https:\/\/presse.tirol.at\/it\/wp-json\/wp\/v2\/media?parent=90172"}],"wp:term":[{"taxonomy":"category","embeddable":true,"href":"https:\/\/presse.tirol.at\/it\/wp-json\/wp\/v2\/categories?post=90172"},{"taxonomy":"region","embeddable":true,"href":"https:\/\/presse.tirol.at\/it\/wp-json\/wp\/v2\/region?post=90172"},{"taxonomy":"author","embeddable":true,"href":"https:\/\/presse.tirol.at\/it\/wp-json\/wp\/v2\/coauthors?post=90172"}],"curies":[{"name":"wp","href":"https:\/\/api.w.org\/{rel}","templated":true}]}}