{"id":91030,"date":"2019-03-07T09:26:22","date_gmt":"2019-03-07T08:26:22","guid":{"rendered":"https:\/\/presse.tirol.at\/pr1175542-nuovi-alloggi-e-infrastruttura-dellestate-2019\/91030\/"},"modified":"2022-01-27T11:31:20","modified_gmt":"2022-01-27T10:31:20","slug":"pr1175542-nuovi-alloggi-e-infrastruttura-dellestate-2019","status":"publish","type":"post","link":"https:\/\/presse.tirol.at\/it\/pr1175542-nuovi-alloggi-e-infrastruttura-dellestate-2019\/91030\/","title":{"rendered":"Nuovi alloggi e infrastruttura dell\u2019estate 2019"},"content":{"rendered":"\n<p class=\"intro\">La tendenza attuale in Tirolo dimostra, che la giovane generazione dei professionisti del turismo coniuga con successo l&#8217;innovazione con la tradizione alpina. Il trend va nella direzione dell&#8217;allestimento pregiato con ampie aree wellness. Qui trovate una panoramica dei nuovi alloggi, ristrutturazioni e miglioramenti dell&#8217;infrastruttura per l&#8217;estate 2019.<\/p>\n\n\n\n<p><em><strong>Giovane ed ecosostenibile: l&#8217;Hotel Macun a Vent<\/strong><\/em><\/p>\n\n\n\n<p>La parola \u201cMacun\u201d deriva dal retoromano e significa \u201ccamoscio\u201d. L&#8217;Alpenrose di un tempo \u00e8 stato trasformato nell&#8217;<a href=\"http:\/\/www.macun-vent.at\/it\" target=\"_blank\" rel=\"noopener noreferrer\"><strong>Hotel Macun<\/strong><\/a> dagli Juniorchef Mallorie Rey e Pirmin Lechner ed \u00e8 indirizzato ad una generazione giovane e consapevole dell&#8217;Ambiente. L&#8217;albergo a 1.907 metri si trova a Vent, il villaggio degli alpinisti nel cuore del parco naturale della valle \u00d6tztal, dove le esperienze di montagna si combinano con il turismo alpino ecosostenibile. Circondati da numerosi Tremila, tra cui le pi\u00f9 elevate cime delle alpi dell&#8217;\u00d6tztal come la Wildspitze e il Similaun, d&#8217;estate si possono fare piacevoli escursioni sopra Vent verso pascoli alpini idilliaci e vari rifugi. L&#8217;hotel Macun punta su sostenibilit\u00e0, prodotti di qualit\u00e0, gastronomia internazionale e alloggi accoglienti.&nbsp;<\/p>\n\n\n\n<p><em><strong>Di alta qualit\u00e0: una pensione diventa una casa vacanza a 5 stelle nell&#8217;Alpbachtal<\/strong><\/em><\/p>\n\n\n\n<p>Tanto legno pregiato di pino cembro \u00e8 stato utilizzato nel nuovo appartamento di 130 metri quadri <a href=\"http:\/\/penthouse-chalet.at\/en\" target=\"_blank\" rel=\"noopener noreferrer\"><strong>Sonnblick Penthouse Chalet<\/strong><\/a> (inglese) a Reith nell&#8217;Alpbachtal, che offre spazio per 2-8 persone. I giovani gestori Christina Hauser e Matthias Sedlak offrono inoltre numerosi extra: un frigo pieno di vini, uno spillatore di birra e su richiesta anche un cuoco privato.&nbsp;<\/p>\n\n\n\n<p><em><strong>Cucina wellness alpina: l&#8217;Hotel Burgstein a L\u00e4ngenfeld<\/strong><\/em><\/p>\n\n\n\n<p>Anche l&#8217;<a href=\"http:\/\/www.hotel-burgstein.at\/en\" target=\"_blank\" rel=\"noopener noreferrer\"><strong>Hotel Bergstein 4****<\/strong><\/a> (inglese) nella valle \u00d6tztal \u00e8 stato riaperto dopo dispendiosi lavori di ristruttarazione. La famigla alberghiera Gufler punta sull&#8217;amore per la natura e sulla tradizione. Viene offerta \u201ccucina alpina wellness\u201d fatta di ingredienti regionali \u2013 in parte di produzione propria.<br>Fa parte del concetto la pecora tirolese \u201cTiroler Steinschaf\u201d, della quale vengono utilizzate la lana per i letti di fieno e lana di pecora nell&#8217;area wellness, e il latte e le carni di produzione propria per la preparazione di gustosi manicaretti.&nbsp;<\/p>\n\n\n\n<p><em><strong>Wellness direttamente sul lago: l&#8217;Hotel Haldensee nella valle Tannheimer Tal<\/strong><\/em><\/p>\n\n\n\n<p>Dopo 15 mesi di costruzione, l&#8217;esclusivo <a href=\"http:\/\/www.haldensee-hotel.com\" target=\"_blank\" rel=\"noopener noreferrer\"><strong>Wellnesshotel Haldensee 4****<\/strong><\/a> (tedesco) a 1.124 metri d&#8217;altitudine aprir\u00e0 le sue porte a maggio 2019. L&#8217;albergo con 120 letti offre l&#8217;accesso privato diretto al lago Haldensee e anche l&#8217;area wellness con piscina interna e infinity-pool \u00e8 posizionata con vista sull&#8217;acqua. Tutte le camere e le suite sono allestite con letti boxspring e loggia o terrazza. Il nuovo progetto della famiglia Barbist \u00e8 indirizzato soprattutto agli ospiti adulti che cercano il relax nella natura.&nbsp;<\/p>\n\n\n\n<p><em><strong>Adults only: wellness nell&#8217;Alpbacher Hof<\/strong><\/em><\/p>\n\n\n\n<p>Anche l&#8217;<a href=\"http:\/\/www.alpbacherhof.at\/en\/jxl\/esclusivo-resort-natura-and-spa.html\" target=\"_blank\" rel=\"noopener noreferrer\"><strong>Alpbacher Hof<\/strong><\/a> ha fatto dei grandi investimenti: una nuova sauna panoramica, un ampio whirlpool e una sala riposo nel giardino aspettano gli ospiti in cerca di relax. L&#8217;area wellness \u00e8 riservata esclusivamente agli adulti. Anche la palestra, il ristorante, il bar e le camere son stati ristrutturati. Un highlight \u00e8 la terrazza panoramica con vista sul mondo alpino di Alpbach.<\/p>\n\n\n\n<p><em><strong>Nuovo PURE Resort a Ehrwald<\/strong><\/em><\/p>\n\n\n\n<p>I <a href=\"http:\/\/www.pure-resorts.com\/en\/index.html\" target=\"_blank\" rel=\"noopener noreferrer\"><strong>PURE Resorts<\/strong><\/a> (inglese) della collettivit\u00e0 di investitori olandese Mountain Residences saranno presenti in cinque localit\u00e0 tirolesi. Il PURE Resort nella Pitztal \u00e8 stato appena inaugurato a novembre 2018, un altro progetto della categoria 4 stelle superiore aprir\u00e0 le sue porte nel luglio 2019 a Ehrwald. Il nuovo resort disporr\u00e0 di un giardino con laghetto, pool, palestra, sauna esterna e un ristorante pubblico.&nbsp;<\/p>\n\n\n\n<p><strong><em>La piscina sul tetto: il nuovo Tuxerhof<\/em><\/strong><\/p>\n\n\n\n<p>Dopo ampie ristrutturazioni, l&#8217;albergo di lunga tradizione <a href=\"https:\/\/www.tuxerhof.at\/en\/\" target=\"_blank\" rel=\"noopener noreferrer\"><strong>Tuxerhof<\/strong><\/a> (inglese) nella Zillertal si presenta pi\u00f9 moderno, pi\u00f9 lussuoso e confortevole. L&#8217;hotel completamente ristrutturato adesso offre per esempio una piscina sul tetto, un lounge col camino e ampie suites in una posizione soleggiata a 1.300 metri. Vale la pena di vedere anche l&#8217;area wellness nuova di zecca con diverse saune, sala da meditazione e lago salato.&nbsp;<\/p>\n\n\n\n<p><em><strong>Adatto alle famiglie: Bergfried-Isabella a Tux<\/strong><\/em><\/p>\n\n\n\n<p>Anche l&#8217;<a href=\"http:\/\/www.bergfried.at\/en\" target=\"_blank\" rel=\"noopener noreferrer\"><strong>Hotel Bergfried Isabella<\/strong><\/a> (inglese) a Tux-Lanersbach \u00e8 stato riaperto dopo otto mesi di lavori di ristrutturazione. Le lifestylesuite, gli chalet alpini e gli appartamenti per le famiglie arredati con amore offrono spazio per sentirsi a proprio agio. L&#8217;hotel dispone inoltre di un&#8217;area wellness di 2.100 m\u00b2. L&#8217;offerta della famiglia Stock \u00e8 indirizzata soprattutto alle famiglie con bambini.&nbsp;<\/p>\n\n\n\n<p><em><strong>Uscire dal quotidiano: Mohr escape<\/strong><\/em><\/p>\n\n\n\n<p>Nel <a href=\"http:\/\/www.mohr-life-resort.at\" target=\"_blank\" rel=\"noopener noreferrer\"><strong>MOHR Life Resort<\/strong><\/a> (tedesco) a Lermoos vi aspetta un&#8217;area wellness di 2.500 m\u00b2 completamente rifatta chiamata MOHR escape. L&#8217;Infinity-Outdoorpool \u00e8 stata ingrandita e ampliata con elementi di luce e suono. Le grandi finstre panoramiche offrono stupendi scorci sul massiccio della Zugspitze.&nbsp;<\/p>\n\n\n\n<p>&nbsp;<\/p>\n","protected":false},"excerpt":{"rendered":"<p>La giovane generazione dei professionisti del turismo coniuga con successo l&#8217;innovazione con la tradizione alpina. <\/p>\n","protected":false},"author":17,"featured_media":0,"comment_status":"closed","ping_status":"closed","sticky":false,"template":"","format":"standard","meta":{"_acf_changed":false,"footnotes":""},"categories":[11],"region":[109],"coauthors":[292],"class_list":["post-91030","post","type-post","status-publish","format-standard","hentry","category-non-categorizzato","region-tirol-werbung"],"acf":[],"yoast_head":"<!-- This site is optimized with the Yoast SEO plugin v25.1 - https:\/\/yoast.com\/wordpress\/plugins\/seo\/ -->\n<title>Nuovi alloggi e infrastruttura dell\u2019estate 2019 - Presse.Tirol<\/title>\n<meta name=\"robots\" content=\"index, follow, max-snippet:-1, max-image-preview:large, max-video-preview:-1\" \/>\n<link rel=\"canonical\" href=\"https:\/\/presse.tirol.at\/it\/pr1175542-nuovi-alloggi-e-infrastruttura-dellestate-2019\/91030\/\" \/>\n<meta property=\"og:locale\" content=\"it_IT\" \/>\n<meta property=\"og:type\" content=\"article\" \/>\n<meta property=\"og:title\" content=\"Nuovi alloggi e infrastruttura dell\u2019estate 2019 - Presse.Tirol\" \/>\n<meta property=\"og:description\" content=\"La giovane generazione dei professionisti del turismo coniuga con successo l&#039;innovazione con la tradizione alpina.\" \/>\n<meta property=\"og:url\" content=\"https:\/\/presse.tirol.at\/it\/pr1175542-nuovi-alloggi-e-infrastruttura-dellestate-2019\/91030\/\" \/>\n<meta property=\"og:site_name\" content=\"Presse.Tirol\" \/>\n<meta property=\"article:published_time\" content=\"2019-03-07T08:26:22+00:00\" \/>\n<meta property=\"article:modified_time\" content=\"2022-01-27T10:31:20+00:00\" \/>\n<meta name=\"author\" content=\"Martina Nairz\" \/>\n<meta name=\"twitter:card\" content=\"summary_large_image\" \/>\n<meta name=\"twitter:label1\" content=\"Scritto da\" \/>\n\t<meta name=\"twitter:data1\" content=\"Martina Nairz\" \/>\n\t<meta name=\"twitter:label2\" content=\"Tempo di lettura stimato\" \/>\n\t<meta name=\"twitter:data2\" content=\"4 minutes\" \/>\n\t<meta name=\"twitter:label3\" content=\"Written by\" \/>\n\t<meta name=\"twitter:data3\" content=\"Martina Nairz\" \/>\n<script type=\"application\/ld+json\" class=\"yoast-schema-graph\">{\"@context\":\"https:\/\/schema.org\",\"@graph\":[{\"@type\":\"WebPage\",\"@id\":\"https:\/\/presse.tirol.at\/it\/pr1175542-nuovi-alloggi-e-infrastruttura-dellestate-2019\/91030\/\",\"url\":\"https:\/\/presse.tirol.at\/it\/pr1175542-nuovi-alloggi-e-infrastruttura-dellestate-2019\/91030\/\",\"name\":\"Nuovi alloggi e infrastruttura dell\u2019estate 2019 - Presse.Tirol\",\"isPartOf\":{\"@id\":\"https:\/\/presse.tirol.at\/it\/#website\"},\"datePublished\":\"2019-03-07T08:26:22+00:00\",\"dateModified\":\"2022-01-27T10:31:20+00:00\",\"author\":{\"@id\":\"https:\/\/presse.tirol.at\/it\/#\/schema\/person\/7a01d43ecdf024eeb61ea2a3d4edcdc3\"},\"inLanguage\":\"it-IT\",\"potentialAction\":[{\"@type\":\"ReadAction\",\"target\":[\"https:\/\/presse.tirol.at\/it\/pr1175542-nuovi-alloggi-e-infrastruttura-dellestate-2019\/91030\/\"]}]},{\"@type\":\"WebSite\",\"@id\":\"https:\/\/presse.tirol.at\/it\/#website\",\"url\":\"https:\/\/presse.tirol.at\/it\/\",\"name\":\"Presse.Tirol\",\"description\":\"Regionale Presseplattform der Tirol Werbung und den Tiroler Tourismusverb\u00e4nden\",\"potentialAction\":[{\"@type\":\"SearchAction\",\"target\":{\"@type\":\"EntryPoint\",\"urlTemplate\":\"https:\/\/presse.tirol.at\/it\/?s={search_term_string}\"},\"query-input\":{\"@type\":\"PropertyValueSpecification\",\"valueRequired\":true,\"valueName\":\"search_term_string\"}}],\"inLanguage\":\"it-IT\"},{\"@type\":\"Person\",\"@id\":\"https:\/\/presse.tirol.at\/it\/#\/schema\/person\/7a01d43ecdf024eeb61ea2a3d4edcdc3\",\"name\":\"Martina Nairz\",\"image\":{\"@type\":\"ImageObject\",\"inLanguage\":\"it-IT\",\"@id\":\"https:\/\/presse.tirol.at\/it\/#\/schema\/person\/image\/b47273d486f1e6665f0c420330a009a6\",\"url\":\"https:\/\/secure.gravatar.com\/avatar\/b665805ca9d0b765eb68d4309bc5cbc59f9f79685c7853e60e3f0e084b24276d?s=96&d=mm&r=g\",\"contentUrl\":\"https:\/\/secure.gravatar.com\/avatar\/b665805ca9d0b765eb68d4309bc5cbc59f9f79685c7853e60e3f0e084b24276d?s=96&d=mm&r=g\",\"caption\":\"Martina Nairz\"}}]}<\/script>\n<!-- \/ Yoast SEO plugin. -->","yoast_head_json":{"title":"Nuovi alloggi e infrastruttura dell\u2019estate 2019 - Presse.Tirol","robots":{"index":"index","follow":"follow","max-snippet":"max-snippet:-1","max-image-preview":"max-image-preview:large","max-video-preview":"max-video-preview:-1"},"canonical":"https:\/\/presse.tirol.at\/it\/pr1175542-nuovi-alloggi-e-infrastruttura-dellestate-2019\/91030\/","og_locale":"it_IT","og_type":"article","og_title":"Nuovi alloggi e infrastruttura dell\u2019estate 2019 - Presse.Tirol","og_description":"La giovane generazione dei professionisti del turismo coniuga con successo l'innovazione con la tradizione alpina.","og_url":"https:\/\/presse.tirol.at\/it\/pr1175542-nuovi-alloggi-e-infrastruttura-dellestate-2019\/91030\/","og_site_name":"Presse.Tirol","article_published_time":"2019-03-07T08:26:22+00:00","article_modified_time":"2022-01-27T10:31:20+00:00","author":"Martina Nairz","twitter_card":"summary_large_image","twitter_misc":{"Scritto da":"Martina Nairz","Tempo di lettura stimato":"4 minutes","Written by":"Martina Nairz"},"schema":{"@context":"https:\/\/schema.org","@graph":[{"@type":"WebPage","@id":"https:\/\/presse.tirol.at\/it\/pr1175542-nuovi-alloggi-e-infrastruttura-dellestate-2019\/91030\/","url":"https:\/\/presse.tirol.at\/it\/pr1175542-nuovi-alloggi-e-infrastruttura-dellestate-2019\/91030\/","name":"Nuovi alloggi e infrastruttura dell\u2019estate 2019 - Presse.Tirol","isPartOf":{"@id":"https:\/\/presse.tirol.at\/it\/#website"},"datePublished":"2019-03-07T08:26:22+00:00","dateModified":"2022-01-27T10:31:20+00:00","author":{"@id":"https:\/\/presse.tirol.at\/it\/#\/schema\/person\/7a01d43ecdf024eeb61ea2a3d4edcdc3"},"inLanguage":"it-IT","potentialAction":[{"@type":"ReadAction","target":["https:\/\/presse.tirol.at\/it\/pr1175542-nuovi-alloggi-e-infrastruttura-dellestate-2019\/91030\/"]}]},{"@type":"WebSite","@id":"https:\/\/presse.tirol.at\/it\/#website","url":"https:\/\/presse.tirol.at\/it\/","name":"Presse.Tirol","description":"Regionale Presseplattform der Tirol Werbung und den Tiroler Tourismusverb\u00e4nden","potentialAction":[{"@type":"SearchAction","target":{"@type":"EntryPoint","urlTemplate":"https:\/\/presse.tirol.at\/it\/?s={search_term_string}"},"query-input":{"@type":"PropertyValueSpecification","valueRequired":true,"valueName":"search_term_string"}}],"inLanguage":"it-IT"},{"@type":"Person","@id":"https:\/\/presse.tirol.at\/it\/#\/schema\/person\/7a01d43ecdf024eeb61ea2a3d4edcdc3","name":"Martina Nairz","image":{"@type":"ImageObject","inLanguage":"it-IT","@id":"https:\/\/presse.tirol.at\/it\/#\/schema\/person\/image\/b47273d486f1e6665f0c420330a009a6","url":"https:\/\/secure.gravatar.com\/avatar\/b665805ca9d0b765eb68d4309bc5cbc59f9f79685c7853e60e3f0e084b24276d?s=96&d=mm&r=g","contentUrl":"https:\/\/secure.gravatar.com\/avatar\/b665805ca9d0b765eb68d4309bc5cbc59f9f79685c7853e60e3f0e084b24276d?s=96&d=mm&r=g","caption":"Martina Nairz"}}]}},"publishpress_future_workflow_manual_trigger":{"enabledWorkflows":[]},"_links":{"self":[{"href":"https:\/\/presse.tirol.at\/it\/wp-json\/wp\/v2\/posts\/91030","targetHints":{"allow":["GET"]}}],"collection":[{"href":"https:\/\/presse.tirol.at\/it\/wp-json\/wp\/v2\/posts"}],"about":[{"href":"https:\/\/presse.tirol.at\/it\/wp-json\/wp\/v2\/types\/post"}],"author":[{"embeddable":true,"href":"https:\/\/presse.tirol.at\/it\/wp-json\/wp\/v2\/users\/17"}],"replies":[{"embeddable":true,"href":"https:\/\/presse.tirol.at\/it\/wp-json\/wp\/v2\/comments?post=91030"}],"version-history":[{"count":0,"href":"https:\/\/presse.tirol.at\/it\/wp-json\/wp\/v2\/posts\/91030\/revisions"}],"wp:attachment":[{"href":"https:\/\/presse.tirol.at\/it\/wp-json\/wp\/v2\/media?parent=91030"}],"wp:term":[{"taxonomy":"category","embeddable":true,"href":"https:\/\/presse.tirol.at\/it\/wp-json\/wp\/v2\/categories?post=91030"},{"taxonomy":"region","embeddable":true,"href":"https:\/\/presse.tirol.at\/it\/wp-json\/wp\/v2\/region?post=91030"},{"taxonomy":"author","embeddable":true,"href":"https:\/\/presse.tirol.at\/it\/wp-json\/wp\/v2\/coauthors?post=91030"}],"curies":[{"name":"wp","href":"https:\/\/api.w.org\/{rel}","templated":true}]}}