{"id":91241,"date":"2019-03-07T10:52:17","date_gmt":"2019-03-07T09:52:17","guid":{"rendered":"https:\/\/presse.tirol.at\/pr1179071-mete-turistiche-e-eventi-nellestate-2019\/91241\/"},"modified":"2022-01-27T11:28:44","modified_gmt":"2022-01-27T10:28:44","slug":"pr1179071-mete-turistiche-e-eventi-nellestate-2019","status":"publish","type":"post","link":"https:\/\/presse.tirol.at\/it\/pr1179071-mete-turistiche-e-eventi-nellestate-2019\/91241\/","title":{"rendered":"Mete turistiche e eventi nell\u2019estate 2019"},"content":{"rendered":"\n<p class=\"intro\">Anche d&#8217;estate ci sono numerose offerte per il tempo libero. Alle famiglie piaceranno le nuove escursioni tematiche e grandiosi eventi aspettano i fan dello sport, per esempio il pi\u00f9 grande Gravity-Mountainbike-Festival a livello mondiale o il pi\u00f9 lungo Trailrun dell&#8217;Austria.<\/p>\n\n\n\n\n\n<p><strong>Nuove mete turistiche:<\/strong><\/p>\n\n\n\n<p><strong><em>Il sentiero degli animali selvatici \u201cHubertus-Wildtierpfad\u201d a Hochzillertal<\/em><\/strong> Nel territorio di Kaltenbach \u00e8 nato un nuovo sentiero tematico. Appena la neve si sar\u00e0 sciolta, dalla Hubertuskapelle si parte per l&#8217;alta via Zillertaler H\u00f6henstra\u00dfe verso la malga Platzlalm. Il sentiero senza barriere \u00e8 adatto anche ai passeggini e offre stazioni interattive sul tema degli animali selvatici.<\/p>\n\n\n\n<p><em><strong>L&#8217;avventura Spieljochbahn<\/strong><\/em><br>Anche sullo <a href=\"http:\/\/www.spieljochbahn.at\/de\/sommer\/spieljochbahn-im-sommer\" target=\"_blank\" rel=\"noreferrer noopener\"><strong>Spieljoch<\/strong><\/a> (tedesco) nella Zillertal nel 2019 vi aspettano ancora pi\u00f9 attrazioni per le famiglie: al percorso con le funi sospese sono stati aggiunti uno spettacolare Flying Fox, un ponte nepalese e una miniera di cristalli per i bambini.<\/p>\n\n\n\n<p><em><strong>Sentiero dei mondiali a Hochfilzen<\/strong><\/em> Hochfilzen si \u00e8 fatta un nome internazionale con la coppa del mondo di biathlon e come ospite di tre campionati mondiali di biathlon. Dall&#8217;estate 2019 si potr\u00e0 vivere questo tema durante tutto l&#8217;anno. Lungo le 15 stazioni del sentiero dei mondiali si possono imparare cose interessanti sullo sport del biathlon e nelle quattro stazioni per giocare i bambini si divertiranno sicuramente.<\/p>\n\n\n\n<p><em><strong>Storia delle campane a Waidring<\/strong><\/em><br>La fusione delle campane ha una lunga tradizione a Waidring nella valle PillerseeTal. Con il progetto \u201cpaese delle campane\u201d si tiene conto dell&#8217;identit\u00e0 del paese. Ancora oggi si trovano qui due delle quattro fonderie del Tirolo. Sono previsti tra l&#8217;altro un mondo delle campane, un sentiero sul tema campane a Waidring e visite guidate nelle fonderie. L&#8217;inaugurazione del paese delle campane \u00e8 programmata per la primavera 2019. Il paese delle campane, anche come \u201cproposta per le giornate di pioggia\u201d per chi viene in vacanza, \u00e8 un&#8217;ulteriore meta nella regione. Ma vuole attirare anche i turisti di passaggio. <\/p>\n\n\n\n<p><em><strong>WIDI&#8217;s Movieshuttle nella valle \u00d6tztal<\/strong><\/em><br>A partire della prossima estate, ci saranno 14 nuove stazioni nel mondo delle avventure per i bambini <a href=\"http:\/\/www.oetz.com\/summer\/widiversum-hochoetz\/widiversum.html\" target=\"_blank\" rel=\"noreferrer noopener\"><strong>WIDIVERSUM<\/strong><\/a> (inglese)\u00a0a Hochoetz. Un highlight particolare \u00e8 il \u201cWIDI&#8217;s Movieshuttle, un simulatore multimediale 5D futuristico, dove diventi il protagonista di uno scatenato inseguimento.<\/p>\n\n\n\n\n\n<p><strong>Calendario eventi 2019:<\/strong><em><strong>A Innsbruck l&#8217;unica tappa del Crankworx in Europa<\/strong><\/em><br>Il Bikepark Innsbruck sulla Muttereralm nel 2019 ospiter\u00e0 ancora una volta un evento top della scena del freestyle bike: <a href=\"http:\/\/www.crankworx.com\/festival\/innsbruck\" target=\"_blank\" rel=\"noreferrer noopener\"><strong>Crankworx<\/strong><\/a> (inglese). Questa volta Innsbruck \u00e8 l&#8217;unica tappa del tour europeo. Dal 12 al 16 giugno 2019 migliaia di visitatori faranno il tifo durante le sfide Downhill, Slopestyle, Speed-and-Style, Whip-Off e un Pumptrack-Contest.<\/p>\n\n\n\n<p><em><strong>Bike Transalp con numerose novit\u00e0<\/strong><\/em><br>I 1.000 mountainbiker di 40 nazioni superano in sette giorni ben 500 chilometri e oltre 18.000 metri di dislivello durante la gara a tappe \u201c<a href=\"https:\/\/bike-transalp.de\/en\" target=\"_blank\" rel=\"noreferrer noopener\"><strong>Bike Transalp<\/strong><\/a>\u201d (inglese). \u00c8 considerata una delle pi\u00f9 importanti e pi\u00f9 dure gare a tappe del mondo per la mountainbike. Con questa gara avr\u00e0 il suo battesimo del fuoco il nuovo singletrail dal valico Tuxer Joch nelle Alpi della Zillertal fino a Schmirn nella Wipptal. Poi si continua fino all&#8217;Italia.<\/p>\n\n\n\n<p><em><strong>Stubai Ultratrail \u2013 nuovi percorsi e un&#8217;ulteriore distanza<\/strong><\/em><br>Per i trail runner ci sono novit\u00e0 anche dalla valle Stubaital. Il 29 giugno 2019 lo Stubai Ultratrail parte da Innsbruck e termina a Neustift. Dopo un update, il trail \u00e8 diventato pi\u00f9 lungo, pi\u00f9 duro e pi\u00f9 bello. L&#8217;offerta \u00e8 stata estesa con una quarta distanza, lo STUBAI 19K, di 18,6 chilometri e 1.998 metri di dislivello in salita.<\/p>\n\n\n\n<p><em><strong>Il pi\u00f9 lungo trailrun dell&#8217;Austria arriva nella valle Pillerseetal<\/strong><\/em><br>Il Trailrun \u201c<a href=\"https:\/\/kat100.at\/en\" target=\"_blank\" rel=\"noreferrer noopener\"><strong>KAT100<\/strong><\/a>\u201d (inglese) di 100 miglia o 166 chilometri e 9.500 metri di dislivello nelle Alpi di Kitzb\u00fchel festegger\u00e0 la sua prima assoluta a Fieberbrunn dall&#8217;8 al 10 agosto 2019. Il \u201cKitz Alps Trail\u201d diventer\u00e0 cos\u00ec il pi\u00f9 lungo e movimentato evento di trailrunning dell&#8217;Austria. Per la prima gli organizzatori aspettano 400 partecipanti circa.\u00a0<\/p>\n\n\n\n\n\n<p><em><strong>20 anni della gara Achenseelauf<\/strong><\/em><br>Il 7 e 8 settembre 2019 avr\u00e0 luogo la 20ma edizione della pi\u00f9 bella gara panoramica dell&#8217;Austria. Con l&#8217;<a href=\"http:\/\/www.achenseelauf.at\/en\" target=\"_blank\" rel=\"noreferrer noopener\"><strong>Achenseelauf<\/strong><\/a> (inglese), i 1.500 appassionati della corsa affronteranno i 23,2 chilometri intorno al lago pi\u00f9 grande del Tirolo. La fulminante partenza di massa attira ogni anno innumerevoli spettatori e fa battere pi\u00f9 velocemente i cuori degli sportivi.<\/p>\n\n\n\n<p><em><strong>10 anni di calcio per le ragazze: Cordial Girls Cup<\/strong><\/em><br>Dal 7 al 10 giugno 2019 nelle Alpi di Kitzb\u00fchel avr\u00e0 luogo per la decima volta uno dei pi\u00f9 grandi tornei di calcio giovanile d&#8217;Europa. Alla <a href=\"http:\/\/www.cordialcup.com\/en\" target=\"_blank\" rel=\"noreferrer noopener\"><strong>Cordial Girls Cup<\/strong><\/a> (inglese) di Hopfgarten e Westendorf, il Tirolo accoglie numerose squadre giovanili di livello mondiale e sar\u00e0 messa in primo piano la fantastica prestazione delle ragazze.<\/p>\n\n\n","protected":false},"excerpt":{"rendered":"<p>Anche d&#8217;estate ci sono numerose offerte per il tempo libero. <\/p>\n","protected":false},"author":17,"featured_media":0,"comment_status":"closed","ping_status":"closed","sticky":false,"template":"","format":"standard","meta":{"_acf_changed":false,"footnotes":""},"categories":[11],"region":[109],"coauthors":[292],"class_list":["post-91241","post","type-post","status-publish","format-standard","hentry","category-non-categorizzato","region-tirol-werbung"],"acf":[],"yoast_head":"<!-- This site is optimized with the Yoast SEO plugin v25.1 - https:\/\/yoast.com\/wordpress\/plugins\/seo\/ -->\n<title>Mete turistiche e eventi nell\u2019estate 2019 - Presse.Tirol<\/title>\n<meta name=\"robots\" content=\"index, follow, max-snippet:-1, max-image-preview:large, max-video-preview:-1\" \/>\n<link rel=\"canonical\" href=\"https:\/\/presse.tirol.at\/it\/pr1179071-mete-turistiche-e-eventi-nellestate-2019\/91241\/\" \/>\n<meta property=\"og:locale\" content=\"it_IT\" \/>\n<meta property=\"og:type\" content=\"article\" \/>\n<meta property=\"og:title\" content=\"Mete turistiche e eventi nell\u2019estate 2019 - Presse.Tirol\" \/>\n<meta property=\"og:description\" content=\"Anche d&#039;estate ci sono numerose offerte per il tempo libero.\" \/>\n<meta property=\"og:url\" content=\"https:\/\/presse.tirol.at\/it\/pr1179071-mete-turistiche-e-eventi-nellestate-2019\/91241\/\" \/>\n<meta property=\"og:site_name\" content=\"Presse.Tirol\" \/>\n<meta property=\"article:published_time\" content=\"2019-03-07T09:52:17+00:00\" \/>\n<meta property=\"article:modified_time\" content=\"2022-01-27T10:28:44+00:00\" \/>\n<meta name=\"author\" content=\"Martina Nairz\" \/>\n<meta name=\"twitter:card\" content=\"summary_large_image\" \/>\n<meta name=\"twitter:label1\" content=\"Scritto da\" \/>\n\t<meta name=\"twitter:data1\" content=\"Martina Nairz\" \/>\n\t<meta name=\"twitter:label2\" content=\"Tempo di lettura stimato\" \/>\n\t<meta name=\"twitter:data2\" content=\"5 minutes\" \/>\n\t<meta name=\"twitter:label3\" content=\"Written by\" \/>\n\t<meta name=\"twitter:data3\" content=\"Martina Nairz\" \/>\n<script type=\"application\/ld+json\" class=\"yoast-schema-graph\">{\"@context\":\"https:\/\/schema.org\",\"@graph\":[{\"@type\":\"WebPage\",\"@id\":\"https:\/\/presse.tirol.at\/it\/pr1179071-mete-turistiche-e-eventi-nellestate-2019\/91241\/\",\"url\":\"https:\/\/presse.tirol.at\/it\/pr1179071-mete-turistiche-e-eventi-nellestate-2019\/91241\/\",\"name\":\"Mete turistiche e eventi nell\u2019estate 2019 - Presse.Tirol\",\"isPartOf\":{\"@id\":\"https:\/\/presse.tirol.at\/it\/#website\"},\"datePublished\":\"2019-03-07T09:52:17+00:00\",\"dateModified\":\"2022-01-27T10:28:44+00:00\",\"author\":{\"@id\":\"https:\/\/presse.tirol.at\/it\/#\/schema\/person\/7a01d43ecdf024eeb61ea2a3d4edcdc3\"},\"inLanguage\":\"it-IT\",\"potentialAction\":[{\"@type\":\"ReadAction\",\"target\":[\"https:\/\/presse.tirol.at\/it\/pr1179071-mete-turistiche-e-eventi-nellestate-2019\/91241\/\"]}]},{\"@type\":\"WebSite\",\"@id\":\"https:\/\/presse.tirol.at\/it\/#website\",\"url\":\"https:\/\/presse.tirol.at\/it\/\",\"name\":\"Presse.Tirol\",\"description\":\"Regionale Presseplattform der Tirol Werbung und den Tiroler Tourismusverb\u00e4nden\",\"potentialAction\":[{\"@type\":\"SearchAction\",\"target\":{\"@type\":\"EntryPoint\",\"urlTemplate\":\"https:\/\/presse.tirol.at\/it\/?s={search_term_string}\"},\"query-input\":{\"@type\":\"PropertyValueSpecification\",\"valueRequired\":true,\"valueName\":\"search_term_string\"}}],\"inLanguage\":\"it-IT\"},{\"@type\":\"Person\",\"@id\":\"https:\/\/presse.tirol.at\/it\/#\/schema\/person\/7a01d43ecdf024eeb61ea2a3d4edcdc3\",\"name\":\"Martina Nairz\",\"image\":{\"@type\":\"ImageObject\",\"inLanguage\":\"it-IT\",\"@id\":\"https:\/\/presse.tirol.at\/it\/#\/schema\/person\/image\/b47273d486f1e6665f0c420330a009a6\",\"url\":\"https:\/\/secure.gravatar.com\/avatar\/b665805ca9d0b765eb68d4309bc5cbc59f9f79685c7853e60e3f0e084b24276d?s=96&d=mm&r=g\",\"contentUrl\":\"https:\/\/secure.gravatar.com\/avatar\/b665805ca9d0b765eb68d4309bc5cbc59f9f79685c7853e60e3f0e084b24276d?s=96&d=mm&r=g\",\"caption\":\"Martina Nairz\"}}]}<\/script>\n<!-- \/ Yoast SEO plugin. -->","yoast_head_json":{"title":"Mete turistiche e eventi nell\u2019estate 2019 - Presse.Tirol","robots":{"index":"index","follow":"follow","max-snippet":"max-snippet:-1","max-image-preview":"max-image-preview:large","max-video-preview":"max-video-preview:-1"},"canonical":"https:\/\/presse.tirol.at\/it\/pr1179071-mete-turistiche-e-eventi-nellestate-2019\/91241\/","og_locale":"it_IT","og_type":"article","og_title":"Mete turistiche e eventi nell\u2019estate 2019 - Presse.Tirol","og_description":"Anche d'estate ci sono numerose offerte per il tempo libero.","og_url":"https:\/\/presse.tirol.at\/it\/pr1179071-mete-turistiche-e-eventi-nellestate-2019\/91241\/","og_site_name":"Presse.Tirol","article_published_time":"2019-03-07T09:52:17+00:00","article_modified_time":"2022-01-27T10:28:44+00:00","author":"Martina Nairz","twitter_card":"summary_large_image","twitter_misc":{"Scritto da":"Martina Nairz","Tempo di lettura stimato":"5 minutes","Written by":"Martina Nairz"},"schema":{"@context":"https:\/\/schema.org","@graph":[{"@type":"WebPage","@id":"https:\/\/presse.tirol.at\/it\/pr1179071-mete-turistiche-e-eventi-nellestate-2019\/91241\/","url":"https:\/\/presse.tirol.at\/it\/pr1179071-mete-turistiche-e-eventi-nellestate-2019\/91241\/","name":"Mete turistiche e eventi nell\u2019estate 2019 - Presse.Tirol","isPartOf":{"@id":"https:\/\/presse.tirol.at\/it\/#website"},"datePublished":"2019-03-07T09:52:17+00:00","dateModified":"2022-01-27T10:28:44+00:00","author":{"@id":"https:\/\/presse.tirol.at\/it\/#\/schema\/person\/7a01d43ecdf024eeb61ea2a3d4edcdc3"},"inLanguage":"it-IT","potentialAction":[{"@type":"ReadAction","target":["https:\/\/presse.tirol.at\/it\/pr1179071-mete-turistiche-e-eventi-nellestate-2019\/91241\/"]}]},{"@type":"WebSite","@id":"https:\/\/presse.tirol.at\/it\/#website","url":"https:\/\/presse.tirol.at\/it\/","name":"Presse.Tirol","description":"Regionale Presseplattform der Tirol Werbung und den Tiroler Tourismusverb\u00e4nden","potentialAction":[{"@type":"SearchAction","target":{"@type":"EntryPoint","urlTemplate":"https:\/\/presse.tirol.at\/it\/?s={search_term_string}"},"query-input":{"@type":"PropertyValueSpecification","valueRequired":true,"valueName":"search_term_string"}}],"inLanguage":"it-IT"},{"@type":"Person","@id":"https:\/\/presse.tirol.at\/it\/#\/schema\/person\/7a01d43ecdf024eeb61ea2a3d4edcdc3","name":"Martina Nairz","image":{"@type":"ImageObject","inLanguage":"it-IT","@id":"https:\/\/presse.tirol.at\/it\/#\/schema\/person\/image\/b47273d486f1e6665f0c420330a009a6","url":"https:\/\/secure.gravatar.com\/avatar\/b665805ca9d0b765eb68d4309bc5cbc59f9f79685c7853e60e3f0e084b24276d?s=96&d=mm&r=g","contentUrl":"https:\/\/secure.gravatar.com\/avatar\/b665805ca9d0b765eb68d4309bc5cbc59f9f79685c7853e60e3f0e084b24276d?s=96&d=mm&r=g","caption":"Martina Nairz"}}]}},"publishpress_future_workflow_manual_trigger":{"enabledWorkflows":[]},"_links":{"self":[{"href":"https:\/\/presse.tirol.at\/it\/wp-json\/wp\/v2\/posts\/91241","targetHints":{"allow":["GET"]}}],"collection":[{"href":"https:\/\/presse.tirol.at\/it\/wp-json\/wp\/v2\/posts"}],"about":[{"href":"https:\/\/presse.tirol.at\/it\/wp-json\/wp\/v2\/types\/post"}],"author":[{"embeddable":true,"href":"https:\/\/presse.tirol.at\/it\/wp-json\/wp\/v2\/users\/17"}],"replies":[{"embeddable":true,"href":"https:\/\/presse.tirol.at\/it\/wp-json\/wp\/v2\/comments?post=91241"}],"version-history":[{"count":0,"href":"https:\/\/presse.tirol.at\/it\/wp-json\/wp\/v2\/posts\/91241\/revisions"}],"wp:attachment":[{"href":"https:\/\/presse.tirol.at\/it\/wp-json\/wp\/v2\/media?parent=91241"}],"wp:term":[{"taxonomy":"category","embeddable":true,"href":"https:\/\/presse.tirol.at\/it\/wp-json\/wp\/v2\/categories?post=91241"},{"taxonomy":"region","embeddable":true,"href":"https:\/\/presse.tirol.at\/it\/wp-json\/wp\/v2\/region?post=91241"},{"taxonomy":"author","embeddable":true,"href":"https:\/\/presse.tirol.at\/it\/wp-json\/wp\/v2\/coauthors?post=91241"}],"curies":[{"name":"wp","href":"https:\/\/api.w.org\/{rel}","templated":true}]}}