{"id":91311,"date":"2019-03-18T12:47:36","date_gmt":"2019-03-18T11:47:36","guid":{"rendered":"https:\/\/presse.tirol.at\/pr1179481-tirolo-regione-leader-del-ciclismo\/91311\/"},"modified":"2024-10-24T16:27:26","modified_gmt":"2024-10-24T14:27:26","slug":"pr1179481-tirolo-regione-leader-del-ciclismo","status":"publish","type":"post","link":"https:\/\/presse.tirol.at\/it\/pr1179481-tirolo-regione-leader-del-ciclismo\/91311\/","title":{"rendered":"Tirolo: regione leader del ciclismo"},"content":{"rendered":"\n<p class=\"intro\">Con migliaia di chilometri di itinerari per bici da corsa, mountain bike, ciclopiste, pi\u00f9 di 100 single trail e manifestazioni di punta per professionisti e amatori, il Tirolo si posiziona come regione leader del ciclismo nell\u2019arco alpino.<\/p>\n\n\n\n<p>Il passo stradale pi\u00f9 alto dell\u2019Austria, la massima altitudine che si possa raggiungere con la bici da corsa o la montagna ciclabile pi\u00f9 ripida della repubblica alpina: il Tirolo \u00e8 ricco di superlativi in fatto di ciclismo. Con 3.800 chilometri di eccellenti piste ciclabili, circa 6.000 chilometri di percorsi ufficialmente autorizzati per la mountain bike, pi\u00f9 di 115 single trail e pi\u00f9 di 1.000 chilometri di percorsi cicloescursionistici, il Tirolo vanta a buon diritto il titolo di &#8220;regione ciclistica&#8221;. Il circuito continuo per mountain bike pi\u00f9 esteso di tutto l\u2019arco alpino, il Bike Trail Tirol, \u00e8 lungo ben 1.000 chilometri.<\/p>\n\n\n\n<h2 class=\"wp-block-heading\">Campionati Mondiali di ciclismo su strada: un impulso per lo sport del ciclismo<\/h2>\n\n\n\n<p>L\u2019evento culmine del 2018 che ha contagiato tutta la regione con la febbre delle due ruote \u00e8 stato senza dubbio quello dei Mondiali di ciclismo su strada. 600.000 tifosi sul posto e circa 200 milioni davanti agli schermi hanno tifato per gli atleti di punta da 77 Paesi che si sono sfidati nell\u2019ambito di un evento perfettamente organizzato per aggiudicarsi il titolo di campioni del mondo. In un\u2019avvincente lotta a colpi di pedali, lo spagnolo Alejandro Valverde, dall\u2019alto della sua carriera, si \u00e8 aggiudicato il titolo di Campione del mondo sul percorso di gara per mondiali pi\u00f9 tosto di tutti i tempi.<\/p>\n\n\n\n<h2 class=\"wp-block-heading\">Dieci itinerari ciclistici \u201cmondiali\u201d<\/h2>\n\n\n\n<p>Anche al di l\u00e0 delle grandi manifestazioni, il Tirolo offre magnifici itinerari per gli appassionati di bici da corsa. I principianti preferiscono i numerosi tour a valle e ne approfittano per migliorare la propria condizione fisica. I ciclisti pi\u00f9 ambiziosi scelgono le strade di montagna pi\u00f9 impegnative e vengono ricompensati da squarci panoramici sul mondo alpino. I &#8220;Great Rides&#8221; &#8211; dieci itinerari ciclistici veramente formidabili &#8211; rappresentano in modo esemplare i tanti percorsi che il Tirolo offre. Presentano tutti e tre caratteristiche in comune: grandi dislivelli, meravigliose viste panoramiche e discese mozzafiato.<\/p>\n\n\n<h2>Eventi top del 2019<\/h2>\n<p>Il 2019 prosegue con eventi ciclistici di punta. Ad aprile saranno i professionisti della bici da corsa ad assicurare avvincenti gare nel corso del Tour of the Alps che partendo da Kufstein attraverser\u00e0 il Tirolo settentrionale, l\u2019Alto Adige e il Trentino. Questa competizione nasce dal Giro del Trentino e viene sfruttata dagli atleti prepararsi al Giro d\u2019Italia. Il pi\u00f9 grande festival di gravity in mountain bike del mondo, il Crankworx, invece, si terr\u00e0 per la terza volta a Innsbruck nel mese di giugno e regaler\u00e0 emozioni freestyle di prima classe. I migliori atleti del mondo si misureranno nelle discipline Slopestyle, Dual Speed &amp; Style, Whip-Off, Pump Track e Downhill.<\/p>\n<h2>Una rassegna di gare aperte a tutti<\/h2>\n<p>Gli amatori pi\u00f9 ambiziosi delle due ruote non si lasceranno sfuggire la rinomata maratona ciclistica \u00d6tztaler Radmarathon che nel 2019 si svolger\u00e0 a settembre. Al KitzAlpBike-Festival, invece, nella vallata della Brixental tutto ruoter\u00e0 intorno alla mountain bike per una settimana intera. Inoltre, non mancheranno l\u2019Arlberg Giro, la maratona ciclistica di Imst, il Giro delle Dolomiti, la Kaunertaler Gletscherkaiser, il Dreil\u00e4ndergiro, il Tour Transalp, la maratona ciclistica di Kufstein, il Radweltpokal di St. Johann e la maratona ciclistica della Tannheimer Tal&#8230; manca quasi il fiato a citare tutti questi eventi ciclistici di punta.<\/p>\n<h2>I cinque migliori single trail del Tirolo<\/h2>\n<p>Una disciplina del ciclismo che trova sempre maggior riscontro nella regione alpina, \u00e8 quella delle discese in mountain bike. Di anno in anno, nascono in Tirolo sempre pi\u00f9 single trail ufficialmente riconosciuti. L\u2019Arzler Alm Trail, il Blindsee Trail, il Fleckalm Trail, il Leiterberg Trail e il Plamort Trail si sono addirittura guadagnati l\u2019accezione di \u201cGreat Trail\u201d, ma sono soltanto esempi di pi\u00f9 di 100 single trail che fanno sognare in Tirolo gli appassionati della MTB in cerca di un\u2019avventura sugli stretti sentieri.<\/p>\n<h2>E-mountain bike<\/h2>\n<p>Le e-mountain bike costituiscono un\u2019interessante alternativa alle consuete mountain bike dato che permettono di intraprendere tour pi\u00f9 impegnativi grazie alla porzione di energia in pi\u00f9. Si prevede che questo trend prosegua e, per questo, anche l&#8217;infrastruttura del Tirolo in fatto di e-bike viene continuamente ampliata. In molte localit\u00e0 \u00e8 possibile noleggiare una e-mountain bike e presso sempre pi\u00f9 rifugi di montagna c\u2019\u00e8 la possibilit\u00e0 di ricaricare le batterie.<\/p>\n<h2>Cicloescursionismo in Tirolo<\/h2>\n<p>Gli appassionati delle escursioni pi\u00f9 piacevoli e le famiglie devono affrontare soltanto pochi metri di dislivello: lungo i fiumi e le vallate si snodano attraverso il Tirolo alcuni degli itinerari ciclabili di lunga percorrenza pi\u00f9 pittoreschi delle Alpi, come, per esempio quella della Drava o quella dell\u2019Inntal che l\u2019anno prossimo, ricever\u00e0 una nuova segnaletica. Un suggerimento prezioso per i ciclisti che non disdegnano i piaceri della buona tavola \u00e8 senza dubbio la Via Claudia Augusta con le numerose locande tirolesi che costeggiano il percorso. Inoltre, la pista ciclabile \u201cMonaco di Baviera &#8211; Venezia\u201d regala emozioni indelebili lungo l\u2019asse Nord\/Sud. Le piste ciclabili tirolesi idonee per i ciclisti occasionali si snodano per un totale di pi\u00f9 di 900 chilometri. Alloggi attenti alle esigenze dei ciclisti, punti di noleggio per e-bike, servizi navetta per biciclette e officine per riparazioni completano l\u2019offerta.<\/p>\n<h2>Maggiori informazioni<\/h2>\n<ul>\n<li>Informazioni sui <a href=\"http:\/\/www.tirolo.com\/e-campionato-mondiale-di-ciclismo-uci-2018\" target=\"_blank\" rel=\"noopener noreferrer\">Campionati Mondiali di Ciclismo<\/a><\/li>\n<li>Informazioni su <a href=\"http:\/\/www.tirolo.com\/e-crankworx\" target=\"_blank\" rel=\"noopener noreferrer\">Crankworx<\/a><\/li>\n<li>Informazioni per <a href=\"http:\/\/www.tirolo.com\/bici-da-corsa\" target=\"_blank\" rel=\"noopener noreferrer\">ciclisti su strada<\/a><\/li>\n<li>Informazioni per <a href=\"http:\/\/www.tirolo.com\/mountainbike\" target=\"_blank\" rel=\"noopener noreferrer\">mountain biker<\/a><\/li>\n<li>Informazioni per <a href=\"https:\/\/www.tirolo.com\/attivita\/sport\/cicloturismo\" target=\"_blank\" rel=\"noopener noreferrer\">ciclisti occasionali<\/a><\/li>\n<\/ul>","protected":false},"excerpt":{"rendered":"<p>Il Tirolo si posiziona come regione leader del ciclismo nell\u2019arco alpino.<\/p>\n","protected":false},"author":17,"featured_media":0,"comment_status":"closed","ping_status":"closed","sticky":false,"template":"","format":"standard","meta":{"_acf_changed":false,"footnotes":""},"categories":[11],"region":[109],"coauthors":[292],"class_list":["post-91311","post","type-post","status-publish","format-standard","hentry","category-non-categorizzato","region-tirol-werbung"],"acf":[],"yoast_head":"<!-- This site is optimized with the Yoast SEO plugin v25.1 - https:\/\/yoast.com\/wordpress\/plugins\/seo\/ -->\n<title>Tirolo: regione leader del ciclismo - Presse.Tirol<\/title>\n<meta name=\"robots\" content=\"index, follow, max-snippet:-1, max-image-preview:large, max-video-preview:-1\" \/>\n<link rel=\"canonical\" href=\"https:\/\/presse.tirol.at\/it\/pr1179481-tirolo-regione-leader-del-ciclismo\/91311\/\" \/>\n<meta property=\"og:locale\" content=\"it_IT\" \/>\n<meta property=\"og:type\" content=\"article\" \/>\n<meta property=\"og:title\" content=\"Tirolo: regione leader del ciclismo - Presse.Tirol\" \/>\n<meta property=\"og:description\" content=\"Il Tirolo si posiziona come regione leader del ciclismo nell\u2019arco alpino.\" \/>\n<meta property=\"og:url\" content=\"https:\/\/presse.tirol.at\/it\/pr1179481-tirolo-regione-leader-del-ciclismo\/91311\/\" \/>\n<meta property=\"og:site_name\" content=\"Presse.Tirol\" \/>\n<meta property=\"article:published_time\" content=\"2019-03-18T11:47:36+00:00\" \/>\n<meta property=\"article:modified_time\" content=\"2024-10-24T14:27:26+00:00\" \/>\n<meta name=\"author\" content=\"Martina Nairz\" \/>\n<meta name=\"twitter:card\" content=\"summary_large_image\" \/>\n<meta name=\"twitter:label1\" content=\"Scritto da\" \/>\n\t<meta name=\"twitter:data1\" content=\"Martina Nairz\" \/>\n\t<meta name=\"twitter:label2\" content=\"Tempo di lettura stimato\" \/>\n\t<meta name=\"twitter:data2\" content=\"5 minutes\" \/>\n\t<meta name=\"twitter:label3\" content=\"Written by\" \/>\n\t<meta name=\"twitter:data3\" content=\"Martina Nairz\" \/>\n<script type=\"application\/ld+json\" class=\"yoast-schema-graph\">{\"@context\":\"https:\/\/schema.org\",\"@graph\":[{\"@type\":\"WebPage\",\"@id\":\"https:\/\/presse.tirol.at\/it\/pr1179481-tirolo-regione-leader-del-ciclismo\/91311\/\",\"url\":\"https:\/\/presse.tirol.at\/it\/pr1179481-tirolo-regione-leader-del-ciclismo\/91311\/\",\"name\":\"Tirolo: regione leader del ciclismo - Presse.Tirol\",\"isPartOf\":{\"@id\":\"https:\/\/presse.tirol.at\/it\/#website\"},\"datePublished\":\"2019-03-18T11:47:36+00:00\",\"dateModified\":\"2024-10-24T14:27:26+00:00\",\"author\":{\"@id\":\"https:\/\/presse.tirol.at\/it\/#\/schema\/person\/7a01d43ecdf024eeb61ea2a3d4edcdc3\"},\"inLanguage\":\"it-IT\",\"potentialAction\":[{\"@type\":\"ReadAction\",\"target\":[\"https:\/\/presse.tirol.at\/it\/pr1179481-tirolo-regione-leader-del-ciclismo\/91311\/\"]}]},{\"@type\":\"WebSite\",\"@id\":\"https:\/\/presse.tirol.at\/it\/#website\",\"url\":\"https:\/\/presse.tirol.at\/it\/\",\"name\":\"Presse.Tirol\",\"description\":\"Regionale Presseplattform der Tirol Werbung und den Tiroler Tourismusverb\u00e4nden\",\"potentialAction\":[{\"@type\":\"SearchAction\",\"target\":{\"@type\":\"EntryPoint\",\"urlTemplate\":\"https:\/\/presse.tirol.at\/it\/?s={search_term_string}\"},\"query-input\":{\"@type\":\"PropertyValueSpecification\",\"valueRequired\":true,\"valueName\":\"search_term_string\"}}],\"inLanguage\":\"it-IT\"},{\"@type\":\"Person\",\"@id\":\"https:\/\/presse.tirol.at\/it\/#\/schema\/person\/7a01d43ecdf024eeb61ea2a3d4edcdc3\",\"name\":\"Martina Nairz\",\"image\":{\"@type\":\"ImageObject\",\"inLanguage\":\"it-IT\",\"@id\":\"https:\/\/presse.tirol.at\/it\/#\/schema\/person\/image\/b47273d486f1e6665f0c420330a009a6\",\"url\":\"https:\/\/secure.gravatar.com\/avatar\/b665805ca9d0b765eb68d4309bc5cbc59f9f79685c7853e60e3f0e084b24276d?s=96&d=mm&r=g\",\"contentUrl\":\"https:\/\/secure.gravatar.com\/avatar\/b665805ca9d0b765eb68d4309bc5cbc59f9f79685c7853e60e3f0e084b24276d?s=96&d=mm&r=g\",\"caption\":\"Martina Nairz\"}}]}<\/script>\n<!-- \/ Yoast SEO plugin. -->","yoast_head_json":{"title":"Tirolo: regione leader del ciclismo - Presse.Tirol","robots":{"index":"index","follow":"follow","max-snippet":"max-snippet:-1","max-image-preview":"max-image-preview:large","max-video-preview":"max-video-preview:-1"},"canonical":"https:\/\/presse.tirol.at\/it\/pr1179481-tirolo-regione-leader-del-ciclismo\/91311\/","og_locale":"it_IT","og_type":"article","og_title":"Tirolo: regione leader del ciclismo - Presse.Tirol","og_description":"Il Tirolo si posiziona come regione leader del ciclismo nell\u2019arco alpino.","og_url":"https:\/\/presse.tirol.at\/it\/pr1179481-tirolo-regione-leader-del-ciclismo\/91311\/","og_site_name":"Presse.Tirol","article_published_time":"2019-03-18T11:47:36+00:00","article_modified_time":"2024-10-24T14:27:26+00:00","author":"Martina Nairz","twitter_card":"summary_large_image","twitter_misc":{"Scritto da":"Martina Nairz","Tempo di lettura stimato":"5 minutes","Written by":"Martina Nairz"},"schema":{"@context":"https:\/\/schema.org","@graph":[{"@type":"WebPage","@id":"https:\/\/presse.tirol.at\/it\/pr1179481-tirolo-regione-leader-del-ciclismo\/91311\/","url":"https:\/\/presse.tirol.at\/it\/pr1179481-tirolo-regione-leader-del-ciclismo\/91311\/","name":"Tirolo: regione leader del ciclismo - Presse.Tirol","isPartOf":{"@id":"https:\/\/presse.tirol.at\/it\/#website"},"datePublished":"2019-03-18T11:47:36+00:00","dateModified":"2024-10-24T14:27:26+00:00","author":{"@id":"https:\/\/presse.tirol.at\/it\/#\/schema\/person\/7a01d43ecdf024eeb61ea2a3d4edcdc3"},"inLanguage":"it-IT","potentialAction":[{"@type":"ReadAction","target":["https:\/\/presse.tirol.at\/it\/pr1179481-tirolo-regione-leader-del-ciclismo\/91311\/"]}]},{"@type":"WebSite","@id":"https:\/\/presse.tirol.at\/it\/#website","url":"https:\/\/presse.tirol.at\/it\/","name":"Presse.Tirol","description":"Regionale Presseplattform der Tirol Werbung und den Tiroler Tourismusverb\u00e4nden","potentialAction":[{"@type":"SearchAction","target":{"@type":"EntryPoint","urlTemplate":"https:\/\/presse.tirol.at\/it\/?s={search_term_string}"},"query-input":{"@type":"PropertyValueSpecification","valueRequired":true,"valueName":"search_term_string"}}],"inLanguage":"it-IT"},{"@type":"Person","@id":"https:\/\/presse.tirol.at\/it\/#\/schema\/person\/7a01d43ecdf024eeb61ea2a3d4edcdc3","name":"Martina Nairz","image":{"@type":"ImageObject","inLanguage":"it-IT","@id":"https:\/\/presse.tirol.at\/it\/#\/schema\/person\/image\/b47273d486f1e6665f0c420330a009a6","url":"https:\/\/secure.gravatar.com\/avatar\/b665805ca9d0b765eb68d4309bc5cbc59f9f79685c7853e60e3f0e084b24276d?s=96&d=mm&r=g","contentUrl":"https:\/\/secure.gravatar.com\/avatar\/b665805ca9d0b765eb68d4309bc5cbc59f9f79685c7853e60e3f0e084b24276d?s=96&d=mm&r=g","caption":"Martina Nairz"}}]}},"publishpress_future_workflow_manual_trigger":{"enabledWorkflows":[]},"_links":{"self":[{"href":"https:\/\/presse.tirol.at\/it\/wp-json\/wp\/v2\/posts\/91311","targetHints":{"allow":["GET"]}}],"collection":[{"href":"https:\/\/presse.tirol.at\/it\/wp-json\/wp\/v2\/posts"}],"about":[{"href":"https:\/\/presse.tirol.at\/it\/wp-json\/wp\/v2\/types\/post"}],"author":[{"embeddable":true,"href":"https:\/\/presse.tirol.at\/it\/wp-json\/wp\/v2\/users\/17"}],"replies":[{"embeddable":true,"href":"https:\/\/presse.tirol.at\/it\/wp-json\/wp\/v2\/comments?post=91311"}],"version-history":[{"count":0,"href":"https:\/\/presse.tirol.at\/it\/wp-json\/wp\/v2\/posts\/91311\/revisions"}],"wp:attachment":[{"href":"https:\/\/presse.tirol.at\/it\/wp-json\/wp\/v2\/media?parent=91311"}],"wp:term":[{"taxonomy":"category","embeddable":true,"href":"https:\/\/presse.tirol.at\/it\/wp-json\/wp\/v2\/categories?post=91311"},{"taxonomy":"region","embeddable":true,"href":"https:\/\/presse.tirol.at\/it\/wp-json\/wp\/v2\/region?post=91311"},{"taxonomy":"author","embeddable":true,"href":"https:\/\/presse.tirol.at\/it\/wp-json\/wp\/v2\/coauthors?post=91311"}],"curies":[{"name":"wp","href":"https:\/\/api.w.org\/{rel}","templated":true}]}}