{"id":92560,"date":"2019-09-24T09:01:28","date_gmt":"2019-09-24T07:01:28","guid":{"rendered":"https:\/\/presse.tirol.at\/pr1215350-nuovi-alloggi-in-tirolo-per-linverno-2019-20\/92560\/"},"modified":"2022-01-27T11:25:49","modified_gmt":"2022-01-27T10:25:49","slug":"pr1215350-nuovi-alloggi-in-tirolo-per-linverno-2019-20","status":"publish","type":"post","link":"https:\/\/presse.tirol.at\/it\/pr1215350-nuovi-alloggi-in-tirolo-per-linverno-2019-20\/92560\/","title":{"rendered":"Nuovi alloggi in Tirolo per l&#8217;inverno 2019\/20"},"content":{"rendered":"\n<p class=\"intro\">Il 2019 ha visto importanti investimenti e interventi di ristrutturazione in molte parti del Tirolo. Anche per quest\u2019anno si conferma il trend dell\u2019arredamento di qualit\u00e0 superiore, dello stile alpino-moderno e dei generosi reparti benessere. Ma aumenta anche l\u2019offerta di appartamenti vacanza. Ecco a voi una panoramica sulle novit\u00e0 pi\u00f9 interessanti dell\u2019inverno 2019\/20. <\/p>\n\n\n\n<p><strong>Novit\u00e0 nel settore alberghiero<\/strong><\/p>\n\n\n\n<p><strong>Kufstein: il Tiroler Hof rinasce come Viktorias Home<\/strong><br>L\u2019albergo \u201cTiroler Hof\u201d, che vanta una lunga tradizione a Kufstein, si trasforma in un elegante hotel boutique di 4 stelle: il <em><strong>\u201c<a href=\"https:\/\/viktoriashome.at\/en\/\" target=\"_blank\" rel=\"noopener noreferrer\">Viktorias Home<\/a>\u201d<\/strong><\/em>. A dare il nome all\u2019hotel \u00e8 Viktoria Fahringer che ha da poco rilevato l\u2019attivit\u00e0 dei suoi genitori. Gli appartamenti decorati con lusso offrono una zona notte e una zona giorno separate, una cucina realizzata su misura e una spa privata con cabina a raggi rossi e bagno turco aromatizzato. Presso il ristorante gourmet annesso, Viktoria \u00e8 responsabile di cucina nonch\u00e9 chef p\u00e2tissi\u00e8re e trasmette le proprie conoscenze organizzando corsi di cucina per cuochi amatoriali. L\u2019hotel dista pochi minuti a piedi dalla riserva naturale di Kaisertal.<\/p>\n\n\n\n<p><strong>Nuovo di zecca: Die Alpbacherin<\/strong><br>L\u2019Alpbachtal sorprende con novit\u00e0 interessanti: l\u2019hotel <em><strong>\u201c<a href=\"https:\/\/www.die-alpbacherin.com\/\" target=\"_blank\" rel=\"noopener noreferrer\">Die Alpbacherin<\/a>\u201d<\/strong><\/em> \u00e8 attualmente in costruzione e verr\u00e0 inaugurato a dicembre del 2019 come albergo 4 stelle superior con mezza pensione e pensione completa nel centro del villaggio di Alpbach. Georg Lenk, neo-albergatore, mette a disposizione dei suoi ospiti un\u2019infinity pool, 3 saune e alcune delle 55 stanze vanteranno reparti spa privati con idromassaggio. Dal punto di vista gastronomico il men\u00f9 sar\u00e0 studiato prevalentemente con prodotti locali, in parte di produzione propria.<\/p>\n\n\n\n<p><strong>Grande ristrutturazione a Seefeld<\/strong><br>Nel dicembre del 2019, a due passi soltanto dalla bella e vivace zona pedonale di Seefeld, aprir\u00e0 i battenti l\u2019hotel 4 stelle superior <em><strong><a href=\"https:\/\/www.seespitz.at\/\" target=\"_blank\" rel=\"noopener noreferrer\">Seespitz<\/a><\/strong><\/em> che con le sue 60 stanze e suite \u00e8 stato sottoposto a un intervento completo di ristrutturazione. Architettura moderna, materiali pregiati e colori caldi dominano la scena. Anche il reparto benessere, il ristorante e la hall sono stati ampiamente rinnovati. Il fiore all\u2019occhiello della struttura resta la vista sul laghetto Wildsee di Seefeld.<\/p>\n\n\n\n<p><strong>Dal vecchio al nuovo: Chalet \u201cAlte Schmiede\u201d<\/strong> <br>L\u2019 <em><strong>\u201c<a href=\"https:\/\/alte-schmiede.tirol\/\" target=\"_blank\" rel=\"noopener noreferrer\">Alte Schmiede<\/a>\u201d<\/strong><\/em> a Reith im Alpbachtal risale a pi\u00f9 di tre secoli fa ma \u00e8 stato completamente restaurato nel corso dell\u2019anno scorso. Con 180 m\u00b2 strutturati su due piani, lo chalet offre spazio a sufficienza per 6-8 persone. Di particolare pregio sono la vecchia Stube contadina con il grande tavolo da pranzo, le antiche pareti in legno e la sauna di pino cembro con area relax.<\/p>\n\n\n\n<p><strong>Il Pop Down diventa Mari Pop<\/strong> <br>Il progetto alberghiero temporaneo e molto innovativo \u201cPop Down Hotel\u201d a Ried im Zillertal si trova attualmente in fase di riqualificazione e verr\u00e0 trasformato in un hotel boutique: il <strong><em>\u201c<a href=\"https:\/\/www.maripop.at\/\" target=\"_blank\" rel=\"noopener noreferrer\">Mari Pop<\/a>\u201d<\/em><\/strong>. Prima dell\u2019importante intervento di ristrutturazione del vecchio &#8220;Zillertaler Grillhof&#8221;, i proprietari hanno aperto per due anni i battenti del &#8220;Pop Down Hotel\u201d per poter proseguire l\u2019attivit\u00e0 con un concetto molto innovativo. Al centro dell\u2019idea si ritrova la &#8220;Stube&#8221; punto d\u2019incontro per tutti. A partire dal dicembre 2019, la stagione invernale riaprir\u00e0 con un raffinato reparto benessere. Per i padroni di casa Silvia Gsch\u00f6sser e Markus Rist era di fondamentale importanza restare il pi\u00f9 possibile fedeli all&#8217;idea originale. In questa ottica \u00e8 stata conservata in parte la lunghissima tavolata che contraddistingueva il \u201cPop Down Hotel\u201d, le camere sono state progettate individualmente e si organizza un programma culturale progressivo che attira sia gli abitanti del posto che i turisti.<\/p>\n\n\n\n<p><strong>A impatto zero: l\u2019Hotel Tipotsch a Stumm<\/strong><br>Anche il <em><strong>&#8220;<a href=\"https:\/\/www.hotel-tipotsch.at\/en\/\" target=\"_blank\" rel=\"noopener noreferrer\">Tipotsch<\/a>&#8220;<\/strong><\/em> nella Zillertal inizia l\u2019inverno dopo un lifting completo. Questo hotel dalla lunga tradizione \u00e8 stato ampliato con 16 nuove camere e suite. L&#8217;hotel \u00e8 riscaldato con energia geotermica e il soffitto radiante a impatto zero assicura il raffrescamento in estate. Heinz Tipotsch e Margot St\u00f6ckl lavorano esclusivamente con falegnami locali. I pregiati legni regionali che vengono utilizzati sono selezionati personalmente e abbattuti tenendo conto dell&#8217;influenza delle fasi lunari. Ma anche il legno vecchio della struttura originale trova ancora il suo posto. Negli interni, tessuti sgargianti creano contrasti con lo stile alpino.<\/p>\n\n\n<p><img decoding=\"async\" src=\"https:\/\/presse.tirol.at\/static\/assets\/pi_images\/image_detail\/1222480.jpeg\"><\/p>\n\n\n<p><strong>Ancora pi\u00f9 novit\u00e0 nella Zillertal: Hotel W\u00f6scherhof <\/strong><br>Anche l&#8217;elenco delle migliorie del <strong><em><a href=\"https:\/\/www.woescherhof.com\/en\/\" target=\"_blank\" rel=\"noopener noreferrer\">W\u00f6scherhof<\/a><\/em><\/strong> di Uderns \u00e8 degno di nota: la nuova struttura offre spazio a 20 lussuose suite in posizione tranquilla. Non manca neanche un&#8217;area benessere di 2.000 m\u00b2 con sauna panoramica, laghetto naturale balneabile, reparto beauty, sala fitness e yoga.<\/p>\n\n\n\n<p><strong>La pi\u00f9 grande azienda turistica europea investe nella Pillerseetal <\/strong><br>A partire da novembre 2019, il gruppo turistico TUI ha deciso di ampliare l\u2019offerta in ambito degli sport invernali rilevando l\u2019&#8221;Austria Trend Alpine Resort&#8221; di Fieberbrunn e trasformandolo nel <em><strong>&#8220;<a href=\"https:\/\/www.tui-blue.com\/en\/hotels\/tui-blue-fieberbrunn.html\" target=\"_blank\" rel=\"noopener noreferrer\">TUI blue Fieberbrunn<\/a>\u201d<\/strong><\/em> di 4 stelle. Gli hotel TUI blue si distinguono per l\u2019architettura tipicamente locale, la cucina genuina e la ricca offerta sportiva. Il Pillerseehof di St. Ulrich am Pillersee, invece, riaprir\u00e0 con il nome di <a href=\"https:\/\/www.tui.at\/hotels\/hotel-pillerseehof-und-der-braeuwirt-19073\/hotelinformation\/\" target=\"_blank\" rel=\"noopener noreferrer\"><em><strong>TUI SuneoClub<\/strong><\/em><\/a> e lo standard di un hotel di 3 stelle superior. Dal punto di vista gastronomico si punter\u00e0 sul servizio all-inclusive con piatti provenienti da tutto il mondo, preparati al momento in diverse postazioni di show-cooking.<\/p>\n\n\n\n<p><strong>Chalet e rifugi senza servizio di ristorazione<\/strong><\/p>\n\n\n\n<p><strong>Don Camillo e Peppone direttamente nei pressi delle terme di L\u00e4ngenfeld<\/strong><br>Dove da anni Marcello sforna le pizze al &#8220;Don Camillo&#8221;, sorgeranno con gli <em><strong>&#8220;<a href=\"https:\/\/peppone.tirol\/en\/\" target=\"_blank\" rel=\"noopener noreferrer\">Apart Peppone<\/a>&#8220;<\/strong><\/em> 22 appartamenti attrezzati per 4-6 persone. Gli appartamenti dispongono di cucine completamente attrezzate, colazione e servizio di consegna di pane fresco inclusi. Per un po\u2019 di benessere basta spostarsi dall&#8217;altra parte della strada e raggiungere il famoso &#8220;Aqua Dome&#8221;, il centro termale convenzionato con Apart Peppone. Molto bene!<\/p>\n\n\n\n<p><strong>Lisl, Seppi &amp; co: nuovi chalet a Mayrhofen<\/strong><br>Hansl, Resi, Lisl e Seppi sono i nomi dei quattro nuovissimi e confortevoli <a href=\"https:\/\/www.griena.at\/\" target=\"_blank\" rel=\"noopener noreferrer\"><em><strong>Griena Naturchalet<\/strong><\/em><\/a> che saranno disponibili da dicembre 2019 a Mayrhofen nella Zillertal. Colori armoniosi, legno per un\u2019atmosfera accogliente e materiali pregiati contraddistinguono questi cottage a due piani. Gli chalet possono ospitare da 6 a 10 persone e dispongono di 4 camere da letto, una cucina completamente attrezzata e 3 bagni con doccia a pioggia. Chi non avesse voglia di cucinare in vacanza, pu\u00f2 affidarsi alle mani del ristorante convenzionato &#8220;Wirtshaus zum Griena&#8221; con le sue Stuben ricche di storia e la stufa in maiolica che ricrea un\u2019atmosfera accogliente.&nbsp;<\/p>\n\n\n\n<p><strong>Sulle piste da sci: Chalet Bergeralm nella valle Wipptal<\/strong><br>A Steinach am Brenner, gli ospiti che preferiscono strutture per il solo pernottamento possono contare sull\u2019offerta di 21 lussuosi <a href=\"https:\/\/www.alps-residence.com\/en\/bergeralm-chalets\/\" target=\"_blank\" rel=\"noopener noreferrer\"><em><strong>chalet in legno massiccio<\/strong><\/em><\/a>, ognuno dei quali pu\u00f2 ospitare fino a 10 persone. Il resort si trova a pochi passi dalla stazione a valle della Bergeralm. Ampie vetrate offrono una vista libera sulle montagne tirolesi, mentre una sauna finlandese, un caminetto e parcheggi annessi alla struttura completano l&#8217;offerta dei servizi di questi chalet per le vacanze.&nbsp;<\/p>\n\n\n\n<p><strong>Appartamenti e Chalet The Peak a S\u00f6lden<\/strong><br>A partire dal prossimo inverno, la famiglia Kneisl di S\u00f6lden accoglier\u00e0 i propri ospiti direttamente sulla pista da sci. Il \u201c<a href=\"https:\/\/www.peak-soelden.at\/en\" target=\"_blank\" rel=\"noopener noreferrer\"><em><strong>The Peak<\/strong><\/em><\/a>\u201d \u00e8 costituito da nuovissimi chalet e appartamenti con vista su S\u00f6lden. Dal punto di vista del design, predominano il legno antico e la pietra, i due chalet sono dotati di panche ad infrarossi e possono ospitare fino a 7 persone.<\/p>\n\n\n\n<p><strong>All-Suite Resort nella valle \u00d6tztal: secondo di quattro<\/strong><br>Ci sono ancora pi\u00f9 novit\u00e0 per gli amanti della \u00d6tztal. Camere spaziose, materiali di alta qualit\u00e0, pavimenti in legno di quercia. Oltre alla location di K\u00fchtai, \u00e8 stato aperto un secondo &#8220;<a href=\"https:\/\/www.all-suite.com\/\" target=\"_blank\" rel=\"noopener noreferrer\"><em><strong>All Suite Resort<\/strong><\/em><\/a>&#8221; a Oetz e a breve seguiranno altre due location in Tirolo. Il resort di nuova costruzione nella valle \u00d6tztal si trova a meno di 100 metri dalla funivia Achterkogelbahn e dispone di un lussuoso reparto spa di 500 m\u00b2 con saune panoramiche, bagno turco, aree relax e una piscina interna ed esterna riscaldata. Presso il bistrot si possono gustare e acquistare delizie gastronomiche, mentre la stazione di ricarica per auto elettriche \u00e8 un extra innovativo.<\/p>\n\n\n\n<p><strong>Moderno-alpino: il Zugspitz Lodge di Ehrwald<\/strong><br>I 12 nuovi chalet del &#8220;<a href=\"https:\/\/www.zugspitzlodge.com\/en\/\" target=\"_blank\" rel=\"noopener noreferrer\"><em><strong>Zugspitz Lodge<\/strong><\/em><\/a>&#8221; di Ehrwald spiccano per l\u2019utilizzo di pregiato legno massello e arredi di alta qualit\u00e0. Nei soggiorni, un divano letto e un camino ricreano un&#8217;atmosfera calda ed accogliente. Le cucine sono dotate di piano cottura, tostapane, microonde, lavastoviglie, forno, macchina per il caff\u00e8 e tutti gli utensili da cucina. Al piano superiore degli chalet c&#8217;\u00e8 una camera da letto con letto matrimoniale king size, un WC separato e un bagno con doccia a pioggia.<\/p>\n\n\n\n<p><strong>47 nuove camere e suite allo Zugspitz Resort Ehrwald<\/strong><br>Il <a href=\"https:\/\/www.zugspitz-resort.at\/en\/holiday-resort-zugspitze.html\" target=\"_blank\" rel=\"noopener noreferrer\"><em><strong>resort a 4 stelle<\/strong><\/em><\/a> ai piedi della Zugspitze apre nel dicembre 2019 con numerose novit\u00e0. Oltre alla casa appartamenti gi\u00e0 esistente, \u00e8 in costruzione un nuovo edificio con 40 camere aggiuntive, un nuovo ristorante, ricca offerta per bambini, palestra e molte altre attrazioni. Le 47 nuove camere e suite promettono un comfort moderno all\u2019insegna del design alpino. Oltre alle Junior Suite e alle Family Suite con la camera dei bambini separata, in futuro gli ospiti avranno a disposizione anche delle camere al piano attico. Il fiore all\u2019occhiello della struttura \u00e8 l&#8217;area piscina per bambini, che comprende un parco acquatico con nave dei pirati, cinque scivoli, una vasca per bambini e una piscina esterna per bambini riscaldata.<\/p>\n\n\n\n<p>Maggiori informazioni e hotel su <a href=\"https:\/\/www.tirolo.com\/offerte-vacanze\" target=\"_blank\" rel=\"noopener noreferrer\"><em>www.tirolo.com\/offerte-vacanze<\/em><\/a><br>Foto in formato da stampa su <a href=\"https:\/\/presse.tirol.at\/it\" target=\"_blank\" rel=\"noopener noreferrer\"><em>www.presse.tirol.at\/it<\/em><\/a> e <a href=\"https:\/\/bilder.tirol.at\/\" target=\"_blank\" rel=\"noopener noreferrer\"><em>www.bilder.tirol.at<\/em><\/a>.<\/p>\n","protected":false},"excerpt":{"rendered":"<p>Ecco a voi una panoramica sulle novit\u00e0 pi\u00f9 interessanti dell\u2019inverno 2019\/20.<\/p>\n","protected":false},"author":17,"featured_media":0,"comment_status":"closed","ping_status":"closed","sticky":false,"template":"","format":"standard","meta":{"_acf_changed":false,"footnotes":""},"categories":[11],"region":[109],"coauthors":[292],"class_list":["post-92560","post","type-post","status-publish","format-standard","hentry","category-non-categorizzato","region-tirol-werbung"],"acf":[],"yoast_head":"<!-- This site is optimized with the Yoast SEO plugin v25.1 - https:\/\/yoast.com\/wordpress\/plugins\/seo\/ -->\n<title>Nuovi alloggi in Tirolo per l&#039;inverno 2019\/20 - Presse.Tirol<\/title>\n<meta name=\"robots\" content=\"index, follow, max-snippet:-1, max-image-preview:large, max-video-preview:-1\" \/>\n<link rel=\"canonical\" href=\"https:\/\/presse.tirol.at\/it\/pr1215350-nuovi-alloggi-in-tirolo-per-linverno-2019-20\/92560\/\" \/>\n<meta property=\"og:locale\" content=\"it_IT\" \/>\n<meta property=\"og:type\" content=\"article\" \/>\n<meta property=\"og:title\" content=\"Nuovi alloggi in Tirolo per l&#039;inverno 2019\/20 - Presse.Tirol\" \/>\n<meta property=\"og:description\" content=\"Ecco a voi una panoramica sulle novit\u00e0 pi\u00f9 interessanti dell\u2019inverno 2019\/20.\" \/>\n<meta property=\"og:url\" content=\"https:\/\/presse.tirol.at\/it\/pr1215350-nuovi-alloggi-in-tirolo-per-linverno-2019-20\/92560\/\" \/>\n<meta property=\"og:site_name\" content=\"Presse.Tirol\" \/>\n<meta property=\"article:published_time\" content=\"2019-09-24T07:01:28+00:00\" \/>\n<meta property=\"article:modified_time\" content=\"2022-01-27T10:25:49+00:00\" \/>\n<meta property=\"og:image\" content=\"https:\/\/presse.tirol.at\/static\/assets\/pi_images\/image_detail\/1222480.jpeg\" \/>\n<meta name=\"author\" content=\"Martina Nairz\" \/>\n<meta name=\"twitter:card\" content=\"summary_large_image\" \/>\n<meta name=\"twitter:label1\" content=\"Scritto da\" \/>\n\t<meta name=\"twitter:data1\" content=\"Martina Nairz\" \/>\n\t<meta name=\"twitter:label2\" content=\"Tempo di lettura stimato\" \/>\n\t<meta name=\"twitter:data2\" content=\"7 minutes\" \/>\n\t<meta name=\"twitter:label3\" content=\"Written by\" \/>\n\t<meta name=\"twitter:data3\" content=\"Martina Nairz\" \/>\n<script type=\"application\/ld+json\" class=\"yoast-schema-graph\">{\"@context\":\"https:\/\/schema.org\",\"@graph\":[{\"@type\":\"WebPage\",\"@id\":\"https:\/\/presse.tirol.at\/it\/pr1215350-nuovi-alloggi-in-tirolo-per-linverno-2019-20\/92560\/\",\"url\":\"https:\/\/presse.tirol.at\/it\/pr1215350-nuovi-alloggi-in-tirolo-per-linverno-2019-20\/92560\/\",\"name\":\"Nuovi alloggi in Tirolo per l'inverno 2019\/20 - Presse.Tirol\",\"isPartOf\":{\"@id\":\"https:\/\/presse.tirol.at\/it\/#website\"},\"primaryImageOfPage\":{\"@id\":\"https:\/\/presse.tirol.at\/it\/pr1215350-nuovi-alloggi-in-tirolo-per-linverno-2019-20\/92560\/#primaryimage\"},\"image\":{\"@id\":\"https:\/\/presse.tirol.at\/it\/pr1215350-nuovi-alloggi-in-tirolo-per-linverno-2019-20\/92560\/#primaryimage\"},\"thumbnailUrl\":\"https:\/\/presse.tirol.at\/static\/assets\/pi_images\/image_detail\/1222480.jpeg\",\"datePublished\":\"2019-09-24T07:01:28+00:00\",\"dateModified\":\"2022-01-27T10:25:49+00:00\",\"author\":{\"@id\":\"https:\/\/presse.tirol.at\/it\/#\/schema\/person\/7a01d43ecdf024eeb61ea2a3d4edcdc3\"},\"inLanguage\":\"it-IT\",\"potentialAction\":[{\"@type\":\"ReadAction\",\"target\":[\"https:\/\/presse.tirol.at\/it\/pr1215350-nuovi-alloggi-in-tirolo-per-linverno-2019-20\/92560\/\"]}]},{\"@type\":\"ImageObject\",\"inLanguage\":\"it-IT\",\"@id\":\"https:\/\/presse.tirol.at\/it\/pr1215350-nuovi-alloggi-in-tirolo-per-linverno-2019-20\/92560\/#primaryimage\",\"url\":\"https:\/\/presse.tirol.at\/static\/assets\/pi_images\/image_detail\/1222480.jpeg\",\"contentUrl\":\"https:\/\/presse.tirol.at\/static\/assets\/pi_images\/image_detail\/1222480.jpeg\"},{\"@type\":\"WebSite\",\"@id\":\"https:\/\/presse.tirol.at\/it\/#website\",\"url\":\"https:\/\/presse.tirol.at\/it\/\",\"name\":\"Presse.Tirol\",\"description\":\"Regionale Presseplattform der Tirol Werbung und den Tiroler Tourismusverb\u00e4nden\",\"potentialAction\":[{\"@type\":\"SearchAction\",\"target\":{\"@type\":\"EntryPoint\",\"urlTemplate\":\"https:\/\/presse.tirol.at\/it\/?s={search_term_string}\"},\"query-input\":{\"@type\":\"PropertyValueSpecification\",\"valueRequired\":true,\"valueName\":\"search_term_string\"}}],\"inLanguage\":\"it-IT\"},{\"@type\":\"Person\",\"@id\":\"https:\/\/presse.tirol.at\/it\/#\/schema\/person\/7a01d43ecdf024eeb61ea2a3d4edcdc3\",\"name\":\"Martina Nairz\",\"image\":{\"@type\":\"ImageObject\",\"inLanguage\":\"it-IT\",\"@id\":\"https:\/\/presse.tirol.at\/it\/#\/schema\/person\/image\/b47273d486f1e6665f0c420330a009a6\",\"url\":\"https:\/\/secure.gravatar.com\/avatar\/b665805ca9d0b765eb68d4309bc5cbc59f9f79685c7853e60e3f0e084b24276d?s=96&d=mm&r=g\",\"contentUrl\":\"https:\/\/secure.gravatar.com\/avatar\/b665805ca9d0b765eb68d4309bc5cbc59f9f79685c7853e60e3f0e084b24276d?s=96&d=mm&r=g\",\"caption\":\"Martina Nairz\"}}]}<\/script>\n<!-- \/ Yoast SEO plugin. -->","yoast_head_json":{"title":"Nuovi alloggi in Tirolo per l'inverno 2019\/20 - Presse.Tirol","robots":{"index":"index","follow":"follow","max-snippet":"max-snippet:-1","max-image-preview":"max-image-preview:large","max-video-preview":"max-video-preview:-1"},"canonical":"https:\/\/presse.tirol.at\/it\/pr1215350-nuovi-alloggi-in-tirolo-per-linverno-2019-20\/92560\/","og_locale":"it_IT","og_type":"article","og_title":"Nuovi alloggi in Tirolo per l'inverno 2019\/20 - Presse.Tirol","og_description":"Ecco a voi una panoramica sulle novit\u00e0 pi\u00f9 interessanti dell\u2019inverno 2019\/20.","og_url":"https:\/\/presse.tirol.at\/it\/pr1215350-nuovi-alloggi-in-tirolo-per-linverno-2019-20\/92560\/","og_site_name":"Presse.Tirol","article_published_time":"2019-09-24T07:01:28+00:00","article_modified_time":"2022-01-27T10:25:49+00:00","og_image":[{"url":"https:\/\/presse.tirol.at\/static\/assets\/pi_images\/image_detail\/1222480.jpeg","type":"","width":"","height":""}],"author":"Martina Nairz","twitter_card":"summary_large_image","twitter_misc":{"Scritto da":"Martina Nairz","Tempo di lettura stimato":"7 minutes","Written by":"Martina Nairz"},"schema":{"@context":"https:\/\/schema.org","@graph":[{"@type":"WebPage","@id":"https:\/\/presse.tirol.at\/it\/pr1215350-nuovi-alloggi-in-tirolo-per-linverno-2019-20\/92560\/","url":"https:\/\/presse.tirol.at\/it\/pr1215350-nuovi-alloggi-in-tirolo-per-linverno-2019-20\/92560\/","name":"Nuovi alloggi in Tirolo per l'inverno 2019\/20 - Presse.Tirol","isPartOf":{"@id":"https:\/\/presse.tirol.at\/it\/#website"},"primaryImageOfPage":{"@id":"https:\/\/presse.tirol.at\/it\/pr1215350-nuovi-alloggi-in-tirolo-per-linverno-2019-20\/92560\/#primaryimage"},"image":{"@id":"https:\/\/presse.tirol.at\/it\/pr1215350-nuovi-alloggi-in-tirolo-per-linverno-2019-20\/92560\/#primaryimage"},"thumbnailUrl":"https:\/\/presse.tirol.at\/static\/assets\/pi_images\/image_detail\/1222480.jpeg","datePublished":"2019-09-24T07:01:28+00:00","dateModified":"2022-01-27T10:25:49+00:00","author":{"@id":"https:\/\/presse.tirol.at\/it\/#\/schema\/person\/7a01d43ecdf024eeb61ea2a3d4edcdc3"},"inLanguage":"it-IT","potentialAction":[{"@type":"ReadAction","target":["https:\/\/presse.tirol.at\/it\/pr1215350-nuovi-alloggi-in-tirolo-per-linverno-2019-20\/92560\/"]}]},{"@type":"ImageObject","inLanguage":"it-IT","@id":"https:\/\/presse.tirol.at\/it\/pr1215350-nuovi-alloggi-in-tirolo-per-linverno-2019-20\/92560\/#primaryimage","url":"https:\/\/presse.tirol.at\/static\/assets\/pi_images\/image_detail\/1222480.jpeg","contentUrl":"https:\/\/presse.tirol.at\/static\/assets\/pi_images\/image_detail\/1222480.jpeg"},{"@type":"WebSite","@id":"https:\/\/presse.tirol.at\/it\/#website","url":"https:\/\/presse.tirol.at\/it\/","name":"Presse.Tirol","description":"Regionale Presseplattform der Tirol Werbung und den Tiroler Tourismusverb\u00e4nden","potentialAction":[{"@type":"SearchAction","target":{"@type":"EntryPoint","urlTemplate":"https:\/\/presse.tirol.at\/it\/?s={search_term_string}"},"query-input":{"@type":"PropertyValueSpecification","valueRequired":true,"valueName":"search_term_string"}}],"inLanguage":"it-IT"},{"@type":"Person","@id":"https:\/\/presse.tirol.at\/it\/#\/schema\/person\/7a01d43ecdf024eeb61ea2a3d4edcdc3","name":"Martina Nairz","image":{"@type":"ImageObject","inLanguage":"it-IT","@id":"https:\/\/presse.tirol.at\/it\/#\/schema\/person\/image\/b47273d486f1e6665f0c420330a009a6","url":"https:\/\/secure.gravatar.com\/avatar\/b665805ca9d0b765eb68d4309bc5cbc59f9f79685c7853e60e3f0e084b24276d?s=96&d=mm&r=g","contentUrl":"https:\/\/secure.gravatar.com\/avatar\/b665805ca9d0b765eb68d4309bc5cbc59f9f79685c7853e60e3f0e084b24276d?s=96&d=mm&r=g","caption":"Martina Nairz"}}]}},"publishpress_future_workflow_manual_trigger":{"enabledWorkflows":[]},"_links":{"self":[{"href":"https:\/\/presse.tirol.at\/it\/wp-json\/wp\/v2\/posts\/92560","targetHints":{"allow":["GET"]}}],"collection":[{"href":"https:\/\/presse.tirol.at\/it\/wp-json\/wp\/v2\/posts"}],"about":[{"href":"https:\/\/presse.tirol.at\/it\/wp-json\/wp\/v2\/types\/post"}],"author":[{"embeddable":true,"href":"https:\/\/presse.tirol.at\/it\/wp-json\/wp\/v2\/users\/17"}],"replies":[{"embeddable":true,"href":"https:\/\/presse.tirol.at\/it\/wp-json\/wp\/v2\/comments?post=92560"}],"version-history":[{"count":0,"href":"https:\/\/presse.tirol.at\/it\/wp-json\/wp\/v2\/posts\/92560\/revisions"}],"wp:attachment":[{"href":"https:\/\/presse.tirol.at\/it\/wp-json\/wp\/v2\/media?parent=92560"}],"wp:term":[{"taxonomy":"category","embeddable":true,"href":"https:\/\/presse.tirol.at\/it\/wp-json\/wp\/v2\/categories?post=92560"},{"taxonomy":"region","embeddable":true,"href":"https:\/\/presse.tirol.at\/it\/wp-json\/wp\/v2\/region?post=92560"},{"taxonomy":"author","embeddable":true,"href":"https:\/\/presse.tirol.at\/it\/wp-json\/wp\/v2\/coauthors?post=92560"}],"curies":[{"name":"wp","href":"https:\/\/api.w.org\/{rel}","templated":true}]}}