{"id":92670,"date":"2019-09-24T08:39:58","date_gmt":"2019-09-24T06:39:58","guid":{"rendered":"https:\/\/presse.tirol.at\/pr1217374-nuovi-impianti-di-risalita-in-tirolo-per-linverno-2019-20\/92670\/"},"modified":"2022-01-27T11:23:53","modified_gmt":"2022-01-27T10:23:53","slug":"pr1217374-nuovi-impianti-di-risalita-in-tirolo-per-linverno-2019-20","status":"publish","type":"post","link":"https:\/\/presse.tirol.at\/it\/pr1217374-nuovi-impianti-di-risalita-in-tirolo-per-linverno-2019-20\/92670\/","title":{"rendered":"Nuovi impianti di risalita in Tirolo per l&#8217;inverno 2019\/20"},"content":{"rendered":"\n<p class=\"intro\">I comprensori sciistici tirolesi sono tra i pi\u00f9 moderni al mondo e investono costantemente in nuovi impianti di risalita e infrastrutture per offrire a residenti e turisti un&#8217;offerta allettante. Ecco una panoramica sulle novit\u00e0 pi\u00f9 interessanti della prossima stagione invernale.<\/p>\n\n\n\n\n\n<p><strong>Ski plus City: una novit\u00e0 unica al mondo a Innsbruck e nella valle dello Stubai<\/strong><\/p>\n\n\n\n<p>Prima in pista e poi una visita ai Mondi di Cristallo Swarovski o al palazzo imperiale di Innsbruck. Il tutto con una tessera soltanto: il nuovissimo <a href=\"https:\/\/www.ski-plus-city.com\/it\/\" target=\"_blank\" rel=\"noopener noreferrer\"><em><strong>\u201cSki plus City Pass\u201d<\/strong><\/em><\/a> vi apre le porte al Ghiacciaio dello Stubai, a 12 altre stazioni sciistiche e a ben 22 attrazioni turistiche di Innsbruck e dintorni. Partecipano a questo progetto \u2013 straordinario al mondo \u2013 gli enti del turismo delle regioni Stubai Tirol, Hall-Wattens, Wipptal e \u00d6tztal.<\/p>\n\n\n\n<p><strong>St. Anton am Arlberg: <\/strong><\/p>\n\n\n\n<p><strong>Nuova cabinovia Schindlergratbahn e nuovi sentieri escursionistici invernali<\/strong><\/p>\n\n\n\n<p>A St. Anton, si sta lavorando al rifacimento della cabinovia <strong>Schindlergratbahn<\/strong> che offrir\u00e0 ancora pi\u00f9 opportunit\u00e0 per gli amanti degli sport invernali. Anche sull&#8217;Arlberg l&#8217;offerta per gli appassionati di escursionismo invernale cresce fino a raggiungere un totale di 80 chilometri di sentieri che attraverso diverse varianti permettono di raggiungere mete interessanti come la zona del Verwall o il ristoro alpino Berggasthof Almfrieden sopra Pettneu. Da quest\u2019anno ci sar\u00e0 anche un sentiero escursionistico invernale che collegher\u00e0 le stazioni a monte degli impianti Galzigbahn e St. Christophbahn.<\/p>\n\n\n\n\n\n<p><strong>Importanti investimenti nello SkiWelt Wilder Kaiser Brixental<\/strong><\/p>\n\n\n\n<p>Entro l&#8217;inverno 2021, per rinnovare i suoi impianti, lo &#8220;SkiWelt&#8221; ha in programma di effettuare investimenti massicci, stimati a oltre 73 milioni di euro. Dopo dodici milioni di corse, la Fleidingbahn, realizzata nel 1983, \u00e8 ormai storia. La societ\u00e0 SkiWelt Westendorf investir\u00e0 15,5 milioni di euro nella nuova <strong>8CLD\/B Fleidingbahn<\/strong>, una seggiovia a otto posti con sospensioni comfort, sedili riscaldati e protezione anti-intemperie. La seggiovia sar\u00e0 completata per l&#8217;inizio della stagione invernale 2019\/20. Inoltre, presso la stazione a monte verr\u00e0 costruita una terrazza panoramica con vista mozzafiato a 360 gradi.<\/p>\n\n\n\n<p>15,5 milioni di euro saranno investiti anche a Brixen im Thale per sostituire la seggiovia a quattro posti Zinsbergbahn con la seggio-cabinovia hi-tech 8\/10 CGD. La nuova Zinsbergbahn sar\u00e0 composta da ampie cabine panoramiche per dieci persone e comodi sedili a otto posti con riscaldamento e cupole protettive contro le intemperie. Si tratta di una novit\u00e0 nelle Alpi di Kitzb\u00fchel che dovrebbe essere completata per l&#8217;inizio della stagione invernale 2019\/20.<\/p>\n\n\n\n\n\n\n\n<p>La <strong>corsa in cabinovia per il parco-avventura &#8220;Hexenwasser&#8221;<\/strong> di S\u00f6ll si trasformer\u00e0 in un&#8217;esperienza unica, sia d&#8217;estate che d&#8217;inverno. La societ\u00e0 Bergbahnen S\u00f6ll ha deciso di sostituire entro il luglio del 2020 la cabinovia vecchia di 30 anni a otto posti con una moderna cabinovia a dieci posti. Ognuna delle 72 cabine \u00e8 stata progettata nel design per permettere agli ospiti di calarsi nel giusto spirito della montagna.<\/p>\n\n\n\n<p>Il 1986 \u00e8 stato l\u2019anno che ha visto entrare in funzione la veneranda <strong>Salvistabahn<\/strong> di Itter, mentre nel 1989 fu realizzata la cabinovia a quattro posti per la Kraftalm. L\u2019inverno 2019\/20 segner\u00e0 la fine di questo impianto che nel 2020\/21 sar\u00e0 sostituito da una modernissima cabinovia a dieci posti che permetter\u00e0 di collegare il Kleine Salve. Si tratta, in totale di un progetto complessivo di 24 milioni di euro che SkiWelt Hopfgarten-Itter investe nel nuovo impianto di risalita, in un centro tecnico per l&#8217;innevamento, in veicoli da pista, un bacino artificiale e un&#8217;officina.<\/p>\n\n\n\n<p><strong>Osttirol: il Gruppo Schultz realizza una seggiovia a 6 posti a Kals<\/strong><\/p>\n\n\n\n<p>La seggiovia a 6 posti &#8220;<strong>Glocknerblick<\/strong>&#8221; verr\u00e0 inaugurata a Kals alla fine di dicembre per assicurare un trasporto confortevole a monte per 2.400 persone all&#8217;ora. Il tempo di percorrenza del tratto di 1,4 chilometri \u00e8 di poco meno di quattro minuti, la seggiovia, inoltre, \u00e8 dotata di riscaldamento dei sedili e cupola protettiva contro le intemperie. Grazie allo &#8220;<a href=\"https:\/\/www.osttirol.com\/it\/vivere-losttirol\/winterurlaub-osttirol\/sci\/skihit-osttirol.html\" target=\"_blank\" rel=\"noopener noreferrer\">SkiHit Osttirol<\/a>&#8221; gli ospiti possono utilizzare un totale di nove aree sciistiche in Osttirol e nella Carinzia con uno skipass soltanto per sciare senza tempi di attesa su piste perfettamente preparate e segnalate con neve garantita. Per la gioia delle famiglie, la tariffa per bambini \u00e8 valida fino a 18 anni.<\/p>\n\n\n\n\n\n\n\n<p><strong>Modernizzazione \u00e8 la parola d\u2019ordine nella Zillertal Arena<\/strong><br>Gli impianti di risalita della Zillertal Arena realizzeranno una serie di progetti entro l&#8217;inizio della stagione invernale 2019\/20. La nuova <strong>cabinovia a dieci posti Stuanmandl di Gerlos<\/strong>, per esempio, trasporter\u00e0 2.800 passeggeri all&#8217;ora. 51 cabine garantiscono una corsa confortevole lungo un tratto di 1,5 chilometri. Anche la stazione a monte della Rosenalmbahn a Zell am Ziller sar\u00e0 completamente rinnovata. Gli ospiti, poi, potranno accedere e uscire dall\u2019impianto comodamente tramite scale mobili e un ascensore.<\/p>\n\n\n\n\n\n<p><strong>Stabile e senza barriere architettoniche:<\/strong><br><strong>La nuova funivia sul ghiacciaio Kaunertaler Gletscher<\/strong><br>Il nuovo <strong>impianto Falginjochbahn<\/strong> sostituir\u00e0 i due impianti di risalita Wei\u00dfseeferner con una moderna funivia Funifor. Questo tipo di impianto, in costruzione sul ghiacciaio Kaunertaler Gletscher, \u00e8 attualmente l\u2019unico in Austria. La campata \u00e8 di due chilometri lungo i quali si trovano solo due piloni di sostegno ad inizio e fine corsa. Il resto della pista da sci rimane privo di piloni, offrendo agli amanti degli sport invernali un ampio panorama. Questo tipo di impianto offre attualmente il sistema di stabilit\u00e0 migliore sul mercato in condizioni di forte vento. La durata della corsa \u00e8 di soli tre minuti e la cabina avr\u00e0 una capacit\u00e0 di trasporto di 100 persone. In confronto, una corsa con lo skilift Wei\u00dfseeferner durava dodici minuti. \u00c8 prevista la conclusione dei lavori per la fine di novembre 2019. Il ghiacciaio Kaunertaler Gletscher amplia cos\u00ec ulteriormente la sua ricca offerta di infrastrutture senza barriere architettoniche.<br>&nbsp;<br><strong>S\u00f6lden punta con la nuova cabinovia e una spettacolare pista da slittino<\/strong><br>La <strong>Rotkoglbahn<\/strong> di Hochs\u00f6lden sar\u00e0 sostituita da una nuova e moderna cabinovia a dieci posti, che ne modificher\u00e0 anche il tracciato di 1,2 chilometri. La posizione della stazione a monte sar\u00e0 in futuro sullo stesso livello del ristorante Giggijoch. Grazie ai lavori di costruzione sar\u00e0 possibile allargare una strettoia e la pista di discesa a valle. Specialmente per bambini e principianti, la nuova cabinovia offre un trasporto comodo e sicuro per raggiungere l&#8217;area principianti.<br>La lunghezza della <strong>nuova pista da slittino<\/strong> di S\u00f6lden \u00e8 di ben 7,2 chilometri. Il percorso si snoda dalla stazione intermedia Gaislachkogel a 2.174 metri fino a S\u00f6lden a 1.377 metri sul livello del mare. Una volta alla settimana \u2013 in occasione delle serate di sci in notturna \u2013 sar\u00e0 possibile slittare a valle anche sulla pista illuminata.&nbsp;<\/p>\n\n\n\n<p>Maggiori informazioni e hotel su <a href=\"https:\/\/www.tirolo.com\/attivita\/sport\/sci\" target=\"_blank\" rel=\"noopener noreferrer\">www.tirolo.com\/sci<\/a>.<\/p>\n\n\n\n<p>Foto in formato da stampa su <a href=\"https:\/\/presse.tirol.at\/it\" target=\"_blank\" rel=\"noopener noreferrer\">www.presse.tirol.at\/it<\/a> e <a href=\"https:\/\/bilder.tirol.at\/\" target=\"_blank\" rel=\"noopener noreferrer\">www.bilder.tirol.at<\/a>.<\/p>\n","protected":false},"excerpt":{"rendered":"<p>Ecco una panoramica sulle novit\u00e0 pi\u00f9 interessanti della prossima stagione invernale.<\/p>\n","protected":false},"author":17,"featured_media":0,"comment_status":"closed","ping_status":"closed","sticky":false,"template":"","format":"standard","meta":{"_acf_changed":false,"footnotes":""},"categories":[11],"region":[109],"coauthors":[292],"class_list":["post-92670","post","type-post","status-publish","format-standard","hentry","category-non-categorizzato","region-tirol-werbung"],"acf":[],"yoast_head":"<!-- This site is optimized with the Yoast SEO plugin v25.1 - https:\/\/yoast.com\/wordpress\/plugins\/seo\/ -->\n<title>Nuovi impianti di risalita in Tirolo per l&#039;inverno 2019\/20 - Presse.Tirol<\/title>\n<meta name=\"robots\" content=\"index, follow, max-snippet:-1, max-image-preview:large, max-video-preview:-1\" \/>\n<link rel=\"canonical\" href=\"https:\/\/presse.tirol.at\/it\/pr1217374-nuovi-impianti-di-risalita-in-tirolo-per-linverno-2019-20\/92670\/\" \/>\n<meta property=\"og:locale\" content=\"it_IT\" \/>\n<meta property=\"og:type\" content=\"article\" \/>\n<meta property=\"og:title\" content=\"Nuovi impianti di risalita in Tirolo per l&#039;inverno 2019\/20 - Presse.Tirol\" \/>\n<meta property=\"og:description\" content=\"Ecco una panoramica sulle novit\u00e0 pi\u00f9 interessanti della prossima stagione invernale.\" \/>\n<meta property=\"og:url\" content=\"https:\/\/presse.tirol.at\/it\/pr1217374-nuovi-impianti-di-risalita-in-tirolo-per-linverno-2019-20\/92670\/\" \/>\n<meta property=\"og:site_name\" content=\"Presse.Tirol\" \/>\n<meta property=\"article:published_time\" content=\"2019-09-24T06:39:58+00:00\" \/>\n<meta property=\"article:modified_time\" content=\"2022-01-27T10:23:53+00:00\" \/>\n<meta name=\"author\" content=\"Martina Nairz\" \/>\n<meta name=\"twitter:card\" content=\"summary_large_image\" \/>\n<meta name=\"twitter:label1\" content=\"Scritto da\" \/>\n\t<meta name=\"twitter:data1\" content=\"Martina Nairz\" \/>\n\t<meta name=\"twitter:label2\" content=\"Tempo di lettura stimato\" \/>\n\t<meta name=\"twitter:data2\" content=\"7 minutes\" \/>\n\t<meta name=\"twitter:label3\" content=\"Written by\" \/>\n\t<meta name=\"twitter:data3\" content=\"Martina Nairz\" \/>\n<script type=\"application\/ld+json\" class=\"yoast-schema-graph\">{\"@context\":\"https:\/\/schema.org\",\"@graph\":[{\"@type\":\"WebPage\",\"@id\":\"https:\/\/presse.tirol.at\/it\/pr1217374-nuovi-impianti-di-risalita-in-tirolo-per-linverno-2019-20\/92670\/\",\"url\":\"https:\/\/presse.tirol.at\/it\/pr1217374-nuovi-impianti-di-risalita-in-tirolo-per-linverno-2019-20\/92670\/\",\"name\":\"Nuovi impianti di risalita in Tirolo per l'inverno 2019\/20 - Presse.Tirol\",\"isPartOf\":{\"@id\":\"https:\/\/presse.tirol.at\/it\/#website\"},\"datePublished\":\"2019-09-24T06:39:58+00:00\",\"dateModified\":\"2022-01-27T10:23:53+00:00\",\"author\":{\"@id\":\"https:\/\/presse.tirol.at\/it\/#\/schema\/person\/7a01d43ecdf024eeb61ea2a3d4edcdc3\"},\"inLanguage\":\"it-IT\",\"potentialAction\":[{\"@type\":\"ReadAction\",\"target\":[\"https:\/\/presse.tirol.at\/it\/pr1217374-nuovi-impianti-di-risalita-in-tirolo-per-linverno-2019-20\/92670\/\"]}]},{\"@type\":\"WebSite\",\"@id\":\"https:\/\/presse.tirol.at\/it\/#website\",\"url\":\"https:\/\/presse.tirol.at\/it\/\",\"name\":\"Presse.Tirol\",\"description\":\"Regionale Presseplattform der Tirol Werbung und den Tiroler Tourismusverb\u00e4nden\",\"potentialAction\":[{\"@type\":\"SearchAction\",\"target\":{\"@type\":\"EntryPoint\",\"urlTemplate\":\"https:\/\/presse.tirol.at\/it\/?s={search_term_string}\"},\"query-input\":{\"@type\":\"PropertyValueSpecification\",\"valueRequired\":true,\"valueName\":\"search_term_string\"}}],\"inLanguage\":\"it-IT\"},{\"@type\":\"Person\",\"@id\":\"https:\/\/presse.tirol.at\/it\/#\/schema\/person\/7a01d43ecdf024eeb61ea2a3d4edcdc3\",\"name\":\"Martina Nairz\",\"image\":{\"@type\":\"ImageObject\",\"inLanguage\":\"it-IT\",\"@id\":\"https:\/\/presse.tirol.at\/it\/#\/schema\/person\/image\/b47273d486f1e6665f0c420330a009a6\",\"url\":\"https:\/\/secure.gravatar.com\/avatar\/b665805ca9d0b765eb68d4309bc5cbc59f9f79685c7853e60e3f0e084b24276d?s=96&d=mm&r=g\",\"contentUrl\":\"https:\/\/secure.gravatar.com\/avatar\/b665805ca9d0b765eb68d4309bc5cbc59f9f79685c7853e60e3f0e084b24276d?s=96&d=mm&r=g\",\"caption\":\"Martina Nairz\"}}]}<\/script>\n<!-- \/ Yoast SEO plugin. -->","yoast_head_json":{"title":"Nuovi impianti di risalita in Tirolo per l'inverno 2019\/20 - Presse.Tirol","robots":{"index":"index","follow":"follow","max-snippet":"max-snippet:-1","max-image-preview":"max-image-preview:large","max-video-preview":"max-video-preview:-1"},"canonical":"https:\/\/presse.tirol.at\/it\/pr1217374-nuovi-impianti-di-risalita-in-tirolo-per-linverno-2019-20\/92670\/","og_locale":"it_IT","og_type":"article","og_title":"Nuovi impianti di risalita in Tirolo per l'inverno 2019\/20 - Presse.Tirol","og_description":"Ecco una panoramica sulle novit\u00e0 pi\u00f9 interessanti della prossima stagione invernale.","og_url":"https:\/\/presse.tirol.at\/it\/pr1217374-nuovi-impianti-di-risalita-in-tirolo-per-linverno-2019-20\/92670\/","og_site_name":"Presse.Tirol","article_published_time":"2019-09-24T06:39:58+00:00","article_modified_time":"2022-01-27T10:23:53+00:00","author":"Martina Nairz","twitter_card":"summary_large_image","twitter_misc":{"Scritto da":"Martina Nairz","Tempo di lettura stimato":"7 minutes","Written by":"Martina Nairz"},"schema":{"@context":"https:\/\/schema.org","@graph":[{"@type":"WebPage","@id":"https:\/\/presse.tirol.at\/it\/pr1217374-nuovi-impianti-di-risalita-in-tirolo-per-linverno-2019-20\/92670\/","url":"https:\/\/presse.tirol.at\/it\/pr1217374-nuovi-impianti-di-risalita-in-tirolo-per-linverno-2019-20\/92670\/","name":"Nuovi impianti di risalita in Tirolo per l'inverno 2019\/20 - Presse.Tirol","isPartOf":{"@id":"https:\/\/presse.tirol.at\/it\/#website"},"datePublished":"2019-09-24T06:39:58+00:00","dateModified":"2022-01-27T10:23:53+00:00","author":{"@id":"https:\/\/presse.tirol.at\/it\/#\/schema\/person\/7a01d43ecdf024eeb61ea2a3d4edcdc3"},"inLanguage":"it-IT","potentialAction":[{"@type":"ReadAction","target":["https:\/\/presse.tirol.at\/it\/pr1217374-nuovi-impianti-di-risalita-in-tirolo-per-linverno-2019-20\/92670\/"]}]},{"@type":"WebSite","@id":"https:\/\/presse.tirol.at\/it\/#website","url":"https:\/\/presse.tirol.at\/it\/","name":"Presse.Tirol","description":"Regionale Presseplattform der Tirol Werbung und den Tiroler Tourismusverb\u00e4nden","potentialAction":[{"@type":"SearchAction","target":{"@type":"EntryPoint","urlTemplate":"https:\/\/presse.tirol.at\/it\/?s={search_term_string}"},"query-input":{"@type":"PropertyValueSpecification","valueRequired":true,"valueName":"search_term_string"}}],"inLanguage":"it-IT"},{"@type":"Person","@id":"https:\/\/presse.tirol.at\/it\/#\/schema\/person\/7a01d43ecdf024eeb61ea2a3d4edcdc3","name":"Martina Nairz","image":{"@type":"ImageObject","inLanguage":"it-IT","@id":"https:\/\/presse.tirol.at\/it\/#\/schema\/person\/image\/b47273d486f1e6665f0c420330a009a6","url":"https:\/\/secure.gravatar.com\/avatar\/b665805ca9d0b765eb68d4309bc5cbc59f9f79685c7853e60e3f0e084b24276d?s=96&d=mm&r=g","contentUrl":"https:\/\/secure.gravatar.com\/avatar\/b665805ca9d0b765eb68d4309bc5cbc59f9f79685c7853e60e3f0e084b24276d?s=96&d=mm&r=g","caption":"Martina Nairz"}}]}},"publishpress_future_workflow_manual_trigger":{"enabledWorkflows":[]},"_links":{"self":[{"href":"https:\/\/presse.tirol.at\/it\/wp-json\/wp\/v2\/posts\/92670","targetHints":{"allow":["GET"]}}],"collection":[{"href":"https:\/\/presse.tirol.at\/it\/wp-json\/wp\/v2\/posts"}],"about":[{"href":"https:\/\/presse.tirol.at\/it\/wp-json\/wp\/v2\/types\/post"}],"author":[{"embeddable":true,"href":"https:\/\/presse.tirol.at\/it\/wp-json\/wp\/v2\/users\/17"}],"replies":[{"embeddable":true,"href":"https:\/\/presse.tirol.at\/it\/wp-json\/wp\/v2\/comments?post=92670"}],"version-history":[{"count":0,"href":"https:\/\/presse.tirol.at\/it\/wp-json\/wp\/v2\/posts\/92670\/revisions"}],"wp:attachment":[{"href":"https:\/\/presse.tirol.at\/it\/wp-json\/wp\/v2\/media?parent=92670"}],"wp:term":[{"taxonomy":"category","embeddable":true,"href":"https:\/\/presse.tirol.at\/it\/wp-json\/wp\/v2\/categories?post=92670"},{"taxonomy":"region","embeddable":true,"href":"https:\/\/presse.tirol.at\/it\/wp-json\/wp\/v2\/region?post=92670"},{"taxonomy":"author","embeddable":true,"href":"https:\/\/presse.tirol.at\/it\/wp-json\/wp\/v2\/coauthors?post=92670"}],"curies":[{"name":"wp","href":"https:\/\/api.w.org\/{rel}","templated":true}]}}