{"id":93093,"date":"2019-09-24T08:36:31","date_gmt":"2019-09-24T06:36:31","guid":{"rendered":"https:\/\/presse.tirol.at\/pr1225345-con-avvento-in-tirolo-alla-scoperta-di-tradizioni-radicati\/93093\/"},"modified":"2024-10-24T16:20:46","modified_gmt":"2024-10-24T14:20:46","slug":"pr1225345-con-avvento-in-tirolo-alla-scoperta-di-tradizioni-radicati","status":"publish","type":"post","link":"https:\/\/presse.tirol.at\/it\/pr1225345-con-avvento-in-tirolo-alla-scoperta-di-tradizioni-radicati\/93093\/","title":{"rendered":"Con \u201cAvvento in Tirolo\u201d alla scoperta di tradizioni radicati"},"content":{"rendered":"\n<p class=\"intro\">Quasi impossibile non restare ammaliati dall\u2019Avvento tra le montagne del Tirolo: quando il buio cala presto, gli addobbi e le luci riempiono di atmosfera le piazze e vicoli della citt\u00e0 e il profumo di vin brul\u00e8 e dei dolci natalizi stuzzica i sensi, allora \u00e8 facile immergersi nella magia del Natale. I nove mercatini dell&#8217;associazione &#8220;Avvento in Tirolo&#8221; vi invitano a scoprire il lato pi\u00f9 raccolto di questo speciale periodo dell&#8217;anno, curiosando tra cittadine medievali, castelli, villaggi pittoreschi, sulle rive del lago o in barca e nel capoluogo del Tirolo.<\/p>\n\n\n\n<p>I mercatini di <strong>Innsbruck, Seefeld, Hall in Tirol, Kitzb\u00fchel, Kufstein, Lienz, Rattenberg, Achensee e St. Johann in Tirol<\/strong> si sono tutti impegnati a soddisfare i pi\u00f9 alti criteri di qualit\u00e0 che non si limitano soltanto a definire l\u2019aspetto esterno dei mercatini, ma anche l\u2019offerta delle bancarelle, un variegato programma di attivit\u00e0 ricco di spettacoli culturali e tradizioni radicate. E cosa sarebbe l&#8217;Avvento e il Natale senza le tante prelibatezze e i piaceri gastronomici che fanno gola tutto l&#8217;anno? Ma il periodo che precede il Natale \u00e8 ricco di magia e incanto soprattutto per i bambini: piccoli recinti con animali da accarezzare, giostre o laboratori di bricolage natalizio fanno brillare gli occhi dei bambini, mentre con un giro sul trenino della nostalgia, cavalcando un pony o cuocendo direttamente sul fuoco della pasta di pane avvolta su un bastoncino il Natale arriver\u00e0 in un battibaleno.<\/p>\n\n\n\n<p><strong>Una panoramica sui mercatini<\/strong><\/p>\n\n\n\n<p><strong>Seefeld \u2013 Novit\u00e0 di &#8220;Avvento in Tirolo\u201d<\/strong><br>Il tradizionale mercatino di Natale allestito nell&#8217;area pedonale di Seefeld promette un&#8217;atmosfera natalizia ricca di fascino. Come nuovo partner di &#8220;Avvento in Tirolo&#8221;, Seefeld arricchisce il gruppo con un nuovo fiore all\u2019occhiello dell\u2019offerta regionale. Nelle graziose baite in legno decorate con cura in stile blockhaus tirolese, i visitatori troveranno specialit\u00e0 gastronomiche, vin brul\u00e8 e punch caldi e profumati, cos\u00ec come oggetti d&#8217;artigianato regionale e bellissime idee regalo. La magia del Natale in montagna \u2013 tipica del Tirolo \u2013 si avverte soprattutto la sera, quando le ensemble di fiati e i cori di Seefeld intonano le tradizionali melodie natalizie. Anche per i piccoli visitatori c&#8217;\u00e8 un programma vario che va da una cavalcata sui docili pony a una discesa sfrenata in slittino su una collinetta appositamente preparata. Con la rassegna di concerti &#8220;Klingender Advent&#8221;, in programma dal 10 al 12 dicembre 2019, e le suggestive escursioni alle cappelle di Leutasch, l&#8217;Avvento apre una finestra su altri punti di forza della regione.<\/p>\n\n\n\n<p><strong>Hall in Tirol<\/strong><br>Con l&#8217;Avvento, ad Hall fa il suo ingresso un&#8217;atmosfera molto speciale e allo stesso tempo un concetto di illuminazione unico nel suo genere: man mano che si avvicina il momento tanto atteso, giorno dopo giorno, l&#8217;emozione che cresce diventa visibile nella piazza della citt\u00e0 grazie al calendario dell&#8217;Avvento, che illumina le facciate delle case. Nei vicoli medievali del centro storico, le stelle e i simboli natalizi attirano l&#8217;attenzione su questo momento speciale con la loro luce calda e piacevole. Sul mercatino dell&#8217;Avvento, i cori e i fiati di Hall e dintorni regalano forti emozioni con canti e musiche, facendo dimenticare il trambusto e la frenesia della vita di tutti i giorni. Il programma giornaliero per bambini, invece, conquista con un cantastorie, un laboratorio di bricolage e un recinto con gli animali da accarezzare. La guest star per i visitatori pi\u00f9 giovani \u00e8 il docile cammello Ali.<\/p>\n\n\n\n<p><strong>Innsbruck<\/strong><br>Il <a href=\"https:\/\/www.christkindlmarkt.cc\/it\/mercatini-di-natale-innsbruck\/1-0.html\" target=\"_blank\" rel=\"noopener noreferrer\"><strong><em>Natale in montagna di Innsbruck<\/em><\/strong><\/a> invita ospiti da vicino e da lontano a trascorrere qualche ora piacevole in sei luoghi suggestivi con oltre 200 bancarelle di Natale. Tradizionale e romantico nel centro storico; familiare e dal carattere rurale sulla Marktplatz; tranquillo, autentico e raccolto a St. Nikolaus; moderno e radioso nella Maria-Theresien-Stra\u00dfe; artistico e accogliente a Wilten; con una vista panoramica straordinaria su Innsbruck dal quartiere della Hungerburg: tutti i mercatini dell&#8217;Avvento offrono idee regalo originali, decorazioni per l&#8217;albero, articoli d\u2019artigianato locale e molte prelibatezze culinarie. Altrettanto ricco \u00e8 il programma per i &#8220;grandi&#8221; e per i &#8220;piccoli&#8221;: i cortei di San Nicola con i Perchten (suoi tenebrosi accompagnatori), i suonatori della torre, il teatro per bambini, il laboratorio di bricolage e naturalmente il tanto amato vicolo delle fiabe e del gigante fanno volare il tempo. Oltre ai due caratteristici alberi di Natale &#8211; il maestoso abete rosso davanti al tettuccio d&#8217;oro e l&#8217;albero di cristallo Swarovski sulla Marktplatz &#8211; il trenino della nostalgia \u00e8 da diversi anni uno dei punti di forza dell\u2019Avvento, che crea un&#8217;atmosfera natalizia tradizionale in tutta la citt\u00e0.<\/p>\n\n\n\n<p><strong>Kufstein<\/strong><br>Alla fine di novembre la magia dell&#8217;Avvento cala su Kufstein. Oltre alle decorazioni natalizie, anche il variegato programma per bambini con la giostra, il trenino nostalgico e le grigliate di pasta di pane intorno al fuoco diffonde un\u2019atmosfera di festa e raccoglimento nel mercatino dell&#8217;Avvento vicino alla piazza Stadtplatz. Le prelibatezze culinarie regionali come i Zillertaler Krapfen e i Kiachl offrono una festa prenatalizia per i sensi. Nei fine settimana dell&#8217;Avvento, inoltre, ha luogo un appuntamento speciale all&#8217;interno delle mura della storica fortezza di Kufstein: un mondo di Natale, decorato e progettato con cura, attende i visitatori nell&#8217;area all&#8217;aperto. Delizie culinarie, artigianato locale e idee regalo selezionate fanno calare in un instante nello spirito del Natale. Nel laboratorio natalizio, poi, i piccoli visitatori possono diventare essi stessi creativi e realizzare decorazioni per il periodo pi\u00f9 bello dell&#8217;anno. Dal forno dei dolcetti di Natale, dove i bambini preparano biscottini di ogni tipo, si sprigiona un dolce profumo di cannella e cioccolato.<\/p>\n\n\n\n<p><strong>Lienz<\/strong><br>Tornare ad essere bambini: questo \u00e8 il motto del mercatino dell&#8217;Avvento di Lienz, capoluogo dell\u2019Osttirol. L&#8217;imponente fortezza cittadina con le sue due torri circolari si trasforma in un elegante e colossale calendario dell&#8217;Avvento: ogni giorno, si apre in festa, una delle finestre della Liebburg, proprio come se fosse la casella di un calendario, e dietro di essa si rivela al pubblico un&#8217;opera d&#8217;arte di un artista regionale. In tutto il mercatino s\u2019incontrano focolari aperti che ricreano un&#8217;atmosfera calda ed accogliente, mentre le prelibatezze culinarie invitano a lasciarsi andare ai piaceri della gola. Il gioved\u00ec, quando cala il crepuscolo, centinaia di candele trasformano il mercatino dell&#8217;Avvento in un magico mare di luci regalando ai visitatori un\u2019esperienza davvero romantica. Numerosi elementi del programma richiamano al passato come l&#8217;esposizione di presepi o le ronde del guardiano notturno che aprono interessanti scorci sulle tradizioni e i costumi della regione. Inoltre, grazie ai laboratori artigianali a vista allestiti su questo mercatino accogliente e familiare \u00e8 possibile ammirare artigiani e artisti che realizzano oggetti in vetro soffiato, lavorano il feltro, producono ceramiche e gioielli o biglietti d&#8217;auguri.<\/p>\n\n\n\n<p><strong>Kitzb\u00fchel<\/strong><br>Nel periodo pi\u00f9 bello dell&#8217;anno la leggendaria citt\u00e0 sportiva di Kitzb\u00fchel si cala in uno spirito di raccoglimento. L&#8217;affascinante mercatino dell&#8217;Avvento nel centro della citt\u00e0 e i vicoli sono immersi nella luce gradevole e festosa delle illuminazioni natalizie. Anche la grande corona dell&#8217;Avvento, posizionata dietro la chiesa dedicata a Santa Caterina ricrea un&#8217;atmosfera speciale. Durante i giorni di apertura, i bambini possono entrare in stretto contatto con gli animali grazie ai pony da cavalcare o la fattoria dei bambini con gli animali. Il venerd\u00ec, il sabato e la domenica a partire dalle ore 14, i giovani visitatori possono fare dei lavoretti di bricolage, dipingere o preparare squisiti biscotti presso la Bastelalm. Bellissima \u00e8 anche l\u2019atmosfera che si ricrea ogni sabato quando \u00e8 possibile gustare dolci mele cotte e pane fragrante preparati sulla brace. Venerd\u00ec 6 dicembre 2019, alle ore 16.30, far\u00e0 ingresso nel villaggio natalizio San Nicola che distribuir\u00e0 dei doni ai bambini buoni.<\/p>\n\n\n\n<p><strong>Rattenberg<\/strong><br>Il mercatino dell&#8217;Avvento di Rattenberg, la pi\u00f9 piccola citt\u00e0 austriaca, \u00e8 interamente dedicato al raccoglimento. Si evita volutamente di fare uso della luce elettrica, in modo che i vicoli e le piazze medievali risplendano nella luce soffusa di candele, fiaccole e fal\u00f2. Ogni fine settimana dell\u2019Avvento (dal venerd\u00ec alla domenica) il periodo pi\u00f9 raccolto dell&#8217;anno si traduce artisticamente in un variegato programma di attivit\u00e0 che vede anche la partecipazione di cori di Ankl\u00f6pfer ed ensemble di fiati che attraversano la citt\u00e0 facendola calare nello spirito del Natale. A differenza degli altri mercatini di Natale, qui non si trovano tante bancarelle, ma gli artisti del vetro di Rattenberg tengono aperte le proprie botteghe, in modo che i visitatori possano entrare in contatto con questa vena artistica tradizionale della citt\u00e0. Anche i visitatori pi\u00f9 piccoli possono cimentarsi nella soffiatura del vetro e realizzare la propria palla di Natale. Il vino dell&#8217;Avvento di Rattenberg, poi, \u00e8 soltanto una delle specialit\u00e0 regionali molto apprezzate degli stand gastronomici.<\/p>\n\n\n\n<p><strong>Achensee<\/strong><br>All&#8217;Achensee si vive la stagione dell&#8217;Avvento sia sull&#8217;acqua che a riva. I visitatori potranno vivere lo spirito del Natale sul lago con il mercatino di Natale galleggiante sulle navi dell\u2019Achensee (dal 30 novembre all&#8217;8 dicembre 2019 nei fine settimana, tutti i giorni dal 13 al 27 dicembre 2019). Anche la raccolta manifestazione dell\u2019Avvento intorno al maso Fischergut di Pertisau non \u00e8 da meno: qui non solo sarete inebriati dall\u2019intenso profumo del pan pepato, della cannella e del vin brul\u00e8, ma verranno organizzate anche varie attivit\u00e0 nel vecchio fienile, decorato con cura. In mezzo a un &#8220;boschetto di alberi di Natale&#8221;, spicca da lontano la gigante corona dell\u2019Avvento, diventata, nel frattempo, l&#8217;emblema di questo mercatino ricco di atmosfera.<\/p>\n\n\n\n<p><strong>St. Johann in Tirol<\/strong><br>Un luogo per divertirsi, ammirare e soffermarsi a meditare: al mercatino di Natale di St. Johann, i ristoratori locali offrono piatti tradizionali e creativi, fatti in casa e dalla presentazione scenografica per la gioia dei buongustai. Presso le bancarelle si trovano esclusivamente prodotti regionali, oggetti realizzati accuratamente a mano, incensi, decorazioni fai-da-te e molto altro ancora. L\u2019inebriante profumo dei dolci di Natale permea l&#8217;aria intorno alla pasticceria dei bambini, mentre presso l\u2019officina &#8220;Michi&#8217;s Eck&#8217;n&#8221; i bambini potranno preparare decorazioni natalizie con materiali naturali. Sul palco, allestito come un grande salotto, si tengono concerti di musicisti locali.<\/p>\n\n\n\n<p>Tutte le informazioni, compresi gli orari di apertura e i programmi dettagliati dei mercatini, possono essere consultate sul sito <a href=\"https:\/\/www.tirolo.com\/attivita\/vita-e-cultura\/mercatini-di-natale\" target=\"_blank\" rel=\"noopener noreferrer\">www.avventointirolo.com<\/a>.<\/p>\n","protected":false},"excerpt":{"rendered":"<p>I nove mercatini vi invitano a scoprire il lato pi\u00f9 raccolto di questo periodo dell&#8217;anno.<\/p>\n","protected":false},"author":17,"featured_media":0,"comment_status":"closed","ping_status":"closed","sticky":false,"template":"","format":"standard","meta":{"_acf_changed":false,"footnotes":""},"categories":[11],"region":[109],"coauthors":[292],"class_list":["post-93093","post","type-post","status-publish","format-standard","hentry","category-non-categorizzato","region-tirol-werbung"],"acf":[],"yoast_head":"<!-- This site is optimized with the Yoast SEO plugin v25.1 - https:\/\/yoast.com\/wordpress\/plugins\/seo\/ -->\n<title>Con \u201cAvvento in Tirolo\u201d alla scoperta di tradizioni radicati - Presse.Tirol<\/title>\n<meta name=\"robots\" content=\"index, follow, max-snippet:-1, max-image-preview:large, max-video-preview:-1\" \/>\n<link rel=\"canonical\" href=\"https:\/\/presse.tirol.at\/it\/pr1225345-con-avvento-in-tirolo-alla-scoperta-di-tradizioni-radicati\/93093\/\" \/>\n<meta property=\"og:locale\" content=\"it_IT\" \/>\n<meta property=\"og:type\" content=\"article\" \/>\n<meta property=\"og:title\" content=\"Con \u201cAvvento in Tirolo\u201d alla scoperta di tradizioni radicati - Presse.Tirol\" \/>\n<meta property=\"og:description\" content=\"I nove mercatini vi invitano a scoprire il lato pi\u00f9 raccolto di questo periodo dell&#039;anno.\" \/>\n<meta property=\"og:url\" content=\"https:\/\/presse.tirol.at\/it\/pr1225345-con-avvento-in-tirolo-alla-scoperta-di-tradizioni-radicati\/93093\/\" \/>\n<meta property=\"og:site_name\" content=\"Presse.Tirol\" \/>\n<meta property=\"article:published_time\" content=\"2019-09-24T06:36:31+00:00\" \/>\n<meta property=\"article:modified_time\" content=\"2024-10-24T14:20:46+00:00\" \/>\n<meta name=\"author\" content=\"Martina Nairz\" \/>\n<meta name=\"twitter:card\" content=\"summary_large_image\" \/>\n<meta name=\"twitter:label1\" content=\"Scritto da\" \/>\n\t<meta name=\"twitter:data1\" content=\"Martina Nairz\" \/>\n\t<meta name=\"twitter:label2\" content=\"Tempo di lettura stimato\" \/>\n\t<meta name=\"twitter:data2\" content=\"10 minutes\" \/>\n\t<meta name=\"twitter:label3\" content=\"Written by\" \/>\n\t<meta name=\"twitter:data3\" content=\"Martina Nairz\" \/>\n<script type=\"application\/ld+json\" class=\"yoast-schema-graph\">{\"@context\":\"https:\/\/schema.org\",\"@graph\":[{\"@type\":\"WebPage\",\"@id\":\"https:\/\/presse.tirol.at\/it\/pr1225345-con-avvento-in-tirolo-alla-scoperta-di-tradizioni-radicati\/93093\/\",\"url\":\"https:\/\/presse.tirol.at\/it\/pr1225345-con-avvento-in-tirolo-alla-scoperta-di-tradizioni-radicati\/93093\/\",\"name\":\"Con \u201cAvvento in Tirolo\u201d alla scoperta di tradizioni radicati - Presse.Tirol\",\"isPartOf\":{\"@id\":\"https:\/\/presse.tirol.at\/it\/#website\"},\"datePublished\":\"2019-09-24T06:36:31+00:00\",\"dateModified\":\"2024-10-24T14:20:46+00:00\",\"author\":{\"@id\":\"https:\/\/presse.tirol.at\/it\/#\/schema\/person\/7a01d43ecdf024eeb61ea2a3d4edcdc3\"},\"inLanguage\":\"it-IT\",\"potentialAction\":[{\"@type\":\"ReadAction\",\"target\":[\"https:\/\/presse.tirol.at\/it\/pr1225345-con-avvento-in-tirolo-alla-scoperta-di-tradizioni-radicati\/93093\/\"]}]},{\"@type\":\"WebSite\",\"@id\":\"https:\/\/presse.tirol.at\/it\/#website\",\"url\":\"https:\/\/presse.tirol.at\/it\/\",\"name\":\"Presse.Tirol\",\"description\":\"Regionale Presseplattform der Tirol Werbung und den Tiroler Tourismusverb\u00e4nden\",\"potentialAction\":[{\"@type\":\"SearchAction\",\"target\":{\"@type\":\"EntryPoint\",\"urlTemplate\":\"https:\/\/presse.tirol.at\/it\/?s={search_term_string}\"},\"query-input\":{\"@type\":\"PropertyValueSpecification\",\"valueRequired\":true,\"valueName\":\"search_term_string\"}}],\"inLanguage\":\"it-IT\"},{\"@type\":\"Person\",\"@id\":\"https:\/\/presse.tirol.at\/it\/#\/schema\/person\/7a01d43ecdf024eeb61ea2a3d4edcdc3\",\"name\":\"Martina Nairz\",\"image\":{\"@type\":\"ImageObject\",\"inLanguage\":\"it-IT\",\"@id\":\"https:\/\/presse.tirol.at\/it\/#\/schema\/person\/image\/b47273d486f1e6665f0c420330a009a6\",\"url\":\"https:\/\/secure.gravatar.com\/avatar\/b665805ca9d0b765eb68d4309bc5cbc59f9f79685c7853e60e3f0e084b24276d?s=96&d=mm&r=g\",\"contentUrl\":\"https:\/\/secure.gravatar.com\/avatar\/b665805ca9d0b765eb68d4309bc5cbc59f9f79685c7853e60e3f0e084b24276d?s=96&d=mm&r=g\",\"caption\":\"Martina Nairz\"}}]}<\/script>\n<!-- \/ Yoast SEO plugin. -->","yoast_head_json":{"title":"Con \u201cAvvento in Tirolo\u201d alla scoperta di tradizioni radicati - Presse.Tirol","robots":{"index":"index","follow":"follow","max-snippet":"max-snippet:-1","max-image-preview":"max-image-preview:large","max-video-preview":"max-video-preview:-1"},"canonical":"https:\/\/presse.tirol.at\/it\/pr1225345-con-avvento-in-tirolo-alla-scoperta-di-tradizioni-radicati\/93093\/","og_locale":"it_IT","og_type":"article","og_title":"Con \u201cAvvento in Tirolo\u201d alla scoperta di tradizioni radicati - Presse.Tirol","og_description":"I nove mercatini vi invitano a scoprire il lato pi\u00f9 raccolto di questo periodo dell'anno.","og_url":"https:\/\/presse.tirol.at\/it\/pr1225345-con-avvento-in-tirolo-alla-scoperta-di-tradizioni-radicati\/93093\/","og_site_name":"Presse.Tirol","article_published_time":"2019-09-24T06:36:31+00:00","article_modified_time":"2024-10-24T14:20:46+00:00","author":"Martina Nairz","twitter_card":"summary_large_image","twitter_misc":{"Scritto da":"Martina Nairz","Tempo di lettura stimato":"10 minutes","Written by":"Martina Nairz"},"schema":{"@context":"https:\/\/schema.org","@graph":[{"@type":"WebPage","@id":"https:\/\/presse.tirol.at\/it\/pr1225345-con-avvento-in-tirolo-alla-scoperta-di-tradizioni-radicati\/93093\/","url":"https:\/\/presse.tirol.at\/it\/pr1225345-con-avvento-in-tirolo-alla-scoperta-di-tradizioni-radicati\/93093\/","name":"Con \u201cAvvento in Tirolo\u201d alla scoperta di tradizioni radicati - Presse.Tirol","isPartOf":{"@id":"https:\/\/presse.tirol.at\/it\/#website"},"datePublished":"2019-09-24T06:36:31+00:00","dateModified":"2024-10-24T14:20:46+00:00","author":{"@id":"https:\/\/presse.tirol.at\/it\/#\/schema\/person\/7a01d43ecdf024eeb61ea2a3d4edcdc3"},"inLanguage":"it-IT","potentialAction":[{"@type":"ReadAction","target":["https:\/\/presse.tirol.at\/it\/pr1225345-con-avvento-in-tirolo-alla-scoperta-di-tradizioni-radicati\/93093\/"]}]},{"@type":"WebSite","@id":"https:\/\/presse.tirol.at\/it\/#website","url":"https:\/\/presse.tirol.at\/it\/","name":"Presse.Tirol","description":"Regionale Presseplattform der Tirol Werbung und den Tiroler Tourismusverb\u00e4nden","potentialAction":[{"@type":"SearchAction","target":{"@type":"EntryPoint","urlTemplate":"https:\/\/presse.tirol.at\/it\/?s={search_term_string}"},"query-input":{"@type":"PropertyValueSpecification","valueRequired":true,"valueName":"search_term_string"}}],"inLanguage":"it-IT"},{"@type":"Person","@id":"https:\/\/presse.tirol.at\/it\/#\/schema\/person\/7a01d43ecdf024eeb61ea2a3d4edcdc3","name":"Martina Nairz","image":{"@type":"ImageObject","inLanguage":"it-IT","@id":"https:\/\/presse.tirol.at\/it\/#\/schema\/person\/image\/b47273d486f1e6665f0c420330a009a6","url":"https:\/\/secure.gravatar.com\/avatar\/b665805ca9d0b765eb68d4309bc5cbc59f9f79685c7853e60e3f0e084b24276d?s=96&d=mm&r=g","contentUrl":"https:\/\/secure.gravatar.com\/avatar\/b665805ca9d0b765eb68d4309bc5cbc59f9f79685c7853e60e3f0e084b24276d?s=96&d=mm&r=g","caption":"Martina Nairz"}}]}},"publishpress_future_workflow_manual_trigger":{"enabledWorkflows":[]},"_links":{"self":[{"href":"https:\/\/presse.tirol.at\/it\/wp-json\/wp\/v2\/posts\/93093","targetHints":{"allow":["GET"]}}],"collection":[{"href":"https:\/\/presse.tirol.at\/it\/wp-json\/wp\/v2\/posts"}],"about":[{"href":"https:\/\/presse.tirol.at\/it\/wp-json\/wp\/v2\/types\/post"}],"author":[{"embeddable":true,"href":"https:\/\/presse.tirol.at\/it\/wp-json\/wp\/v2\/users\/17"}],"replies":[{"embeddable":true,"href":"https:\/\/presse.tirol.at\/it\/wp-json\/wp\/v2\/comments?post=93093"}],"version-history":[{"count":0,"href":"https:\/\/presse.tirol.at\/it\/wp-json\/wp\/v2\/posts\/93093\/revisions"}],"wp:attachment":[{"href":"https:\/\/presse.tirol.at\/it\/wp-json\/wp\/v2\/media?parent=93093"}],"wp:term":[{"taxonomy":"category","embeddable":true,"href":"https:\/\/presse.tirol.at\/it\/wp-json\/wp\/v2\/categories?post=93093"},{"taxonomy":"region","embeddable":true,"href":"https:\/\/presse.tirol.at\/it\/wp-json\/wp\/v2\/region?post=93093"},{"taxonomy":"author","embeddable":true,"href":"https:\/\/presse.tirol.at\/it\/wp-json\/wp\/v2\/coauthors?post=93093"}],"curies":[{"name":"wp","href":"https:\/\/api.w.org\/{rel}","templated":true}]}}