{"id":94226,"date":"2020-06-17T09:05:09","date_gmt":"2020-06-17T07:05:09","guid":{"rendered":"https:\/\/presse.tirol.at\/pr1251618-nuovi-alloggi-in-tirolo-per-lestate-2020\/94226\/"},"modified":"2022-01-27T11:21:22","modified_gmt":"2022-01-27T10:21:22","slug":"pr1251618-nuovi-alloggi-in-tirolo-per-lestate-2020","status":"publish","type":"post","link":"https:\/\/presse.tirol.at\/it\/pr1251618-nuovi-alloggi-in-tirolo-per-lestate-2020\/94226\/","title":{"rendered":"Nuovi alloggi in Tirolo per l\u2019estate 2020"},"content":{"rendered":"\n<p class=\"intro\">Tutte le nuove strutture ricettive tirolesi si distinguono per offrire agli ospiti una combinazione perfetta di comfort e natura, come ad esempio sulla Casa sull\u2019Albero a Ellmau o nel Giardino Botanico alpino ampliato dell&#8217;hotel Alpenrose 5* sul lago Achensee. Sempre di tendenza sono i lussuosi chalet e le suite spaziose, le ampie piscine e le moderne aree benessere inserite in contesti naturalistici mozzafiato. Per tutelare la salute di tutti prima di ogni cosa, importanti investimenti sono stati fatti per mettere in sicurezza le strutture, dall\u2019adozione dei dispositivi di protezione alle attente procedure di sanificazione. Inoltre in questa estate di convivenza con il Covid-19 alcuni alberghi saranno disponibili a cancellare le prenotazioni e a rimborsare pagamenti anticipati. Di seguito una carrellata delle principali novit\u00e0, per approfondimenti contattateci.<\/p>\n\n\n\n<p><strong><span lang=\"IT\">Il nuovo Mari Pop Hotel a Ried nella Zillertal<\/span><\/strong><\/p>\n\n\n\n<p>Dalla locanda tradizionale all&#8217;impresa pop-up, fino all&#8217;hotel &#8220;vero e proprio&#8221; con uno <strong>stile molto particolare<\/strong>. Dopo un anno e mezzo come pop-up hotel e otto mesi di ristrutturazione, il <a href=\"https:\/\/eur02.safelinks.protection.outlook.com\/?url=https%3A%2F%2Fwww.pr-partner.it%2F%3Fnltr%3DNTQxOzU1O2h0dHBzOi8vd3d3Lm1hcmlwb3AuYXQvZW4vOzs5NjE3Nzk4YWEwM2M5YThiODljNzgyOGYyNDNlNTg2Mw%253D%253D&amp;data=01%7C01%7CMartina.Nairz%40tirolwerbung.at%7C54e7f08f0e594db81e4808d80e03d723%7Cbf45a60ddc48417e9b2fdebcc153d643%7C0&amp;sdata=gZ6H0oSReNovrx7Nn9EZdmIWSLrihfYvyniumSApz%2BY%3D&amp;reserved=0\"><em>Mari Pop Hotel<\/em><\/a> \u00e8 stato riaperto di recente. Gli ospiti troveranno un totale di 45 camere, distribuite nell&#8217;edificio principale e nella guest house. &#8220;Ci teniamo ai contrasti&#8221;, afferma il proprietario Markus Rist, che gestisce l&#8217;hotel insieme alla sua compagna Silvia Gsch\u00f6sser. La simbiosi tra <strong>arte e natura ed eventi speciali di musica e di letteratura<\/strong> rendono il Mari Pop Hotel unico nella Zillertal.<\/p>\n\n\n\n<p><strong><span lang=\"IT\">Il comfort incontra la natura: prima casa sull&#8217;albero aperta a Ellmau<\/span><\/strong><\/p>\n\n\n\n<p><span lang=\"IT\">Le persone a cui piace trascorrere le proprie vacanze nella natura e non vogliono rinunciare al comfort, dovrebbero visitare la nuova <a href=\"https:\/\/www.hotel-hochfilzer.com\/de\/das-baumhaus-ist-fertig.html\"><em>casa sull&#8217;albero<\/em><\/a><strong> nel giardino dell&#8217;Alpenpension Claudia a Ellmau<\/strong>. \u00c8 stata progettata dall&#8217;artista Andreas Feigl. La casa sull&#8217;albero offre agli ospiti (prenotabile fino a quattro persone) una <strong>vista a 360 gradi sul Wilder Kaiser<\/strong>. Chi vuole ancora pi\u00f9 natura, pu\u00f2 spingere il comodo letto matrimoniale su rotelle dalla camera imperiale alla terrazza e dormire sotto la tenda delle stelle. La casa sull&#8217;albero \u00e8 stata costruita attorno a un grande pino e confina direttamente con il padiglione delle saune e un laghetto balneabile biologico.<\/span><\/p>\n\n\n\n<p><strong><span lang=\"IT\">Nuove suite e un&#8217;area benessere ampliata nel W\u00f6scherhof a Uderns<\/span><\/strong><\/p>\n\n\n\n<p><span lang=\"IT\">Nell&#8217;ambito di un ampliamento e ristrutturazione, le aree benessere dell&#8217;hotel a 4 stelle superior <a href=\"https:\/\/eur02.safelinks.protection.outlook.com\/?url=https%3A%2F%2Fwww.pr-partner.it%2F%3Fnltr%3DNTQxOzU1O2h0dHBzOi8vd3d3LndvZXNjaGVyaG9mLmNvbS9lbi87O2FjMzk4YTY3OWUzODI3YjRlOGQyMGQ5YjE2MzE1NTZk&amp;data=01%7C01%7CMartina.Nairz%40tirolwerbung.at%7C54e7f08f0e594db81e4808d80e03d723%7Cbf45a60ddc48417e9b2fdebcc153d643%7C0&amp;sdata=uP2rzgP2dygnJtkxEwOa8FEGQPyTq9eaAcC3kuDM8So%3D&amp;reserved=0\"><em>W\u00f6scherhof<\/em><\/a> nella Zillertal sono state ampliate con alcuni highlights. Inoltre, sono state costruite 20 nuove suite. Dalla suite si raggiunge percorrendo il molo privato il <strong>laghetto naturale che si estende direttamente davanti alla stanza<\/strong>. L&#8217;area benessere sorprende i suoi ospiti in vacanza e quelli della day-spa con novit\u00e0 innovative. Troverete la sauna, sale relax, un&#8217;area massaggi e uno spazio energetico separato per lo yoga.<\/span><\/p>\n\n\n\n<p><strong>Upgrade di stelle all&#8217;Hotel Zillertalhof a Mayrhofen<\/strong><\/p>\n\n\n\n<p><span lang=\"IT\">Il tradizionale hotel <a href=\"https:\/\/eur02.safelinks.protection.outlook.com\/?url=https%3A%2F%2Fwww.pr-partner.it%2F%3Fnltr%3DNTQxOzU1O2h0dHBzOi8vd3d3LnppbGxlcnRhbGVyaG9mLmF0L2VuLzs7MTU3ZWQ3YzNkY2Q2YWNhNDI3YTBhNDBjNTY1ZDk3NmY%253D&amp;data=01%7C01%7CMartina.Nairz%40tirolwerbung.at%7C54e7f08f0e594db81e4808d80e03d723%7Cbf45a60ddc48417e9b2fdebcc153d643%7C0&amp;sdata=x7Aq6DxiGYmyoiwIob%2Fpp6TrBiKT%2F1IWH2pyLrEpGqU%3D&amp;reserved=0\"><em>Zillertalerhof<\/em><\/a>, che viene gestito con cura da molti decenni, ha subito una trasformazione da classico hotel per vacanze in disinvolto &#8220;Alpine Hideaway&#8221; dopo una fase concettuale di 18 mesi e tre mesi di ristrutturazione. Con un <strong>design moderno<\/strong>, l&#8217;hotel vuole distinguersi dalla massa, e il bar promette persino un pizzico di rock&#8217;n&#8217;roll. Quasi mezzo anno dopo il rilancio, ora si \u00e8 potuto raggiungere l&#8217;obiettivo tanto atteso e passare da hotel a quattro stelle a hotel a quattro stelle superior. <strong>I giovani proprietari Franz Josef e Katharina Perauer garantiscono che tutte le prenotazioni fino a fine novembre 2020 si possono cancellare senza costi fino a 48 ore prima del viaggio<\/strong>.<\/span><\/p>\n\n\n\n<p><strong>Grandi investimenti nella Valle Tannheimertal<\/strong><\/p>\n\n\n\n<p>Dopo un&#8217;importante ristrutturazione nel 2019, nel 2020 ci sono ancora tante innovazioni all&#8217; <a href=\"https:\/\/eur02.safelinks.protection.outlook.com\/?url=https%3A%2F%2Fwww.pr-partner.it%2F%3Fnltr%3DNTQxOzU1O2h0dHBzOi8vd3d3Lmp1bmdicnVubi5hdC87OzNiZjBhOWRjNzlkNGRmNjVmNWJjNzQwZmUzNTFhYjc0&amp;data=01%7C01%7CMartina.Nairz%40tirolwerbung.at%7C54e7f08f0e594db81e4808d80e03d723%7Cbf45a60ddc48417e9b2fdebcc153d643%7C0&amp;sdata=%2FR%2FU1O%2B2HFStUyaMX7gRYjuofXi22ekjicDsI3T05g8%3D&amp;reserved=0\"><em>&#8216;&#8221;Hotel Jungbrunn &#8211; Der Gutzeitort&#8221;<\/em><\/a>. La zona d&#8217;ingresso ha un nuovo volto, tra cui un roundel coperto, un ingresso <strong>senza barriere architettoniche<\/strong> e una nuova reception. Inoltre, il parcheggio sotterraneo \u00e8 stato ampliato e sono state create <strong>nuove suite<\/strong>. Anche i bagni degli appartamenti sono in fase di ristrutturazione e, ultimo ma non meno importante, la<strong> nuova casa del personale<\/strong> con 40 unit\u00e0 abitative dovrebbe essere completata entro ottobre. La riapertura dell&#8217;hotel \u00e8 prevista per il <strong>4 agosto 2020.<\/strong><\/p>\n\n\n\n<p><strong>Anche nell&#8217;hotel benessere &#8220;Der Engel&#8221; a Gr\u00e4n non viene lasciato nulla di intentato. <\/strong>L&#8217;espansione dovrebbe essere completata entro il 7 luglio 2020. La famiglia Mattersberger-Zimmermann non si preoccupa di aumentare i posti letti, ma piuttosto di recuperare spazio in modo che gli ospiti possano goderne ancora di pi\u00f9 in maggiore sicurezza.<\/p>\n\n\n\n<p><strong>Nuovissima esperienza nella natura presso il wellness hotel &#8220;Haldensee&#8221;.<\/strong>Nella valle Tannheimertal l\u2018hotel <a href=\"https:\/\/eur02.safelinks.protection.outlook.com\/?url=https%3A%2F%2Fwww.pr-partner.it%2F%3Fnltr%3DNTQxOzU1O2h0dHBzOi8vd3d3LmhhbGRlbnNlZS1ob3RlbC5jb20vOztlY2NkZGVkNzFlYjY4MGNhZGVjYzJhZTk0MDgwN2VmOQ%253D%253D&amp;data=01%7C01%7CMartina.Nairz%40tirolwerbung.at%7C54e7f08f0e594db81e4808d80e03d723%7Cbf45a60ddc48417e9b2fdebcc153d643%7C0&amp;sdata=7FLKFeRGH5EeLc0W4GKnA5ZDXAUxGQNGGvJRKwVNaxM%3D&amp;reserved=0\"><em>&#8220;Haldensee&#8221;<\/em><\/a> da 120 letti a 1.124 metri sul livello del mare. Offre accesso privato all&#8217;Haldensee e a un\u2018&#8217;area benessere progettata con vista sullo specchio acqua. Il progetto della famiglia Barbist \u00e8 rivolto principalmente agli ospiti adulti in cerca di relax nella natura.<\/p>\n\n\n\n<p><strong>La residenza benessere Alpenrose a Maurach ha il pi\u00f9 grande giardino esistente in hotel<\/strong><\/p>\n\n\n\n<p>L&#8217;anno scorso nella residenza benessere Alpenrose ***** sul lago Achensee \u00e8 stato inaugurato il <a href=\"https:\/\/eur02.safelinks.protection.outlook.com\/?url=https%3A%2F%2Fwww.pr-partner.it%2F%3Fnltr%3DNTQxOzU1O2h0dHBzOi8vd3d3LmFscGVucm9zZS5hdC9pdC9sYS1yZXNpZGVuemEvaWwtZ2lhcmRpbm8tYm90YW5pY2EvOztmZDVmZmJkNDM4YzQzMGJmNjg0YWU2MWQ2NTMxZGY0Mg%253D%253D&amp;data=01%7C01%7CMartina.Nairz%40tirolwerbung.at%7C54e7f08f0e594db81e4808d80e03d723%7Cbf45a60ddc48417e9b2fdebcc153d643%7C0&amp;sdata=glInb%2BPq4KdVqXd7XJAGdt2%2BH1uLY%2FcECLWw4SdAPo4%3D&amp;reserved=0\"><em>&#8220;Giardino botanico alpino&#8221;<\/em><\/a>. Questa estate il giardino verr\u00e0 ampliato a <strong>12.000 metri quadrati<\/strong>, rendendolo il pi\u00f9 grande giardino alpino coltivato d&#8217;albergo dell&#8217;Austria. Nel &#8220;Giardino botanico alpino&#8221; vengono coltivate anche erbe fresche, che vengono utilizzate sia in cucina che nell&#8217;area SPA dell&#8217;hotel. Il <strong>laghetto di 800 metri quadrati<\/strong> \u00e8 particolarmente degno di nota. Ninfee, canne e acqua cristallina rappresentano un ecosistema funzionante.<\/p>\n\n\n\n<p><strong>Nuova apertura: Posthotel Kassl a Oetz<\/strong><\/p>\n\n\n\n<p>L&#8217;apertura del <a href=\"https:\/\/eur02.safelinks.protection.outlook.com\/?url=https%3A%2F%2Fwww.pr-partner.it%2F%3Fnltr%3DNTQxOzU1O2h0dHBzOi8vcGFnZXMuc2Vla2RhLmNvbS9%252BUzAwMDQ3OD9za2QtbGFuZ3VhZ2UtY29kZT1pdDs7ZTU2ZTg0ODJiOTRkNTU2OGQ5NDE5MzFlOGYyM2YwNjg%253D&amp;data=01%7C01%7CMartina.Nairz%40tirolwerbung.at%7C54e7f08f0e594db81e4808d80e03d723%7Cbf45a60ddc48417e9b2fdebcc153d643%7C0&amp;sdata=7rYY%2BZC54D4DkPUlnDkPkyMi4SjlMtMMclzpnYDcJyo%3D&amp;reserved=0\"><em>Posthotel Kassl<\/em><\/a> all&#8217;ingresso della \u00d6tztal \u00e8 stata preceduta da un ampliamento e un&#8217;espansione. Una delle ali \u00e8 stata demolita e interamente ricostruita in legno. Sono state create 37 nuove camere e suite. Tra l&#8217;altro, <strong>una suite di 80 mq in legno di pino cembro con area benessere privata e quattro suite in legno di pino cembro con doppie vasche da bagno<\/strong>. L&#8217;area benessere e la piscina interna esistenti sono state ampliate da una palestra e una piscina esterna con vista panoramica riscaldata tutto l&#8217;anno. Uno degli highlights \u00e8 la hall, che \u00e8 interamente in legno di pino cembro, ispirata al bar dell&#8217;hotel che ha 130 anni.<\/p>\n\n\n\n<p><strong>Novit\u00e0 dall&#8217;Arlberg<\/strong><\/p>\n\n\n\n<p>Le nuove attrezzature dell&#8217;area benessere dell&#8217;<a href=\"https:\/\/eur02.safelinks.protection.outlook.com\/?url=https%3A%2F%2Fwww.pr-partner.it%2F%3Fnltr%3DNTQxOzU1O2h0dHBzOi8vd3d3LmFybG1vbnQuYXQvZW47O2QyMTk4MzFlZDUyNDc0ZTJlMTRmYzRiNmY0ZjExNzcw&amp;data=01%7C01%7CMartina.Nairz%40tirolwerbung.at%7C54e7f08f0e594db81e4808d80e03d723%7Cbf45a60ddc48417e9b2fdebcc153d643%7C0&amp;sdata=0PQd%2FMJaj0fOZaLkf7AdzppRnxFOatsMkyG31NuJ63o%3D&amp;reserved=0\"><em>Hotel Arlmont<\/em><\/a> a St. Anton am Arlberg&nbsp; sono impressionanti: <strong>sauna finlandese, sanarium, bagno turco, docce esperienziali, giardino all&#8217;aperto e rooftop pool con sauna panoramica<\/strong>. L&#8217;ex bar \u00e8 diventato la nuova sala relax panoramica con biblioteca. &#8220;La nostra spaziosa palestra con angolo yoga \u00e8 stata progettata in modo che gli ospiti possano usufruire di questa offerta 24 ore al giorno&#8221;, afferma l&#8217;albergatore Markus Stemberger.<\/p>\n\n\n\n<p><strong>Lavori in corso a Seefeld<\/strong><\/p>\n\n\n\n<p>Arredamento lussuoso e un favoloso panorama a 360 gradi: da luglio 2020, nello <a href=\"https:\/\/eur02.safelinks.protection.outlook.com\/?url=https%3A%2F%2Fwww.pr-partner.it%2F%3Fnltr%3DNTQxOzU1O2h0dHBzOi8vd3d3LmFscGVucGFya3MuYXQvZGUvY2hhbGV0LWFwYXJ0bWVudC1hbHBpbmEtc2VlZmVsZC87OzlmOWU0OTRkY2I0MTc3ZjViOGY0N2JkNmFmMjY0YjIy&amp;data=01%7C01%7CMartina.Nairz%40tirolwerbung.at%7C54e7f08f0e594db81e4808d80e03d723%7Cbf45a60ddc48417e9b2fdebcc153d643%7C0&amp;sdata=wxRGqp22I7Rc8pTF%2FhdSCPUu1HhVoGVYxJiXHjCMAlE%3D&amp;reserved=0\"><em>&#8220;Chalet &amp; Apartment Alpina Seefeld&#8221;<\/em><\/a> verranno creati <strong>43 nuovi appartamenti con giardino e balcone<\/strong>, per un massimo di sei persone. Ogni casa vacanza \u00e8 stata progettata individualmente. Il resort dispone di un proprio bistrot e di una propria area benessere.<\/p>\n\n\n\n<p><strong>Fontana di birra nell&#8217;Hotel Klosterbr\u00e4u a Seefeld: <\/strong>L&#8217;<a href=\"https:\/\/eur02.safelinks.protection.outlook.com\/?url=https%3A%2F%2Fwww.pr-partner.it%2F%3Fnltr%3DNTQxOzU1O2h0dHBzOi8vd3d3Lmtsb3N0ZXJicmFldS5jb20vaXQvOzs5NmFkNTUyNWMyNGJiYzkzZjI2ZjAxMDRhYjJhMGZiNw%253D%253D&amp;data=01%7C01%7CMartina.Nairz%40tirolwerbung.at%7C54e7f08f0e594db81e4808d80e03d723%7Cbf45a60ddc48417e9b2fdebcc153d643%7C0&amp;sdata=I5qAnESRTyZ8t4NRg9xCc5zuvGmWhayz%2BRGqle3g3Xs%3D&amp;reserved=0\"><em>Hotel Klosterbr\u00e4u<\/em><\/a> ha alle spalle oltre 200 anni di tradizione familiare. Da giugno 2020 verranno create delle esclusive suite benessere con sauna propria e un&#8217;accogliente sala lettura. <strong>Le nuove suite<\/strong>, con arredi nobili con volta in legno, camino a candela e cabina armadio, <strong>offriranno un&#8217;ulteriore particolarit\u00e0: birra prodotta in casa, direttamente dalla fontana di birra<\/strong>. Lo storico muro di pietra di 500 anni fa risalta perfettamente sui 70 metri quadrati di superficie abitabile.<\/p>\n\n\n\n<p><strong>Novit\u00e0 per gli amici del campeggio<\/strong><\/p>\n\n\n\n<p>Nel 2020 verr\u00e0 realizzato un grande progetto di ristorazione, campeggio e tempo libero sul sito dell&#8217;ex <a href=\"https:\/\/gerhardhof.com\/neuigkeiten\/\"><em>&#8220;Gerhardhof&#8221;<\/em><\/a> ad est di Wildermieming <strong>sul soleggiato altopiano di Mieming<\/strong>. Da questo intervento si recuperano 100 ampi parcheggi per camper, sei lussuose tende glamping, nuove camere e sale da pranzo, stazioni di ricarica elettriche, un negozio, un laghetto per le piscine, zoo per equitazione, maneggio, campo da beach volley, campo sportivo, campi da yoga e aree barbecue pubbliche. L\u2019apertura del nuovo campeggio &#8220;paradiso&#8221; \u00e8 prevsto per la<strong> fine di giugno 2020.<\/strong><\/p>\n","protected":false},"excerpt":{"rendered":"<p>L&#8217;Austria riapre le frontiere con l&#8217;Italia dal 16 giugno e il Tirolo Vi aspetta con grandi novit\u00e0 a partire dagli \u2026<\/p>\n","protected":false},"author":17,"featured_media":0,"comment_status":"closed","ping_status":"closed","sticky":false,"template":"","format":"standard","meta":{"_acf_changed":false,"footnotes":""},"categories":[11],"region":[109],"coauthors":[292],"class_list":["post-94226","post","type-post","status-publish","format-standard","hentry","category-non-categorizzato","region-tirol-werbung"],"acf":[],"yoast_head":"<!-- This site is optimized with the Yoast SEO plugin v25.1 - https:\/\/yoast.com\/wordpress\/plugins\/seo\/ -->\n<title>Nuovi alloggi in Tirolo per l\u2019estate 2020 - Presse.Tirol<\/title>\n<meta name=\"robots\" content=\"index, follow, max-snippet:-1, max-image-preview:large, max-video-preview:-1\" \/>\n<link rel=\"canonical\" href=\"https:\/\/presse.tirol.at\/it\/pr1251618-nuovi-alloggi-in-tirolo-per-lestate-2020\/94226\/\" \/>\n<meta property=\"og:locale\" content=\"it_IT\" \/>\n<meta property=\"og:type\" content=\"article\" \/>\n<meta property=\"og:title\" content=\"Nuovi alloggi in Tirolo per l\u2019estate 2020 - Presse.Tirol\" \/>\n<meta property=\"og:description\" content=\"L&#039;Austria riapre le frontiere con l&#039;Italia dal 16 giugno e il Tirolo Vi aspetta con grandi novit\u00e0 a partire dagli \u2026\" \/>\n<meta property=\"og:url\" content=\"https:\/\/presse.tirol.at\/it\/pr1251618-nuovi-alloggi-in-tirolo-per-lestate-2020\/94226\/\" \/>\n<meta property=\"og:site_name\" content=\"Presse.Tirol\" \/>\n<meta property=\"article:published_time\" content=\"2020-06-17T07:05:09+00:00\" \/>\n<meta property=\"article:modified_time\" content=\"2022-01-27T10:21:22+00:00\" \/>\n<meta name=\"author\" content=\"Martina Nairz\" \/>\n<meta name=\"twitter:card\" content=\"summary_large_image\" \/>\n<meta name=\"twitter:label1\" content=\"Scritto da\" \/>\n\t<meta name=\"twitter:data1\" content=\"Martina Nairz\" \/>\n\t<meta name=\"twitter:label2\" content=\"Tempo di lettura stimato\" \/>\n\t<meta name=\"twitter:data2\" content=\"6 minutes\" \/>\n\t<meta name=\"twitter:label3\" content=\"Written by\" \/>\n\t<meta name=\"twitter:data3\" content=\"Martina Nairz\" \/>\n<script type=\"application\/ld+json\" class=\"yoast-schema-graph\">{\"@context\":\"https:\/\/schema.org\",\"@graph\":[{\"@type\":\"WebPage\",\"@id\":\"https:\/\/presse.tirol.at\/it\/pr1251618-nuovi-alloggi-in-tirolo-per-lestate-2020\/94226\/\",\"url\":\"https:\/\/presse.tirol.at\/it\/pr1251618-nuovi-alloggi-in-tirolo-per-lestate-2020\/94226\/\",\"name\":\"Nuovi alloggi in Tirolo per l\u2019estate 2020 - Presse.Tirol\",\"isPartOf\":{\"@id\":\"https:\/\/presse.tirol.at\/it\/#website\"},\"datePublished\":\"2020-06-17T07:05:09+00:00\",\"dateModified\":\"2022-01-27T10:21:22+00:00\",\"author\":{\"@id\":\"https:\/\/presse.tirol.at\/it\/#\/schema\/person\/7a01d43ecdf024eeb61ea2a3d4edcdc3\"},\"inLanguage\":\"it-IT\",\"potentialAction\":[{\"@type\":\"ReadAction\",\"target\":[\"https:\/\/presse.tirol.at\/it\/pr1251618-nuovi-alloggi-in-tirolo-per-lestate-2020\/94226\/\"]}]},{\"@type\":\"WebSite\",\"@id\":\"https:\/\/presse.tirol.at\/it\/#website\",\"url\":\"https:\/\/presse.tirol.at\/it\/\",\"name\":\"Presse.Tirol\",\"description\":\"Regionale Presseplattform der Tirol Werbung und den Tiroler Tourismusverb\u00e4nden\",\"potentialAction\":[{\"@type\":\"SearchAction\",\"target\":{\"@type\":\"EntryPoint\",\"urlTemplate\":\"https:\/\/presse.tirol.at\/it\/?s={search_term_string}\"},\"query-input\":{\"@type\":\"PropertyValueSpecification\",\"valueRequired\":true,\"valueName\":\"search_term_string\"}}],\"inLanguage\":\"it-IT\"},{\"@type\":\"Person\",\"@id\":\"https:\/\/presse.tirol.at\/it\/#\/schema\/person\/7a01d43ecdf024eeb61ea2a3d4edcdc3\",\"name\":\"Martina Nairz\",\"image\":{\"@type\":\"ImageObject\",\"inLanguage\":\"it-IT\",\"@id\":\"https:\/\/presse.tirol.at\/it\/#\/schema\/person\/image\/b47273d486f1e6665f0c420330a009a6\",\"url\":\"https:\/\/secure.gravatar.com\/avatar\/b665805ca9d0b765eb68d4309bc5cbc59f9f79685c7853e60e3f0e084b24276d?s=96&d=mm&r=g\",\"contentUrl\":\"https:\/\/secure.gravatar.com\/avatar\/b665805ca9d0b765eb68d4309bc5cbc59f9f79685c7853e60e3f0e084b24276d?s=96&d=mm&r=g\",\"caption\":\"Martina Nairz\"}}]}<\/script>\n<!-- \/ Yoast SEO plugin. -->","yoast_head_json":{"title":"Nuovi alloggi in Tirolo per l\u2019estate 2020 - Presse.Tirol","robots":{"index":"index","follow":"follow","max-snippet":"max-snippet:-1","max-image-preview":"max-image-preview:large","max-video-preview":"max-video-preview:-1"},"canonical":"https:\/\/presse.tirol.at\/it\/pr1251618-nuovi-alloggi-in-tirolo-per-lestate-2020\/94226\/","og_locale":"it_IT","og_type":"article","og_title":"Nuovi alloggi in Tirolo per l\u2019estate 2020 - Presse.Tirol","og_description":"L'Austria riapre le frontiere con l'Italia dal 16 giugno e il Tirolo Vi aspetta con grandi novit\u00e0 a partire dagli \u2026","og_url":"https:\/\/presse.tirol.at\/it\/pr1251618-nuovi-alloggi-in-tirolo-per-lestate-2020\/94226\/","og_site_name":"Presse.Tirol","article_published_time":"2020-06-17T07:05:09+00:00","article_modified_time":"2022-01-27T10:21:22+00:00","author":"Martina Nairz","twitter_card":"summary_large_image","twitter_misc":{"Scritto da":"Martina Nairz","Tempo di lettura stimato":"6 minutes","Written by":"Martina Nairz"},"schema":{"@context":"https:\/\/schema.org","@graph":[{"@type":"WebPage","@id":"https:\/\/presse.tirol.at\/it\/pr1251618-nuovi-alloggi-in-tirolo-per-lestate-2020\/94226\/","url":"https:\/\/presse.tirol.at\/it\/pr1251618-nuovi-alloggi-in-tirolo-per-lestate-2020\/94226\/","name":"Nuovi alloggi in Tirolo per l\u2019estate 2020 - Presse.Tirol","isPartOf":{"@id":"https:\/\/presse.tirol.at\/it\/#website"},"datePublished":"2020-06-17T07:05:09+00:00","dateModified":"2022-01-27T10:21:22+00:00","author":{"@id":"https:\/\/presse.tirol.at\/it\/#\/schema\/person\/7a01d43ecdf024eeb61ea2a3d4edcdc3"},"inLanguage":"it-IT","potentialAction":[{"@type":"ReadAction","target":["https:\/\/presse.tirol.at\/it\/pr1251618-nuovi-alloggi-in-tirolo-per-lestate-2020\/94226\/"]}]},{"@type":"WebSite","@id":"https:\/\/presse.tirol.at\/it\/#website","url":"https:\/\/presse.tirol.at\/it\/","name":"Presse.Tirol","description":"Regionale Presseplattform der Tirol Werbung und den Tiroler Tourismusverb\u00e4nden","potentialAction":[{"@type":"SearchAction","target":{"@type":"EntryPoint","urlTemplate":"https:\/\/presse.tirol.at\/it\/?s={search_term_string}"},"query-input":{"@type":"PropertyValueSpecification","valueRequired":true,"valueName":"search_term_string"}}],"inLanguage":"it-IT"},{"@type":"Person","@id":"https:\/\/presse.tirol.at\/it\/#\/schema\/person\/7a01d43ecdf024eeb61ea2a3d4edcdc3","name":"Martina Nairz","image":{"@type":"ImageObject","inLanguage":"it-IT","@id":"https:\/\/presse.tirol.at\/it\/#\/schema\/person\/image\/b47273d486f1e6665f0c420330a009a6","url":"https:\/\/secure.gravatar.com\/avatar\/b665805ca9d0b765eb68d4309bc5cbc59f9f79685c7853e60e3f0e084b24276d?s=96&d=mm&r=g","contentUrl":"https:\/\/secure.gravatar.com\/avatar\/b665805ca9d0b765eb68d4309bc5cbc59f9f79685c7853e60e3f0e084b24276d?s=96&d=mm&r=g","caption":"Martina Nairz"}}]}},"publishpress_future_workflow_manual_trigger":{"enabledWorkflows":[]},"_links":{"self":[{"href":"https:\/\/presse.tirol.at\/it\/wp-json\/wp\/v2\/posts\/94226","targetHints":{"allow":["GET"]}}],"collection":[{"href":"https:\/\/presse.tirol.at\/it\/wp-json\/wp\/v2\/posts"}],"about":[{"href":"https:\/\/presse.tirol.at\/it\/wp-json\/wp\/v2\/types\/post"}],"author":[{"embeddable":true,"href":"https:\/\/presse.tirol.at\/it\/wp-json\/wp\/v2\/users\/17"}],"replies":[{"embeddable":true,"href":"https:\/\/presse.tirol.at\/it\/wp-json\/wp\/v2\/comments?post=94226"}],"version-history":[{"count":0,"href":"https:\/\/presse.tirol.at\/it\/wp-json\/wp\/v2\/posts\/94226\/revisions"}],"wp:attachment":[{"href":"https:\/\/presse.tirol.at\/it\/wp-json\/wp\/v2\/media?parent=94226"}],"wp:term":[{"taxonomy":"category","embeddable":true,"href":"https:\/\/presse.tirol.at\/it\/wp-json\/wp\/v2\/categories?post=94226"},{"taxonomy":"region","embeddable":true,"href":"https:\/\/presse.tirol.at\/it\/wp-json\/wp\/v2\/region?post=94226"},{"taxonomy":"author","embeddable":true,"href":"https:\/\/presse.tirol.at\/it\/wp-json\/wp\/v2\/coauthors?post=94226"}],"curies":[{"name":"wp","href":"https:\/\/api.w.org\/{rel}","templated":true}]}}