{"id":94661,"date":"2020-06-19T13:06:02","date_gmt":"2020-06-19T11:06:02","guid":{"rendered":"https:\/\/presse.tirol.at\/pr1263723-il-tirolo-corre-sui-pedali-piu-forte-di-tutti\/94661\/"},"modified":"2024-10-24T16:27:20","modified_gmt":"2024-10-24T14:27:20","slug":"pr1263723-il-tirolo-corre-sui-pedali-piu-forte-di-tutti","status":"publish","type":"post","link":"https:\/\/presse.tirol.at\/it\/pr1263723-il-tirolo-corre-sui-pedali-piu-forte-di-tutti\/94661\/","title":{"rendered":"Il Tirolo corre sui pedali pi\u00f9 forte di tutti"},"content":{"rendered":"\n<p class=\"intro\">Con migliaia di chilometri di piste da corsa, mountain bike e piste ciclabili e circa 115 single trails, il Tirolo \u00e8 la regione ciclistica numero uno delle Alpi.<\/p>\n\n\n\n<p>Se mettiamo insieme bicicletta e Tirolo i primati vengono subito in mente: come il passo pi\u00f9 alto di montagna dell\u2018Austria, il punto pi\u00f9 alto che pu\u00f2 essere raggiunto su bici da strada o la montagna pi\u00f9 ripida dell\u2019arco alpino. Con i suoi 3.800 chilometri di piste ciclabili ottimamente sviluppate, circa 6000 chilometri di percorsi MTB ufficialmente approvati, circa 115 piste singole e oltre 1.000 chilometri di piste ciclabili, il Tirolo \u00e8 giustamente descritto come il &#8220;paese ciclistico numero 1 nelle Alpi&#8221;. E per le mountain bike c\u2019\u00e8 niente di meno che il Bike Trail Tirol, il circuito continuo pi\u00f9 lungo delle Alpi che misura ben 1.000 chilometri.<\/p>\n\n\n\n<p><strong>Coppa del mondo di ciclismo come fattore di spinta per il ciclismo<\/strong><\/p>\n\n\n\n<p>Momento clou assoluto nel 2018 sono stati i <a href=\"https:\/\/www.tirolo.com\/attivita\/eventi\/tutti-gli-eventi\/e-campionato-mondiale-di-ciclismo-uci-2018\" target=\"_blank\" rel=\"noopener noreferrer\">Campionati del mondo di ciclismo su strada UCI Innsbruck-Tirol<\/a>, che hanno messo l&#8217;intero paese in febbre ciclistica. 600.000 fan erano sul posto e 200 milioni davanti agli schermi quando i migliori atleti di 77 paesi hanno gareggiato per il titolo mondiale in questo evento sportivo perfettamente organizzato.&nbsp;<strong>Grazie al successo della Coppa del Mondo, il Tirolo ha ricevuto l&#8217;etichetta esclusiva &#8220;UCI Bike Region&#8221;<\/strong>, titolo che condivide con citt\u00e0 e regioni come Copenaghen, Yorkshire o Limburg.<\/p>\n\n\n\n<p><strong>Dieci tour in bici da corsa di livello mondiale<\/strong><\/p>\n\n\n\n<p>Il Tirolo austriaco offre anche fantastici percorsi per ciclisti da corsa amatoriali. I principianti in genere scelgono di restare a valle tra i numerosi tour per sviluppare sul piano la loro resistenza. I <strong>ciclisti ambiziosi vanno invece alla ricerca di strade di montagna impegnative<\/strong> e vengono premiati con viste paradisiache sulle montagne. Per loro ci sono <strong>i &#8220;Great Rides&#8221;<\/strong> \u2013 i migliori dieci tour da fare in bici da corsa in Tirolo \u2013 che hanno tre cose in comune: molti metri verticali, panorami fantastici e discese veloci.<\/p>\n\n\n\n<p><strong>Crankworx: evento clou per gli appassionati di slopestyle, downhill &amp; Co.<\/strong><\/p>\n\n\n\n<p><strong>Dal 30 settembre al 4 ottobre 2020<\/strong>, il pi\u00f9 grande festival al mondo di mountain bike a gravit\u00e0 \u201cCrankworkx\u201d si svolger\u00e0 per la quarta volta consecutiva nel bike park di Innsbruck sul Muttereralm. <strong>Questa volta il Tirolo \u00e8 l&#8217;unica tappa del tour in Europa.<\/strong> Gli spettatori saranno entusiasti di vedere i professionisti gareggiare nelle competizioni di discesa libera, slopestyle, di velocit\u00e0 e stile, gara di frusta e pump track<\/p>\n\n\n\n<p><strong>I 5 migliori single trail in Tirolo<\/strong><\/p>\n\n\n\n<p>La mountain bike da discesa \u00e8 un ramo del ciclismo particolarmente in forte espansione nelle Alpi. <strong>Ogni anno in Tirolo vengono creati sempre pi\u00f9 single trail ufficialmente approvati<\/strong>. L&#8217;Arzler Alm Trail, il Blindsee Trail, il Fleckalm Trail, il Leiterberg Trail e il Plamort Trail si sono addirittura guadagnati il titolo di &#8220;Great Trail&#8221;. Sono esempi di circa 115 single trail in Tirolo che fanno sognare ai motociclisti l&#8217;avventura su sentieri stretti.<\/p>\n\n\n\n<p><strong>E-mountain bike<\/strong><\/p>\n\n\n\n<p>Le <a href=\"https:\/\/www.tirolo.com\/attivita\/sport\/cicloturismo\/ebike\" target=\"_blank\" rel=\"noopener noreferrer\">e-mountain bike<\/a> sono un&#8217;alternativa entusiasmante alle mountain bike convenzionali, perch\u00e9 con una piccola porzione extra di energia \u00e8 possibile arrivare dove le vostre gambe non avrebbero mai pensato. <strong>Il mercato e la domanda di e-bike \u00e8 sempre in crescita, motivo per cui anche in Tirolo si sta ampliando l&#8217;infrastruttura.<\/strong> Oggi si pu\u00f2 noleggiare una e-mountain bike in molti luoghi e aumenta il numero dei rifugi che mettono a disposizione il carica batterie. Le e-mountain bike offrono anche possibilit\u00e0 inimmaginabili per escursionisti e scalatori. Se la strada per la vetta \u00e8 troppo lontana o la salita troppo ripida, entra in gioco la mobilit\u00e0 elettrica: prima sali sulla bici e poi cammini verso la cima.<\/p>\n\n\n\n<p><strong>Cicloturismo in Tirolo, percorsi adatti a tutti<\/strong><\/p>\n\n\n\n<p>I ciclisti e le famiglie che nel tempo libero amano avventurarsi sulle due ruote spesso preferiscono dover affrontare solo pochi metri verticali. <strong>Lungo i fiumi e le valli del Tirolo si trovano alcune delle pi\u00f9 belle piste ciclabili a lunga percorrenza delle Alpi,<\/strong> come <strong>le piste ciclabili della Drava o dell&#8217;Inn<\/strong>. La Via Claudia Augusta con numerose taverne tirolesi proprio lungo il percorso \u00e8 considerato un must per i ciclisti che vogliono combinare alla pedalata i piaceri gastronomici.<strong> Le piste ciclabili tirolesi per ciclisti dalla pedalata leggera si estendono per un totale di circa 1.000 chilometri.<\/strong> Alloggi adatti ai ciclisti, stazioni di noleggio per e-bike, navette e servizi di riparazione completano l&#8217;offerta specifica per il cicloturismo.<\/p>\n\n\n\n<p><strong>Informazioni aggiuntive:<\/strong><\/p>\n\n\n\n<ul class=\"wp-block-list\"><li>per i ciclisti: <a href=\"http:\/\/www.tirolo.com\/bici-da-corsa\">www.tirolo.com\/bici-da-corsa<\/a><\/li><li>per gli appassionati di mountain bike: <a href=\"http:\/\/www.tirolo.com\/mountainbike\">www.tirolo.com\/mountainbike<\/a><\/li><li>per i cicloturisti: <a href=\"http:\/\/www.tirolo.com\/cicloturismo\">www.tirolo.com\/cicloturismo<\/a><\/li><\/ul>\n","protected":false},"excerpt":{"rendered":"<p>Con migliaia di chilometri di piste da corsa, mountain bike e piste ciclabili e circa 115 single trails, il Tirolo \u00e8 la \u2026<\/p>\n","protected":false},"author":17,"featured_media":0,"comment_status":"closed","ping_status":"closed","sticky":false,"template":"","format":"standard","meta":{"_acf_changed":false,"footnotes":""},"categories":[11],"region":[109],"coauthors":[292],"class_list":["post-94661","post","type-post","status-publish","format-standard","hentry","category-non-categorizzato","region-tirol-werbung"],"acf":[],"yoast_head":"<!-- This site is optimized with the Yoast SEO plugin v25.1 - https:\/\/yoast.com\/wordpress\/plugins\/seo\/ -->\n<title>Il Tirolo corre sui pedali pi\u00f9 forte di tutti - Presse.Tirol<\/title>\n<meta name=\"robots\" content=\"index, follow, max-snippet:-1, max-image-preview:large, max-video-preview:-1\" \/>\n<link rel=\"canonical\" href=\"https:\/\/presse.tirol.at\/it\/pr1263723-il-tirolo-corre-sui-pedali-piu-forte-di-tutti\/94661\/\" \/>\n<meta property=\"og:locale\" content=\"it_IT\" \/>\n<meta property=\"og:type\" content=\"article\" \/>\n<meta property=\"og:title\" content=\"Il Tirolo corre sui pedali pi\u00f9 forte di tutti - Presse.Tirol\" \/>\n<meta property=\"og:description\" content=\"Con migliaia di chilometri di piste da corsa, mountain bike e piste ciclabili e circa 115 single trails, il Tirolo \u00e8 la \u2026\" \/>\n<meta property=\"og:url\" content=\"https:\/\/presse.tirol.at\/it\/pr1263723-il-tirolo-corre-sui-pedali-piu-forte-di-tutti\/94661\/\" \/>\n<meta property=\"og:site_name\" content=\"Presse.Tirol\" \/>\n<meta property=\"article:published_time\" content=\"2020-06-19T11:06:02+00:00\" \/>\n<meta property=\"article:modified_time\" content=\"2024-10-24T14:27:20+00:00\" \/>\n<meta name=\"author\" content=\"Martina Nairz\" \/>\n<meta name=\"twitter:card\" content=\"summary_large_image\" \/>\n<meta name=\"twitter:label1\" content=\"Scritto da\" \/>\n\t<meta name=\"twitter:data1\" content=\"Martina Nairz\" \/>\n\t<meta name=\"twitter:label2\" content=\"Tempo di lettura stimato\" \/>\n\t<meta name=\"twitter:data2\" content=\"5 minutes\" \/>\n\t<meta name=\"twitter:label3\" content=\"Written by\" \/>\n\t<meta name=\"twitter:data3\" content=\"Martina Nairz\" \/>\n<script type=\"application\/ld+json\" class=\"yoast-schema-graph\">{\"@context\":\"https:\/\/schema.org\",\"@graph\":[{\"@type\":\"WebPage\",\"@id\":\"https:\/\/presse.tirol.at\/it\/pr1263723-il-tirolo-corre-sui-pedali-piu-forte-di-tutti\/94661\/\",\"url\":\"https:\/\/presse.tirol.at\/it\/pr1263723-il-tirolo-corre-sui-pedali-piu-forte-di-tutti\/94661\/\",\"name\":\"Il Tirolo corre sui pedali pi\u00f9 forte di tutti - Presse.Tirol\",\"isPartOf\":{\"@id\":\"https:\/\/presse.tirol.at\/it\/#website\"},\"datePublished\":\"2020-06-19T11:06:02+00:00\",\"dateModified\":\"2024-10-24T14:27:20+00:00\",\"author\":{\"@id\":\"https:\/\/presse.tirol.at\/it\/#\/schema\/person\/7a01d43ecdf024eeb61ea2a3d4edcdc3\"},\"inLanguage\":\"it-IT\",\"potentialAction\":[{\"@type\":\"ReadAction\",\"target\":[\"https:\/\/presse.tirol.at\/it\/pr1263723-il-tirolo-corre-sui-pedali-piu-forte-di-tutti\/94661\/\"]}]},{\"@type\":\"WebSite\",\"@id\":\"https:\/\/presse.tirol.at\/it\/#website\",\"url\":\"https:\/\/presse.tirol.at\/it\/\",\"name\":\"Presse.Tirol\",\"description\":\"Regionale Presseplattform der Tirol Werbung und den Tiroler Tourismusverb\u00e4nden\",\"potentialAction\":[{\"@type\":\"SearchAction\",\"target\":{\"@type\":\"EntryPoint\",\"urlTemplate\":\"https:\/\/presse.tirol.at\/it\/?s={search_term_string}\"},\"query-input\":{\"@type\":\"PropertyValueSpecification\",\"valueRequired\":true,\"valueName\":\"search_term_string\"}}],\"inLanguage\":\"it-IT\"},{\"@type\":\"Person\",\"@id\":\"https:\/\/presse.tirol.at\/it\/#\/schema\/person\/7a01d43ecdf024eeb61ea2a3d4edcdc3\",\"name\":\"Martina Nairz\",\"image\":{\"@type\":\"ImageObject\",\"inLanguage\":\"it-IT\",\"@id\":\"https:\/\/presse.tirol.at\/it\/#\/schema\/person\/image\/b47273d486f1e6665f0c420330a009a6\",\"url\":\"https:\/\/secure.gravatar.com\/avatar\/b665805ca9d0b765eb68d4309bc5cbc59f9f79685c7853e60e3f0e084b24276d?s=96&d=mm&r=g\",\"contentUrl\":\"https:\/\/secure.gravatar.com\/avatar\/b665805ca9d0b765eb68d4309bc5cbc59f9f79685c7853e60e3f0e084b24276d?s=96&d=mm&r=g\",\"caption\":\"Martina Nairz\"}}]}<\/script>\n<!-- \/ Yoast SEO plugin. -->","yoast_head_json":{"title":"Il Tirolo corre sui pedali pi\u00f9 forte di tutti - Presse.Tirol","robots":{"index":"index","follow":"follow","max-snippet":"max-snippet:-1","max-image-preview":"max-image-preview:large","max-video-preview":"max-video-preview:-1"},"canonical":"https:\/\/presse.tirol.at\/it\/pr1263723-il-tirolo-corre-sui-pedali-piu-forte-di-tutti\/94661\/","og_locale":"it_IT","og_type":"article","og_title":"Il Tirolo corre sui pedali pi\u00f9 forte di tutti - Presse.Tirol","og_description":"Con migliaia di chilometri di piste da corsa, mountain bike e piste ciclabili e circa 115 single trails, il Tirolo \u00e8 la \u2026","og_url":"https:\/\/presse.tirol.at\/it\/pr1263723-il-tirolo-corre-sui-pedali-piu-forte-di-tutti\/94661\/","og_site_name":"Presse.Tirol","article_published_time":"2020-06-19T11:06:02+00:00","article_modified_time":"2024-10-24T14:27:20+00:00","author":"Martina Nairz","twitter_card":"summary_large_image","twitter_misc":{"Scritto da":"Martina Nairz","Tempo di lettura stimato":"5 minutes","Written by":"Martina Nairz"},"schema":{"@context":"https:\/\/schema.org","@graph":[{"@type":"WebPage","@id":"https:\/\/presse.tirol.at\/it\/pr1263723-il-tirolo-corre-sui-pedali-piu-forte-di-tutti\/94661\/","url":"https:\/\/presse.tirol.at\/it\/pr1263723-il-tirolo-corre-sui-pedali-piu-forte-di-tutti\/94661\/","name":"Il Tirolo corre sui pedali pi\u00f9 forte di tutti - Presse.Tirol","isPartOf":{"@id":"https:\/\/presse.tirol.at\/it\/#website"},"datePublished":"2020-06-19T11:06:02+00:00","dateModified":"2024-10-24T14:27:20+00:00","author":{"@id":"https:\/\/presse.tirol.at\/it\/#\/schema\/person\/7a01d43ecdf024eeb61ea2a3d4edcdc3"},"inLanguage":"it-IT","potentialAction":[{"@type":"ReadAction","target":["https:\/\/presse.tirol.at\/it\/pr1263723-il-tirolo-corre-sui-pedali-piu-forte-di-tutti\/94661\/"]}]},{"@type":"WebSite","@id":"https:\/\/presse.tirol.at\/it\/#website","url":"https:\/\/presse.tirol.at\/it\/","name":"Presse.Tirol","description":"Regionale Presseplattform der Tirol Werbung und den Tiroler Tourismusverb\u00e4nden","potentialAction":[{"@type":"SearchAction","target":{"@type":"EntryPoint","urlTemplate":"https:\/\/presse.tirol.at\/it\/?s={search_term_string}"},"query-input":{"@type":"PropertyValueSpecification","valueRequired":true,"valueName":"search_term_string"}}],"inLanguage":"it-IT"},{"@type":"Person","@id":"https:\/\/presse.tirol.at\/it\/#\/schema\/person\/7a01d43ecdf024eeb61ea2a3d4edcdc3","name":"Martina Nairz","image":{"@type":"ImageObject","inLanguage":"it-IT","@id":"https:\/\/presse.tirol.at\/it\/#\/schema\/person\/image\/b47273d486f1e6665f0c420330a009a6","url":"https:\/\/secure.gravatar.com\/avatar\/b665805ca9d0b765eb68d4309bc5cbc59f9f79685c7853e60e3f0e084b24276d?s=96&d=mm&r=g","contentUrl":"https:\/\/secure.gravatar.com\/avatar\/b665805ca9d0b765eb68d4309bc5cbc59f9f79685c7853e60e3f0e084b24276d?s=96&d=mm&r=g","caption":"Martina Nairz"}}]}},"publishpress_future_workflow_manual_trigger":{"enabledWorkflows":[]},"_links":{"self":[{"href":"https:\/\/presse.tirol.at\/it\/wp-json\/wp\/v2\/posts\/94661","targetHints":{"allow":["GET"]}}],"collection":[{"href":"https:\/\/presse.tirol.at\/it\/wp-json\/wp\/v2\/posts"}],"about":[{"href":"https:\/\/presse.tirol.at\/it\/wp-json\/wp\/v2\/types\/post"}],"author":[{"embeddable":true,"href":"https:\/\/presse.tirol.at\/it\/wp-json\/wp\/v2\/users\/17"}],"replies":[{"embeddable":true,"href":"https:\/\/presse.tirol.at\/it\/wp-json\/wp\/v2\/comments?post=94661"}],"version-history":[{"count":0,"href":"https:\/\/presse.tirol.at\/it\/wp-json\/wp\/v2\/posts\/94661\/revisions"}],"wp:attachment":[{"href":"https:\/\/presse.tirol.at\/it\/wp-json\/wp\/v2\/media?parent=94661"}],"wp:term":[{"taxonomy":"category","embeddable":true,"href":"https:\/\/presse.tirol.at\/it\/wp-json\/wp\/v2\/categories?post=94661"},{"taxonomy":"region","embeddable":true,"href":"https:\/\/presse.tirol.at\/it\/wp-json\/wp\/v2\/region?post=94661"},{"taxonomy":"author","embeddable":true,"href":"https:\/\/presse.tirol.at\/it\/wp-json\/wp\/v2\/coauthors?post=94661"}],"curies":[{"name":"wp","href":"https:\/\/api.w.org\/{rel}","templated":true}]}}