{"id":95614,"date":"2020-09-01T11:17:25","date_gmt":"2020-09-01T09:17:25","guid":{"rendered":"https:\/\/presse.tirol.at\/pr1280252-escursioni-autunnali-in-tirolo\/95614\/"},"modified":"2024-10-24T16:26:06","modified_gmt":"2024-10-24T14:26:06","slug":"pr1280252-escursioni-autunnali-in-tirolo","status":"publish","type":"post","link":"https:\/\/presse.tirol.at\/it\/pr1280252-escursioni-autunnali-in-tirolo\/95614\/","title":{"rendered":"Escursioni autunnali in Tirolo"},"content":{"rendered":"\n<p class=\"intro\">Boschi di larici color miele, aria cristallina, cielo azzurro scintillante e vette appena spolverate di neve: questa combinazione fa dell&#8217;autunno il periodo ideale per le escursioni in Tirolo.<\/p>\n\n\n\n<p>Sembra quasi che la natura voglia ricorrere a tutte le sue risorse, prima che l&#8217;inverno stenda la sua coltre di neve sul paese: le foreste brillano nel pi\u00f9 bel giallo dorato, arancione e rosso mattone, sullo sfondo si ergono muraglie di pietra grigia. Sulle cime delle montagne la prima neve saluta, segno precursore dell&#8217;inverno. Ma il sole autunnale mostra ancora la sua forza e immerge i paesaggi in una luce dorata: il momento migliore per scoprire il Tirolo durante le escursioni. Perfetto per un weekend lungo nelle vicinanze di casa.<\/p>\n\n\n\n<p><strong>Paesaggi da un libro illustrato<\/strong><\/p>\n\n\n\n<p>Un classico tra le escursioni autunnali in Tirolo \u00e8 la gita al grande e piccolo <strong>Ahornboden<\/strong>, nella pi\u00f9 lontana valle Rissbachtal nel <strong>parco naturale del Karwendel<\/strong>. Qui crescono oltre 2.500 aceri alpini, molti degli alberi hanno pi\u00f9 di 600 anni. In autunno mostrano tutto il loro splendore quando trascolorano in giallo brillante e rosso ruggine. La magia particolare di questo luogo nell\u2019Eng fu presto riconosciuta: dal 1927, il grande e piccolo Ahornboden sono sotto protezione come monumento naturale.<\/p>\n\n\n\n<p>Il cambio di stagione si pu\u00f2 osservare meravigliosamente anche nella valle Stubaital. Boschi di larici di colore giallo, piccoli fienili e di tanto in tanto la vista sulla Serles rendono l&#8217;escursione verso i prati <strong>Eulenwiesen<\/strong> uno spettacolo variopinto. Una semplice escursione di quasi due ore conduce dal Gleinserhof a questo scenario naturale e ritorno.<\/p>\n\n\n\n<p>In autunno il bellissimo <strong>Pfundser Tschey<\/strong> nell&#8217;<strong>Oberland tirolese <\/strong>\u00e8 una vera magia. Quest&#8217;alta valle si trova a 1.650 metri sul livello del mare e incanta con un paesaggio straordinario: prati tinti di marrone che si stanno lentamente adattando al riposo invernale, scuri fienili di legno segnati dalle intemperie, distribuiti casualmente su tutta la valle, e poi un cielo blu scuro e i larici giallo oro. Una facile escursione in famiglia di due ore e mezza conduce attraverso lo Tschey fino alla malga Platzer Alm.<\/p>\n\n\n\n<p>Le tranquille valli <strong>Villgratental e Winkeltal nell\u2019Osttirol<\/strong> sono una meta di vacanza ideale per chi \u00e8 in cerca di tranquillit\u00e0, e non solo in autunno: non ci sono grandi complessi alberghieri, niente funivie e impianti di risalita, solo un dolce riposo. Il paesaggio autunnale si condivide solo con alcune persone che la pensano allo stesso modo e con gli abitanti dell&#8217;alpe: le mucche e le famose pecore di Villgraten. Un tour incantevole conduce in circa quattro ore da Innervillgraten, via l&#8217;Ahornberg e il Versellerberg, fino alla valle Winkeltal e, successivamente, ad Auservillgraten.<\/p>\n\n\n\n<p><strong>Atmosfera autunnale in riva al lago<\/strong><\/p>\n\n\n\n<p>Se alle autunnali foreste brillanti si aggiunge un lago che riflette il paesaggio, il cuore degli escursionisti autunnali salta un po&#8217; pi\u00f9 in alto. Questa magica vista lago-foresta-montagna si pu\u00f2 sperimentare, ad esempio, sul lago verde intenso <strong>Berglsteiner See<\/strong>, situato un po&#8217; nascosto vicino a Kramsach, nella regione <strong>Alpbachtal<\/strong>. Una semplice passeggiata adatta ai passeggini segue il periplo del lago.<\/p>\n\n\n\n<p>Il lago <strong>Obernberger See<\/strong>, situato in una valle laterale della <strong>Wipptal<\/strong>, a due passi del Brennero, \u00e8 un gioiello naturale in ogni stagione, ma in autunno racchiude tutta la sua bellezza e forza: qui l&#8217;acqua brilla nelle pi\u00f9 diverse e promettenti tonalit\u00e0 di blu, che formano un forte contrasto con le foreste di larici giallo chiaro. E le imponenti cime di Tribulaun vegliano su tutto.<\/p>\n\n\n\n<p>Vale assolutamento la pena fare un&#8217;escursione attorno al lago <strong>Achensee<\/strong>: il pi\u00f9 grande lago del Tirolo \u00e8 come una perla luccicante incastonata tra le montagne del Rofan e del Karwendel. La vista pi\u00f9 bella sul lago \u00e8 quella dall&#8217;alto nella luce autunnale \u2013 magari durante un tour alla <strong>malga Dalfaz<\/strong> <strong>Alm<\/strong> e alla cascata Dalfaz?<\/p>\n\n\n\n<p><strong>Tour in vetta<\/strong><\/p>\n\n\n\n<p>Oltre alle particolarit\u00e0 paesaggistiche e alle viste sui laghi, in autunno si possono celebrare anche le conquiste delle vette: prima della prima neve, possiamo consigliare un tour alla <strong>Nockspitze<\/strong> (anche chiamata Saile). La ricompensa per la salita \u00e8 la vista sulla capitale tirolese, immersa nella luce dorata dell&#8217;autunno.<\/p>\n\n\n\n<p>L&#8217;eccellente vista panoramica in autunno si pu\u00f2 godare anche dal valico <strong>Kellerjoch<\/strong>: la famosa montagna panoramica nonch\u00e8 montagna locale di Schwaz incanta con uno straordinario panorama sul Karwendel, sulle montagne del Rofan, sulla cresta principale delle Alpi con gli Alti Tauri e le Alpi di Tux e della Zillertal.<\/p>\n\n\n\n<p>Pi\u00f9 info sui pi\u00f9 bei paesaggi autunnali ed escursioni in autunno: <a href=\"http:\/\/www.tirolo.com\/vacanze-autunnali.\">www.tirolo.com\/vacanze-autunnali.<\/a><\/p>\n","protected":false},"excerpt":{"rendered":"<p>Boschi di larici color miele, aria cristallina, cielo azzurro e vette appena spolverate di neve: l&#8217;autunno \u00e8 il periodo \u2026<\/p>\n","protected":false},"author":17,"featured_media":0,"comment_status":"closed","ping_status":"closed","sticky":false,"template":"","format":"standard","meta":{"_acf_changed":false,"footnotes":""},"categories":[11],"region":[109],"coauthors":[292],"class_list":["post-95614","post","type-post","status-publish","format-standard","hentry","category-non-categorizzato","region-tirol-werbung"],"acf":[],"yoast_head":"<!-- This site is optimized with the Yoast SEO plugin v25.1 - https:\/\/yoast.com\/wordpress\/plugins\/seo\/ -->\n<title>Escursioni autunnali in Tirolo - Presse.Tirol<\/title>\n<meta name=\"robots\" content=\"index, follow, max-snippet:-1, max-image-preview:large, max-video-preview:-1\" \/>\n<link rel=\"canonical\" href=\"https:\/\/presse.tirol.at\/it\/pr1280252-escursioni-autunnali-in-tirolo\/95614\/\" \/>\n<meta property=\"og:locale\" content=\"it_IT\" \/>\n<meta property=\"og:type\" content=\"article\" \/>\n<meta property=\"og:title\" content=\"Escursioni autunnali in Tirolo - Presse.Tirol\" \/>\n<meta property=\"og:description\" content=\"Boschi di larici color miele, aria cristallina, cielo azzurro e vette appena spolverate di neve: l&#039;autunno \u00e8 il periodo \u2026\" \/>\n<meta property=\"og:url\" content=\"https:\/\/presse.tirol.at\/it\/pr1280252-escursioni-autunnali-in-tirolo\/95614\/\" \/>\n<meta property=\"og:site_name\" content=\"Presse.Tirol\" \/>\n<meta property=\"article:published_time\" content=\"2020-09-01T09:17:25+00:00\" \/>\n<meta property=\"article:modified_time\" content=\"2024-10-24T14:26:06+00:00\" \/>\n<meta name=\"author\" content=\"Martina Nairz\" \/>\n<meta name=\"twitter:card\" content=\"summary_large_image\" \/>\n<meta name=\"twitter:label1\" content=\"Scritto da\" \/>\n\t<meta name=\"twitter:data1\" content=\"Martina Nairz\" \/>\n\t<meta name=\"twitter:label2\" content=\"Tempo di lettura stimato\" \/>\n\t<meta name=\"twitter:data2\" content=\"5 minutes\" \/>\n\t<meta name=\"twitter:label3\" content=\"Written by\" \/>\n\t<meta name=\"twitter:data3\" content=\"Martina Nairz\" \/>\n<script type=\"application\/ld+json\" class=\"yoast-schema-graph\">{\"@context\":\"https:\/\/schema.org\",\"@graph\":[{\"@type\":\"WebPage\",\"@id\":\"https:\/\/presse.tirol.at\/it\/pr1280252-escursioni-autunnali-in-tirolo\/95614\/\",\"url\":\"https:\/\/presse.tirol.at\/it\/pr1280252-escursioni-autunnali-in-tirolo\/95614\/\",\"name\":\"Escursioni autunnali in Tirolo - Presse.Tirol\",\"isPartOf\":{\"@id\":\"https:\/\/presse.tirol.at\/it\/#website\"},\"datePublished\":\"2020-09-01T09:17:25+00:00\",\"dateModified\":\"2024-10-24T14:26:06+00:00\",\"author\":{\"@id\":\"https:\/\/presse.tirol.at\/it\/#\/schema\/person\/7a01d43ecdf024eeb61ea2a3d4edcdc3\"},\"inLanguage\":\"it-IT\",\"potentialAction\":[{\"@type\":\"ReadAction\",\"target\":[\"https:\/\/presse.tirol.at\/it\/pr1280252-escursioni-autunnali-in-tirolo\/95614\/\"]}]},{\"@type\":\"WebSite\",\"@id\":\"https:\/\/presse.tirol.at\/it\/#website\",\"url\":\"https:\/\/presse.tirol.at\/it\/\",\"name\":\"Presse.Tirol\",\"description\":\"Regionale Presseplattform der Tirol Werbung und den Tiroler Tourismusverb\u00e4nden\",\"potentialAction\":[{\"@type\":\"SearchAction\",\"target\":{\"@type\":\"EntryPoint\",\"urlTemplate\":\"https:\/\/presse.tirol.at\/it\/?s={search_term_string}\"},\"query-input\":{\"@type\":\"PropertyValueSpecification\",\"valueRequired\":true,\"valueName\":\"search_term_string\"}}],\"inLanguage\":\"it-IT\"},{\"@type\":\"Person\",\"@id\":\"https:\/\/presse.tirol.at\/it\/#\/schema\/person\/7a01d43ecdf024eeb61ea2a3d4edcdc3\",\"name\":\"Martina Nairz\",\"image\":{\"@type\":\"ImageObject\",\"inLanguage\":\"it-IT\",\"@id\":\"https:\/\/presse.tirol.at\/it\/#\/schema\/person\/image\/b47273d486f1e6665f0c420330a009a6\",\"url\":\"https:\/\/secure.gravatar.com\/avatar\/b665805ca9d0b765eb68d4309bc5cbc59f9f79685c7853e60e3f0e084b24276d?s=96&d=mm&r=g\",\"contentUrl\":\"https:\/\/secure.gravatar.com\/avatar\/b665805ca9d0b765eb68d4309bc5cbc59f9f79685c7853e60e3f0e084b24276d?s=96&d=mm&r=g\",\"caption\":\"Martina Nairz\"}}]}<\/script>\n<!-- \/ Yoast SEO plugin. -->","yoast_head_json":{"title":"Escursioni autunnali in Tirolo - Presse.Tirol","robots":{"index":"index","follow":"follow","max-snippet":"max-snippet:-1","max-image-preview":"max-image-preview:large","max-video-preview":"max-video-preview:-1"},"canonical":"https:\/\/presse.tirol.at\/it\/pr1280252-escursioni-autunnali-in-tirolo\/95614\/","og_locale":"it_IT","og_type":"article","og_title":"Escursioni autunnali in Tirolo - Presse.Tirol","og_description":"Boschi di larici color miele, aria cristallina, cielo azzurro e vette appena spolverate di neve: l'autunno \u00e8 il periodo \u2026","og_url":"https:\/\/presse.tirol.at\/it\/pr1280252-escursioni-autunnali-in-tirolo\/95614\/","og_site_name":"Presse.Tirol","article_published_time":"2020-09-01T09:17:25+00:00","article_modified_time":"2024-10-24T14:26:06+00:00","author":"Martina Nairz","twitter_card":"summary_large_image","twitter_misc":{"Scritto da":"Martina Nairz","Tempo di lettura stimato":"5 minutes","Written by":"Martina Nairz"},"schema":{"@context":"https:\/\/schema.org","@graph":[{"@type":"WebPage","@id":"https:\/\/presse.tirol.at\/it\/pr1280252-escursioni-autunnali-in-tirolo\/95614\/","url":"https:\/\/presse.tirol.at\/it\/pr1280252-escursioni-autunnali-in-tirolo\/95614\/","name":"Escursioni autunnali in Tirolo - Presse.Tirol","isPartOf":{"@id":"https:\/\/presse.tirol.at\/it\/#website"},"datePublished":"2020-09-01T09:17:25+00:00","dateModified":"2024-10-24T14:26:06+00:00","author":{"@id":"https:\/\/presse.tirol.at\/it\/#\/schema\/person\/7a01d43ecdf024eeb61ea2a3d4edcdc3"},"inLanguage":"it-IT","potentialAction":[{"@type":"ReadAction","target":["https:\/\/presse.tirol.at\/it\/pr1280252-escursioni-autunnali-in-tirolo\/95614\/"]}]},{"@type":"WebSite","@id":"https:\/\/presse.tirol.at\/it\/#website","url":"https:\/\/presse.tirol.at\/it\/","name":"Presse.Tirol","description":"Regionale Presseplattform der Tirol Werbung und den Tiroler Tourismusverb\u00e4nden","potentialAction":[{"@type":"SearchAction","target":{"@type":"EntryPoint","urlTemplate":"https:\/\/presse.tirol.at\/it\/?s={search_term_string}"},"query-input":{"@type":"PropertyValueSpecification","valueRequired":true,"valueName":"search_term_string"}}],"inLanguage":"it-IT"},{"@type":"Person","@id":"https:\/\/presse.tirol.at\/it\/#\/schema\/person\/7a01d43ecdf024eeb61ea2a3d4edcdc3","name":"Martina Nairz","image":{"@type":"ImageObject","inLanguage":"it-IT","@id":"https:\/\/presse.tirol.at\/it\/#\/schema\/person\/image\/b47273d486f1e6665f0c420330a009a6","url":"https:\/\/secure.gravatar.com\/avatar\/b665805ca9d0b765eb68d4309bc5cbc59f9f79685c7853e60e3f0e084b24276d?s=96&d=mm&r=g","contentUrl":"https:\/\/secure.gravatar.com\/avatar\/b665805ca9d0b765eb68d4309bc5cbc59f9f79685c7853e60e3f0e084b24276d?s=96&d=mm&r=g","caption":"Martina Nairz"}}]}},"publishpress_future_workflow_manual_trigger":{"enabledWorkflows":[]},"_links":{"self":[{"href":"https:\/\/presse.tirol.at\/it\/wp-json\/wp\/v2\/posts\/95614","targetHints":{"allow":["GET"]}}],"collection":[{"href":"https:\/\/presse.tirol.at\/it\/wp-json\/wp\/v2\/posts"}],"about":[{"href":"https:\/\/presse.tirol.at\/it\/wp-json\/wp\/v2\/types\/post"}],"author":[{"embeddable":true,"href":"https:\/\/presse.tirol.at\/it\/wp-json\/wp\/v2\/users\/17"}],"replies":[{"embeddable":true,"href":"https:\/\/presse.tirol.at\/it\/wp-json\/wp\/v2\/comments?post=95614"}],"version-history":[{"count":0,"href":"https:\/\/presse.tirol.at\/it\/wp-json\/wp\/v2\/posts\/95614\/revisions"}],"wp:attachment":[{"href":"https:\/\/presse.tirol.at\/it\/wp-json\/wp\/v2\/media?parent=95614"}],"wp:term":[{"taxonomy":"category","embeddable":true,"href":"https:\/\/presse.tirol.at\/it\/wp-json\/wp\/v2\/categories?post=95614"},{"taxonomy":"region","embeddable":true,"href":"https:\/\/presse.tirol.at\/it\/wp-json\/wp\/v2\/region?post=95614"},{"taxonomy":"author","embeddable":true,"href":"https:\/\/presse.tirol.at\/it\/wp-json\/wp\/v2\/coauthors?post=95614"}],"curies":[{"name":"wp","href":"https:\/\/api.w.org\/{rel}","templated":true}]}}