{"id":95867,"date":"2020-10-21T09:27:04","date_gmt":"2020-10-21T07:27:04","guid":{"rendered":"https:\/\/presse.tirol.at\/pr1287392-tirolo-ospitalita-sicura\/95867\/"},"modified":"2022-01-27T11:16:59","modified_gmt":"2022-01-27T10:16:59","slug":"pr1287392-tirolo-ospitalita-sicura","status":"publish","type":"post","link":"https:\/\/presse.tirol.at\/it\/pr1287392-tirolo-ospitalita-sicura\/95867\/","title":{"rendered":"Tirolo, ospitalit\u00e0 sicura"},"content":{"rendered":"\n<p class=\"intro\">Al fine di garantire un turismo sicuro e serene vacanze agi ospiti nell\u2019inverno 2020\/21, il governo federale austriaco ha presentato un piano di misure da rispettare presso le strutture turistiche di ricezione e ristorazione tirolesi, del tempo libero, degli impianti sciistici e delle scuole di sci. Ecco come cambia con le buone norme la vacanza sulla neve in Tirolo.<\/p>\n\n\n\n<p><strong>Stazioni sciistiche: mascherine, distanziamento, igiene e test per i dipendenti<br><\/strong>Sulle funivie valgono le stesse regole previste per i trasporti pubblici: sia i passeggeri che i dipendenti hanno l\u2019obbligo di indossare una protezione che copra naso e bocca, anche nei pressi delle aree di attesa e delle casse. Rispettare la distanza di sicurezza di un metro tra le persone \u00e8 obbligatorio e l\u00e0 dove necessario verr\u00e0 imposto con limiti di capienza. Tuttavia, se non \u00e8 assolutamente possibile, possono essere previste eccezioni. L\u2019acquisto dei biglietti online \u00e8 incentivato presso numerosi impianti di risalita per evitare assembramenti presso le casse alla stazione a valle. La sanificazione delle gondole, degli impianti, delle aree nelle stazioni, inclusi servizi igienici e depositi sci, viene effettuata pi\u00f9 volte al giorno per lo pi\u00f9 mediante nebbia fredda. Inoltre, molti gestori di impianti di risalita hanno deciso di testare regolarmente i propri dipendenti per ridurre al minimo il rischio di infezione e per essere in grado di reagire in tempo utile.<\/p>\n\n\n\n<p><strong>Ristorazione: registrazione volontaria, ognuno al proprio posto e per quest&#8217;anno non pi\u00f9 il solito apr\u00e8s-ski<br><\/strong>Negli ambienti comuni al chiuso, tutti, sia dipendenti che ospiti, devono indossare sempre le protezioni per bocca e naso, ad eccezione di quando si \u00e8 seduti al tavolo. I gruppi di visitatori non devono superare le sei persone (i minorenni non vengono contati) per garantire una distanza di sicurezza sufficiente tra i gruppi. Inoltre, tutte le strutture di ristorazione si affidano alla registrazione degli ospiti per facilitare il tracciamento delle persone in caso di riscontrata infezione. All\u2019intorno dei locali cibi e bevande possono essere consumati solo seduti al proprio posto assegnato, ci\u00f2 vale anche per i bar apr\u00e8s-ski.<\/p>\n\n\n\n<p><strong>Scuole di sci: gruppi di massimo dieci persone, test per i maestri<br><\/strong>L&#8217;associazione austriaca delle scuole di sci ha disposto che i gruppi devono essere composti da un massimo di dieci persone compreso l\u2019istruttore, e che i maestri di sport invernali provenienti dall&#8217;estero, devono presentare alla scuola di sci un test PCR negativo.<\/p>\n\n\n\n<p><strong>Mercatini dell&#8217;Avvento e di Natale: igiene, accesso a numero chiuso<br><\/strong>I mercatini dell&#8217;Avvento e di Natale devono elaborare un piano per la prevenzione e igiene che consenta il rispetto della distanza di sicurezza. A tal fine sono previste misure adeguate (ad es. distanza tra gli stand) e una regolazione del numero di visitatori. Anche ai mercatini di Natale \u00e8 obbligatorio indossare una protezione che copra naso e bocca. Negli stand di ristorazione deve essere garantito uno spazio sufficiente per un consumo sicuro.<\/p>\n\n\n\n<p><strong>Test per l'&#8221;Ospitalit\u00e0 sicura&#8221;: test gratuiti per gli operatori del turismo invernale<\/strong><strong><br> <\/strong>Molte delle misure che saranno in vigore nell&#8217;inverno 2020\/21, si sono gi\u00e0 dimostrate valide nella passata stagione estiva. I dipendenti di strutture alberghiere e ristoranti possono gi\u00e0 sottoporsi regolarmente a test volontari per il Covid-19 e da quest\u2019inverno anche i maestri di sci, accompagnatori turistici e guide turistiche. Per consentire un&#8217;ospitalit\u00e0 sicura, il governo federale austriaco offre i test agli operatori gratuitamente. In generale, la responsabilit\u00e0 personale e il rispetto delle regole del gioco da parte di ospiti, dipendenti e imprenditori del turismo sono essenziali per garantire una vacanza invernale di successo.<\/p>\n\n\n\n<p>Ospitalit\u00e0 sicura:&nbsp;Troverete tutte le direttive e indicazioni di sicurezza \u201cCovid-19\u201d in vigore in Tirolo su www.willkommen.tirol (in lingua tedesca) o su <a href=\"http:\/\/www.tyrol.com\/information-coronavirus\">www.tyrol.com\/information-coronavirus<\/a> (in lingua inglese)<\/p>\n","protected":false},"excerpt":{"rendered":"<p>Le principali misure per un turismo sicuro in Tirolo durante la stagione invernale 2020\/21.<\/p>\n","protected":false},"author":17,"featured_media":0,"comment_status":"closed","ping_status":"closed","sticky":false,"template":"","format":"standard","meta":{"_acf_changed":false,"footnotes":""},"categories":[11],"region":[109],"coauthors":[292],"class_list":["post-95867","post","type-post","status-publish","format-standard","hentry","category-non-categorizzato","region-tirol-werbung"],"acf":[],"yoast_head":"<!-- This site is optimized with the Yoast SEO plugin v25.1 - https:\/\/yoast.com\/wordpress\/plugins\/seo\/ -->\n<title>Tirolo, ospitalit\u00e0 sicura - Presse.Tirol<\/title>\n<meta name=\"robots\" content=\"index, follow, max-snippet:-1, max-image-preview:large, max-video-preview:-1\" \/>\n<link rel=\"canonical\" href=\"https:\/\/presse.tirol.at\/it\/pr1287392-tirolo-ospitalita-sicura\/95867\/\" \/>\n<meta property=\"og:locale\" content=\"it_IT\" \/>\n<meta property=\"og:type\" content=\"article\" \/>\n<meta property=\"og:title\" content=\"Tirolo, ospitalit\u00e0 sicura - Presse.Tirol\" \/>\n<meta property=\"og:description\" content=\"Le principali misure per un turismo sicuro in Tirolo durante la stagione invernale 2020\/21.\" \/>\n<meta property=\"og:url\" content=\"https:\/\/presse.tirol.at\/it\/pr1287392-tirolo-ospitalita-sicura\/95867\/\" \/>\n<meta property=\"og:site_name\" content=\"Presse.Tirol\" \/>\n<meta property=\"article:published_time\" content=\"2020-10-21T07:27:04+00:00\" \/>\n<meta property=\"article:modified_time\" content=\"2022-01-27T10:16:59+00:00\" \/>\n<meta name=\"author\" content=\"Martina Nairz\" \/>\n<meta name=\"twitter:card\" content=\"summary_large_image\" \/>\n<meta name=\"twitter:label1\" content=\"Scritto da\" \/>\n\t<meta name=\"twitter:data1\" content=\"Martina Nairz\" \/>\n\t<meta name=\"twitter:label2\" content=\"Tempo di lettura stimato\" \/>\n\t<meta name=\"twitter:data2\" content=\"3 minutes\" \/>\n\t<meta name=\"twitter:label3\" content=\"Written by\" \/>\n\t<meta name=\"twitter:data3\" content=\"Martina Nairz\" \/>\n<script type=\"application\/ld+json\" class=\"yoast-schema-graph\">{\"@context\":\"https:\/\/schema.org\",\"@graph\":[{\"@type\":\"WebPage\",\"@id\":\"https:\/\/presse.tirol.at\/it\/pr1287392-tirolo-ospitalita-sicura\/95867\/\",\"url\":\"https:\/\/presse.tirol.at\/it\/pr1287392-tirolo-ospitalita-sicura\/95867\/\",\"name\":\"Tirolo, ospitalit\u00e0 sicura - Presse.Tirol\",\"isPartOf\":{\"@id\":\"https:\/\/presse.tirol.at\/it\/#website\"},\"datePublished\":\"2020-10-21T07:27:04+00:00\",\"dateModified\":\"2022-01-27T10:16:59+00:00\",\"author\":{\"@id\":\"https:\/\/presse.tirol.at\/it\/#\/schema\/person\/7a01d43ecdf024eeb61ea2a3d4edcdc3\"},\"inLanguage\":\"it-IT\",\"potentialAction\":[{\"@type\":\"ReadAction\",\"target\":[\"https:\/\/presse.tirol.at\/it\/pr1287392-tirolo-ospitalita-sicura\/95867\/\"]}]},{\"@type\":\"WebSite\",\"@id\":\"https:\/\/presse.tirol.at\/it\/#website\",\"url\":\"https:\/\/presse.tirol.at\/it\/\",\"name\":\"Presse.Tirol\",\"description\":\"Regionale Presseplattform der Tirol Werbung und den Tiroler Tourismusverb\u00e4nden\",\"potentialAction\":[{\"@type\":\"SearchAction\",\"target\":{\"@type\":\"EntryPoint\",\"urlTemplate\":\"https:\/\/presse.tirol.at\/it\/?s={search_term_string}\"},\"query-input\":{\"@type\":\"PropertyValueSpecification\",\"valueRequired\":true,\"valueName\":\"search_term_string\"}}],\"inLanguage\":\"it-IT\"},{\"@type\":\"Person\",\"@id\":\"https:\/\/presse.tirol.at\/it\/#\/schema\/person\/7a01d43ecdf024eeb61ea2a3d4edcdc3\",\"name\":\"Martina Nairz\",\"image\":{\"@type\":\"ImageObject\",\"inLanguage\":\"it-IT\",\"@id\":\"https:\/\/presse.tirol.at\/it\/#\/schema\/person\/image\/b47273d486f1e6665f0c420330a009a6\",\"url\":\"https:\/\/secure.gravatar.com\/avatar\/b665805ca9d0b765eb68d4309bc5cbc59f9f79685c7853e60e3f0e084b24276d?s=96&d=mm&r=g\",\"contentUrl\":\"https:\/\/secure.gravatar.com\/avatar\/b665805ca9d0b765eb68d4309bc5cbc59f9f79685c7853e60e3f0e084b24276d?s=96&d=mm&r=g\",\"caption\":\"Martina Nairz\"}}]}<\/script>\n<!-- \/ Yoast SEO plugin. -->","yoast_head_json":{"title":"Tirolo, ospitalit\u00e0 sicura - Presse.Tirol","robots":{"index":"index","follow":"follow","max-snippet":"max-snippet:-1","max-image-preview":"max-image-preview:large","max-video-preview":"max-video-preview:-1"},"canonical":"https:\/\/presse.tirol.at\/it\/pr1287392-tirolo-ospitalita-sicura\/95867\/","og_locale":"it_IT","og_type":"article","og_title":"Tirolo, ospitalit\u00e0 sicura - Presse.Tirol","og_description":"Le principali misure per un turismo sicuro in Tirolo durante la stagione invernale 2020\/21.","og_url":"https:\/\/presse.tirol.at\/it\/pr1287392-tirolo-ospitalita-sicura\/95867\/","og_site_name":"Presse.Tirol","article_published_time":"2020-10-21T07:27:04+00:00","article_modified_time":"2022-01-27T10:16:59+00:00","author":"Martina Nairz","twitter_card":"summary_large_image","twitter_misc":{"Scritto da":"Martina Nairz","Tempo di lettura stimato":"3 minutes","Written by":"Martina Nairz"},"schema":{"@context":"https:\/\/schema.org","@graph":[{"@type":"WebPage","@id":"https:\/\/presse.tirol.at\/it\/pr1287392-tirolo-ospitalita-sicura\/95867\/","url":"https:\/\/presse.tirol.at\/it\/pr1287392-tirolo-ospitalita-sicura\/95867\/","name":"Tirolo, ospitalit\u00e0 sicura - Presse.Tirol","isPartOf":{"@id":"https:\/\/presse.tirol.at\/it\/#website"},"datePublished":"2020-10-21T07:27:04+00:00","dateModified":"2022-01-27T10:16:59+00:00","author":{"@id":"https:\/\/presse.tirol.at\/it\/#\/schema\/person\/7a01d43ecdf024eeb61ea2a3d4edcdc3"},"inLanguage":"it-IT","potentialAction":[{"@type":"ReadAction","target":["https:\/\/presse.tirol.at\/it\/pr1287392-tirolo-ospitalita-sicura\/95867\/"]}]},{"@type":"WebSite","@id":"https:\/\/presse.tirol.at\/it\/#website","url":"https:\/\/presse.tirol.at\/it\/","name":"Presse.Tirol","description":"Regionale Presseplattform der Tirol Werbung und den Tiroler Tourismusverb\u00e4nden","potentialAction":[{"@type":"SearchAction","target":{"@type":"EntryPoint","urlTemplate":"https:\/\/presse.tirol.at\/it\/?s={search_term_string}"},"query-input":{"@type":"PropertyValueSpecification","valueRequired":true,"valueName":"search_term_string"}}],"inLanguage":"it-IT"},{"@type":"Person","@id":"https:\/\/presse.tirol.at\/it\/#\/schema\/person\/7a01d43ecdf024eeb61ea2a3d4edcdc3","name":"Martina Nairz","image":{"@type":"ImageObject","inLanguage":"it-IT","@id":"https:\/\/presse.tirol.at\/it\/#\/schema\/person\/image\/b47273d486f1e6665f0c420330a009a6","url":"https:\/\/secure.gravatar.com\/avatar\/b665805ca9d0b765eb68d4309bc5cbc59f9f79685c7853e60e3f0e084b24276d?s=96&d=mm&r=g","contentUrl":"https:\/\/secure.gravatar.com\/avatar\/b665805ca9d0b765eb68d4309bc5cbc59f9f79685c7853e60e3f0e084b24276d?s=96&d=mm&r=g","caption":"Martina Nairz"}}]}},"publishpress_future_workflow_manual_trigger":{"enabledWorkflows":[]},"_links":{"self":[{"href":"https:\/\/presse.tirol.at\/it\/wp-json\/wp\/v2\/posts\/95867","targetHints":{"allow":["GET"]}}],"collection":[{"href":"https:\/\/presse.tirol.at\/it\/wp-json\/wp\/v2\/posts"}],"about":[{"href":"https:\/\/presse.tirol.at\/it\/wp-json\/wp\/v2\/types\/post"}],"author":[{"embeddable":true,"href":"https:\/\/presse.tirol.at\/it\/wp-json\/wp\/v2\/users\/17"}],"replies":[{"embeddable":true,"href":"https:\/\/presse.tirol.at\/it\/wp-json\/wp\/v2\/comments?post=95867"}],"version-history":[{"count":0,"href":"https:\/\/presse.tirol.at\/it\/wp-json\/wp\/v2\/posts\/95867\/revisions"}],"wp:attachment":[{"href":"https:\/\/presse.tirol.at\/it\/wp-json\/wp\/v2\/media?parent=95867"}],"wp:term":[{"taxonomy":"category","embeddable":true,"href":"https:\/\/presse.tirol.at\/it\/wp-json\/wp\/v2\/categories?post=95867"},{"taxonomy":"region","embeddable":true,"href":"https:\/\/presse.tirol.at\/it\/wp-json\/wp\/v2\/region?post=95867"},{"taxonomy":"author","embeddable":true,"href":"https:\/\/presse.tirol.at\/it\/wp-json\/wp\/v2\/coauthors?post=95867"}],"curies":[{"name":"wp","href":"https:\/\/api.w.org\/{rel}","templated":true}]}}