{"id":101548,"date":"2021-01-18T15:04:14","date_gmt":"2021-01-18T14:04:14","guid":{"rendered":"https:\/\/presse.tirol.at\/neue-salvistabahn-in-der-skiwelt-itter-mit-technischen-innovationen\/101548\/"},"modified":"2022-01-25T10:33:49","modified_gmt":"2022-01-25T09:33:49","slug":"neue-salvistabahn-in-der-skiwelt-itter-mit-technischen-innovationen","status":"publish","type":"post","link":"https:\/\/presse.tirol.at\/nl\/neue-salvistabahn-in-der-skiwelt-itter-mit-technischen-innovationen\/101548\/","title":{"rendered":"Nieuwe Salvistabahn in SkiWelt Itter met technische innovaties"},"content":{"rendered":"\n<h2 class=\"wp-block-heading\">De nieuwe 10-peroonsgondel in SkiWelt Itter maakt indruk met veel comfort en een paar bijzonderheden<\/h2>\n\n\n\n<p class=\"intro\">Op 26 november 2020 was het zover \u2013 de kabelbaanautoriteit geeft definitief toestemming voor de ingebruikneming van de nieuwe Salvistabahn in Itter. De vreugde onder de verantwoordelijken is natuurlijk groot!<\/p>\n\n\n\n<figure class=\"wp-block-image size-large\"><img loading=\"lazy\" decoding=\"async\" width=\"1024\" height=\"683\" src=\"https:\/\/presse.tirol.at\/app\/uploads\/2021\/01\/Salvistabahn-und-Kleine-Salve_Dezember-2020-17-1024x683.jpg\" alt=\"\" class=\"wp-image-101632\" srcset=\"https:\/\/presse.tirol.at\/app\/uploads\/2021\/01\/Salvistabahn-und-Kleine-Salve_Dezember-2020-17-1024x683.jpg 1024w, https:\/\/presse.tirol.at\/app\/uploads\/2021\/01\/Salvistabahn-und-Kleine-Salve_Dezember-2020-17-300x200.jpg 300w, https:\/\/presse.tirol.at\/app\/uploads\/2021\/01\/Salvistabahn-und-Kleine-Salve_Dezember-2020-17-768x512.jpg 768w, https:\/\/presse.tirol.at\/app\/uploads\/2021\/01\/Salvistabahn-und-Kleine-Salve_Dezember-2020-17-1536x1025.jpg 1536w, https:\/\/presse.tirol.at\/app\/uploads\/2021\/01\/Salvistabahn-und-Kleine-Salve_Dezember-2020-17-2048x1366.jpg 2048w\" sizes=\"auto, (max-width: 1024px) 100vw, 1024px\" \/><\/figure>\n\n\n\n<p>De nieuwe kabelbaan is gerealiseerd door de firma Doppelmayer en illustreert perfect dat de kabelbaangeneratie D-Line met haar talrijke innovaties continu verder wordt ontwikkeld. De comfortabele OMEGA V-cabines zijn uitgerust met stoelverwarming, en als eerste wereldwijd beschikt de gondelbaan over een nieuwe wissellast-rollenbatterij. Bij deze innovatieve techniek zijn de kabelrollen aan het einde van de rollenbatterij zo gepositioneerd dat de cabines nog vloeiender over de masten heen lopen en het comfort voor de inzittenden verder wordt vergroot.<\/p>\n\n\n\n<p>Daarnaast is de Salvistabahn de eerste tweedelige baan van de generatie D-Line die op het middenstation is uitgerust met maar \u00e9\u00e9n in plaats van twee kabelschijven. De kabelschijf heeft twee groeven \u2013 \u00e9\u00e9n voor de kabel van het onderste deel en \u00e9\u00e9n voor die van het bovenste deel. Deze oplossing had als voordeel dat het middenstation kon worden ingekort en dus compacter is geworden. Verder heeft de installatie maar \u00e9\u00e9n aandrijving nodig, die eveneens in het middenstation is ondergebracht \u2013 hiervoor was de transmissieloze en geluidsarme Doppelmayr Direct Drive de perfecte keuze.<\/p>\n\n\n\n<h3 class=\"wp-block-heading\"><strong>Opwaardering van het skigebied<\/strong><\/h3>\n\n\n\n<p>De nieuwe Salvistabahn vervangt een vierpersoonsgondel uit 1989. Het dalstation blijft op de oude locatie in Itter. Hier is ook nieuwe infrastructuur voor wintersporters gecre\u00eberd in de vorm van een sportwinkel, skiverhuur en skidepot. Het middenstation ligt op de plek van het voormalige bergstation op de Kraftalm. Het nieuwe bergstation wordt met een nieuwe piste aangesloten op het bestaande pistenetwerk van de SkiWelt Wilder Kaiser \u2013 Brixental.<\/p>\n\n\n\n<p>Iets onder het bergstation is bovendien een nieuw spaarbekken aangelegd voor een nog betere besneeuwing, met een bijbehorend gebouw voor technische faciliteiten, inclusief een garage voor de piste-voertuigen en -apparatuur. De Salvistabahn maakt het skigebied met de nieuwe pistes en het voortaan doorlopende zomerbedrijf nog aantrekkelijker voor de bezoekers van de SkiWelt.<\/p>\n\n\n\n<h3 class=\"wp-block-heading\"><strong>Feiten Salvistabahn<\/strong><\/h3>\n\n\n\n<p>Lengte: &nbsp;&nbsp;&nbsp;&nbsp;&nbsp;&nbsp;&nbsp;&nbsp;&nbsp;&nbsp;&nbsp;&nbsp;&nbsp;&nbsp;&nbsp;&nbsp;&nbsp;&nbsp;&nbsp;&nbsp;&nbsp;&nbsp;&nbsp;&nbsp;&nbsp;&nbsp;&nbsp;&nbsp;&nbsp;&nbsp;&nbsp;&nbsp;&nbsp;&nbsp;&nbsp;&nbsp;&nbsp;&nbsp;&nbsp; 2781m<br>Snelheid:&nbsp;&nbsp;&nbsp;&nbsp;&nbsp;&nbsp;&nbsp;&nbsp;&nbsp;&nbsp;&nbsp;&nbsp;&nbsp;&nbsp;&nbsp;&nbsp;&nbsp;&nbsp;&nbsp;&nbsp;&nbsp;&nbsp;&nbsp;&nbsp;&nbsp;&nbsp;&nbsp;&nbsp;&nbsp;&nbsp;&nbsp;&nbsp;&nbsp;&nbsp;&nbsp;&nbsp;&nbsp; 6 m\/s<br>Tijdsduur: &nbsp;&nbsp;&nbsp;&nbsp;&nbsp;&nbsp;&nbsp;&nbsp;&nbsp;&nbsp;&nbsp;&nbsp;&nbsp;&nbsp;&nbsp;&nbsp;&nbsp;&nbsp;&nbsp;&nbsp;&nbsp;&nbsp;&nbsp;&nbsp;&nbsp;&nbsp;&nbsp;&nbsp;&nbsp;&nbsp;&nbsp;&nbsp;&nbsp;&nbsp; 10,1 min<br>Gondels: &nbsp;&nbsp;&nbsp;&nbsp;&nbsp;&nbsp;&nbsp;&nbsp;&nbsp;&nbsp;&nbsp;&nbsp;&nbsp;&nbsp;&nbsp;&nbsp;&nbsp;&nbsp;&nbsp;&nbsp;&nbsp;&nbsp;&nbsp;&nbsp;&nbsp;&nbsp;&nbsp;&nbsp;&nbsp;&nbsp;&nbsp;&nbsp;&nbsp;&nbsp;&nbsp;&nbsp;&nbsp; 70 cabines<br>Capaciteit:&nbsp;&nbsp;&nbsp;&nbsp;&nbsp;&nbsp;&nbsp;&nbsp;&nbsp;&nbsp;&nbsp;&nbsp;&nbsp;&nbsp;&nbsp;&nbsp;&nbsp;&nbsp;&nbsp;&nbsp;&nbsp;&nbsp;&nbsp;&nbsp;&nbsp;&nbsp;&nbsp;&nbsp;&nbsp;&nbsp;&nbsp;&nbsp;&nbsp; 2090 P\/h<br>Opening:&nbsp;&nbsp;&nbsp;&nbsp;&nbsp;&nbsp;&nbsp;&nbsp;&nbsp;&nbsp;&nbsp;&nbsp;&nbsp;&nbsp;&nbsp;&nbsp;&nbsp;&nbsp;&nbsp;&nbsp;&nbsp;&nbsp;&nbsp;&nbsp;&nbsp;&nbsp;&nbsp;&nbsp;&nbsp;&nbsp;&nbsp;&nbsp;&nbsp;&nbsp;&nbsp;&nbsp;&nbsp; 12\/2020<\/p>\n","protected":false},"excerpt":{"rendered":"<p>De nieuwe 10-peroonsgondel in SkiWelt Itter maakt indruk met veel comfort en een paar bijzonderheden Op 26 november 2020 \u2026<\/p>\n","protected":false},"author":46,"featured_media":101506,"comment_status":"closed","ping_status":"closed","sticky":false,"template":"","format":"standard","meta":{"_acf_changed":false,"footnotes":""},"categories":[1],"region":[105],"coauthors":[290],"class_list":["post-101548","post","type-post","status-publish","format-standard","has-post-thumbnail","hentry","category-unkategorisiert","region-skiwelt-wilder-kaiser-brixental"],"acf":[],"yoast_head":"<!-- This site is optimized with the Yoast SEO plugin v25.1 - https:\/\/yoast.com\/wordpress\/plugins\/seo\/ -->\n<title>Nieuwe Salvistabahn in SkiWelt Itter met technische innovaties - Presse.tirol<\/title>\n<meta name=\"description\" content=\"De nieuwe 10-persoonsgondel in SkiWelt Itter maakt indruk met veel comfort en een paar bijzonderheden\" \/>\n<meta name=\"robots\" content=\"index, follow, max-snippet:-1, max-image-preview:large, max-video-preview:-1\" \/>\n<link rel=\"canonical\" href=\"https:\/\/presse.tirol.at\/nl\/neue-salvistabahn-in-der-skiwelt-itter-mit-technischen-innovationen\/101548\/\" \/>\n<meta property=\"og:locale\" content=\"nl_NL\" \/>\n<meta property=\"og:type\" content=\"article\" \/>\n<meta property=\"og:title\" content=\"Nieuwe Salvistabahn in SkiWelt Itter met technische innovaties - Presse.tirol\" \/>\n<meta property=\"og:description\" content=\"De nieuwe 10-persoonsgondel in SkiWelt Itter maakt indruk met veel comfort en een paar bijzonderheden\" \/>\n<meta property=\"og:url\" content=\"https:\/\/presse.tirol.at\/nl\/neue-salvistabahn-in-der-skiwelt-itter-mit-technischen-innovationen\/101548\/\" \/>\n<meta property=\"og:site_name\" content=\"Presse.Tirol\" \/>\n<meta property=\"article:published_time\" content=\"2021-01-18T14:04:14+00:00\" \/>\n<meta property=\"article:modified_time\" content=\"2022-01-25T09:33:49+00:00\" \/>\n<meta property=\"og:image\" content=\"https:\/\/presse.tirol.at\/\/app\/uploads\/2021\/01\/c-SkiWelt-Hopfgarten-Itter-Seilbahnbuero-Groebner-6.jpg\" \/>\n\t<meta property=\"og:image:width\" content=\"2362\" \/>\n\t<meta property=\"og:image:height\" content=\"1669\" \/>\n\t<meta property=\"og:image:type\" content=\"image\/jpeg\" \/>\n<meta name=\"author\" content=\"Johanna Fischbacher\" \/>\n<meta name=\"twitter:card\" content=\"summary_large_image\" \/>\n<meta name=\"twitter:label1\" content=\"Geschreven door\" \/>\n\t<meta name=\"twitter:data1\" content=\"Johanna Fischbacher\" \/>\n\t<meta name=\"twitter:label2\" content=\"Geschatte leestijd\" \/>\n\t<meta name=\"twitter:data2\" content=\"3 minutes\" \/>\n\t<meta name=\"twitter:label3\" content=\"Written by\" \/>\n\t<meta name=\"twitter:data3\" content=\"Johanna Fischbacher\" \/>\n<script type=\"application\/ld+json\" class=\"yoast-schema-graph\">{\"@context\":\"https:\/\/schema.org\",\"@graph\":[{\"@type\":\"WebPage\",\"@id\":\"https:\/\/presse.tirol.at\/nl\/neue-salvistabahn-in-der-skiwelt-itter-mit-technischen-innovationen\/101548\/\",\"url\":\"https:\/\/presse.tirol.at\/nl\/neue-salvistabahn-in-der-skiwelt-itter-mit-technischen-innovationen\/101548\/\",\"name\":\"Nieuwe Salvistabahn in SkiWelt Itter met technische innovaties - Presse.tirol\",\"isPartOf\":{\"@id\":\"https:\/\/presse.tirol.at\/nl\/#website\"},\"primaryImageOfPage\":{\"@id\":\"https:\/\/presse.tirol.at\/nl\/neue-salvistabahn-in-der-skiwelt-itter-mit-technischen-innovationen\/101548\/#primaryimage\"},\"image\":{\"@id\":\"https:\/\/presse.tirol.at\/nl\/neue-salvistabahn-in-der-skiwelt-itter-mit-technischen-innovationen\/101548\/#primaryimage\"},\"thumbnailUrl\":\"https:\/\/presse.tirol.at\/app\/uploads\/2021\/01\/c-SkiWelt-Hopfgarten-Itter-Seilbahnbuero-Groebner-6.jpg\",\"datePublished\":\"2021-01-18T14:04:14+00:00\",\"dateModified\":\"2022-01-25T09:33:49+00:00\",\"author\":{\"@id\":\"https:\/\/presse.tirol.at\/nl\/#\/schema\/person\/a8778de4e0160f7eafe85de46ff5bd76\"},\"description\":\"De nieuwe 10-persoonsgondel in SkiWelt Itter maakt indruk met veel comfort en een paar bijzonderheden\",\"inLanguage\":\"nl-NL\",\"potentialAction\":[{\"@type\":\"ReadAction\",\"target\":[\"https:\/\/presse.tirol.at\/nl\/neue-salvistabahn-in-der-skiwelt-itter-mit-technischen-innovationen\/101548\/\"]}]},{\"@type\":\"ImageObject\",\"inLanguage\":\"nl-NL\",\"@id\":\"https:\/\/presse.tirol.at\/nl\/neue-salvistabahn-in-der-skiwelt-itter-mit-technischen-innovationen\/101548\/#primaryimage\",\"url\":\"https:\/\/presse.tirol.at\/app\/uploads\/2021\/01\/c-SkiWelt-Hopfgarten-Itter-Seilbahnbuero-Groebner-6.jpg\",\"contentUrl\":\"https:\/\/presse.tirol.at\/app\/uploads\/2021\/01\/c-SkiWelt-Hopfgarten-Itter-Seilbahnbuero-Groebner-6.jpg\",\"width\":2362,\"height\":1669},{\"@type\":\"WebSite\",\"@id\":\"https:\/\/presse.tirol.at\/nl\/#website\",\"url\":\"https:\/\/presse.tirol.at\/nl\/\",\"name\":\"Presse.Tirol\",\"description\":\"Regionale Presseplattform der Tirol Werbung und den Tiroler Tourismusverb\u00e4nden\",\"potentialAction\":[{\"@type\":\"SearchAction\",\"target\":{\"@type\":\"EntryPoint\",\"urlTemplate\":\"https:\/\/presse.tirol.at\/nl\/?s={search_term_string}\"},\"query-input\":{\"@type\":\"PropertyValueSpecification\",\"valueRequired\":true,\"valueName\":\"search_term_string\"}}],\"inLanguage\":\"nl-NL\"},{\"@type\":\"Person\",\"@id\":\"https:\/\/presse.tirol.at\/nl\/#\/schema\/person\/a8778de4e0160f7eafe85de46ff5bd76\",\"name\":\"Johanna Fischbacher\",\"image\":{\"@type\":\"ImageObject\",\"inLanguage\":\"nl-NL\",\"@id\":\"https:\/\/presse.tirol.at\/nl\/#\/schema\/person\/image\/b1bfe4a1c9c335287fbc922624ce2c73\",\"url\":\"https:\/\/secure.gravatar.com\/avatar\/ab3407eff5b73ab153937cedc0b620331ceed7ab8288ac946d9b95cd7250dbe2?s=96&d=mm&r=g\",\"contentUrl\":\"https:\/\/secure.gravatar.com\/avatar\/ab3407eff5b73ab153937cedc0b620331ceed7ab8288ac946d9b95cd7250dbe2?s=96&d=mm&r=g\",\"caption\":\"Johanna Fischbacher\"},\"sameAs\":[\"https:\/\/www.skiwelt.at\/de\/\"]}]}<\/script>\n<!-- \/ Yoast SEO plugin. -->","yoast_head_json":{"title":"Nieuwe Salvistabahn in SkiWelt Itter met technische innovaties - Presse.tirol","description":"De nieuwe 10-persoonsgondel in SkiWelt Itter maakt indruk met veel comfort en een paar bijzonderheden","robots":{"index":"index","follow":"follow","max-snippet":"max-snippet:-1","max-image-preview":"max-image-preview:large","max-video-preview":"max-video-preview:-1"},"canonical":"https:\/\/presse.tirol.at\/nl\/neue-salvistabahn-in-der-skiwelt-itter-mit-technischen-innovationen\/101548\/","og_locale":"nl_NL","og_type":"article","og_title":"Nieuwe Salvistabahn in SkiWelt Itter met technische innovaties - Presse.tirol","og_description":"De nieuwe 10-persoonsgondel in SkiWelt Itter maakt indruk met veel comfort en een paar bijzonderheden","og_url":"https:\/\/presse.tirol.at\/nl\/neue-salvistabahn-in-der-skiwelt-itter-mit-technischen-innovationen\/101548\/","og_site_name":"Presse.Tirol","article_published_time":"2021-01-18T14:04:14+00:00","article_modified_time":"2022-01-25T09:33:49+00:00","og_image":[{"width":2362,"height":1669,"url":"https:\/\/presse.tirol.at\/\/app\/uploads\/2021\/01\/c-SkiWelt-Hopfgarten-Itter-Seilbahnbuero-Groebner-6.jpg","type":"image\/jpeg"}],"author":"Johanna Fischbacher","twitter_card":"summary_large_image","twitter_misc":{"Geschreven door":"Johanna Fischbacher","Geschatte leestijd":"3 minutes","Written by":"Johanna Fischbacher"},"schema":{"@context":"https:\/\/schema.org","@graph":[{"@type":"WebPage","@id":"https:\/\/presse.tirol.at\/nl\/neue-salvistabahn-in-der-skiwelt-itter-mit-technischen-innovationen\/101548\/","url":"https:\/\/presse.tirol.at\/nl\/neue-salvistabahn-in-der-skiwelt-itter-mit-technischen-innovationen\/101548\/","name":"Nieuwe Salvistabahn in SkiWelt Itter met technische innovaties - Presse.tirol","isPartOf":{"@id":"https:\/\/presse.tirol.at\/nl\/#website"},"primaryImageOfPage":{"@id":"https:\/\/presse.tirol.at\/nl\/neue-salvistabahn-in-der-skiwelt-itter-mit-technischen-innovationen\/101548\/#primaryimage"},"image":{"@id":"https:\/\/presse.tirol.at\/nl\/neue-salvistabahn-in-der-skiwelt-itter-mit-technischen-innovationen\/101548\/#primaryimage"},"thumbnailUrl":"https:\/\/presse.tirol.at\/app\/uploads\/2021\/01\/c-SkiWelt-Hopfgarten-Itter-Seilbahnbuero-Groebner-6.jpg","datePublished":"2021-01-18T14:04:14+00:00","dateModified":"2022-01-25T09:33:49+00:00","author":{"@id":"https:\/\/presse.tirol.at\/nl\/#\/schema\/person\/a8778de4e0160f7eafe85de46ff5bd76"},"description":"De nieuwe 10-persoonsgondel in SkiWelt Itter maakt indruk met veel comfort en een paar bijzonderheden","inLanguage":"nl-NL","potentialAction":[{"@type":"ReadAction","target":["https:\/\/presse.tirol.at\/nl\/neue-salvistabahn-in-der-skiwelt-itter-mit-technischen-innovationen\/101548\/"]}]},{"@type":"ImageObject","inLanguage":"nl-NL","@id":"https:\/\/presse.tirol.at\/nl\/neue-salvistabahn-in-der-skiwelt-itter-mit-technischen-innovationen\/101548\/#primaryimage","url":"https:\/\/presse.tirol.at\/app\/uploads\/2021\/01\/c-SkiWelt-Hopfgarten-Itter-Seilbahnbuero-Groebner-6.jpg","contentUrl":"https:\/\/presse.tirol.at\/app\/uploads\/2021\/01\/c-SkiWelt-Hopfgarten-Itter-Seilbahnbuero-Groebner-6.jpg","width":2362,"height":1669},{"@type":"WebSite","@id":"https:\/\/presse.tirol.at\/nl\/#website","url":"https:\/\/presse.tirol.at\/nl\/","name":"Presse.Tirol","description":"Regionale Presseplattform der Tirol Werbung und den Tiroler Tourismusverb\u00e4nden","potentialAction":[{"@type":"SearchAction","target":{"@type":"EntryPoint","urlTemplate":"https:\/\/presse.tirol.at\/nl\/?s={search_term_string}"},"query-input":{"@type":"PropertyValueSpecification","valueRequired":true,"valueName":"search_term_string"}}],"inLanguage":"nl-NL"},{"@type":"Person","@id":"https:\/\/presse.tirol.at\/nl\/#\/schema\/person\/a8778de4e0160f7eafe85de46ff5bd76","name":"Johanna Fischbacher","image":{"@type":"ImageObject","inLanguage":"nl-NL","@id":"https:\/\/presse.tirol.at\/nl\/#\/schema\/person\/image\/b1bfe4a1c9c335287fbc922624ce2c73","url":"https:\/\/secure.gravatar.com\/avatar\/ab3407eff5b73ab153937cedc0b620331ceed7ab8288ac946d9b95cd7250dbe2?s=96&d=mm&r=g","contentUrl":"https:\/\/secure.gravatar.com\/avatar\/ab3407eff5b73ab153937cedc0b620331ceed7ab8288ac946d9b95cd7250dbe2?s=96&d=mm&r=g","caption":"Johanna Fischbacher"},"sameAs":["https:\/\/www.skiwelt.at\/de\/"]}]}},"publishpress_future_workflow_manual_trigger":{"enabledWorkflows":[]},"_links":{"self":[{"href":"https:\/\/presse.tirol.at\/nl\/wp-json\/wp\/v2\/posts\/101548","targetHints":{"allow":["GET"]}}],"collection":[{"href":"https:\/\/presse.tirol.at\/nl\/wp-json\/wp\/v2\/posts"}],"about":[{"href":"https:\/\/presse.tirol.at\/nl\/wp-json\/wp\/v2\/types\/post"}],"author":[{"embeddable":true,"href":"https:\/\/presse.tirol.at\/nl\/wp-json\/wp\/v2\/users\/46"}],"replies":[{"embeddable":true,"href":"https:\/\/presse.tirol.at\/nl\/wp-json\/wp\/v2\/comments?post=101548"}],"version-history":[{"count":0,"href":"https:\/\/presse.tirol.at\/nl\/wp-json\/wp\/v2\/posts\/101548\/revisions"}],"wp:featuredmedia":[{"embeddable":true,"href":"https:\/\/presse.tirol.at\/nl\/wp-json\/wp\/v2\/media\/101506"}],"wp:attachment":[{"href":"https:\/\/presse.tirol.at\/nl\/wp-json\/wp\/v2\/media?parent=101548"}],"wp:term":[{"taxonomy":"category","embeddable":true,"href":"https:\/\/presse.tirol.at\/nl\/wp-json\/wp\/v2\/categories?post=101548"},{"taxonomy":"region","embeddable":true,"href":"https:\/\/presse.tirol.at\/nl\/wp-json\/wp\/v2\/region?post=101548"},{"taxonomy":"author","embeddable":true,"href":"https:\/\/presse.tirol.at\/nl\/wp-json\/wp\/v2\/coauthors?post=101548"}],"curies":[{"name":"wp","href":"https:\/\/api.w.org\/{rel}","templated":true}]}}