{"id":277834,"date":"2025-12-09T16:09:31","date_gmt":"2025-12-09T15:09:31","guid":{"rendered":"https:\/\/presse.tirol.at\/?p=277834"},"modified":"2025-12-09T16:09:31","modified_gmt":"2025-12-09T15:09:31","slug":"meer-dan-alleen-skien-een-winter-tussen-bergtoppen-iglos-en-lamas-in-de-regio-innsbruck","status":"publish","type":"post","link":"https:\/\/presse.tirol.at\/nl\/meer-dan-alleen-skien-een-winter-tussen-bergtoppen-iglos-en-lamas-in-de-regio-innsbruck\/277834\/","title":{"rendered":"Meer dan \u201ealleen\u201c ski\u00ebn: Een winter tussen bergtoppen, iglo\u2019s en lama\u2019s in de regio Innsbruck"},"content":{"rendered":"\n<p class=\"intro\">Skipret en pistekilometers, zover het oog reikt \u2013 daarmee associ\u00ebren velen de regio Innsbruck in de winter. Daarbij heeft de regio in het koude jaargetijde ook buiten de hellingen en afdalingen veel te bieden, waaronder onthaastende uitstapjes door het besneeuwde landschap, onvergetelijke avonden in de sneeuw en ontspannen wandelingen in pluizig gezelschap.<\/p>\n\n\n\n<figure class=\"wp-block-image size-large\"><img loading=\"lazy\" decoding=\"async\" width=\"1024\" height=\"684\" src=\"https:\/\/presse.tirol.at\/app\/uploads\/2025\/12\/Blick-vom-Patscherkofel_FC_Innsbruck-Tourismus_Markus-Mair-2-1024x684.jpg\" alt=\"\" class=\"wp-image-277814\" srcset=\"https:\/\/presse.tirol.at\/app\/uploads\/2025\/12\/Blick-vom-Patscherkofel_FC_Innsbruck-Tourismus_Markus-Mair-2-1024x684.jpg 1024w, https:\/\/presse.tirol.at\/app\/uploads\/2025\/12\/Blick-vom-Patscherkofel_FC_Innsbruck-Tourismus_Markus-Mair-2-300x200.jpg 300w, https:\/\/presse.tirol.at\/app\/uploads\/2025\/12\/Blick-vom-Patscherkofel_FC_Innsbruck-Tourismus_Markus-Mair-2-768x513.jpg 768w, https:\/\/presse.tirol.at\/app\/uploads\/2025\/12\/Blick-vom-Patscherkofel_FC_Innsbruck-Tourismus_Markus-Mair-2-1536x1025.jpg 1536w, https:\/\/presse.tirol.at\/app\/uploads\/2025\/12\/Blick-vom-Patscherkofel_FC_Innsbruck-Tourismus_Markus-Mair-2-2048x1367.jpg 2048w\" sizes=\"auto, (max-width: 1024px) 100vw, 1024px\" \/><figcaption class=\"wp-element-caption\">Fantastische uitzichten: in de regio Innsbruck is in de winter ook buiten de skipistes van alles te zien. &copy; Innsbruck Tourismus\/Markus Mair<\/figcaption><\/figure>\n\n\n\n<p><strong>Winterplezier met weids uitzicht: sneeuwschoenwandelen in het Sellraintal<\/strong><\/p>\n\n\n\n<p>Wanneer verse sneeuwvlokken het Sellraintal in een idyllisch winterlandschap veranderen, zorgt een uitgebreide sneeuwschoenwandeling voor onthaasting en balans. Het dal biedt tochten voor elke smaak \u2013 of u nu gemoedelijk door besneeuwde bossen wandelt, of naar hoogtes klimt met vele uitzichten onderweg. Met elke stap door de knisperende sneeuw, langs besneeuwde sparren en met uitzicht op majestueuze bergtoppen, verdwijnt het leven van alledag een stukje verder naar de achtergrond. En in \u00e9\u00e9n van de authentieke berghutten wachten huisgemaakte lekkernijen als verdiende beloning.<\/p>\n\n\n\n<figure class=\"wp-block-image size-large\"><img loading=\"lazy\" decoding=\"async\" width=\"1024\" height=\"683\" src=\"https:\/\/presse.tirol.at\/app\/uploads\/2025\/12\/Winterwandern-Luesens_FC_Innsbruck-Tourismus_Erwin-Haiden-2-1024x683.jpg\" alt=\"\" class=\"wp-image-277826\" srcset=\"https:\/\/presse.tirol.at\/app\/uploads\/2025\/12\/Winterwandern-Luesens_FC_Innsbruck-Tourismus_Erwin-Haiden-2-1024x683.jpg 1024w, https:\/\/presse.tirol.at\/app\/uploads\/2025\/12\/Winterwandern-Luesens_FC_Innsbruck-Tourismus_Erwin-Haiden-2-300x200.jpg 300w, https:\/\/presse.tirol.at\/app\/uploads\/2025\/12\/Winterwandern-Luesens_FC_Innsbruck-Tourismus_Erwin-Haiden-2-768x512.jpg 768w, https:\/\/presse.tirol.at\/app\/uploads\/2025\/12\/Winterwandern-Luesens_FC_Innsbruck-Tourismus_Erwin-Haiden-2-1536x1024.jpg 1536w, https:\/\/presse.tirol.at\/app\/uploads\/2025\/12\/Winterwandern-Luesens_FC_Innsbruck-Tourismus_Erwin-Haiden-2-2048x1366.jpg 2048w\" sizes=\"auto, (max-width: 1024px) 100vw, 1024px\" \/><figcaption class=\"wp-element-caption\">Stap voor stap naar de rust: bij een winterwandeling, bijvoorbeeld in het ongerepte Sellraintal, kunt u het leven van alledag achter u laten. &copy; Innsbruck Tourismus\/Erwin Haiden<\/figcaption><\/figure>\n\n\n\n<p><strong>Op glijders door de bochten: rodelpartijen in de regio<\/strong><\/p>\n\n\n\n<p>Als \u00e9\u00e9n van de langste en meest afwisselende van de regio slingert de rodelbaan op de Rangger K\u00f6pfl over acht kilometer en drie deeltrajecten naar het dal. De rodelbaan is gemakkelijk met de kabelbaan bereikbaar, wat iedereen \u2013 jong en oud, sportief of recreatief \u2013 een plezierige rodelpartij garandeert. Ook omhoog gaat het in K\u00fchtai: naar Tirols hoogstgelegen rodelbaan klimt u tot 2.020 meter naar het Graf-Ferdinand-Haus, waar u in een gezellige ambiance energie kunt opdoen. Beide banen zijn overigens ook verlicht: op de Rangger K\u00f6pfl zorgt het avondrodelen, afhankelijk van de sneeuwcondities, tweemaal per week voor momenten, die men zich met plezier zal herinneren, in K\u00fchtai zelfs dagelijks.<\/p>\n\n\n\n<figure class=\"wp-block-image size-large\"><img loading=\"lazy\" decoding=\"async\" width=\"1024\" height=\"609\" src=\"https:\/\/presse.tirol.at\/app\/uploads\/2025\/12\/Nachtrodeln-Kuehtai_FC_Innsbruck-Tourismus_Eye5-Jonas-Schwarzwaelder-2-1024x609.jpeg\" alt=\"\" class=\"wp-image-277818\" srcset=\"https:\/\/presse.tirol.at\/app\/uploads\/2025\/12\/Nachtrodeln-Kuehtai_FC_Innsbruck-Tourismus_Eye5-Jonas-Schwarzwaelder-2-1024x609.jpeg 1024w, https:\/\/presse.tirol.at\/app\/uploads\/2025\/12\/Nachtrodeln-Kuehtai_FC_Innsbruck-Tourismus_Eye5-Jonas-Schwarzwaelder-2-300x178.jpeg 300w, https:\/\/presse.tirol.at\/app\/uploads\/2025\/12\/Nachtrodeln-Kuehtai_FC_Innsbruck-Tourismus_Eye5-Jonas-Schwarzwaelder-2-768x456.jpeg 768w, https:\/\/presse.tirol.at\/app\/uploads\/2025\/12\/Nachtrodeln-Kuehtai_FC_Innsbruck-Tourismus_Eye5-Jonas-Schwarzwaelder-2-1536x913.jpeg 1536w, https:\/\/presse.tirol.at\/app\/uploads\/2025\/12\/Nachtrodeln-Kuehtai_FC_Innsbruck-Tourismus_Eye5-Jonas-Schwarzwaelder-2-2048x1217.jpeg 2048w\" sizes=\"auto, (max-width: 1024px) 100vw, 1024px\" \/><figcaption class=\"wp-element-caption\">Een rodelpartij is een belevenis voor het hele gezin \u2013 vooral onder de sterren. Gelegenheid daarvoor heeft u o.a. in K\u00fchtai. &copy; Innsbruck Tourismus\/Eye5-Jonas Schwarzw\u00e4lder<\/figcaption><\/figure>\n\n\n\n<p><strong>Zonneschijn tanken, hoogtelucht opsnuiven: diep in- en uitademen op de Seegrube<\/strong><\/p>\n\n\n\n<p>Het unieke karakter van de regio laat zich op de Seegrube op indrukwekkende wijze zien: in minder dan 30 minuten arriveert u vanuit het stadscentrum van Innsbruck op 1.905 meter hoogte, waar zich een adembenemend uitzicht op de alpien-urbane coulisse openbaart. Hier zweeft u waarachtig op wolk negen \u2013 om precies te zijn op de Cloud 9, de bar met een uniek zonneterras, waar u van coole drankjes kunt genieten in \u00e9\u00e9n van de ligstoelen. En wie dat wil, neemt de kabelbaan naar de Hafelekar, om op het hoogste uitzichtpunt, de \u201eTop of Innsbruck\u201c op 2.334 meter, met de winterzon erbij toe te zien, hoe zij de glinsterende bergtoppen in haar warme licht onderdompelt.<\/p>\n\n\n\n<figure class=\"wp-block-image size-large\"><img loading=\"lazy\" decoding=\"async\" width=\"1024\" height=\"620\" src=\"https:\/\/presse.tirol.at\/app\/uploads\/2025\/12\/Seegrube_FC_Innsbruck-Tourismus_W9-Studio-2-1024x620.jpg\" alt=\"\" class=\"wp-image-277822\" srcset=\"https:\/\/presse.tirol.at\/app\/uploads\/2025\/12\/Seegrube_FC_Innsbruck-Tourismus_W9-Studio-2-1024x620.jpg 1024w, https:\/\/presse.tirol.at\/app\/uploads\/2025\/12\/Seegrube_FC_Innsbruck-Tourismus_W9-Studio-2-300x182.jpg 300w, https:\/\/presse.tirol.at\/app\/uploads\/2025\/12\/Seegrube_FC_Innsbruck-Tourismus_W9-Studio-2-768x465.jpg 768w, https:\/\/presse.tirol.at\/app\/uploads\/2025\/12\/Seegrube_FC_Innsbruck-Tourismus_W9-Studio-2-1536x930.jpg 1536w, https:\/\/presse.tirol.at\/app\/uploads\/2025\/12\/Seegrube_FC_Innsbruck-Tourismus_W9-Studio-2-2048x1240.jpg 2048w\" sizes=\"auto, (max-width: 1024px) 100vw, 1024px\" \/><figcaption class=\"wp-element-caption\">Pure ontspanning: boven Innsbruck gelegen, is de Seegrube perfect geschikt om in het koude jaargetijde een beetje vitamine D op te doen. &copy; Innsbruck Tourismus\/W9 Studio<\/figcaption><\/figure>\n\n\n\n<p><strong>Slapen onder een ijskoude hemel: een nacht in het iglodorp in K\u00fchtai<\/strong><\/p>\n\n\n\n<p>In K\u00fchtai, gelegen op een hoogte van ca. 2.000 meter, bevindt zich een werkelijk bijzonder hotel: het Iglu-Dorf (het Iglodorp), dat bestaat uit 25 met de hand gebouwde ijshutten inclusief restaurant, bar en sauna. Gasten kunnen daar een wandeling of een sneeuwschoenwandeling verwachten onder \u2013 als het weer het toelaat \u2013 fonkelende sterren, een kaasfondue waar je warm van wordt, en een overnachting, waarbij je gehuld bent in expeditieslaapzakken op dikke vellen. Bovendien staat er een outdoor whirlpool uitnodigend klaar voor de gasten, ter ontspanning voor de hoogalpiene coulisse.<\/p>\n\n\n\n<p><strong>Met dieren in beweging: met lama\u2019s op het Mieminger Plateau<\/strong><\/p>\n\n\n\n<p>Op het schilderachtige Mieminger Plateau wordt de mogelijkheid geboden voor een zeer ontspannen belevenis: tijdens een gemoedelijke lamawandeling in Obsteig bepaalt namelijk het rustige karakter van deze vriendelijke dieren het tempo. Zowel kinderen als volwassenen worden even enthousiast door samen met de net zo nieuwsgierige als charmante begeleiders door de winterse bossen en weides van de omgeving te zwerven en het leven van alledag voor een poosje achter zich te laten.&nbsp;<\/p>\n\n\n\n<figure class=\"wp-block-image size-large\"><img loading=\"lazy\" decoding=\"async\" width=\"1024\" height=\"681\" src=\"https:\/\/presse.tirol.at\/app\/uploads\/2025\/12\/Winterwandern_FC_Innsbruck-Tourismus_Markus-Mair-2-1024x681.jpg\" alt=\"\" class=\"wp-image-277830\" srcset=\"https:\/\/presse.tirol.at\/app\/uploads\/2025\/12\/Winterwandern_FC_Innsbruck-Tourismus_Markus-Mair-2-1024x681.jpg 1024w, https:\/\/presse.tirol.at\/app\/uploads\/2025\/12\/Winterwandern_FC_Innsbruck-Tourismus_Markus-Mair-2-300x200.jpg 300w, https:\/\/presse.tirol.at\/app\/uploads\/2025\/12\/Winterwandern_FC_Innsbruck-Tourismus_Markus-Mair-2-768x511.jpg 768w, https:\/\/presse.tirol.at\/app\/uploads\/2025\/12\/Winterwandern_FC_Innsbruck-Tourismus_Markus-Mair-2-1536x1022.jpg 1536w, https:\/\/presse.tirol.at\/app\/uploads\/2025\/12\/Winterwandern_FC_Innsbruck-Tourismus_Markus-Mair-2-2048x1363.jpg 2048w\" sizes=\"auto, (max-width: 1024px) 100vw, 1024px\" \/><figcaption class=\"wp-element-caption\">Op het schilderachtige Mieminger Plateau kunt u zich diep onderdompelen in de winterse natuur \u2013 op verzoek zelfs begeleid door een dier. &copy; Innsbruck Tourismus\/Markus Mair<\/figcaption><\/figure>\n\n\n\n<p><strong>Hup de schaatsen aan, klaar, gaan: schaatsen in Telfs<\/strong><\/p>\n\n\n\n<p>Voor \u00e9\u00e9n van de mooiste wintergenoegens is de Eishalle (ijsbaan) in Telfs in het Inntal de perfecte plek. Want hier kunnen groot en klein ontspannen hun rondjes op de schaatsen draaien. Het moderne complex biedt zowel beginners als geoefende schaatsers optimale condities voor een geslaagde middag op het ijs, en dat zorgt ook bij slecht weer voor stralende gezichten.<\/p>\n\n\n\n<p><strong>Tip: met de Welcome Card tussen steegjes en bergtoppen<\/strong><\/p>\n\n\n\n<p>Wie het verblijf tussen stad en berg zowel ongecompliceerd als veelzijdig wil vormgeven, is met de Welcome Card uitstekend voorbereid. Gasten ontvangen de gastenkaart vanaf twee nachten gratis bij partnerondernemingen van Innsbruck Tourismus. In de kaart zijn inbegrepen \u2013 naast talrijke kortingen voor allerlei belevenissen \u2013 ook de deelname aan het afwisselende winteractief-programma buiten de pistes \u2013 gratis winterwandelen onder begeleiding van een gids, langlaufen en sneeuwschoenwandelen met ervaren gidsen.<\/p>\n\n\n\n<p><strong><em>Over de regio Innsbruck<\/em><\/strong><\/p>\n\n\n\n<p><em>De regio Innsbruck is een unieke symbiose van een bruisende stedelijke omgeving en een fascinerende alpiene bergwereld. Zij strekt zich uit van de hoofdstad van de deelstaat Tirol over 40 plaatsen in haar omgeving en zij omvat in totaal zes regio\u2019s waar van alles te beleven is: stad, Inntal, K\u00fchtai-Sellraintal, Mieminger Plateau, het zuiden en het westen. Veelzijdige stedelijke flair en sightseeing zijn hier altijd slechts een kattensprong verwijderd van sportieve avonturen en de volgende bergtopoverwinning. De sleutel tot deze veelzijdigheid vormt de gratis gastenkaart Welcome Card, die talrijke belevenissen en het gratis gebruik van het openbaar vervoer bevat. Offici\u00eble bestemmingsmanagementorganisatie van de regio is Innsbruck Tourismus. De ongeveer 100 medewerkers en elf VVV\u2019s van de organisatie bezorgen u onvergetelijke vakantieherinneringen in harmonie met mens en natuur.<\/em><\/p>\n\n\n\n<p><strong>Verdere links:<\/strong><br>Blog:<a href=\"https:\/\/www.innsbruck.info\/blog\/nl\/\" target=\"_blank\" rel=\"noreferrer noopener\">\u00a0www.innsbruck.info\/blog<\/a><br>Facebook:\u00a0<a href=\"https:\/\/www.facebook.com\/Innsbruck\" target=\"_blank\" rel=\"noreferrer noopener\">www.facebook.com\/Innsbruck<\/a><br>Instagram:\u00a0<a href=\"https:\/\/www.instagram.com\/innsbrucktourism\" target=\"_blank\" rel=\"noreferrer noopener\">www.instagram.com\/innsbrucktourism<\/a><br>X (voorm.Twitter):\u00a0<a href=\"https:\/\/twitter.com\/InnsbruckTVB\" target=\"_blank\" rel=\"noreferrer noopener\">https:\/\/twitter.com\/InnsbruckTVB<\/a><br>YouTube:\u00a0<a href=\"https:\/\/www.youtube.com\/user\/InnsbruckTVB\" target=\"_blank\" rel=\"noreferrer noopener\">www.youtube.com\/user\/InnsbruckTVB<\/a><br>Pinterest:\u00a0<a href=\"https:\/\/www.newsroom.pr\/at\/www.pinterest.at\/innsbrucktvb\/_created\" target=\"_blank\" rel=\"noreferrer noopener\">www.pinterest.at\/innsbrucktvb\/_created<\/a><\/p>\n","protected":false},"excerpt":{"rendered":"<p>De regio Innsbruck heeft zoveel meer te bieden dan alleen fantastische ski-ervaringen.<\/p>\n","protected":false},"author":30,"featured_media":277814,"comment_status":"closed","ping_status":"closed","sticky":false,"template":"","format":"standard","meta":{"_acf_changed":true,"footnotes":""},"categories":[12],"region":[84],"coauthors":[240],"class_list":["post-277834","post","type-post","status-publish","format-standard","has-post-thumbnail","hentry","category-geen-onderdeel-van-een-categorie","region-innsbruck-tourismus"],"acf":[],"yoast_head":"<!-- This site is optimized with the Yoast SEO plugin v25.1 - https:\/\/yoast.com\/wordpress\/plugins\/seo\/ -->\n<title>Meer dan \u201ealleen\u201c ski\u00ebn: Een winter tussen bergtoppen, iglo\u2019s en lama\u2019s in de regio Innsbruck - Presse.Tirol<\/title>\n<meta name=\"robots\" content=\"index, follow, max-snippet:-1, max-image-preview:large, max-video-preview:-1\" \/>\n<link rel=\"canonical\" href=\"https:\/\/presse.tirol.at\/nl\/meer-dan-alleen-skien-een-winter-tussen-bergtoppen-iglos-en-lamas-in-de-regio-innsbruck\/277834\/\" \/>\n<meta property=\"og:locale\" content=\"nl_NL\" \/>\n<meta property=\"og:type\" content=\"article\" \/>\n<meta property=\"og:title\" content=\"Meer dan \u201ealleen\u201c ski\u00ebn: Een winter tussen bergtoppen, iglo\u2019s en lama\u2019s in de regio Innsbruck - Presse.Tirol\" \/>\n<meta property=\"og:description\" content=\"De regio Innsbruck heeft zoveel meer te bieden dan alleen fantastische ski-ervaringen.\" \/>\n<meta property=\"og:url\" content=\"https:\/\/presse.tirol.at\/nl\/meer-dan-alleen-skien-een-winter-tussen-bergtoppen-iglos-en-lamas-in-de-regio-innsbruck\/277834\/\" \/>\n<meta property=\"og:site_name\" content=\"Presse.Tirol\" \/>\n<meta property=\"article:published_time\" content=\"2025-12-09T15:09:31+00:00\" \/>\n<meta property=\"og:image\" content=\"https:\/\/presse.tirol.at\/app\/uploads\/2025\/12\/Blick-vom-Patscherkofel_FC_Innsbruck-Tourismus_Markus-Mair-2-scaled.jpg\" \/>\n\t<meta property=\"og:image:width\" content=\"2560\" \/>\n\t<meta property=\"og:image:height\" content=\"1709\" \/>\n\t<meta property=\"og:image:type\" content=\"image\/jpeg\" \/>\n<meta name=\"author\" content=\"Innsbruck Tourismus\" \/>\n<meta name=\"twitter:card\" content=\"summary_large_image\" \/>\n<meta name=\"twitter:label1\" content=\"Geschreven door\" \/>\n\t<meta name=\"twitter:data1\" content=\"Innsbruck Tourismus\" \/>\n\t<meta name=\"twitter:label2\" content=\"Geschatte leestijd\" \/>\n\t<meta name=\"twitter:data2\" content=\"7 minutes\" \/>\n\t<meta name=\"twitter:label3\" content=\"Written by\" \/>\n\t<meta name=\"twitter:data3\" content=\"Innsbruck Tourismus\" \/>\n<script type=\"application\/ld+json\" class=\"yoast-schema-graph\">{\"@context\":\"https:\/\/schema.org\",\"@graph\":[{\"@type\":\"WebPage\",\"@id\":\"https:\/\/presse.tirol.at\/nl\/meer-dan-alleen-skien-een-winter-tussen-bergtoppen-iglos-en-lamas-in-de-regio-innsbruck\/277834\/\",\"url\":\"https:\/\/presse.tirol.at\/nl\/meer-dan-alleen-skien-een-winter-tussen-bergtoppen-iglos-en-lamas-in-de-regio-innsbruck\/277834\/\",\"name\":\"Meer dan \u201ealleen\u201c ski\u00ebn: Een winter tussen bergtoppen, iglo\u2019s en lama\u2019s in de regio Innsbruck - Presse.Tirol\",\"isPartOf\":{\"@id\":\"https:\/\/presse.tirol.at\/nl\/#website\"},\"primaryImageOfPage\":{\"@id\":\"https:\/\/presse.tirol.at\/nl\/meer-dan-alleen-skien-een-winter-tussen-bergtoppen-iglos-en-lamas-in-de-regio-innsbruck\/277834\/#primaryimage\"},\"image\":{\"@id\":\"https:\/\/presse.tirol.at\/nl\/meer-dan-alleen-skien-een-winter-tussen-bergtoppen-iglos-en-lamas-in-de-regio-innsbruck\/277834\/#primaryimage\"},\"thumbnailUrl\":\"https:\/\/presse.tirol.at\/app\/uploads\/2025\/12\/Blick-vom-Patscherkofel_FC_Innsbruck-Tourismus_Markus-Mair-2-scaled.jpg\",\"datePublished\":\"2025-12-09T15:09:31+00:00\",\"author\":{\"@id\":\"https:\/\/presse.tirol.at\/nl\/#\/schema\/person\/ebb6e78b71aa0f00645a6be43af692b7\"},\"inLanguage\":\"nl-NL\",\"potentialAction\":[{\"@type\":\"ReadAction\",\"target\":[\"https:\/\/presse.tirol.at\/nl\/meer-dan-alleen-skien-een-winter-tussen-bergtoppen-iglos-en-lamas-in-de-regio-innsbruck\/277834\/\"]}]},{\"@type\":\"ImageObject\",\"inLanguage\":\"nl-NL\",\"@id\":\"https:\/\/presse.tirol.at\/nl\/meer-dan-alleen-skien-een-winter-tussen-bergtoppen-iglos-en-lamas-in-de-regio-innsbruck\/277834\/#primaryimage\",\"url\":\"https:\/\/presse.tirol.at\/app\/uploads\/2025\/12\/Blick-vom-Patscherkofel_FC_Innsbruck-Tourismus_Markus-Mair-2-scaled.jpg\",\"contentUrl\":\"https:\/\/presse.tirol.at\/app\/uploads\/2025\/12\/Blick-vom-Patscherkofel_FC_Innsbruck-Tourismus_Markus-Mair-2-scaled.jpg\",\"width\":2560,\"height\":1709,\"caption\":\"Fantastische uitzichten: in de regio Innsbruck is in de winter ook buiten de skipistes van alles te zien.\"},{\"@type\":\"WebSite\",\"@id\":\"https:\/\/presse.tirol.at\/nl\/#website\",\"url\":\"https:\/\/presse.tirol.at\/nl\/\",\"name\":\"Presse.Tirol\",\"description\":\"Regionale Presseplattform der Tirol Werbung und den Tiroler Tourismusverb\u00e4nden\",\"potentialAction\":[{\"@type\":\"SearchAction\",\"target\":{\"@type\":\"EntryPoint\",\"urlTemplate\":\"https:\/\/presse.tirol.at\/nl\/?s={search_term_string}\"},\"query-input\":{\"@type\":\"PropertyValueSpecification\",\"valueRequired\":true,\"valueName\":\"search_term_string\"}}],\"inLanguage\":\"nl-NL\"},{\"@type\":\"Person\",\"@id\":\"https:\/\/presse.tirol.at\/nl\/#\/schema\/person\/ebb6e78b71aa0f00645a6be43af692b7\",\"name\":\"Innsbruck Tourismus\",\"image\":{\"@type\":\"ImageObject\",\"inLanguage\":\"nl-NL\",\"@id\":\"https:\/\/presse.tirol.at\/nl\/#\/schema\/person\/image\/48b6af3557317095aa04684fa92d541e\",\"url\":\"https:\/\/secure.gravatar.com\/avatar\/4ff4dd2313c87313187622f3aab87ac2041dc66e1a56ffa9689d8785b4316ca5?s=96&d=mm&r=g\",\"contentUrl\":\"https:\/\/secure.gravatar.com\/avatar\/4ff4dd2313c87313187622f3aab87ac2041dc66e1a56ffa9689d8785b4316ca5?s=96&d=mm&r=g\",\"caption\":\"Innsbruck Tourismus\"}}]}<\/script>\n<!-- \/ Yoast SEO plugin. -->","yoast_head_json":{"title":"Meer dan \u201ealleen\u201c ski\u00ebn: Een winter tussen bergtoppen, iglo\u2019s en lama\u2019s in de regio Innsbruck - Presse.Tirol","robots":{"index":"index","follow":"follow","max-snippet":"max-snippet:-1","max-image-preview":"max-image-preview:large","max-video-preview":"max-video-preview:-1"},"canonical":"https:\/\/presse.tirol.at\/nl\/meer-dan-alleen-skien-een-winter-tussen-bergtoppen-iglos-en-lamas-in-de-regio-innsbruck\/277834\/","og_locale":"nl_NL","og_type":"article","og_title":"Meer dan \u201ealleen\u201c ski\u00ebn: Een winter tussen bergtoppen, iglo\u2019s en lama\u2019s in de regio Innsbruck - Presse.Tirol","og_description":"De regio Innsbruck heeft zoveel meer te bieden dan alleen fantastische ski-ervaringen.","og_url":"https:\/\/presse.tirol.at\/nl\/meer-dan-alleen-skien-een-winter-tussen-bergtoppen-iglos-en-lamas-in-de-regio-innsbruck\/277834\/","og_site_name":"Presse.Tirol","article_published_time":"2025-12-09T15:09:31+00:00","og_image":[{"width":2560,"height":1709,"url":"https:\/\/presse.tirol.at\/app\/uploads\/2025\/12\/Blick-vom-Patscherkofel_FC_Innsbruck-Tourismus_Markus-Mair-2-scaled.jpg","type":"image\/jpeg"}],"author":"Innsbruck Tourismus","twitter_card":"summary_large_image","twitter_misc":{"Geschreven door":"Innsbruck Tourismus","Geschatte leestijd":"7 minutes","Written by":"Innsbruck Tourismus"},"schema":{"@context":"https:\/\/schema.org","@graph":[{"@type":"WebPage","@id":"https:\/\/presse.tirol.at\/nl\/meer-dan-alleen-skien-een-winter-tussen-bergtoppen-iglos-en-lamas-in-de-regio-innsbruck\/277834\/","url":"https:\/\/presse.tirol.at\/nl\/meer-dan-alleen-skien-een-winter-tussen-bergtoppen-iglos-en-lamas-in-de-regio-innsbruck\/277834\/","name":"Meer dan \u201ealleen\u201c ski\u00ebn: Een winter tussen bergtoppen, iglo\u2019s en lama\u2019s in de regio Innsbruck - Presse.Tirol","isPartOf":{"@id":"https:\/\/presse.tirol.at\/nl\/#website"},"primaryImageOfPage":{"@id":"https:\/\/presse.tirol.at\/nl\/meer-dan-alleen-skien-een-winter-tussen-bergtoppen-iglos-en-lamas-in-de-regio-innsbruck\/277834\/#primaryimage"},"image":{"@id":"https:\/\/presse.tirol.at\/nl\/meer-dan-alleen-skien-een-winter-tussen-bergtoppen-iglos-en-lamas-in-de-regio-innsbruck\/277834\/#primaryimage"},"thumbnailUrl":"https:\/\/presse.tirol.at\/app\/uploads\/2025\/12\/Blick-vom-Patscherkofel_FC_Innsbruck-Tourismus_Markus-Mair-2-scaled.jpg","datePublished":"2025-12-09T15:09:31+00:00","author":{"@id":"https:\/\/presse.tirol.at\/nl\/#\/schema\/person\/ebb6e78b71aa0f00645a6be43af692b7"},"inLanguage":"nl-NL","potentialAction":[{"@type":"ReadAction","target":["https:\/\/presse.tirol.at\/nl\/meer-dan-alleen-skien-een-winter-tussen-bergtoppen-iglos-en-lamas-in-de-regio-innsbruck\/277834\/"]}]},{"@type":"ImageObject","inLanguage":"nl-NL","@id":"https:\/\/presse.tirol.at\/nl\/meer-dan-alleen-skien-een-winter-tussen-bergtoppen-iglos-en-lamas-in-de-regio-innsbruck\/277834\/#primaryimage","url":"https:\/\/presse.tirol.at\/app\/uploads\/2025\/12\/Blick-vom-Patscherkofel_FC_Innsbruck-Tourismus_Markus-Mair-2-scaled.jpg","contentUrl":"https:\/\/presse.tirol.at\/app\/uploads\/2025\/12\/Blick-vom-Patscherkofel_FC_Innsbruck-Tourismus_Markus-Mair-2-scaled.jpg","width":2560,"height":1709,"caption":"Fantastische uitzichten: in de regio Innsbruck is in de winter ook buiten de skipistes van alles te zien."},{"@type":"WebSite","@id":"https:\/\/presse.tirol.at\/nl\/#website","url":"https:\/\/presse.tirol.at\/nl\/","name":"Presse.Tirol","description":"Regionale Presseplattform der Tirol Werbung und den Tiroler Tourismusverb\u00e4nden","potentialAction":[{"@type":"SearchAction","target":{"@type":"EntryPoint","urlTemplate":"https:\/\/presse.tirol.at\/nl\/?s={search_term_string}"},"query-input":{"@type":"PropertyValueSpecification","valueRequired":true,"valueName":"search_term_string"}}],"inLanguage":"nl-NL"},{"@type":"Person","@id":"https:\/\/presse.tirol.at\/nl\/#\/schema\/person\/ebb6e78b71aa0f00645a6be43af692b7","name":"Innsbruck Tourismus","image":{"@type":"ImageObject","inLanguage":"nl-NL","@id":"https:\/\/presse.tirol.at\/nl\/#\/schema\/person\/image\/48b6af3557317095aa04684fa92d541e","url":"https:\/\/secure.gravatar.com\/avatar\/4ff4dd2313c87313187622f3aab87ac2041dc66e1a56ffa9689d8785b4316ca5?s=96&d=mm&r=g","contentUrl":"https:\/\/secure.gravatar.com\/avatar\/4ff4dd2313c87313187622f3aab87ac2041dc66e1a56ffa9689d8785b4316ca5?s=96&d=mm&r=g","caption":"Innsbruck Tourismus"}}]}},"publishpress_future_workflow_manual_trigger":{"enabledWorkflows":[]},"_links":{"self":[{"href":"https:\/\/presse.tirol.at\/nl\/wp-json\/wp\/v2\/posts\/277834","targetHints":{"allow":["GET"]}}],"collection":[{"href":"https:\/\/presse.tirol.at\/nl\/wp-json\/wp\/v2\/posts"}],"about":[{"href":"https:\/\/presse.tirol.at\/nl\/wp-json\/wp\/v2\/types\/post"}],"author":[{"embeddable":true,"href":"https:\/\/presse.tirol.at\/nl\/wp-json\/wp\/v2\/users\/30"}],"replies":[{"embeddable":true,"href":"https:\/\/presse.tirol.at\/nl\/wp-json\/wp\/v2\/comments?post=277834"}],"version-history":[{"count":0,"href":"https:\/\/presse.tirol.at\/nl\/wp-json\/wp\/v2\/posts\/277834\/revisions"}],"wp:featuredmedia":[{"embeddable":true,"href":"https:\/\/presse.tirol.at\/nl\/wp-json\/wp\/v2\/media\/277814"}],"wp:attachment":[{"href":"https:\/\/presse.tirol.at\/nl\/wp-json\/wp\/v2\/media?parent=277834"}],"wp:term":[{"taxonomy":"category","embeddable":true,"href":"https:\/\/presse.tirol.at\/nl\/wp-json\/wp\/v2\/categories?post=277834"},{"taxonomy":"region","embeddable":true,"href":"https:\/\/presse.tirol.at\/nl\/wp-json\/wp\/v2\/region?post=277834"},{"taxonomy":"author","embeddable":true,"href":"https:\/\/presse.tirol.at\/nl\/wp-json\/wp\/v2\/coauthors?post=277834"}],"curies":[{"name":"wp","href":"https:\/\/api.w.org\/{rel}","templated":true}]}}